{"id":8923,"date":"2024-09-02T19:05:11","date_gmt":"2024-09-02T22:05:11","guid":{"rendered":"https:\/\/institucional.ufrrj.br\/soc\/?p=8923"},"modified":"2024-10-07T14:23:15","modified_gmt":"2024-10-07T17:23:15","slug":"eleicoes-docentes-e-taes-para-os-conselhos-superiores-2024","status":"publish","type":"post","link":"https:\/\/institucional.ufrrj.br\/soc\/eleicoes-docentes-e-taes-para-os-conselhos-superiores-2024\/","title":{"rendered":"ELEI\u00c7\u00d5ES DOCENTES E TAES PARA OS CONSELHOS SUPERIORES 2024"},"content":{"rendered":"<p>Prezados(as),<\/p>\n<p>&nbsp;<\/p>\n<p>A Secretaria Administrativa dos \u00d3rg\u00e3os Colegiados informa que est\u00e3o abertas as <strong>Inscri\u00e7\u00f5es para as Elei\u00e7\u00f5es de Representantes DOCENTES E T\u00c9CNICOS-ADMINISTRATIVOS junto ao de Curadores (CONCUR) no per\u00edodo de 02 a 05\/09\/2024.<\/strong><\/p>\n<p>&nbsp;<\/p>\n<p><strong>INSCRI\u00c7\u00d5ES PRORROGADAS AT\u00c9 20\/09, \u00e0s 17h<\/strong><\/p>\n<p>INSCRI\u00c7\u00c3O DOCENTE E TAE<\/p>\n<p><a href=\"https:\/\/docs.google.com\/forms\/d\/e\/1FAIpQLSfDX_6M_ZJhJb9Ll8qy4CuTHwOqdHsB0SfmOIjtyxTdJEemtg\/viewform\" target=\"_blank\" rel=\"noopener\">https:\/\/docs.google.com\/forms\/d\/e\/1FAIpQLSfDX_6M_ZJhJb9Ll8qy4CuTHwOqdHsB0SfmOIjtyxTdJEemtg\/viewform<\/a><\/p>\n<p>&nbsp;<\/p>\n<h3>N\u00daMEROS DAS CABINES DOS CANDIDATOS<\/h3>\n<p><a href=\"https:\/\/institucional.ufrrj.br\/soc\/files\/2024\/09\/CONCUR_-Numero_da_cabine_docente.pdf\">CONCUR_ N\u00famero_da_cabine_docente<\/a><\/p>\n<p><a href=\"https:\/\/institucional.ufrrj.br\/soc\/files\/2024\/09\/CONCUR_-Numero_da_cabine_TAE.pdf\">CONCUR_ N\u00famero_da_cabine_TAE<\/a><\/p>\n<p>&nbsp;<\/p>\n<p>EDITAIS<\/p>\n<p><a href=\"https:\/\/institucional.ufrrj.br\/soc\/files\/2024\/09\/EDITAL-TAE-CONCUR.pdf\">EDITAL &#8211; TAE CONCUR<\/a><\/p>\n<p><a href=\"https:\/\/institucional.ufrrj.br\/soc\/files\/2024\/09\/EDITAL-DOCENTES-CONCUR.pdf\">EDITAL &#8211; DOCENTES CONCUR<\/a><\/p>\n<p>&nbsp;<\/p>\n<p>HOMOLOGA\u00c7\u00d5ES DAS INSCRI\u00c7\u00d5ES<\/p>\n<p><a href=\"https:\/\/institucional.ufrrj.br\/soc\/files\/2024\/09\/Candidaturas-Homologadas_TAES_DOC.pdf\">Candidaturas Homologadas_TAES_DOC<\/a><\/p>\n<p>&nbsp;<\/p>\n<p><strong>INFORMES<\/strong><\/p>\n<p>Prezados(as) Candidatos(as),<\/p>\n<p>Devida \u00e0s sucessivas prorroga\u00e7\u00f5es das inscri\u00e7\u00f5es para as representa\u00e7\u00f5es das categorias docente e TAEs, o per\u00edodo eleitoral ser\u00e1 alterado.<\/p>\n<p>Novo per\u00edodo: de 21\/10 a 25\/10, at\u00e9 \u00e0s 23h59min.<\/p>\n<p>&nbsp;<\/p>\n","protected":false},"excerpt":{"rendered":"<p>Prezados(as), &nbsp; A Secretaria Administrativa dos \u00d3rg\u00e3os Colegiados informa que est\u00e3o abertas as Inscri\u00e7\u00f5es para as Elei\u00e7\u00f5es de Representantes DOCENTES <a class=\"read-more\" style=\"font-size:12px;\" href=\"https:\/\/institucional.ufrrj.br\/soc\/eleicoes-docentes-e-taes-para-os-conselhos-superiores-2024\/\">&#8230; Continue lendo <i class=\"fa fa-long-arrow-right\"><\/i><\/a><\/p>\n","protected":false},"author":691,"featured_media":0,"comment_status":"open","ping_status":"open","sticky":false,"template":"","format":"standard","meta":{"_acf_changed":false,"footnotes":"","_links_to":"","_links_to_target":""},"categories":[2],"tags":[],"class_list":["post-8923","post","type-post","status-publish","format-standard","hentry","category-noticias"],"yoast_head":"<!-- This site is optimized with the Yoast SEO plugin v27.2 - https:\/\/yoast.com\/product\/yoast-seo-wordpress\/ -->\n<title>ELEI\u00c7\u00d5ES DOCENTES E TAES PARA OS CONSELHOS SUPERIORES 2024 - SOC<\/title>\n<meta name=\"robots\" content=\"index, follow, max-snippet:-1, max-image-preview:large, max-video-preview:-1\" \/>\n<link rel=\"canonical\" href=\"https:\/\/institucional.ufrrj.br\/soc\/eleicoes-docentes-e-taes-para-os-conselhos-superiores-2024\/\" \/>\n<meta property=\"og:locale\" content=\"pt_BR\" \/>\n<meta property=\"og:type\" content=\"article\" \/>\n<meta property=\"og:title\" content=\"ELEI\u00c7\u00d5ES DOCENTES E TAES PARA OS CONSELHOS SUPERIORES 2024 - SOC\" \/>\n<meta property=\"og:description\" content=\"Prezados(as), &nbsp; A Secretaria Administrativa dos \u00d3rg\u00e3os Colegiados informa que est\u00e3o abertas as Inscri\u00e7\u00f5es para as Elei\u00e7\u00f5es de Representantes DOCENTES ... Continue lendo\" \/>\n<meta property=\"og:url\" content=\"https:\/\/institucional.ufrrj.br\/soc\/eleicoes-docentes-e-taes-para-os-conselhos-superiores-2024\/\" \/>\n<meta property=\"og:site_name\" content=\"SOC\" \/>\n<meta property=\"article:published_time\" content=\"2024-09-02T22:05:11+00:00\" \/>\n<meta property=\"article:modified_time\" content=\"2024-10-07T17:23:15+00:00\" \/>\n<meta name=\"author\" content=\"jbacana\" \/>\n<meta name=\"twitter:card\" content=\"summary_large_image\" \/>\n<meta name=\"twitter:label1\" content=\"Escrito por\" \/>\n\t<meta name=\"twitter:data1\" content=\"jbacana\" \/>\n\t<meta name=\"twitter:label2\" content=\"Est. tempo de leitura\" \/>\n\t<meta name=\"twitter:data2\" content=\"1 minuto\" \/>\n<script type=\"application\/ld+json\" class=\"yoast-schema-graph\">{\"@context\":\"https:\/\/schema.org\",\"@graph\":[{\"@type\":\"Article\",\"@id\":\"https:\/\/institucional.ufrrj.br\/soc\/eleicoes-docentes-e-taes-para-os-conselhos-superiores-2024\/#article\",\"isPartOf\":{\"@id\":\"https:\/\/institucional.ufrrj.br\/soc\/eleicoes-docentes-e-taes-para-os-conselhos-superiores-2024\/\"},\"author\":{\"name\":\"jbacana\",\"@id\":\"https:\/\/institucional.ufrrj.br\/soc\/#\/schema\/person\/b560676bc10664ebed23f45913201375\"},\"headline\":\"ELEI\u00c7\u00d5ES DOCENTES E TAES PARA OS CONSELHOS SUPERIORES 2024\",\"datePublished\":\"2024-09-02T22:05:11+00:00\",\"dateModified\":\"2024-10-07T17:23:15+00:00\",\"mainEntityOfPage\":{\"@id\":\"https:\/\/institucional.ufrrj.br\/soc\/eleicoes-docentes-e-taes-para-os-conselhos-superiores-2024\/\"},\"wordCount\":152,\"commentCount\":0,\"articleSection\":[\"Not\u00edcias\"],\"inLanguage\":\"pt-BR\",\"potentialAction\":[{\"@type\":\"CommentAction\",\"name\":\"Comment\",\"target\":[\"https:\/\/institucional.ufrrj.br\/soc\/eleicoes-docentes-e-taes-para-os-conselhos-superiores-2024\/#respond\"]}]},{\"@type\":\"WebPage\",\"@id\":\"https:\/\/institucional.ufrrj.br\/soc\/eleicoes-docentes-e-taes-para-os-conselhos-superiores-2024\/\",\"url\":\"https:\/\/institucional.ufrrj.br\/soc\/eleicoes-docentes-e-taes-para-os-conselhos-superiores-2024\/\",\"name\":\"ELEI\u00c7\u00d5ES DOCENTES E TAES PARA OS CONSELHOS SUPERIORES 2024 - SOC\",\"isPartOf\":{\"@id\":\"https:\/\/institucional.ufrrj.br\/soc\/#website\"},\"datePublished\":\"2024-09-02T22:05:11+00:00\",\"dateModified\":\"2024-10-07T17:23:15+00:00\",\"author\":{\"@id\":\"https:\/\/institucional.ufrrj.br\/soc\/#\/schema\/person\/b560676bc10664ebed23f45913201375\"},\"breadcrumb\":{\"@id\":\"https:\/\/institucional.ufrrj.br\/soc\/eleicoes-docentes-e-taes-para-os-conselhos-superiores-2024\/#breadcrumb\"},\"inLanguage\":\"pt-BR\",\"potentialAction\":[{\"@type\":\"ReadAction\",\"target\":[\"https:\/\/institucional.ufrrj.br\/soc\/eleicoes-docentes-e-taes-para-os-conselhos-superiores-2024\/\"]}]},{\"@type\":\"BreadcrumbList\",\"@id\":\"https:\/\/institucional.ufrrj.br\/soc\/eleicoes-docentes-e-taes-para-os-conselhos-superiores-2024\/#breadcrumb\",\"itemListElement\":[{\"@type\":\"ListItem\",\"position\":1,\"name\":\"In\u00edcio\",\"item\":\"https:\/\/institucional.ufrrj.br\/soc\/\"},{\"@type\":\"ListItem\",\"position\":2,\"name\":\"ELEI\u00c7\u00d5ES DOCENTES E TAES PARA OS CONSELHOS SUPERIORES 2024\"}]},{\"@type\":\"WebSite\",\"@id\":\"https:\/\/institucional.ufrrj.br\/soc\/#website\",\"url\":\"https:\/\/institucional.ufrrj.br\/soc\/\",\"name\":\"SOC\",\"description\":\"Secretaria dos \u00d3rg\u00e3os Colegiados - UFRRJ\",\"potentialAction\":[{\"@type\":\"SearchAction\",\"target\":{\"@type\":\"EntryPoint\",\"urlTemplate\":\"https:\/\/institucional.ufrrj.br\/soc\/?s={search_term_string}\"},\"query-input\":{\"@type\":\"PropertyValueSpecification\",\"valueRequired\":true,\"valueName\":\"search_term_string\"}}],\"inLanguage\":\"pt-BR\"},{\"@type\":\"Person\",\"@id\":\"https:\/\/institucional.ufrrj.br\/soc\/#\/schema\/person\/b560676bc10664ebed23f45913201375\",\"name\":\"jbacana\",\"image\":{\"@type\":\"ImageObject\",\"inLanguage\":\"pt-BR\",\"@id\":\"https:\/\/secure.gravatar.com\/avatar\/a3ac3d25ac33d46f0322cc5368445ae1029915c14bd428d2c2c6a0809b2c1d0c?s=96&d=mm&r=g\",\"url\":\"https:\/\/secure.gravatar.com\/avatar\/a3ac3d25ac33d46f0322cc5368445ae1029915c14bd428d2c2c6a0809b2c1d0c?s=96&d=mm&r=g\",\"contentUrl\":\"https:\/\/secure.gravatar.com\/avatar\/a3ac3d25ac33d46f0322cc5368445ae1029915c14bd428d2c2c6a0809b2c1d0c?s=96&d=mm&r=g\",\"caption\":\"jbacana\"},\"url\":\"https:\/\/institucional.ufrrj.br\/soc\/author\/jsousa\/\"}]}<\/script>\n<!-- \/ Yoast SEO plugin. -->","yoast_head_json":{"title":"ELEI\u00c7\u00d5ES DOCENTES E TAES PARA OS CONSELHOS SUPERIORES 2024 - SOC","robots":{"index":"index","follow":"follow","max-snippet":"max-snippet:-1","max-image-preview":"max-image-preview:large","max-video-preview":"max-video-preview:-1"},"canonical":"https:\/\/institucional.ufrrj.br\/soc\/eleicoes-docentes-e-taes-para-os-conselhos-superiores-2024\/","og_locale":"pt_BR","og_type":"article","og_title":"ELEI\u00c7\u00d5ES DOCENTES E TAES PARA OS CONSELHOS SUPERIORES 2024 - SOC","og_description":"Prezados(as), &nbsp; A Secretaria Administrativa dos \u00d3rg\u00e3os Colegiados informa que est\u00e3o abertas as Inscri\u00e7\u00f5es para as Elei\u00e7\u00f5es de Representantes DOCENTES ... Continue lendo","og_url":"https:\/\/institucional.ufrrj.br\/soc\/eleicoes-docentes-e-taes-para-os-conselhos-superiores-2024\/","og_site_name":"SOC","article_published_time":"2024-09-02T22:05:11+00:00","article_modified_time":"2024-10-07T17:23:15+00:00","author":"jbacana","twitter_card":"summary_large_image","twitter_misc":{"Escrito por":"jbacana","Est. tempo de leitura":"1 minuto"},"schema":{"@context":"https:\/\/schema.org","@graph":[{"@type":"Article","@id":"https:\/\/institucional.ufrrj.br\/soc\/eleicoes-docentes-e-taes-para-os-conselhos-superiores-2024\/#article","isPartOf":{"@id":"https:\/\/institucional.ufrrj.br\/soc\/eleicoes-docentes-e-taes-para-os-conselhos-superiores-2024\/"},"author":{"name":"jbacana","@id":"https:\/\/institucional.ufrrj.br\/soc\/#\/schema\/person\/b560676bc10664ebed23f45913201375"},"headline":"ELEI\u00c7\u00d5ES DOCENTES E TAES PARA OS CONSELHOS SUPERIORES 2024","datePublished":"2024-09-02T22:05:11+00:00","dateModified":"2024-10-07T17:23:15+00:00","mainEntityOfPage":{"@id":"https:\/\/institucional.ufrrj.br\/soc\/eleicoes-docentes-e-taes-para-os-conselhos-superiores-2024\/"},"wordCount":152,"commentCount":0,"articleSection":["Not\u00edcias"],"inLanguage":"pt-BR","potentialAction":[{"@type":"CommentAction","name":"Comment","target":["https:\/\/institucional.ufrrj.br\/soc\/eleicoes-docentes-e-taes-para-os-conselhos-superiores-2024\/#respond"]}]},{"@type":"WebPage","@id":"https:\/\/institucional.ufrrj.br\/soc\/eleicoes-docentes-e-taes-para-os-conselhos-superiores-2024\/","url":"https:\/\/institucional.ufrrj.br\/soc\/eleicoes-docentes-e-taes-para-os-conselhos-superiores-2024\/","name":"ELEI\u00c7\u00d5ES DOCENTES E TAES PARA OS CONSELHOS SUPERIORES 2024 - SOC","isPartOf":{"@id":"https:\/\/institucional.ufrrj.br\/soc\/#website"},"datePublished":"2024-09-02T22:05:11+00:00","dateModified":"2024-10-07T17:23:15+00:00","author":{"@id":"https:\/\/institucional.ufrrj.br\/soc\/#\/schema\/person\/b560676bc10664ebed23f45913201375"},"breadcrumb":{"@id":"https:\/\/institucional.ufrrj.br\/soc\/eleicoes-docentes-e-taes-para-os-conselhos-superiores-2024\/#breadcrumb"},"inLanguage":"pt-BR","potentialAction":[{"@type":"ReadAction","target":["https:\/\/institucional.ufrrj.br\/soc\/eleicoes-docentes-e-taes-para-os-conselhos-superiores-2024\/"]}]},{"@type":"BreadcrumbList","@id":"https:\/\/institucional.ufrrj.br\/soc\/eleicoes-docentes-e-taes-para-os-conselhos-superiores-2024\/#breadcrumb","itemListElement":[{"@type":"ListItem","position":1,"name":"In\u00edcio","item":"https:\/\/institucional.ufrrj.br\/soc\/"},{"@type":"ListItem","position":2,"name":"ELEI\u00c7\u00d5ES DOCENTES E TAES PARA OS CONSELHOS SUPERIORES 2024"}]},{"@type":"WebSite","@id":"https:\/\/institucional.ufrrj.br\/soc\/#website","url":"https:\/\/institucional.ufrrj.br\/soc\/","name":"SOC","description":"Secretaria dos \u00d3rg\u00e3os Colegiados - UFRRJ","potentialAction":[{"@type":"SearchAction","target":{"@type":"EntryPoint","urlTemplate":"https:\/\/institucional.ufrrj.br\/soc\/?s={search_term_string}"},"query-input":{"@type":"PropertyValueSpecification","valueRequired":true,"valueName":"search_term_string"}}],"inLanguage":"pt-BR"},{"@type":"Person","@id":"https:\/\/institucional.ufrrj.br\/soc\/#\/schema\/person\/b560676bc10664ebed23f45913201375","name":"jbacana","image":{"@type":"ImageObject","inLanguage":"pt-BR","@id":"https:\/\/secure.gravatar.com\/avatar\/a3ac3d25ac33d46f0322cc5368445ae1029915c14bd428d2c2c6a0809b2c1d0c?s=96&d=mm&r=g","url":"https:\/\/secure.gravatar.com\/avatar\/a3ac3d25ac33d46f0322cc5368445ae1029915c14bd428d2c2c6a0809b2c1d0c?s=96&d=mm&r=g","contentUrl":"https:\/\/secure.gravatar.com\/avatar\/a3ac3d25ac33d46f0322cc5368445ae1029915c14bd428d2c2c6a0809b2c1d0c?s=96&d=mm&r=g","caption":"jbacana"},"url":"https:\/\/institucional.ufrrj.br\/soc\/author\/jsousa\/"}]}},"acf":[],"_links":{"self":[{"href":"https:\/\/institucional.ufrrj.br\/soc\/wp-json\/wp\/v2\/posts\/8923","targetHints":{"allow":["GET"]}}],"collection":[{"href":"https:\/\/institucional.ufrrj.br\/soc\/wp-json\/wp\/v2\/posts"}],"about":[{"href":"https:\/\/institucional.ufrrj.br\/soc\/wp-json\/wp\/v2\/types\/post"}],"author":[{"embeddable":true,"href":"https:\/\/institucional.ufrrj.br\/soc\/wp-json\/wp\/v2\/users\/691"}],"replies":[{"embeddable":true,"href":"https:\/\/institucional.ufrrj.br\/soc\/wp-json\/wp\/v2\/comments?post=8923"}],"version-history":[{"count":7,"href":"https:\/\/institucional.ufrrj.br\/soc\/wp-json\/wp\/v2\/posts\/8923\/revisions"}],"predecessor-version":[{"id":8979,"href":"https:\/\/institucional.ufrrj.br\/soc\/wp-json\/wp\/v2\/posts\/8923\/revisions\/8979"}],"wp:attachment":[{"href":"https:\/\/institucional.ufrrj.br\/soc\/wp-json\/wp\/v2\/media?parent=8923"}],"wp:term":[{"taxonomy":"category","embeddable":true,"href":"https:\/\/institucional.ufrrj.br\/soc\/wp-json\/wp\/v2\/categories?post=8923"},{"taxonomy":"post_tag","embeddable":true,"href":"https:\/\/institucional.ufrrj.br\/soc\/wp-json\/wp\/v2\/tags?post=8923"}],"curies":[{"name":"wp","href":"https:\/\/api.w.org\/{rel}","templated":true}]}}