{"id":8917,"date":"2024-09-02T18:49:09","date_gmt":"2024-09-02T21:49:09","guid":{"rendered":"https:\/\/institucional.ufrrj.br\/soc\/?p=8917"},"modified":"2024-10-07T14:25:10","modified_gmt":"2024-10-07T17:25:10","slug":"eleicoes-discentes-para-os-conselhos-superiores","status":"publish","type":"post","link":"https:\/\/institucional.ufrrj.br\/soc\/eleicoes-discentes-para-os-conselhos-superiores\/","title":{"rendered":"ELEI\u00c7\u00d5ES DISCENTES PARA OS CONSELHOS SUPERIORES"},"content":{"rendered":"<p>Prezados(as),<\/p>\n<p>&nbsp;<\/p>\n<p>A Secretaria Administrativa dos \u00d3rg\u00e3os Colegiados informa que est\u00e3o abertas as <strong>Inscri\u00e7\u00f5es para as Elei\u00e7\u00f5es de Representantes Discentes junto aos Conselhos de Ensino, Pesquisa e Extens\u00e3o (CEPE), Universit\u00e1rio (CONSU) e de Curadores (CONCUR) no per\u00edodo de 02 a 05\/09\/2024.<\/strong><\/p>\n<p>INSCRI\u00c7\u00c3O CEPE<\/p>\n<p><a href=\"https:\/\/docs.google.com\/forms\/d\/e\/1FAIpQLSd-8PDFgliX0jhJm7vSlkcdSdW90utcpSQa64gcx2OGHolmLg\/viewform\" target=\"_blank\" rel=\"noopener\">https:\/\/docs.google.com\/forms\/d\/e\/1FAIpQLSd-8PDFgliX0jhJm7vSlkcdSdW90utcpSQa64gcx2OGHolmLg\/viewform<\/a><\/p>\n<p>INSCRI\u00c7\u00c3O CONSU<\/p>\n<p><a href=\"https:\/\/docs.google.com\/forms\/d\/e\/1FAIpQLScZxT6o5PtwmI2zHIJVygADhuS4wS89ZoxqMhu5tip_4sRaNg\/viewform\" target=\"_blank\" rel=\"noopener\">https:\/\/docs.google.com\/forms\/d\/e\/1FAIpQLScZxT6o5PtwmI2zHIJVygADhuS4wS89ZoxqMhu5tip_4sRaNg\/viewform<\/a><\/p>\n<p>INSCRI\u00c7\u00c3O CONCUR<\/p>\n<p><a href=\"https:\/\/docs.google.com\/forms\/d\/e\/1FAIpQLSchx8DSoY_R51xytO1H3eq4yA32m_74tHnyjBFpI4zTqObl0A\/viewform\" target=\"_blank\" rel=\"noopener\">https:\/\/docs.google.com\/forms\/d\/e\/1FAIpQLSchx8DSoY_R51xytO1H3eq4yA32m_74tHnyjBFpI4zTqObl0A\/viewform<\/a><\/p>\n<p>&nbsp;<\/p>\n<h3>N\u00daMEROS DAS CABINES DOS CANDIDATOS<\/h3>\n<p><a href=\"https:\/\/institucional.ufrrj.br\/soc\/files\/2024\/09\/CONCUR_-Numero_da_cabine_discentes.pdf\">CONCUR_ N\u00famero_da_cabine_discentes<\/a><\/p>\n<p><a href=\"https:\/\/institucional.ufrrj.br\/soc\/files\/2024\/09\/CEPE_Numero_da_cabine_-Discentes.pdf\">CEPE_N\u00famero_da_cabine_-Discentes<\/a><\/p>\n<p><a href=\"https:\/\/institucional.ufrrj.br\/soc\/files\/2024\/09\/CONSU_-Numero_da_cabine-Discentes.pdf\">CONSU_ N\u00famero_da_cabine-Discentes<\/a><\/p>\n<p>&nbsp;<\/p>\n<p>EDITAIS<\/p>\n<p><a href=\"https:\/\/institucional.ufrrj.br\/soc\/files\/2024\/09\/EDITAL-DISCENTES-CONCUR.pdf\">EDITAL &#8211; DISCENTES CONCUR<\/a><\/p>\n<p><a href=\"https:\/\/institucional.ufrrj.br\/soc\/files\/2024\/09\/EDITAL-DISCENTES-CEPE-2024.pdf\">EDITAL &#8211; DISCENTES CEPE 2024<\/a><\/p>\n<p><a href=\"https:\/\/institucional.ufrrj.br\/soc\/files\/2024\/09\/EDITAL-DISCENTES-CONSU-2024.pdf\">EDITAL &#8211; DISCENTES CONSU 2024<\/a><\/p>\n<p>&nbsp;<\/p>\n<p>CANDIDATURAS<\/p>\n<p><strong>TODAS AS CANDIDATURAS FORAM HOMOLOGADAS.<\/strong><\/p>\n<p><a href=\"https:\/\/institucional.ufrrj.br\/soc\/files\/2024\/09\/Candidaturas-Homologadas_CONSELHOS.pdf\">Candidaturas Homologadas_CONSELHOS<\/a><\/p>\n<p>&nbsp;<\/p>\n<p><strong>INFORMES<\/strong><\/p>\n<p>Prezados(as) Candidatos(as),<\/p>\n<p>Devida \u00e0s sucessivas prorroga\u00e7\u00f5es das inscri\u00e7\u00f5es para as representa\u00e7\u00f5es das categorias docente e TAEs, o per\u00edodo eleitoral ser\u00e1 alterado.<\/p>\n<p>Novo per\u00edodo: de 21\/10 a 25\/10, at\u00e9 \u00e0s 23h59min.<\/p>\n","protected":false},"excerpt":{"rendered":"<p>Prezados(as), &nbsp; A Secretaria Administrativa dos \u00d3rg\u00e3os Colegiados informa que est\u00e3o abertas as Inscri\u00e7\u00f5es para as Elei\u00e7\u00f5es de Representantes Discentes <a class=\"read-more\" style=\"font-size:12px;\" href=\"https:\/\/institucional.ufrrj.br\/soc\/eleicoes-discentes-para-os-conselhos-superiores\/\">&#8230; Continue lendo <i class=\"fa fa-long-arrow-right\"><\/i><\/a><\/p>\n","protected":false},"author":691,"featured_media":0,"comment_status":"open","ping_status":"open","sticky":false,"template":"","format":"standard","meta":{"_acf_changed":false,"footnotes":"","_links_to":"","_links_to_target":""},"categories":[2],"tags":[],"class_list":["post-8917","post","type-post","status-publish","format-standard","hentry","category-noticias"],"yoast_head":"<!-- This site is optimized with the Yoast SEO plugin v27.2 - https:\/\/yoast.com\/product\/yoast-seo-wordpress\/ -->\n<title>ELEI\u00c7\u00d5ES DISCENTES PARA OS CONSELHOS SUPERIORES - SOC<\/title>\n<meta name=\"robots\" content=\"index, follow, max-snippet:-1, max-image-preview:large, max-video-preview:-1\" \/>\n<link rel=\"canonical\" href=\"https:\/\/institucional.ufrrj.br\/soc\/eleicoes-discentes-para-os-conselhos-superiores\/\" \/>\n<meta property=\"og:locale\" content=\"pt_BR\" \/>\n<meta property=\"og:type\" content=\"article\" \/>\n<meta property=\"og:title\" content=\"ELEI\u00c7\u00d5ES DISCENTES PARA OS CONSELHOS SUPERIORES - SOC\" \/>\n<meta property=\"og:description\" content=\"Prezados(as), &nbsp; A Secretaria Administrativa dos \u00d3rg\u00e3os Colegiados informa que est\u00e3o abertas as Inscri\u00e7\u00f5es para as Elei\u00e7\u00f5es de Representantes Discentes ... Continue lendo\" \/>\n<meta property=\"og:url\" content=\"https:\/\/institucional.ufrrj.br\/soc\/eleicoes-discentes-para-os-conselhos-superiores\/\" \/>\n<meta property=\"og:site_name\" content=\"SOC\" \/>\n<meta property=\"article:published_time\" content=\"2024-09-02T21:49:09+00:00\" \/>\n<meta property=\"article:modified_time\" content=\"2024-10-07T17:25:10+00:00\" \/>\n<meta name=\"author\" content=\"jbacana\" \/>\n<meta name=\"twitter:card\" content=\"summary_large_image\" \/>\n<meta name=\"twitter:label1\" content=\"Escrito por\" \/>\n\t<meta name=\"twitter:data1\" content=\"jbacana\" \/>\n\t<meta name=\"twitter:label2\" content=\"Est. tempo de leitura\" \/>\n\t<meta name=\"twitter:data2\" content=\"1 minuto\" \/>\n<script type=\"application\/ld+json\" class=\"yoast-schema-graph\">{\"@context\":\"https:\/\/schema.org\",\"@graph\":[{\"@type\":\"Article\",\"@id\":\"https:\/\/institucional.ufrrj.br\/soc\/eleicoes-discentes-para-os-conselhos-superiores\/#article\",\"isPartOf\":{\"@id\":\"https:\/\/institucional.ufrrj.br\/soc\/eleicoes-discentes-para-os-conselhos-superiores\/\"},\"author\":{\"name\":\"jbacana\",\"@id\":\"https:\/\/institucional.ufrrj.br\/soc\/#\/schema\/person\/b560676bc10664ebed23f45913201375\"},\"headline\":\"ELEI\u00c7\u00d5ES DISCENTES PARA OS CONSELHOS SUPERIORES\",\"datePublished\":\"2024-09-02T21:49:09+00:00\",\"dateModified\":\"2024-10-07T17:25:10+00:00\",\"mainEntityOfPage\":{\"@id\":\"https:\/\/institucional.ufrrj.br\/soc\/eleicoes-discentes-para-os-conselhos-superiores\/\"},\"wordCount\":199,\"commentCount\":0,\"articleSection\":[\"Not\u00edcias\"],\"inLanguage\":\"pt-BR\",\"potentialAction\":[{\"@type\":\"CommentAction\",\"name\":\"Comment\",\"target\":[\"https:\/\/institucional.ufrrj.br\/soc\/eleicoes-discentes-para-os-conselhos-superiores\/#respond\"]}]},{\"@type\":\"WebPage\",\"@id\":\"https:\/\/institucional.ufrrj.br\/soc\/eleicoes-discentes-para-os-conselhos-superiores\/\",\"url\":\"https:\/\/institucional.ufrrj.br\/soc\/eleicoes-discentes-para-os-conselhos-superiores\/\",\"name\":\"ELEI\u00c7\u00d5ES DISCENTES PARA OS CONSELHOS SUPERIORES - SOC\",\"isPartOf\":{\"@id\":\"https:\/\/institucional.ufrrj.br\/soc\/#website\"},\"datePublished\":\"2024-09-02T21:49:09+00:00\",\"dateModified\":\"2024-10-07T17:25:10+00:00\",\"author\":{\"@id\":\"https:\/\/institucional.ufrrj.br\/soc\/#\/schema\/person\/b560676bc10664ebed23f45913201375\"},\"breadcrumb\":{\"@id\":\"https:\/\/institucional.ufrrj.br\/soc\/eleicoes-discentes-para-os-conselhos-superiores\/#breadcrumb\"},\"inLanguage\":\"pt-BR\",\"potentialAction\":[{\"@type\":\"ReadAction\",\"target\":[\"https:\/\/institucional.ufrrj.br\/soc\/eleicoes-discentes-para-os-conselhos-superiores\/\"]}]},{\"@type\":\"BreadcrumbList\",\"@id\":\"https:\/\/institucional.ufrrj.br\/soc\/eleicoes-discentes-para-os-conselhos-superiores\/#breadcrumb\",\"itemListElement\":[{\"@type\":\"ListItem\",\"position\":1,\"name\":\"In\u00edcio\",\"item\":\"https:\/\/institucional.ufrrj.br\/soc\/\"},{\"@type\":\"ListItem\",\"position\":2,\"name\":\"ELEI\u00c7\u00d5ES DISCENTES PARA OS CONSELHOS SUPERIORES\"}]},{\"@type\":\"WebSite\",\"@id\":\"https:\/\/institucional.ufrrj.br\/soc\/#website\",\"url\":\"https:\/\/institucional.ufrrj.br\/soc\/\",\"name\":\"SOC\",\"description\":\"Secretaria dos \u00d3rg\u00e3os Colegiados - UFRRJ\",\"potentialAction\":[{\"@type\":\"SearchAction\",\"target\":{\"@type\":\"EntryPoint\",\"urlTemplate\":\"https:\/\/institucional.ufrrj.br\/soc\/?s={search_term_string}\"},\"query-input\":{\"@type\":\"PropertyValueSpecification\",\"valueRequired\":true,\"valueName\":\"search_term_string\"}}],\"inLanguage\":\"pt-BR\"},{\"@type\":\"Person\",\"@id\":\"https:\/\/institucional.ufrrj.br\/soc\/#\/schema\/person\/b560676bc10664ebed23f45913201375\",\"name\":\"jbacana\",\"image\":{\"@type\":\"ImageObject\",\"inLanguage\":\"pt-BR\",\"@id\":\"https:\/\/secure.gravatar.com\/avatar\/a3ac3d25ac33d46f0322cc5368445ae1029915c14bd428d2c2c6a0809b2c1d0c?s=96&d=mm&r=g\",\"url\":\"https:\/\/secure.gravatar.com\/avatar\/a3ac3d25ac33d46f0322cc5368445ae1029915c14bd428d2c2c6a0809b2c1d0c?s=96&d=mm&r=g\",\"contentUrl\":\"https:\/\/secure.gravatar.com\/avatar\/a3ac3d25ac33d46f0322cc5368445ae1029915c14bd428d2c2c6a0809b2c1d0c?s=96&d=mm&r=g\",\"caption\":\"jbacana\"},\"url\":\"https:\/\/institucional.ufrrj.br\/soc\/author\/jsousa\/\"}]}<\/script>\n<!-- \/ Yoast SEO plugin. -->","yoast_head_json":{"title":"ELEI\u00c7\u00d5ES DISCENTES PARA OS CONSELHOS SUPERIORES - SOC","robots":{"index":"index","follow":"follow","max-snippet":"max-snippet:-1","max-image-preview":"max-image-preview:large","max-video-preview":"max-video-preview:-1"},"canonical":"https:\/\/institucional.ufrrj.br\/soc\/eleicoes-discentes-para-os-conselhos-superiores\/","og_locale":"pt_BR","og_type":"article","og_title":"ELEI\u00c7\u00d5ES DISCENTES PARA OS CONSELHOS SUPERIORES - SOC","og_description":"Prezados(as), &nbsp; A Secretaria Administrativa dos \u00d3rg\u00e3os Colegiados informa que est\u00e3o abertas as Inscri\u00e7\u00f5es para as Elei\u00e7\u00f5es de Representantes Discentes ... Continue lendo","og_url":"https:\/\/institucional.ufrrj.br\/soc\/eleicoes-discentes-para-os-conselhos-superiores\/","og_site_name":"SOC","article_published_time":"2024-09-02T21:49:09+00:00","article_modified_time":"2024-10-07T17:25:10+00:00","author":"jbacana","twitter_card":"summary_large_image","twitter_misc":{"Escrito por":"jbacana","Est. tempo de leitura":"1 minuto"},"schema":{"@context":"https:\/\/schema.org","@graph":[{"@type":"Article","@id":"https:\/\/institucional.ufrrj.br\/soc\/eleicoes-discentes-para-os-conselhos-superiores\/#article","isPartOf":{"@id":"https:\/\/institucional.ufrrj.br\/soc\/eleicoes-discentes-para-os-conselhos-superiores\/"},"author":{"name":"jbacana","@id":"https:\/\/institucional.ufrrj.br\/soc\/#\/schema\/person\/b560676bc10664ebed23f45913201375"},"headline":"ELEI\u00c7\u00d5ES DISCENTES PARA OS CONSELHOS SUPERIORES","datePublished":"2024-09-02T21:49:09+00:00","dateModified":"2024-10-07T17:25:10+00:00","mainEntityOfPage":{"@id":"https:\/\/institucional.ufrrj.br\/soc\/eleicoes-discentes-para-os-conselhos-superiores\/"},"wordCount":199,"commentCount":0,"articleSection":["Not\u00edcias"],"inLanguage":"pt-BR","potentialAction":[{"@type":"CommentAction","name":"Comment","target":["https:\/\/institucional.ufrrj.br\/soc\/eleicoes-discentes-para-os-conselhos-superiores\/#respond"]}]},{"@type":"WebPage","@id":"https:\/\/institucional.ufrrj.br\/soc\/eleicoes-discentes-para-os-conselhos-superiores\/","url":"https:\/\/institucional.ufrrj.br\/soc\/eleicoes-discentes-para-os-conselhos-superiores\/","name":"ELEI\u00c7\u00d5ES DISCENTES PARA OS CONSELHOS SUPERIORES - SOC","isPartOf":{"@id":"https:\/\/institucional.ufrrj.br\/soc\/#website"},"datePublished":"2024-09-02T21:49:09+00:00","dateModified":"2024-10-07T17:25:10+00:00","author":{"@id":"https:\/\/institucional.ufrrj.br\/soc\/#\/schema\/person\/b560676bc10664ebed23f45913201375"},"breadcrumb":{"@id":"https:\/\/institucional.ufrrj.br\/soc\/eleicoes-discentes-para-os-conselhos-superiores\/#breadcrumb"},"inLanguage":"pt-BR","potentialAction":[{"@type":"ReadAction","target":["https:\/\/institucional.ufrrj.br\/soc\/eleicoes-discentes-para-os-conselhos-superiores\/"]}]},{"@type":"BreadcrumbList","@id":"https:\/\/institucional.ufrrj.br\/soc\/eleicoes-discentes-para-os-conselhos-superiores\/#breadcrumb","itemListElement":[{"@type":"ListItem","position":1,"name":"In\u00edcio","item":"https:\/\/institucional.ufrrj.br\/soc\/"},{"@type":"ListItem","position":2,"name":"ELEI\u00c7\u00d5ES DISCENTES PARA OS CONSELHOS SUPERIORES"}]},{"@type":"WebSite","@id":"https:\/\/institucional.ufrrj.br\/soc\/#website","url":"https:\/\/institucional.ufrrj.br\/soc\/","name":"SOC","description":"Secretaria dos \u00d3rg\u00e3os Colegiados - UFRRJ","potentialAction":[{"@type":"SearchAction","target":{"@type":"EntryPoint","urlTemplate":"https:\/\/institucional.ufrrj.br\/soc\/?s={search_term_string}"},"query-input":{"@type":"PropertyValueSpecification","valueRequired":true,"valueName":"search_term_string"}}],"inLanguage":"pt-BR"},{"@type":"Person","@id":"https:\/\/institucional.ufrrj.br\/soc\/#\/schema\/person\/b560676bc10664ebed23f45913201375","name":"jbacana","image":{"@type":"ImageObject","inLanguage":"pt-BR","@id":"https:\/\/secure.gravatar.com\/avatar\/a3ac3d25ac33d46f0322cc5368445ae1029915c14bd428d2c2c6a0809b2c1d0c?s=96&d=mm&r=g","url":"https:\/\/secure.gravatar.com\/avatar\/a3ac3d25ac33d46f0322cc5368445ae1029915c14bd428d2c2c6a0809b2c1d0c?s=96&d=mm&r=g","contentUrl":"https:\/\/secure.gravatar.com\/avatar\/a3ac3d25ac33d46f0322cc5368445ae1029915c14bd428d2c2c6a0809b2c1d0c?s=96&d=mm&r=g","caption":"jbacana"},"url":"https:\/\/institucional.ufrrj.br\/soc\/author\/jsousa\/"}]}},"acf":[],"_links":{"self":[{"href":"https:\/\/institucional.ufrrj.br\/soc\/wp-json\/wp\/v2\/posts\/8917","targetHints":{"allow":["GET"]}}],"collection":[{"href":"https:\/\/institucional.ufrrj.br\/soc\/wp-json\/wp\/v2\/posts"}],"about":[{"href":"https:\/\/institucional.ufrrj.br\/soc\/wp-json\/wp\/v2\/types\/post"}],"author":[{"embeddable":true,"href":"https:\/\/institucional.ufrrj.br\/soc\/wp-json\/wp\/v2\/users\/691"}],"replies":[{"embeddable":true,"href":"https:\/\/institucional.ufrrj.br\/soc\/wp-json\/wp\/v2\/comments?post=8917"}],"version-history":[{"count":6,"href":"https:\/\/institucional.ufrrj.br\/soc\/wp-json\/wp\/v2\/posts\/8917\/revisions"}],"predecessor-version":[{"id":8983,"href":"https:\/\/institucional.ufrrj.br\/soc\/wp-json\/wp\/v2\/posts\/8917\/revisions\/8983"}],"wp:attachment":[{"href":"https:\/\/institucional.ufrrj.br\/soc\/wp-json\/wp\/v2\/media?parent=8917"}],"wp:term":[{"taxonomy":"category","embeddable":true,"href":"https:\/\/institucional.ufrrj.br\/soc\/wp-json\/wp\/v2\/categories?post=8917"},{"taxonomy":"post_tag","embeddable":true,"href":"https:\/\/institucional.ufrrj.br\/soc\/wp-json\/wp\/v2\/tags?post=8917"}],"curies":[{"name":"wp","href":"https:\/\/api.w.org\/{rel}","templated":true}]}}