{"id":8365,"date":"2023-07-21T17:58:41","date_gmt":"2023-07-21T20:58:41","guid":{"rendered":"https:\/\/institucional.ufrrj.br\/soc\/?p=8365"},"modified":"2023-09-19T15:35:13","modified_gmt":"2023-09-19T18:35:13","slug":"eleicoes-cepe-2023","status":"publish","type":"post","link":"https:\/\/institucional.ufrrj.br\/soc\/eleicoes-cepe-2023\/","title":{"rendered":"ELEI\u00c7\u00d5ES CEPE 2023"},"content":{"rendered":"<p>Prezados(as),<\/p>\n<p>&nbsp;<\/p>\n<p>A Secretaria Administrativa dos \u00d3rg\u00e3os Colegiados informa que est\u00e3o abertas as <strong>Inscri\u00e7\u00f5es para as Elei\u00e7\u00f5es de Representantes Docentes e T\u00e9cnicos-Administrativos junto ao Conselho de Ensino, Pesquisa e Extens\u00e3o (CEPE), no per\u00edodo de 21 a 28\/07\/2023.<\/strong><\/p>\n<p>&nbsp;<\/p>\n<p><span style=\"font-size: 16px\">O mandato \u00e9 de 2 anos.<\/span><\/p>\n<p>&nbsp;<\/p>\n<h3>RESULTADOS DAS APURA\u00c7\u00d5ES<\/h3>\n<h3><\/h3>\n<p>&nbsp;<\/p>\n<h3><a href=\"https:\/\/institucional.ufrrj.br\/soc\/files\/2023\/07\/Totalizacao-dos-votos-Rep-Docente-CEPE.pdf\">Totaliza\u00e7\u00e3o dos votos-Rep Docente CEPE<\/a><\/h3>\n<h3><\/h3>\n<h3><\/h3>\n<h3><\/h3>\n<h3><\/h3>\n<p>&nbsp;<\/p>\n<h3><a href=\"https:\/\/institucional.ufrrj.br\/soc\/files\/2023\/07\/Totalizacao-dos-votos-Rep-Tec-Admin-CEPE-1.pdf\">Totaliza\u00e7\u00e3o dos votos-Rep Tec-Admin CEPE<\/a><\/h3>\n<h3><\/h3>\n<p>&nbsp;<\/p>\n<h3><a href=\"https:\/\/institucional.ufrrj.br\/soc\/files\/2023\/07\/relatorio_final_votacao-DOCENTES.pdf\">relatorio_final_votacao DOCENTES<\/a><\/h3>\n<h3><\/h3>\n<p>&nbsp;<\/p>\n<h3><a href=\"https:\/\/institucional.ufrrj.br\/soc\/files\/2023\/07\/relatorio_final_votacao-TAES.pdf\">relatorio_final_votacao TAES<\/a><\/h3>\n<h3><\/h3>\n<p>&nbsp;<\/p>\n<h3><span style=\"color: #3366ff\">ELEI\u00c7\u00d5ES PRORROGADAS AT\u00c9 O DIA 13\/09\/2023, \u00c0S 23h59min<\/span><\/h3>\n<p>&nbsp;<\/p>\n<h3><a href=\"https:\/\/sigeleicao.ufrrj.br\/sigeleicao\/\" target=\"_blank\" rel=\"noopener\">https:\/\/sigeleicao.ufrrj.br\/sigeleicao\/<\/a><\/h3>\n<p>&nbsp;<\/p>\n<h3><a href=\"https:\/\/institucional.ufrrj.br\/soc\/files\/2023\/07\/Quorum-Docente.pdf\">Qu\u00f3rum Docente<\/a><\/h3>\n<p>&nbsp;<\/p>\n<h3><a href=\"https:\/\/institucional.ufrrj.br\/soc\/files\/2023\/07\/Quorum-TEC-ADM.pdf\">Qu\u00f3rum-TEC-ADM<\/a><\/h3>\n<p>&nbsp;<\/p>\n<p><del><strong><span style=\"color: #ff0000\">AS ELEI\u00c7\u00d5ES OCORRER\u00c3O NO PER\u00cdODO DE 04\/09 A 08\/09\/2023, AT\u00c9 \u00c0S 23h59min<\/span><\/strong><\/del><\/p>\n<p>&nbsp;<\/p>\n<p>Para maiores informa\u00e7\u00f5es, acessem os editais abaixo:<\/p>\n<p>&nbsp;<\/p>\n<p><a href=\"https:\/\/institucional.ufrrj.br\/soc\/files\/2023\/07\/EDITAL-DOCENTES-CEPE-2023.pdf\">EDITAL &#8211; DOCENTES CEPE 2023<\/a><\/p>\n<p>&nbsp;<\/p>\n<p><a href=\"https:\/\/institucional.ufrrj.br\/soc\/files\/2023\/07\/EDITAL-TEC-ADM-CEPE-2023.pdf\">EDITAL &#8211; TEC-ADM CEPE 2023<\/a><\/p>\n<p>&nbsp;<\/p>\n<p><a href=\"https:\/\/institucional.ufrrj.br\/soc\/files\/2023\/07\/Homologacao-das-Inscricoes-Docentes.pdf\">CANDIDATURAS &#8211; REP DOCENTES<\/a><\/p>\n<p>&nbsp;<\/p>\n<p><strong><span style=\"color: #ff00ff\">Eleitores da categoria DOCENTE PODER\u00c3O VOTAR (ESCOLHER) EM AT\u00c9 3 NOMES.\u00a0<\/span><\/strong><\/p>\n<p>&nbsp;<\/p>\n<p><a href=\"https:\/\/institucional.ufrrj.br\/soc\/files\/2023\/07\/Homologacao-das-Inscricoes-Tec-Adm.pdf\">CANDIDATURAS &#8211; REP TEC-ADM<\/a><\/p>\n<p>&nbsp;<\/p>\n<p><strong><span style=\"color: #ff00ff\">Eleitores da categoria T\u00e9cnico-Administrativa PODER\u00c3O VOTAR (ESCOLHER) EM AT\u00c9 2 NOMES.\u00a0<\/span><\/strong><\/p>\n<p>&nbsp;<\/p>\n<p>Fa\u00e7a a sua inscri\u00e7\u00e3o no link abaixo:<\/p>\n<p><a href=\"https:\/\/forms.gle\/7gSEFhmCEK2ecacg6\" target=\"_blank\" rel=\"noopener\"><strong>https:\/\/forms.gle\/7gSEFhmCEK2ecacg6<\/strong><\/a><\/p>\n","protected":false},"excerpt":{"rendered":"<p>Prezados(as), &nbsp; A Secretaria Administrativa dos \u00d3rg\u00e3os Colegiados informa que est\u00e3o abertas as Inscri\u00e7\u00f5es para as Elei\u00e7\u00f5es de Representantes Docentes <a class=\"read-more\" style=\"font-size:12px;\" href=\"https:\/\/institucional.ufrrj.br\/soc\/eleicoes-cepe-2023\/\">&#8230; Continue lendo <i class=\"fa fa-long-arrow-right\"><\/i><\/a><\/p>\n","protected":false},"author":691,"featured_media":0,"comment_status":"open","ping_status":"open","sticky":false,"template":"","format":"standard","meta":{"_acf_changed":false,"footnotes":"","_links_to":"","_links_to_target":""},"categories":[2],"tags":[],"class_list":["post-8365","post","type-post","status-publish","format-standard","hentry","category-noticias"],"yoast_head":"<!-- This site is optimized with the Yoast SEO plugin v27.2 - https:\/\/yoast.com\/product\/yoast-seo-wordpress\/ -->\n<title>ELEI\u00c7\u00d5ES CEPE 2023 - SOC<\/title>\n<meta name=\"robots\" content=\"index, follow, max-snippet:-1, max-image-preview:large, max-video-preview:-1\" \/>\n<link rel=\"canonical\" href=\"https:\/\/institucional.ufrrj.br\/soc\/eleicoes-cepe-2023\/\" \/>\n<meta property=\"og:locale\" content=\"pt_BR\" \/>\n<meta property=\"og:type\" content=\"article\" \/>\n<meta property=\"og:title\" content=\"ELEI\u00c7\u00d5ES CEPE 2023 - SOC\" \/>\n<meta property=\"og:description\" content=\"Prezados(as), &nbsp; A Secretaria Administrativa dos \u00d3rg\u00e3os Colegiados informa que est\u00e3o abertas as Inscri\u00e7\u00f5es para as Elei\u00e7\u00f5es de Representantes Docentes ... Continue lendo\" \/>\n<meta property=\"og:url\" content=\"https:\/\/institucional.ufrrj.br\/soc\/eleicoes-cepe-2023\/\" \/>\n<meta property=\"og:site_name\" content=\"SOC\" \/>\n<meta property=\"article:published_time\" content=\"2023-07-21T20:58:41+00:00\" \/>\n<meta property=\"article:modified_time\" content=\"2023-09-19T18:35:13+00:00\" \/>\n<meta name=\"author\" content=\"jbacana\" \/>\n<meta name=\"twitter:card\" content=\"summary_large_image\" \/>\n<meta name=\"twitter:label1\" content=\"Escrito por\" \/>\n\t<meta name=\"twitter:data1\" content=\"jbacana\" \/>\n\t<meta name=\"twitter:label2\" content=\"Est. tempo de leitura\" \/>\n\t<meta name=\"twitter:data2\" content=\"1 minuto\" \/>\n<script type=\"application\/ld+json\" class=\"yoast-schema-graph\">{\"@context\":\"https:\/\/schema.org\",\"@graph\":[{\"@type\":\"Article\",\"@id\":\"https:\/\/institucional.ufrrj.br\/soc\/eleicoes-cepe-2023\/#article\",\"isPartOf\":{\"@id\":\"https:\/\/institucional.ufrrj.br\/soc\/eleicoes-cepe-2023\/\"},\"author\":{\"name\":\"jbacana\",\"@id\":\"https:\/\/institucional.ufrrj.br\/soc\/#\/schema\/person\/b560676bc10664ebed23f45913201375\"},\"headline\":\"ELEI\u00c7\u00d5ES CEPE 2023\",\"datePublished\":\"2023-07-21T20:58:41+00:00\",\"dateModified\":\"2023-09-19T18:35:13+00:00\",\"mainEntityOfPage\":{\"@id\":\"https:\/\/institucional.ufrrj.br\/soc\/eleicoes-cepe-2023\/\"},\"wordCount\":187,\"commentCount\":0,\"articleSection\":[\"Not\u00edcias\"],\"inLanguage\":\"pt-BR\",\"potentialAction\":[{\"@type\":\"CommentAction\",\"name\":\"Comment\",\"target\":[\"https:\/\/institucional.ufrrj.br\/soc\/eleicoes-cepe-2023\/#respond\"]}]},{\"@type\":\"WebPage\",\"@id\":\"https:\/\/institucional.ufrrj.br\/soc\/eleicoes-cepe-2023\/\",\"url\":\"https:\/\/institucional.ufrrj.br\/soc\/eleicoes-cepe-2023\/\",\"name\":\"ELEI\u00c7\u00d5ES CEPE 2023 - SOC\",\"isPartOf\":{\"@id\":\"https:\/\/institucional.ufrrj.br\/soc\/#website\"},\"datePublished\":\"2023-07-21T20:58:41+00:00\",\"dateModified\":\"2023-09-19T18:35:13+00:00\",\"author\":{\"@id\":\"https:\/\/institucional.ufrrj.br\/soc\/#\/schema\/person\/b560676bc10664ebed23f45913201375\"},\"breadcrumb\":{\"@id\":\"https:\/\/institucional.ufrrj.br\/soc\/eleicoes-cepe-2023\/#breadcrumb\"},\"inLanguage\":\"pt-BR\",\"potentialAction\":[{\"@type\":\"ReadAction\",\"target\":[\"https:\/\/institucional.ufrrj.br\/soc\/eleicoes-cepe-2023\/\"]}]},{\"@type\":\"BreadcrumbList\",\"@id\":\"https:\/\/institucional.ufrrj.br\/soc\/eleicoes-cepe-2023\/#breadcrumb\",\"itemListElement\":[{\"@type\":\"ListItem\",\"position\":1,\"name\":\"In\u00edcio\",\"item\":\"https:\/\/institucional.ufrrj.br\/soc\/\"},{\"@type\":\"ListItem\",\"position\":2,\"name\":\"ELEI\u00c7\u00d5ES CEPE 2023\"}]},{\"@type\":\"WebSite\",\"@id\":\"https:\/\/institucional.ufrrj.br\/soc\/#website\",\"url\":\"https:\/\/institucional.ufrrj.br\/soc\/\",\"name\":\"SOC\",\"description\":\"Secretaria dos \u00d3rg\u00e3os Colegiados - UFRRJ\",\"potentialAction\":[{\"@type\":\"SearchAction\",\"target\":{\"@type\":\"EntryPoint\",\"urlTemplate\":\"https:\/\/institucional.ufrrj.br\/soc\/?s={search_term_string}\"},\"query-input\":{\"@type\":\"PropertyValueSpecification\",\"valueRequired\":true,\"valueName\":\"search_term_string\"}}],\"inLanguage\":\"pt-BR\"},{\"@type\":\"Person\",\"@id\":\"https:\/\/institucional.ufrrj.br\/soc\/#\/schema\/person\/b560676bc10664ebed23f45913201375\",\"name\":\"jbacana\",\"image\":{\"@type\":\"ImageObject\",\"inLanguage\":\"pt-BR\",\"@id\":\"https:\/\/secure.gravatar.com\/avatar\/a3ac3d25ac33d46f0322cc5368445ae1029915c14bd428d2c2c6a0809b2c1d0c?s=96&d=mm&r=g\",\"url\":\"https:\/\/secure.gravatar.com\/avatar\/a3ac3d25ac33d46f0322cc5368445ae1029915c14bd428d2c2c6a0809b2c1d0c?s=96&d=mm&r=g\",\"contentUrl\":\"https:\/\/secure.gravatar.com\/avatar\/a3ac3d25ac33d46f0322cc5368445ae1029915c14bd428d2c2c6a0809b2c1d0c?s=96&d=mm&r=g\",\"caption\":\"jbacana\"},\"url\":\"https:\/\/institucional.ufrrj.br\/soc\/author\/jsousa\/\"}]}<\/script>\n<!-- \/ Yoast SEO plugin. -->","yoast_head_json":{"title":"ELEI\u00c7\u00d5ES CEPE 2023 - SOC","robots":{"index":"index","follow":"follow","max-snippet":"max-snippet:-1","max-image-preview":"max-image-preview:large","max-video-preview":"max-video-preview:-1"},"canonical":"https:\/\/institucional.ufrrj.br\/soc\/eleicoes-cepe-2023\/","og_locale":"pt_BR","og_type":"article","og_title":"ELEI\u00c7\u00d5ES CEPE 2023 - SOC","og_description":"Prezados(as), &nbsp; A Secretaria Administrativa dos \u00d3rg\u00e3os Colegiados informa que est\u00e3o abertas as Inscri\u00e7\u00f5es para as Elei\u00e7\u00f5es de Representantes Docentes ... Continue lendo","og_url":"https:\/\/institucional.ufrrj.br\/soc\/eleicoes-cepe-2023\/","og_site_name":"SOC","article_published_time":"2023-07-21T20:58:41+00:00","article_modified_time":"2023-09-19T18:35:13+00:00","author":"jbacana","twitter_card":"summary_large_image","twitter_misc":{"Escrito por":"jbacana","Est. tempo de leitura":"1 minuto"},"schema":{"@context":"https:\/\/schema.org","@graph":[{"@type":"Article","@id":"https:\/\/institucional.ufrrj.br\/soc\/eleicoes-cepe-2023\/#article","isPartOf":{"@id":"https:\/\/institucional.ufrrj.br\/soc\/eleicoes-cepe-2023\/"},"author":{"name":"jbacana","@id":"https:\/\/institucional.ufrrj.br\/soc\/#\/schema\/person\/b560676bc10664ebed23f45913201375"},"headline":"ELEI\u00c7\u00d5ES CEPE 2023","datePublished":"2023-07-21T20:58:41+00:00","dateModified":"2023-09-19T18:35:13+00:00","mainEntityOfPage":{"@id":"https:\/\/institucional.ufrrj.br\/soc\/eleicoes-cepe-2023\/"},"wordCount":187,"commentCount":0,"articleSection":["Not\u00edcias"],"inLanguage":"pt-BR","potentialAction":[{"@type":"CommentAction","name":"Comment","target":["https:\/\/institucional.ufrrj.br\/soc\/eleicoes-cepe-2023\/#respond"]}]},{"@type":"WebPage","@id":"https:\/\/institucional.ufrrj.br\/soc\/eleicoes-cepe-2023\/","url":"https:\/\/institucional.ufrrj.br\/soc\/eleicoes-cepe-2023\/","name":"ELEI\u00c7\u00d5ES CEPE 2023 - SOC","isPartOf":{"@id":"https:\/\/institucional.ufrrj.br\/soc\/#website"},"datePublished":"2023-07-21T20:58:41+00:00","dateModified":"2023-09-19T18:35:13+00:00","author":{"@id":"https:\/\/institucional.ufrrj.br\/soc\/#\/schema\/person\/b560676bc10664ebed23f45913201375"},"breadcrumb":{"@id":"https:\/\/institucional.ufrrj.br\/soc\/eleicoes-cepe-2023\/#breadcrumb"},"inLanguage":"pt-BR","potentialAction":[{"@type":"ReadAction","target":["https:\/\/institucional.ufrrj.br\/soc\/eleicoes-cepe-2023\/"]}]},{"@type":"BreadcrumbList","@id":"https:\/\/institucional.ufrrj.br\/soc\/eleicoes-cepe-2023\/#breadcrumb","itemListElement":[{"@type":"ListItem","position":1,"name":"In\u00edcio","item":"https:\/\/institucional.ufrrj.br\/soc\/"},{"@type":"ListItem","position":2,"name":"ELEI\u00c7\u00d5ES CEPE 2023"}]},{"@type":"WebSite","@id":"https:\/\/institucional.ufrrj.br\/soc\/#website","url":"https:\/\/institucional.ufrrj.br\/soc\/","name":"SOC","description":"Secretaria dos \u00d3rg\u00e3os Colegiados - UFRRJ","potentialAction":[{"@type":"SearchAction","target":{"@type":"EntryPoint","urlTemplate":"https:\/\/institucional.ufrrj.br\/soc\/?s={search_term_string}"},"query-input":{"@type":"PropertyValueSpecification","valueRequired":true,"valueName":"search_term_string"}}],"inLanguage":"pt-BR"},{"@type":"Person","@id":"https:\/\/institucional.ufrrj.br\/soc\/#\/schema\/person\/b560676bc10664ebed23f45913201375","name":"jbacana","image":{"@type":"ImageObject","inLanguage":"pt-BR","@id":"https:\/\/secure.gravatar.com\/avatar\/a3ac3d25ac33d46f0322cc5368445ae1029915c14bd428d2c2c6a0809b2c1d0c?s=96&d=mm&r=g","url":"https:\/\/secure.gravatar.com\/avatar\/a3ac3d25ac33d46f0322cc5368445ae1029915c14bd428d2c2c6a0809b2c1d0c?s=96&d=mm&r=g","contentUrl":"https:\/\/secure.gravatar.com\/avatar\/a3ac3d25ac33d46f0322cc5368445ae1029915c14bd428d2c2c6a0809b2c1d0c?s=96&d=mm&r=g","caption":"jbacana"},"url":"https:\/\/institucional.ufrrj.br\/soc\/author\/jsousa\/"}]}},"acf":[],"_links":{"self":[{"href":"https:\/\/institucional.ufrrj.br\/soc\/wp-json\/wp\/v2\/posts\/8365","targetHints":{"allow":["GET"]}}],"collection":[{"href":"https:\/\/institucional.ufrrj.br\/soc\/wp-json\/wp\/v2\/posts"}],"about":[{"href":"https:\/\/institucional.ufrrj.br\/soc\/wp-json\/wp\/v2\/types\/post"}],"author":[{"embeddable":true,"href":"https:\/\/institucional.ufrrj.br\/soc\/wp-json\/wp\/v2\/users\/691"}],"replies":[{"embeddable":true,"href":"https:\/\/institucional.ufrrj.br\/soc\/wp-json\/wp\/v2\/comments?post=8365"}],"version-history":[{"count":23,"href":"https:\/\/institucional.ufrrj.br\/soc\/wp-json\/wp\/v2\/posts\/8365\/revisions"}],"predecessor-version":[{"id":8489,"href":"https:\/\/institucional.ufrrj.br\/soc\/wp-json\/wp\/v2\/posts\/8365\/revisions\/8489"}],"wp:attachment":[{"href":"https:\/\/institucional.ufrrj.br\/soc\/wp-json\/wp\/v2\/media?parent=8365"}],"wp:term":[{"taxonomy":"category","embeddable":true,"href":"https:\/\/institucional.ufrrj.br\/soc\/wp-json\/wp\/v2\/categories?post=8365"},{"taxonomy":"post_tag","embeddable":true,"href":"https:\/\/institucional.ufrrj.br\/soc\/wp-json\/wp\/v2\/tags?post=8365"}],"curies":[{"name":"wp","href":"https:\/\/api.w.org\/{rel}","templated":true}]}}