{"id":7882,"date":"2023-03-01T17:44:22","date_gmt":"2023-03-01T20:44:22","guid":{"rendered":"https:\/\/institucional.ufrrj.br\/soc\/?p=7882"},"modified":"2023-03-01T17:46:09","modified_gmt":"2023-03-01T20:46:09","slug":"homologacao-das-inscricoes","status":"publish","type":"post","link":"https:\/\/institucional.ufrrj.br\/soc\/homologacao-das-inscricoes\/","title":{"rendered":"Homologa\u00e7\u00e3o das Inscri\u00e7\u00f5es"},"content":{"rendered":"<p>&nbsp;<\/p>\n<p>A Comiss\u00e3o Eleitoral torna p\u00fablica as Homologa\u00e7\u00f5es das Inscri\u00e7\u00f5es para as Elei\u00e7\u00f5es nos Conselhos Superiores, conforme descrito abaixo:<\/p>\n<p>&nbsp;<\/p>\n<p><a href=\"https:\/\/institucional.ufrrj.br\/soc\/files\/2023\/03\/Homologacao-das-inscricoes-CEPE.pdf\">Homologa\u00e7\u00e3o das inscri\u00e7\u00f5es CEPE<\/a><\/p>\n<p><a href=\"https:\/\/institucional.ufrrj.br\/soc\/files\/2023\/03\/Homologacao-das-inscricoes-CONSU-DISCENTES.pdf\">Homologa\u00e7\u00e3o das inscri\u00e7\u00f5es CONSU DISCENTES<\/a><\/p>\n<p><a href=\"https:\/\/institucional.ufrrj.br\/soc\/files\/2023\/03\/Homologacao-das-inscricoes-CONSU-DOCENTES.pdf\">Homologa\u00e7\u00e3o das inscri\u00e7\u00f5es CONSU DOCENTES<\/a><\/p>\n<p><a href=\"https:\/\/institucional.ufrrj.br\/soc\/files\/2023\/03\/Homologacao-das-inscricoes-CONSU-TECNICOS.pdf\">Homologa\u00e7\u00e3o das inscri\u00e7\u00f5es CONSU T\u00c9CNICOS<\/a><\/p>\n<p><a href=\"https:\/\/institucional.ufrrj.br\/soc\/files\/2023\/03\/Homologacao-das-inscricoes-CONCUR-DISCENTES.pdf\">Homologa\u00e7\u00e3o das inscri\u00e7\u00f5es CONCUR DISCENTES<\/a><\/p>\n","protected":false},"excerpt":{"rendered":"<p>&nbsp; A Comiss\u00e3o Eleitoral torna p\u00fablica as Homologa\u00e7\u00f5es das Inscri\u00e7\u00f5es para as Elei\u00e7\u00f5es nos Conselhos Superiores, conforme descrito abaixo: &nbsp; <a class=\"read-more\" style=\"font-size:12px;\" href=\"https:\/\/institucional.ufrrj.br\/soc\/homologacao-das-inscricoes\/\">&#8230; Continue lendo <i class=\"fa fa-long-arrow-right\"><\/i><\/a><\/p>\n","protected":false},"author":691,"featured_media":0,"comment_status":"open","ping_status":"open","sticky":false,"template":"","format":"standard","meta":{"_acf_changed":false,"footnotes":"","_links_to":"","_links_to_target":""},"categories":[2],"tags":[],"class_list":["post-7882","post","type-post","status-publish","format-standard","hentry","category-noticias"],"yoast_head":"<!-- This site is optimized with the Yoast SEO plugin v27.2 - https:\/\/yoast.com\/product\/yoast-seo-wordpress\/ -->\n<title>Homologa\u00e7\u00e3o das Inscri\u00e7\u00f5es - SOC<\/title>\n<meta name=\"robots\" content=\"index, follow, max-snippet:-1, max-image-preview:large, max-video-preview:-1\" \/>\n<link rel=\"canonical\" href=\"https:\/\/institucional.ufrrj.br\/soc\/homologacao-das-inscricoes\/\" \/>\n<meta property=\"og:locale\" content=\"pt_BR\" \/>\n<meta property=\"og:type\" content=\"article\" \/>\n<meta property=\"og:title\" content=\"Homologa\u00e7\u00e3o das Inscri\u00e7\u00f5es - SOC\" \/>\n<meta property=\"og:description\" content=\"&nbsp; A Comiss\u00e3o Eleitoral torna p\u00fablica as Homologa\u00e7\u00f5es das Inscri\u00e7\u00f5es para as Elei\u00e7\u00f5es nos Conselhos Superiores, conforme descrito abaixo: &nbsp; ... Continue lendo\" \/>\n<meta property=\"og:url\" content=\"https:\/\/institucional.ufrrj.br\/soc\/homologacao-das-inscricoes\/\" \/>\n<meta property=\"og:site_name\" content=\"SOC\" \/>\n<meta property=\"article:published_time\" content=\"2023-03-01T20:44:22+00:00\" \/>\n<meta property=\"article:modified_time\" content=\"2023-03-01T20:46:09+00:00\" \/>\n<meta name=\"author\" content=\"jbacana\" \/>\n<meta name=\"twitter:card\" content=\"summary_large_image\" \/>\n<meta name=\"twitter:label1\" content=\"Escrito por\" \/>\n\t<meta name=\"twitter:data1\" content=\"jbacana\" \/>\n<script type=\"application\/ld+json\" class=\"yoast-schema-graph\">{\"@context\":\"https:\/\/schema.org\",\"@graph\":[{\"@type\":\"Article\",\"@id\":\"https:\/\/institucional.ufrrj.br\/soc\/homologacao-das-inscricoes\/#article\",\"isPartOf\":{\"@id\":\"https:\/\/institucional.ufrrj.br\/soc\/homologacao-das-inscricoes\/\"},\"author\":{\"name\":\"jbacana\",\"@id\":\"https:\/\/institucional.ufrrj.br\/soc\/#\/schema\/person\/b560676bc10664ebed23f45913201375\"},\"headline\":\"Homologa\u00e7\u00e3o das Inscri\u00e7\u00f5es\",\"datePublished\":\"2023-03-01T20:44:22+00:00\",\"dateModified\":\"2023-03-01T20:46:09+00:00\",\"mainEntityOfPage\":{\"@id\":\"https:\/\/institucional.ufrrj.br\/soc\/homologacao-das-inscricoes\/\"},\"wordCount\":65,\"commentCount\":0,\"articleSection\":[\"Not\u00edcias\"],\"inLanguage\":\"pt-BR\",\"potentialAction\":[{\"@type\":\"CommentAction\",\"name\":\"Comment\",\"target\":[\"https:\/\/institucional.ufrrj.br\/soc\/homologacao-das-inscricoes\/#respond\"]}]},{\"@type\":\"WebPage\",\"@id\":\"https:\/\/institucional.ufrrj.br\/soc\/homologacao-das-inscricoes\/\",\"url\":\"https:\/\/institucional.ufrrj.br\/soc\/homologacao-das-inscricoes\/\",\"name\":\"Homologa\u00e7\u00e3o das Inscri\u00e7\u00f5es - SOC\",\"isPartOf\":{\"@id\":\"https:\/\/institucional.ufrrj.br\/soc\/#website\"},\"datePublished\":\"2023-03-01T20:44:22+00:00\",\"dateModified\":\"2023-03-01T20:46:09+00:00\",\"author\":{\"@id\":\"https:\/\/institucional.ufrrj.br\/soc\/#\/schema\/person\/b560676bc10664ebed23f45913201375\"},\"breadcrumb\":{\"@id\":\"https:\/\/institucional.ufrrj.br\/soc\/homologacao-das-inscricoes\/#breadcrumb\"},\"inLanguage\":\"pt-BR\",\"potentialAction\":[{\"@type\":\"ReadAction\",\"target\":[\"https:\/\/institucional.ufrrj.br\/soc\/homologacao-das-inscricoes\/\"]}]},{\"@type\":\"BreadcrumbList\",\"@id\":\"https:\/\/institucional.ufrrj.br\/soc\/homologacao-das-inscricoes\/#breadcrumb\",\"itemListElement\":[{\"@type\":\"ListItem\",\"position\":1,\"name\":\"In\u00edcio\",\"item\":\"https:\/\/institucional.ufrrj.br\/soc\/\"},{\"@type\":\"ListItem\",\"position\":2,\"name\":\"Homologa\u00e7\u00e3o das Inscri\u00e7\u00f5es\"}]},{\"@type\":\"WebSite\",\"@id\":\"https:\/\/institucional.ufrrj.br\/soc\/#website\",\"url\":\"https:\/\/institucional.ufrrj.br\/soc\/\",\"name\":\"SOC\",\"description\":\"Secretaria dos \u00d3rg\u00e3os Colegiados - UFRRJ\",\"potentialAction\":[{\"@type\":\"SearchAction\",\"target\":{\"@type\":\"EntryPoint\",\"urlTemplate\":\"https:\/\/institucional.ufrrj.br\/soc\/?s={search_term_string}\"},\"query-input\":{\"@type\":\"PropertyValueSpecification\",\"valueRequired\":true,\"valueName\":\"search_term_string\"}}],\"inLanguage\":\"pt-BR\"},{\"@type\":\"Person\",\"@id\":\"https:\/\/institucional.ufrrj.br\/soc\/#\/schema\/person\/b560676bc10664ebed23f45913201375\",\"name\":\"jbacana\",\"image\":{\"@type\":\"ImageObject\",\"inLanguage\":\"pt-BR\",\"@id\":\"https:\/\/secure.gravatar.com\/avatar\/a3ac3d25ac33d46f0322cc5368445ae1029915c14bd428d2c2c6a0809b2c1d0c?s=96&d=mm&r=g\",\"url\":\"https:\/\/secure.gravatar.com\/avatar\/a3ac3d25ac33d46f0322cc5368445ae1029915c14bd428d2c2c6a0809b2c1d0c?s=96&d=mm&r=g\",\"contentUrl\":\"https:\/\/secure.gravatar.com\/avatar\/a3ac3d25ac33d46f0322cc5368445ae1029915c14bd428d2c2c6a0809b2c1d0c?s=96&d=mm&r=g\",\"caption\":\"jbacana\"},\"url\":\"https:\/\/institucional.ufrrj.br\/soc\/author\/jsousa\/\"}]}<\/script>\n<!-- \/ Yoast SEO plugin. -->","yoast_head_json":{"title":"Homologa\u00e7\u00e3o das Inscri\u00e7\u00f5es - SOC","robots":{"index":"index","follow":"follow","max-snippet":"max-snippet:-1","max-image-preview":"max-image-preview:large","max-video-preview":"max-video-preview:-1"},"canonical":"https:\/\/institucional.ufrrj.br\/soc\/homologacao-das-inscricoes\/","og_locale":"pt_BR","og_type":"article","og_title":"Homologa\u00e7\u00e3o das Inscri\u00e7\u00f5es - SOC","og_description":"&nbsp; A Comiss\u00e3o Eleitoral torna p\u00fablica as Homologa\u00e7\u00f5es das Inscri\u00e7\u00f5es para as Elei\u00e7\u00f5es nos Conselhos Superiores, conforme descrito abaixo: &nbsp; ... Continue lendo","og_url":"https:\/\/institucional.ufrrj.br\/soc\/homologacao-das-inscricoes\/","og_site_name":"SOC","article_published_time":"2023-03-01T20:44:22+00:00","article_modified_time":"2023-03-01T20:46:09+00:00","author":"jbacana","twitter_card":"summary_large_image","twitter_misc":{"Escrito por":"jbacana"},"schema":{"@context":"https:\/\/schema.org","@graph":[{"@type":"Article","@id":"https:\/\/institucional.ufrrj.br\/soc\/homologacao-das-inscricoes\/#article","isPartOf":{"@id":"https:\/\/institucional.ufrrj.br\/soc\/homologacao-das-inscricoes\/"},"author":{"name":"jbacana","@id":"https:\/\/institucional.ufrrj.br\/soc\/#\/schema\/person\/b560676bc10664ebed23f45913201375"},"headline":"Homologa\u00e7\u00e3o das Inscri\u00e7\u00f5es","datePublished":"2023-03-01T20:44:22+00:00","dateModified":"2023-03-01T20:46:09+00:00","mainEntityOfPage":{"@id":"https:\/\/institucional.ufrrj.br\/soc\/homologacao-das-inscricoes\/"},"wordCount":65,"commentCount":0,"articleSection":["Not\u00edcias"],"inLanguage":"pt-BR","potentialAction":[{"@type":"CommentAction","name":"Comment","target":["https:\/\/institucional.ufrrj.br\/soc\/homologacao-das-inscricoes\/#respond"]}]},{"@type":"WebPage","@id":"https:\/\/institucional.ufrrj.br\/soc\/homologacao-das-inscricoes\/","url":"https:\/\/institucional.ufrrj.br\/soc\/homologacao-das-inscricoes\/","name":"Homologa\u00e7\u00e3o das Inscri\u00e7\u00f5es - SOC","isPartOf":{"@id":"https:\/\/institucional.ufrrj.br\/soc\/#website"},"datePublished":"2023-03-01T20:44:22+00:00","dateModified":"2023-03-01T20:46:09+00:00","author":{"@id":"https:\/\/institucional.ufrrj.br\/soc\/#\/schema\/person\/b560676bc10664ebed23f45913201375"},"breadcrumb":{"@id":"https:\/\/institucional.ufrrj.br\/soc\/homologacao-das-inscricoes\/#breadcrumb"},"inLanguage":"pt-BR","potentialAction":[{"@type":"ReadAction","target":["https:\/\/institucional.ufrrj.br\/soc\/homologacao-das-inscricoes\/"]}]},{"@type":"BreadcrumbList","@id":"https:\/\/institucional.ufrrj.br\/soc\/homologacao-das-inscricoes\/#breadcrumb","itemListElement":[{"@type":"ListItem","position":1,"name":"In\u00edcio","item":"https:\/\/institucional.ufrrj.br\/soc\/"},{"@type":"ListItem","position":2,"name":"Homologa\u00e7\u00e3o das Inscri\u00e7\u00f5es"}]},{"@type":"WebSite","@id":"https:\/\/institucional.ufrrj.br\/soc\/#website","url":"https:\/\/institucional.ufrrj.br\/soc\/","name":"SOC","description":"Secretaria dos \u00d3rg\u00e3os Colegiados - UFRRJ","potentialAction":[{"@type":"SearchAction","target":{"@type":"EntryPoint","urlTemplate":"https:\/\/institucional.ufrrj.br\/soc\/?s={search_term_string}"},"query-input":{"@type":"PropertyValueSpecification","valueRequired":true,"valueName":"search_term_string"}}],"inLanguage":"pt-BR"},{"@type":"Person","@id":"https:\/\/institucional.ufrrj.br\/soc\/#\/schema\/person\/b560676bc10664ebed23f45913201375","name":"jbacana","image":{"@type":"ImageObject","inLanguage":"pt-BR","@id":"https:\/\/secure.gravatar.com\/avatar\/a3ac3d25ac33d46f0322cc5368445ae1029915c14bd428d2c2c6a0809b2c1d0c?s=96&d=mm&r=g","url":"https:\/\/secure.gravatar.com\/avatar\/a3ac3d25ac33d46f0322cc5368445ae1029915c14bd428d2c2c6a0809b2c1d0c?s=96&d=mm&r=g","contentUrl":"https:\/\/secure.gravatar.com\/avatar\/a3ac3d25ac33d46f0322cc5368445ae1029915c14bd428d2c2c6a0809b2c1d0c?s=96&d=mm&r=g","caption":"jbacana"},"url":"https:\/\/institucional.ufrrj.br\/soc\/author\/jsousa\/"}]}},"acf":[],"_links":{"self":[{"href":"https:\/\/institucional.ufrrj.br\/soc\/wp-json\/wp\/v2\/posts\/7882","targetHints":{"allow":["GET"]}}],"collection":[{"href":"https:\/\/institucional.ufrrj.br\/soc\/wp-json\/wp\/v2\/posts"}],"about":[{"href":"https:\/\/institucional.ufrrj.br\/soc\/wp-json\/wp\/v2\/types\/post"}],"author":[{"embeddable":true,"href":"https:\/\/institucional.ufrrj.br\/soc\/wp-json\/wp\/v2\/users\/691"}],"replies":[{"embeddable":true,"href":"https:\/\/institucional.ufrrj.br\/soc\/wp-json\/wp\/v2\/comments?post=7882"}],"version-history":[{"count":3,"href":"https:\/\/institucional.ufrrj.br\/soc\/wp-json\/wp\/v2\/posts\/7882\/revisions"}],"predecessor-version":[{"id":7892,"href":"https:\/\/institucional.ufrrj.br\/soc\/wp-json\/wp\/v2\/posts\/7882\/revisions\/7892"}],"wp:attachment":[{"href":"https:\/\/institucional.ufrrj.br\/soc\/wp-json\/wp\/v2\/media?parent=7882"}],"wp:term":[{"taxonomy":"category","embeddable":true,"href":"https:\/\/institucional.ufrrj.br\/soc\/wp-json\/wp\/v2\/categories?post=7882"},{"taxonomy":"post_tag","embeddable":true,"href":"https:\/\/institucional.ufrrj.br\/soc\/wp-json\/wp\/v2\/tags?post=7882"}],"curies":[{"name":"wp","href":"https:\/\/api.w.org\/{rel}","templated":true}]}}