{"id":2766,"date":"2017-02-06T16:54:10","date_gmt":"2017-02-06T16:54:10","guid":{"rendered":"http:\/\/institucional.ufrrj.br\/soc\/?p=2766"},"modified":"2017-05-02T17:26:30","modified_gmt":"2017-05-02T17:26:30","slug":"eleicoes-para-representantes-dos-servidores-docentes-e-tecnicos-junto-ao-cepe","status":"publish","type":"post","link":"https:\/\/institucional.ufrrj.br\/soc\/eleicoes-para-representantes-dos-servidores-docentes-e-tecnicos-junto-ao-cepe\/","title":{"rendered":"Elei\u00e7\u00f5es para representantes dos servidores Docentes e T\u00e9cnicos Junto ao Cepe"},"content":{"rendered":"<p>Nos dias 28, 29 e 30 de mar\u00e7o de 2017, ocorrer\u00e3o as elei\u00e7\u00f5es para representantes docentes (<a href=\"https:\/\/institucional.ufrrj.br\/soc\/files\/2017\/02\/edital_01-2017.pdf\" target=\"_blank\">Edital n\u00ba 01\/17 &#8211; CEPE, 27\/01\/2017<\/a>) e dos t\u00e9cnico-administrativos (<a href=\"https:\/\/institucional.ufrrj.br\/soc\/files\/2017\/02\/edital_02-2017.pdf\" target=\"_blank\">Edital n\u00ba 02\/17 &#8211; CEPE, 27\/01\/2017<\/a>), junto ao Conselho de Ensino, Pesquisa e Extens\u00e3o (CEPE), nos locais e hor\u00e1rios divulgados pelas Comiss\u00f5es Setorias.<\/p>\n<p>As inscri\u00e7\u00f5es poder\u00e3o ser feitas, pessoalmente, nos dias 13 de fevereiro de 2017 a 24 de fevereiro de 2017, junto \u00e0 Secretaria dos \u00d3rg\u00e3os Colegiados (Sala n\u00ba 121, 3\u00ba andar do P1), \u00e0 Dire\u00e7\u00e3o do Instituto Multidisciplinar, \u00e0 Dire\u00e7\u00e3o do Instituto Tr\u00eas Rios e \u00e0 Dire\u00e7\u00e3o do C\u00e2mpus de Campos dos Goytacazes, ou atrav\u00e9s do e-mail: soc@ufrrj.br<\/p>\n<p>Candidatos inscritos para as elei\u00e7\u00f5es dos representantes docentes e t\u00e9cnico-administrativos junto ao Conselho de Ensino, Pesquisa e Extens\u00e3o (Cepe):<br \/>\n<a href=\"https:\/\/institucional.ufrrj.br\/soc\/files\/2017\/03\/Nota-para-o-Portal-da-UFRRJ-Rela\u00e7\u00e3o-de-inscritos.pdf\" target=\"_blank\">Rela\u00e7\u00e3o de inscritos<\/a><\/p>\n<p>Comiss\u00e3o Eleitoral, <a href=\"https:\/\/institucional.ufrrj.br\/soc\/files\/2017\/02\/Port_878GR.pdf\" target=\"_blank\">portaria n\u00ba 878\/GR, de 13 de Outubro de 2016<\/a>.<\/p>\n","protected":false},"excerpt":{"rendered":"<p>Nos dias 28, 29 e 30 de mar\u00e7o de 2017, ocorrer\u00e3o as elei\u00e7\u00f5es para representantes docentes (Edital n\u00ba 01\/17 &#8211; <a class=\"read-more\" style=\"font-size:12px;\" href=\"https:\/\/institucional.ufrrj.br\/soc\/eleicoes-para-representantes-dos-servidores-docentes-e-tecnicos-junto-ao-cepe\/\">&#8230; Continue lendo <i class=\"fa fa-long-arrow-right\"><\/i><\/a><\/p>\n","protected":false},"author":427,"featured_media":0,"comment_status":"open","ping_status":"open","sticky":false,"template":"","format":"standard","meta":{"_acf_changed":false,"footnotes":"","_links_to":"","_links_to_target":""},"categories":[1],"tags":[],"class_list":["post-2766","post","type-post","status-publish","format-standard","hentry","category-sem-categoria"],"yoast_head":"<!-- This site is optimized with the Yoast SEO plugin v27.2 - https:\/\/yoast.com\/product\/yoast-seo-wordpress\/ -->\n<title>Elei\u00e7\u00f5es para representantes dos servidores Docentes e T\u00e9cnicos Junto ao Cepe - SOC<\/title>\n<meta name=\"robots\" content=\"index, follow, max-snippet:-1, max-image-preview:large, max-video-preview:-1\" \/>\n<link rel=\"canonical\" href=\"https:\/\/institucional.ufrrj.br\/soc\/eleicoes-para-representantes-dos-servidores-docentes-e-tecnicos-junto-ao-cepe\/\" \/>\n<meta property=\"og:locale\" content=\"pt_BR\" \/>\n<meta property=\"og:type\" content=\"article\" \/>\n<meta property=\"og:title\" content=\"Elei\u00e7\u00f5es para representantes dos servidores Docentes e T\u00e9cnicos Junto ao Cepe - SOC\" \/>\n<meta property=\"og:description\" content=\"Nos dias 28, 29 e 30 de mar\u00e7o de 2017, ocorrer\u00e3o as elei\u00e7\u00f5es para representantes docentes (Edital n\u00ba 01\/17 &#8211; ... Continue lendo\" \/>\n<meta property=\"og:url\" content=\"https:\/\/institucional.ufrrj.br\/soc\/eleicoes-para-representantes-dos-servidores-docentes-e-tecnicos-junto-ao-cepe\/\" \/>\n<meta property=\"og:site_name\" content=\"SOC\" \/>\n<meta property=\"article:published_time\" content=\"2017-02-06T16:54:10+00:00\" \/>\n<meta property=\"article:modified_time\" content=\"2017-05-02T17:26:30+00:00\" \/>\n<meta name=\"author\" content=\"painelsoc\" \/>\n<meta name=\"twitter:card\" content=\"summary_large_image\" \/>\n<meta name=\"twitter:label1\" content=\"Escrito por\" \/>\n\t<meta name=\"twitter:data1\" content=\"painelsoc\" \/>\n\t<meta name=\"twitter:label2\" content=\"Est. tempo de leitura\" \/>\n\t<meta name=\"twitter:data2\" content=\"1 minuto\" \/>\n<script type=\"application\/ld+json\" class=\"yoast-schema-graph\">{\"@context\":\"https:\/\/schema.org\",\"@graph\":[{\"@type\":\"Article\",\"@id\":\"https:\/\/institucional.ufrrj.br\/soc\/eleicoes-para-representantes-dos-servidores-docentes-e-tecnicos-junto-ao-cepe\/#article\",\"isPartOf\":{\"@id\":\"https:\/\/institucional.ufrrj.br\/soc\/eleicoes-para-representantes-dos-servidores-docentes-e-tecnicos-junto-ao-cepe\/\"},\"author\":{\"name\":\"painelsoc\",\"@id\":\"https:\/\/institucional.ufrrj.br\/soc\/#\/schema\/person\/1f0939e7e55be51e3399e5ef5e6906e5\"},\"headline\":\"Elei\u00e7\u00f5es para representantes dos servidores Docentes e T\u00e9cnicos Junto ao Cepe\",\"datePublished\":\"2017-02-06T16:54:10+00:00\",\"dateModified\":\"2017-05-02T17:26:30+00:00\",\"mainEntityOfPage\":{\"@id\":\"https:\/\/institucional.ufrrj.br\/soc\/eleicoes-para-representantes-dos-servidores-docentes-e-tecnicos-junto-ao-cepe\/\"},\"wordCount\":154,\"commentCount\":0,\"inLanguage\":\"pt-BR\",\"potentialAction\":[{\"@type\":\"CommentAction\",\"name\":\"Comment\",\"target\":[\"https:\/\/institucional.ufrrj.br\/soc\/eleicoes-para-representantes-dos-servidores-docentes-e-tecnicos-junto-ao-cepe\/#respond\"]}]},{\"@type\":\"WebPage\",\"@id\":\"https:\/\/institucional.ufrrj.br\/soc\/eleicoes-para-representantes-dos-servidores-docentes-e-tecnicos-junto-ao-cepe\/\",\"url\":\"https:\/\/institucional.ufrrj.br\/soc\/eleicoes-para-representantes-dos-servidores-docentes-e-tecnicos-junto-ao-cepe\/\",\"name\":\"Elei\u00e7\u00f5es para representantes dos servidores Docentes e T\u00e9cnicos Junto ao Cepe - SOC\",\"isPartOf\":{\"@id\":\"https:\/\/institucional.ufrrj.br\/soc\/#website\"},\"datePublished\":\"2017-02-06T16:54:10+00:00\",\"dateModified\":\"2017-05-02T17:26:30+00:00\",\"author\":{\"@id\":\"https:\/\/institucional.ufrrj.br\/soc\/#\/schema\/person\/1f0939e7e55be51e3399e5ef5e6906e5\"},\"breadcrumb\":{\"@id\":\"https:\/\/institucional.ufrrj.br\/soc\/eleicoes-para-representantes-dos-servidores-docentes-e-tecnicos-junto-ao-cepe\/#breadcrumb\"},\"inLanguage\":\"pt-BR\",\"potentialAction\":[{\"@type\":\"ReadAction\",\"target\":[\"https:\/\/institucional.ufrrj.br\/soc\/eleicoes-para-representantes-dos-servidores-docentes-e-tecnicos-junto-ao-cepe\/\"]}]},{\"@type\":\"BreadcrumbList\",\"@id\":\"https:\/\/institucional.ufrrj.br\/soc\/eleicoes-para-representantes-dos-servidores-docentes-e-tecnicos-junto-ao-cepe\/#breadcrumb\",\"itemListElement\":[{\"@type\":\"ListItem\",\"position\":1,\"name\":\"In\u00edcio\",\"item\":\"https:\/\/institucional.ufrrj.br\/soc\/\"},{\"@type\":\"ListItem\",\"position\":2,\"name\":\"Elei\u00e7\u00f5es para representantes dos servidores Docentes e T\u00e9cnicos Junto ao Cepe\"}]},{\"@type\":\"WebSite\",\"@id\":\"https:\/\/institucional.ufrrj.br\/soc\/#website\",\"url\":\"https:\/\/institucional.ufrrj.br\/soc\/\",\"name\":\"SOC\",\"description\":\"Secretaria dos \u00d3rg\u00e3os Colegiados - UFRRJ\",\"potentialAction\":[{\"@type\":\"SearchAction\",\"target\":{\"@type\":\"EntryPoint\",\"urlTemplate\":\"https:\/\/institucional.ufrrj.br\/soc\/?s={search_term_string}\"},\"query-input\":{\"@type\":\"PropertyValueSpecification\",\"valueRequired\":true,\"valueName\":\"search_term_string\"}}],\"inLanguage\":\"pt-BR\"},{\"@type\":\"Person\",\"@id\":\"https:\/\/institucional.ufrrj.br\/soc\/#\/schema\/person\/1f0939e7e55be51e3399e5ef5e6906e5\",\"name\":\"painelsoc\",\"image\":{\"@type\":\"ImageObject\",\"inLanguage\":\"pt-BR\",\"@id\":\"https:\/\/secure.gravatar.com\/avatar\/aff594c1ab9c3a8c59668e58c0b0f9bfa491554da09f8c022a8e8d65f213eaf5?s=96&d=mm&r=g\",\"url\":\"https:\/\/secure.gravatar.com\/avatar\/aff594c1ab9c3a8c59668e58c0b0f9bfa491554da09f8c022a8e8d65f213eaf5?s=96&d=mm&r=g\",\"contentUrl\":\"https:\/\/secure.gravatar.com\/avatar\/aff594c1ab9c3a8c59668e58c0b0f9bfa491554da09f8c022a8e8d65f213eaf5?s=96&d=mm&r=g\",\"caption\":\"painelsoc\"},\"url\":\"https:\/\/institucional.ufrrj.br\/soc\/author\/painelsoc1\/\"}]}<\/script>\n<!-- \/ Yoast SEO plugin. -->","yoast_head_json":{"title":"Elei\u00e7\u00f5es para representantes dos servidores Docentes e T\u00e9cnicos Junto ao Cepe - SOC","robots":{"index":"index","follow":"follow","max-snippet":"max-snippet:-1","max-image-preview":"max-image-preview:large","max-video-preview":"max-video-preview:-1"},"canonical":"https:\/\/institucional.ufrrj.br\/soc\/eleicoes-para-representantes-dos-servidores-docentes-e-tecnicos-junto-ao-cepe\/","og_locale":"pt_BR","og_type":"article","og_title":"Elei\u00e7\u00f5es para representantes dos servidores Docentes e T\u00e9cnicos Junto ao Cepe - SOC","og_description":"Nos dias 28, 29 e 30 de mar\u00e7o de 2017, ocorrer\u00e3o as elei\u00e7\u00f5es para representantes docentes (Edital n\u00ba 01\/17 &#8211; ... Continue lendo","og_url":"https:\/\/institucional.ufrrj.br\/soc\/eleicoes-para-representantes-dos-servidores-docentes-e-tecnicos-junto-ao-cepe\/","og_site_name":"SOC","article_published_time":"2017-02-06T16:54:10+00:00","article_modified_time":"2017-05-02T17:26:30+00:00","author":"painelsoc","twitter_card":"summary_large_image","twitter_misc":{"Escrito por":"painelsoc","Est. tempo de leitura":"1 minuto"},"schema":{"@context":"https:\/\/schema.org","@graph":[{"@type":"Article","@id":"https:\/\/institucional.ufrrj.br\/soc\/eleicoes-para-representantes-dos-servidores-docentes-e-tecnicos-junto-ao-cepe\/#article","isPartOf":{"@id":"https:\/\/institucional.ufrrj.br\/soc\/eleicoes-para-representantes-dos-servidores-docentes-e-tecnicos-junto-ao-cepe\/"},"author":{"name":"painelsoc","@id":"https:\/\/institucional.ufrrj.br\/soc\/#\/schema\/person\/1f0939e7e55be51e3399e5ef5e6906e5"},"headline":"Elei\u00e7\u00f5es para representantes dos servidores Docentes e T\u00e9cnicos Junto ao Cepe","datePublished":"2017-02-06T16:54:10+00:00","dateModified":"2017-05-02T17:26:30+00:00","mainEntityOfPage":{"@id":"https:\/\/institucional.ufrrj.br\/soc\/eleicoes-para-representantes-dos-servidores-docentes-e-tecnicos-junto-ao-cepe\/"},"wordCount":154,"commentCount":0,"inLanguage":"pt-BR","potentialAction":[{"@type":"CommentAction","name":"Comment","target":["https:\/\/institucional.ufrrj.br\/soc\/eleicoes-para-representantes-dos-servidores-docentes-e-tecnicos-junto-ao-cepe\/#respond"]}]},{"@type":"WebPage","@id":"https:\/\/institucional.ufrrj.br\/soc\/eleicoes-para-representantes-dos-servidores-docentes-e-tecnicos-junto-ao-cepe\/","url":"https:\/\/institucional.ufrrj.br\/soc\/eleicoes-para-representantes-dos-servidores-docentes-e-tecnicos-junto-ao-cepe\/","name":"Elei\u00e7\u00f5es para representantes dos servidores Docentes e T\u00e9cnicos Junto ao Cepe - SOC","isPartOf":{"@id":"https:\/\/institucional.ufrrj.br\/soc\/#website"},"datePublished":"2017-02-06T16:54:10+00:00","dateModified":"2017-05-02T17:26:30+00:00","author":{"@id":"https:\/\/institucional.ufrrj.br\/soc\/#\/schema\/person\/1f0939e7e55be51e3399e5ef5e6906e5"},"breadcrumb":{"@id":"https:\/\/institucional.ufrrj.br\/soc\/eleicoes-para-representantes-dos-servidores-docentes-e-tecnicos-junto-ao-cepe\/#breadcrumb"},"inLanguage":"pt-BR","potentialAction":[{"@type":"ReadAction","target":["https:\/\/institucional.ufrrj.br\/soc\/eleicoes-para-representantes-dos-servidores-docentes-e-tecnicos-junto-ao-cepe\/"]}]},{"@type":"BreadcrumbList","@id":"https:\/\/institucional.ufrrj.br\/soc\/eleicoes-para-representantes-dos-servidores-docentes-e-tecnicos-junto-ao-cepe\/#breadcrumb","itemListElement":[{"@type":"ListItem","position":1,"name":"In\u00edcio","item":"https:\/\/institucional.ufrrj.br\/soc\/"},{"@type":"ListItem","position":2,"name":"Elei\u00e7\u00f5es para representantes dos servidores Docentes e T\u00e9cnicos Junto ao Cepe"}]},{"@type":"WebSite","@id":"https:\/\/institucional.ufrrj.br\/soc\/#website","url":"https:\/\/institucional.ufrrj.br\/soc\/","name":"SOC","description":"Secretaria dos \u00d3rg\u00e3os Colegiados - UFRRJ","potentialAction":[{"@type":"SearchAction","target":{"@type":"EntryPoint","urlTemplate":"https:\/\/institucional.ufrrj.br\/soc\/?s={search_term_string}"},"query-input":{"@type":"PropertyValueSpecification","valueRequired":true,"valueName":"search_term_string"}}],"inLanguage":"pt-BR"},{"@type":"Person","@id":"https:\/\/institucional.ufrrj.br\/soc\/#\/schema\/person\/1f0939e7e55be51e3399e5ef5e6906e5","name":"painelsoc","image":{"@type":"ImageObject","inLanguage":"pt-BR","@id":"https:\/\/secure.gravatar.com\/avatar\/aff594c1ab9c3a8c59668e58c0b0f9bfa491554da09f8c022a8e8d65f213eaf5?s=96&d=mm&r=g","url":"https:\/\/secure.gravatar.com\/avatar\/aff594c1ab9c3a8c59668e58c0b0f9bfa491554da09f8c022a8e8d65f213eaf5?s=96&d=mm&r=g","contentUrl":"https:\/\/secure.gravatar.com\/avatar\/aff594c1ab9c3a8c59668e58c0b0f9bfa491554da09f8c022a8e8d65f213eaf5?s=96&d=mm&r=g","caption":"painelsoc"},"url":"https:\/\/institucional.ufrrj.br\/soc\/author\/painelsoc1\/"}]}},"acf":[],"_links":{"self":[{"href":"https:\/\/institucional.ufrrj.br\/soc\/wp-json\/wp\/v2\/posts\/2766","targetHints":{"allow":["GET"]}}],"collection":[{"href":"https:\/\/institucional.ufrrj.br\/soc\/wp-json\/wp\/v2\/posts"}],"about":[{"href":"https:\/\/institucional.ufrrj.br\/soc\/wp-json\/wp\/v2\/types\/post"}],"author":[{"embeddable":true,"href":"https:\/\/institucional.ufrrj.br\/soc\/wp-json\/wp\/v2\/users\/427"}],"replies":[{"embeddable":true,"href":"https:\/\/institucional.ufrrj.br\/soc\/wp-json\/wp\/v2\/comments?post=2766"}],"version-history":[{"count":11,"href":"https:\/\/institucional.ufrrj.br\/soc\/wp-json\/wp\/v2\/posts\/2766\/revisions"}],"predecessor-version":[{"id":2974,"href":"https:\/\/institucional.ufrrj.br\/soc\/wp-json\/wp\/v2\/posts\/2766\/revisions\/2974"}],"wp:attachment":[{"href":"https:\/\/institucional.ufrrj.br\/soc\/wp-json\/wp\/v2\/media?parent=2766"}],"wp:term":[{"taxonomy":"category","embeddable":true,"href":"https:\/\/institucional.ufrrj.br\/soc\/wp-json\/wp\/v2\/categories?post=2766"},{"taxonomy":"post_tag","embeddable":true,"href":"https:\/\/institucional.ufrrj.br\/soc\/wp-json\/wp\/v2\/tags?post=2766"}],"curies":[{"name":"wp","href":"https:\/\/api.w.org\/{rel}","templated":true}]}}