{"id":1769,"date":"2023-12-14T18:52:48","date_gmt":"2023-12-14T21:52:48","guid":{"rendered":"https:\/\/institucional.ufrrj.br\/sepsi\/?p=1769"},"modified":"2023-12-17T22:18:04","modified_gmt":"2023-12-18T01:18:04","slug":"selecao-para-bolsa-de-apoio-tecnico-academico-servico-escola-de-psicologia-sepsi-edital-no-26-2023-proaes","status":"publish","type":"post","link":"https:\/\/institucional.ufrrj.br\/sepsi\/2023\/12\/14\/selecao-para-bolsa-de-apoio-tecnico-academico-servico-escola-de-psicologia-sepsi-edital-no-26-2023-proaes\/","title":{"rendered":"SELE\u00c7\u00c3O PARA BOLSA DE APOIO T\u00c9CNICO-ACAD\u00caMICO \/ SERVI\u00c7O ESCOLA DE PSICOLOGIA (SEPsi) \u2013 Edital n\u00ba 26\/2023 &#8211; PROAES"},"content":{"rendered":"\n<p class=\" eplus-wrapper\"><strong>RESULTADO PARCIAL DA SELE\u00c7\u00c3O PARA BOLSA DE APOIO T\u00c9CNICO-ACAD\u00caMICO \/ SERVI\u00c7O ESCOLA DE PSICOLOGIA (SEPsi) \u2013 2024.1<\/strong><br>Edital n\u00ba 26\/2023 &#8211; PROAES<\/p>\n\n\n\n<p class=\" eplus-wrapper\"><strong>ETAPA 1 &#8211; INSCRITOS:<\/strong><br>1- Gabriel dos Santos Fonseca &#8211; Matr\u00edcula 20220039144 &#8211; Situa\u00e7\u00e3o: Documenta\u00e7\u00e3o incompleta<br>2- Ana Luiza Fidelis &#8211; Matr\u00edcula 20220029738 &#8211; Situa\u00e7\u00e3o: Documenta\u00e7\u00e3o incompleta<br>3 &#8211; Vict\u00f3ria Piller de Ara\u00fajo &#8211; Matr\u00edcula 20210026151 -Situa\u00e7\u00e3o: Documenta\u00e7\u00e3o completa<br>4 &#8211; Luiza Vasconcelos do Nascimento &#8211; Matr\u00edcula 20190067867 &#8211; Situa\u00e7\u00e3o: Documenta\u00e7\u00e3o incompleta<br>5 &#8211; Ana Carolina Teixeira Hil\u00e1rio &#8211; Matr\u00edcula 20210024569 &#8211; Situa\u00e7\u00e3o: Documenta\u00e7\u00e3o incompleta<br>6 &#8211; Carlos Germano Leite &#8211; Matr\u00edcula 20220032134 &#8211; Situa\u00e7\u00e3o: Documenta\u00e7\u00e3o incompleta<\/p>\n\n\n\n<p class=\" eplus-wrapper\"><strong>RESULTADO \/ Candidata aprovada para a Etapa 2:  Vict\u00f3ria Piller de Ara\u00fajo &#8211; Matr\u00edcula 20210026151<\/strong><\/p>\n\n\n\n<p class=\" eplus-wrapper\"><\/p>\n\n\n\n<p class=\" eplus-wrapper\"><strong>ETAPA 2 &#8211; AN\u00c1LISE DE DOCUMENTOS E CURR\u00cdCULO:<\/strong><\/p>\n\n\n\n<p class=\" eplus-wrapper\"><strong>RESULTADO \/ Candidata aprovada para a Etapa 3: Vict\u00f3ria Piller de Ara\u00fajo &#8211; Matr\u00edcula 20210026151<\/strong><\/p>\n\n\n\n<p class=\" eplus-wrapper\">Atenciosamente,<\/p>\n\n\n\n<p class=\" eplus-wrapper\">Coordena\u00e7\u00e3o SEPsi<\/p>\n","protected":false},"excerpt":{"rendered":"<p>RESULTADO PARCIAL DA SELE\u00c7\u00c3O PARA BOLSA DE APOIO T\u00c9CNICO-ACAD\u00caMICO \/ SERVI\u00c7O ESCOLA DE PSICOLOGIA (SEPsi) \u2013 2024.1Edital n\u00ba 26\/2023 &#8211; <a class=\"read-more\" href=\"https:\/\/institucional.ufrrj.br\/sepsi\/2023\/12\/14\/selecao-para-bolsa-de-apoio-tecnico-academico-servico-escola-de-psicologia-sepsi-edital-no-26-2023-proaes\/ \" >&#8230; <span class=\"font-italic\">leia mais <i class=\"fas fa-angle-right\"><\/i><\/span><\/a><\/p>\n","protected":false},"author":793,"featured_media":0,"comment_status":"open","ping_status":"open","sticky":false,"template":"","format":"standard","meta":{"_acf_changed":false,"footnotes":""},"categories":[3],"tags":[],"class_list":["post-1769","post","type-post","status-publish","format-standard","hentry","category-noticias"],"yoast_head":"<!-- This site is optimized with the Yoast SEO plugin v27.2 - https:\/\/yoast.com\/product\/yoast-seo-wordpress\/ -->\n<title>SELE\u00c7\u00c3O PARA BOLSA DE APOIO T\u00c9CNICO-ACAD\u00caMICO \/ SERVI\u00c7O ESCOLA DE PSICOLOGIA (SEPsi) \u2013 Edital n\u00ba 26\/2023 - PROAES - Servi\u00e7o de Psicologia Aplicada (SPA)<\/title>\n<meta name=\"robots\" content=\"index, follow, max-snippet:-1, max-image-preview:large, max-video-preview:-1\" \/>\n<link rel=\"canonical\" href=\"https:\/\/institucional.ufrrj.br\/sepsi\/2023\/12\/14\/selecao-para-bolsa-de-apoio-tecnico-academico-servico-escola-de-psicologia-sepsi-edital-no-26-2023-proaes\/\" \/>\n<meta property=\"og:locale\" content=\"pt_BR\" \/>\n<meta property=\"og:type\" content=\"article\" \/>\n<meta property=\"og:title\" content=\"SELE\u00c7\u00c3O PARA BOLSA DE APOIO T\u00c9CNICO-ACAD\u00caMICO \/ SERVI\u00c7O ESCOLA DE PSICOLOGIA (SEPsi) \u2013 Edital n\u00ba 26\/2023 - PROAES - Servi\u00e7o de Psicologia Aplicada (SPA)\" \/>\n<meta property=\"og:description\" content=\"RESULTADO PARCIAL DA SELE\u00c7\u00c3O PARA BOLSA DE APOIO T\u00c9CNICO-ACAD\u00caMICO \/ SERVI\u00c7O ESCOLA DE PSICOLOGIA (SEPsi) \u2013 2024.1Edital n\u00ba 26\/2023 &#8211; ... leia mais\" \/>\n<meta property=\"og:url\" content=\"https:\/\/institucional.ufrrj.br\/sepsi\/2023\/12\/14\/selecao-para-bolsa-de-apoio-tecnico-academico-servico-escola-de-psicologia-sepsi-edital-no-26-2023-proaes\/\" \/>\n<meta property=\"og:site_name\" content=\"Servi\u00e7o de Psicologia Aplicada (SPA)\" \/>\n<meta property=\"article:published_time\" content=\"2023-12-14T21:52:48+00:00\" \/>\n<meta property=\"article:modified_time\" content=\"2023-12-18T01:18:04+00:00\" \/>\n<meta name=\"author\" content=\"monicahaua\" \/>\n<meta name=\"twitter:card\" content=\"summary_large_image\" \/>\n<meta name=\"twitter:label1\" content=\"Escrito por\" \/>\n\t<meta name=\"twitter:data1\" content=\"monicahaua\" \/>\n\t<meta name=\"twitter:label2\" content=\"Est. tempo de leitura\" \/>\n\t<meta name=\"twitter:data2\" content=\"1 minuto\" \/>\n<script type=\"application\/ld+json\" class=\"yoast-schema-graph\">{\"@context\":\"https:\/\/schema.org\",\"@graph\":[{\"@type\":\"Article\",\"@id\":\"https:\/\/institucional.ufrrj.br\/sepsi\/2023\/12\/14\/selecao-para-bolsa-de-apoio-tecnico-academico-servico-escola-de-psicologia-sepsi-edital-no-26-2023-proaes\/#article\",\"isPartOf\":{\"@id\":\"https:\/\/institucional.ufrrj.br\/sepsi\/2023\/12\/14\/selecao-para-bolsa-de-apoio-tecnico-academico-servico-escola-de-psicologia-sepsi-edital-no-26-2023-proaes\/\"},\"author\":{\"name\":\"monicahaua\",\"@id\":\"https:\/\/institucional.ufrrj.br\/sepsi\/#\/schema\/person\/7b2c2ca9a1e662cfdeeb30733fc90bfc\"},\"headline\":\"SELE\u00c7\u00c3O PARA BOLSA DE APOIO T\u00c9CNICO-ACAD\u00caMICO \/ SERVI\u00c7O ESCOLA DE PSICOLOGIA (SEPsi) \u2013 Edital n\u00ba 26\/2023 &#8211; PROAES\",\"datePublished\":\"2023-12-14T21:52:48+00:00\",\"dateModified\":\"2023-12-18T01:18:04+00:00\",\"mainEntityOfPage\":{\"@id\":\"https:\/\/institucional.ufrrj.br\/sepsi\/2023\/12\/14\/selecao-para-bolsa-de-apoio-tecnico-academico-servico-escola-de-psicologia-sepsi-edital-no-26-2023-proaes\/\"},\"wordCount\":171,\"commentCount\":0,\"articleSection\":[\"not\u00edcias\"],\"inLanguage\":\"pt-BR\",\"potentialAction\":[{\"@type\":\"CommentAction\",\"name\":\"Comment\",\"target\":[\"https:\/\/institucional.ufrrj.br\/sepsi\/2023\/12\/14\/selecao-para-bolsa-de-apoio-tecnico-academico-servico-escola-de-psicologia-sepsi-edital-no-26-2023-proaes\/#respond\"]}]},{\"@type\":\"WebPage\",\"@id\":\"https:\/\/institucional.ufrrj.br\/sepsi\/2023\/12\/14\/selecao-para-bolsa-de-apoio-tecnico-academico-servico-escola-de-psicologia-sepsi-edital-no-26-2023-proaes\/\",\"url\":\"https:\/\/institucional.ufrrj.br\/sepsi\/2023\/12\/14\/selecao-para-bolsa-de-apoio-tecnico-academico-servico-escola-de-psicologia-sepsi-edital-no-26-2023-proaes\/\",\"name\":\"SELE\u00c7\u00c3O PARA BOLSA DE APOIO T\u00c9CNICO-ACAD\u00caMICO \/ SERVI\u00c7O ESCOLA DE PSICOLOGIA (SEPsi) \u2013 Edital n\u00ba 26\/2023 - PROAES - Servi\u00e7o de Psicologia Aplicada (SPA)\",\"isPartOf\":{\"@id\":\"https:\/\/institucional.ufrrj.br\/sepsi\/#website\"},\"datePublished\":\"2023-12-14T21:52:48+00:00\",\"dateModified\":\"2023-12-18T01:18:04+00:00\",\"author\":{\"@id\":\"https:\/\/institucional.ufrrj.br\/sepsi\/#\/schema\/person\/7b2c2ca9a1e662cfdeeb30733fc90bfc\"},\"breadcrumb\":{\"@id\":\"https:\/\/institucional.ufrrj.br\/sepsi\/2023\/12\/14\/selecao-para-bolsa-de-apoio-tecnico-academico-servico-escola-de-psicologia-sepsi-edital-no-26-2023-proaes\/#breadcrumb\"},\"inLanguage\":\"pt-BR\",\"potentialAction\":[{\"@type\":\"ReadAction\",\"target\":[\"https:\/\/institucional.ufrrj.br\/sepsi\/2023\/12\/14\/selecao-para-bolsa-de-apoio-tecnico-academico-servico-escola-de-psicologia-sepsi-edital-no-26-2023-proaes\/\"]}]},{\"@type\":\"BreadcrumbList\",\"@id\":\"https:\/\/institucional.ufrrj.br\/sepsi\/2023\/12\/14\/selecao-para-bolsa-de-apoio-tecnico-academico-servico-escola-de-psicologia-sepsi-edital-no-26-2023-proaes\/#breadcrumb\",\"itemListElement\":[{\"@type\":\"ListItem\",\"position\":1,\"name\":\"In\u00edcio\",\"item\":\"https:\/\/institucional.ufrrj.br\/sepsi\/\"},{\"@type\":\"ListItem\",\"position\":2,\"name\":\"SELE\u00c7\u00c3O PARA BOLSA DE APOIO T\u00c9CNICO-ACAD\u00caMICO \/ SERVI\u00c7O ESCOLA DE PSICOLOGIA (SEPsi) \u2013 Edital n\u00ba 26\/2023 &#8211; PROAES\"}]},{\"@type\":\"WebSite\",\"@id\":\"https:\/\/institucional.ufrrj.br\/sepsi\/#website\",\"url\":\"https:\/\/institucional.ufrrj.br\/sepsi\/\",\"name\":\"Servi\u00e7o de Psicologia Aplicada (SPA)\",\"description\":\"S\u00f3 mais um site institucional.ufrrj.br\",\"potentialAction\":[{\"@type\":\"SearchAction\",\"target\":{\"@type\":\"EntryPoint\",\"urlTemplate\":\"https:\/\/institucional.ufrrj.br\/sepsi\/?s={search_term_string}\"},\"query-input\":{\"@type\":\"PropertyValueSpecification\",\"valueRequired\":true,\"valueName\":\"search_term_string\"}}],\"inLanguage\":\"pt-BR\"},{\"@type\":\"Person\",\"@id\":\"https:\/\/institucional.ufrrj.br\/sepsi\/#\/schema\/person\/7b2c2ca9a1e662cfdeeb30733fc90bfc\",\"name\":\"monicahaua\",\"image\":{\"@type\":\"ImageObject\",\"inLanguage\":\"pt-BR\",\"@id\":\"https:\/\/secure.gravatar.com\/avatar\/3a7f52f7e01b86a7b8e6050648ecb3fa852ea53131e97a0da054a9e5e2d96550?s=96&d=mm&r=g\",\"url\":\"https:\/\/secure.gravatar.com\/avatar\/3a7f52f7e01b86a7b8e6050648ecb3fa852ea53131e97a0da054a9e5e2d96550?s=96&d=mm&r=g\",\"contentUrl\":\"https:\/\/secure.gravatar.com\/avatar\/3a7f52f7e01b86a7b8e6050648ecb3fa852ea53131e97a0da054a9e5e2d96550?s=96&d=mm&r=g\",\"caption\":\"monicahaua\"},\"url\":\"https:\/\/institucional.ufrrj.br\/sepsi\/author\/monicahaua1\/\"}]}<\/script>\n<!-- \/ Yoast SEO plugin. -->","yoast_head_json":{"title":"SELE\u00c7\u00c3O PARA BOLSA DE APOIO T\u00c9CNICO-ACAD\u00caMICO \/ SERVI\u00c7O ESCOLA DE PSICOLOGIA (SEPsi) \u2013 Edital n\u00ba 26\/2023 - PROAES - Servi\u00e7o de Psicologia Aplicada (SPA)","robots":{"index":"index","follow":"follow","max-snippet":"max-snippet:-1","max-image-preview":"max-image-preview:large","max-video-preview":"max-video-preview:-1"},"canonical":"https:\/\/institucional.ufrrj.br\/sepsi\/2023\/12\/14\/selecao-para-bolsa-de-apoio-tecnico-academico-servico-escola-de-psicologia-sepsi-edital-no-26-2023-proaes\/","og_locale":"pt_BR","og_type":"article","og_title":"SELE\u00c7\u00c3O PARA BOLSA DE APOIO T\u00c9CNICO-ACAD\u00caMICO \/ SERVI\u00c7O ESCOLA DE PSICOLOGIA (SEPsi) \u2013 Edital n\u00ba 26\/2023 - PROAES - Servi\u00e7o de Psicologia Aplicada (SPA)","og_description":"RESULTADO PARCIAL DA SELE\u00c7\u00c3O PARA BOLSA DE APOIO T\u00c9CNICO-ACAD\u00caMICO \/ SERVI\u00c7O ESCOLA DE PSICOLOGIA (SEPsi) \u2013 2024.1Edital n\u00ba 26\/2023 &#8211; ... leia mais","og_url":"https:\/\/institucional.ufrrj.br\/sepsi\/2023\/12\/14\/selecao-para-bolsa-de-apoio-tecnico-academico-servico-escola-de-psicologia-sepsi-edital-no-26-2023-proaes\/","og_site_name":"Servi\u00e7o de Psicologia Aplicada (SPA)","article_published_time":"2023-12-14T21:52:48+00:00","article_modified_time":"2023-12-18T01:18:04+00:00","author":"monicahaua","twitter_card":"summary_large_image","twitter_misc":{"Escrito por":"monicahaua","Est. tempo de leitura":"1 minuto"},"schema":{"@context":"https:\/\/schema.org","@graph":[{"@type":"Article","@id":"https:\/\/institucional.ufrrj.br\/sepsi\/2023\/12\/14\/selecao-para-bolsa-de-apoio-tecnico-academico-servico-escola-de-psicologia-sepsi-edital-no-26-2023-proaes\/#article","isPartOf":{"@id":"https:\/\/institucional.ufrrj.br\/sepsi\/2023\/12\/14\/selecao-para-bolsa-de-apoio-tecnico-academico-servico-escola-de-psicologia-sepsi-edital-no-26-2023-proaes\/"},"author":{"name":"monicahaua","@id":"https:\/\/institucional.ufrrj.br\/sepsi\/#\/schema\/person\/7b2c2ca9a1e662cfdeeb30733fc90bfc"},"headline":"SELE\u00c7\u00c3O PARA BOLSA DE APOIO T\u00c9CNICO-ACAD\u00caMICO \/ SERVI\u00c7O ESCOLA DE PSICOLOGIA (SEPsi) \u2013 Edital n\u00ba 26\/2023 &#8211; PROAES","datePublished":"2023-12-14T21:52:48+00:00","dateModified":"2023-12-18T01:18:04+00:00","mainEntityOfPage":{"@id":"https:\/\/institucional.ufrrj.br\/sepsi\/2023\/12\/14\/selecao-para-bolsa-de-apoio-tecnico-academico-servico-escola-de-psicologia-sepsi-edital-no-26-2023-proaes\/"},"wordCount":171,"commentCount":0,"articleSection":["not\u00edcias"],"inLanguage":"pt-BR","potentialAction":[{"@type":"CommentAction","name":"Comment","target":["https:\/\/institucional.ufrrj.br\/sepsi\/2023\/12\/14\/selecao-para-bolsa-de-apoio-tecnico-academico-servico-escola-de-psicologia-sepsi-edital-no-26-2023-proaes\/#respond"]}]},{"@type":"WebPage","@id":"https:\/\/institucional.ufrrj.br\/sepsi\/2023\/12\/14\/selecao-para-bolsa-de-apoio-tecnico-academico-servico-escola-de-psicologia-sepsi-edital-no-26-2023-proaes\/","url":"https:\/\/institucional.ufrrj.br\/sepsi\/2023\/12\/14\/selecao-para-bolsa-de-apoio-tecnico-academico-servico-escola-de-psicologia-sepsi-edital-no-26-2023-proaes\/","name":"SELE\u00c7\u00c3O PARA BOLSA DE APOIO T\u00c9CNICO-ACAD\u00caMICO \/ SERVI\u00c7O ESCOLA DE PSICOLOGIA (SEPsi) \u2013 Edital n\u00ba 26\/2023 - PROAES - Servi\u00e7o de Psicologia Aplicada (SPA)","isPartOf":{"@id":"https:\/\/institucional.ufrrj.br\/sepsi\/#website"},"datePublished":"2023-12-14T21:52:48+00:00","dateModified":"2023-12-18T01:18:04+00:00","author":{"@id":"https:\/\/institucional.ufrrj.br\/sepsi\/#\/schema\/person\/7b2c2ca9a1e662cfdeeb30733fc90bfc"},"breadcrumb":{"@id":"https:\/\/institucional.ufrrj.br\/sepsi\/2023\/12\/14\/selecao-para-bolsa-de-apoio-tecnico-academico-servico-escola-de-psicologia-sepsi-edital-no-26-2023-proaes\/#breadcrumb"},"inLanguage":"pt-BR","potentialAction":[{"@type":"ReadAction","target":["https:\/\/institucional.ufrrj.br\/sepsi\/2023\/12\/14\/selecao-para-bolsa-de-apoio-tecnico-academico-servico-escola-de-psicologia-sepsi-edital-no-26-2023-proaes\/"]}]},{"@type":"BreadcrumbList","@id":"https:\/\/institucional.ufrrj.br\/sepsi\/2023\/12\/14\/selecao-para-bolsa-de-apoio-tecnico-academico-servico-escola-de-psicologia-sepsi-edital-no-26-2023-proaes\/#breadcrumb","itemListElement":[{"@type":"ListItem","position":1,"name":"In\u00edcio","item":"https:\/\/institucional.ufrrj.br\/sepsi\/"},{"@type":"ListItem","position":2,"name":"SELE\u00c7\u00c3O PARA BOLSA DE APOIO T\u00c9CNICO-ACAD\u00caMICO \/ SERVI\u00c7O ESCOLA DE PSICOLOGIA (SEPsi) \u2013 Edital n\u00ba 26\/2023 &#8211; PROAES"}]},{"@type":"WebSite","@id":"https:\/\/institucional.ufrrj.br\/sepsi\/#website","url":"https:\/\/institucional.ufrrj.br\/sepsi\/","name":"Servi\u00e7o de Psicologia Aplicada (SPA)","description":"S\u00f3 mais um site institucional.ufrrj.br","potentialAction":[{"@type":"SearchAction","target":{"@type":"EntryPoint","urlTemplate":"https:\/\/institucional.ufrrj.br\/sepsi\/?s={search_term_string}"},"query-input":{"@type":"PropertyValueSpecification","valueRequired":true,"valueName":"search_term_string"}}],"inLanguage":"pt-BR"},{"@type":"Person","@id":"https:\/\/institucional.ufrrj.br\/sepsi\/#\/schema\/person\/7b2c2ca9a1e662cfdeeb30733fc90bfc","name":"monicahaua","image":{"@type":"ImageObject","inLanguage":"pt-BR","@id":"https:\/\/secure.gravatar.com\/avatar\/3a7f52f7e01b86a7b8e6050648ecb3fa852ea53131e97a0da054a9e5e2d96550?s=96&d=mm&r=g","url":"https:\/\/secure.gravatar.com\/avatar\/3a7f52f7e01b86a7b8e6050648ecb3fa852ea53131e97a0da054a9e5e2d96550?s=96&d=mm&r=g","contentUrl":"https:\/\/secure.gravatar.com\/avatar\/3a7f52f7e01b86a7b8e6050648ecb3fa852ea53131e97a0da054a9e5e2d96550?s=96&d=mm&r=g","caption":"monicahaua"},"url":"https:\/\/institucional.ufrrj.br\/sepsi\/author\/monicahaua1\/"}]}},"acf":[],"_links":{"self":[{"href":"https:\/\/institucional.ufrrj.br\/sepsi\/wp-json\/wp\/v2\/posts\/1769","targetHints":{"allow":["GET"]}}],"collection":[{"href":"https:\/\/institucional.ufrrj.br\/sepsi\/wp-json\/wp\/v2\/posts"}],"about":[{"href":"https:\/\/institucional.ufrrj.br\/sepsi\/wp-json\/wp\/v2\/types\/post"}],"author":[{"embeddable":true,"href":"https:\/\/institucional.ufrrj.br\/sepsi\/wp-json\/wp\/v2\/users\/793"}],"replies":[{"embeddable":true,"href":"https:\/\/institucional.ufrrj.br\/sepsi\/wp-json\/wp\/v2\/comments?post=1769"}],"version-history":[{"count":5,"href":"https:\/\/institucional.ufrrj.br\/sepsi\/wp-json\/wp\/v2\/posts\/1769\/revisions"}],"predecessor-version":[{"id":1776,"href":"https:\/\/institucional.ufrrj.br\/sepsi\/wp-json\/wp\/v2\/posts\/1769\/revisions\/1776"}],"wp:attachment":[{"href":"https:\/\/institucional.ufrrj.br\/sepsi\/wp-json\/wp\/v2\/media?parent=1769"}],"wp:term":[{"taxonomy":"category","embeddable":true,"href":"https:\/\/institucional.ufrrj.br\/sepsi\/wp-json\/wp\/v2\/categories?post=1769"},{"taxonomy":"post_tag","embeddable":true,"href":"https:\/\/institucional.ufrrj.br\/sepsi\/wp-json\/wp\/v2\/tags?post=1769"}],"curies":[{"name":"wp","href":"https:\/\/api.w.org\/{rel}","templated":true}]}}