{"id":1706,"date":"2021-09-29T11:41:29","date_gmt":"2021-09-29T14:41:29","guid":{"rendered":"http:\/\/institucional.ufrrj.br\/sepsi\/?p=1706"},"modified":"2021-09-29T11:47:58","modified_gmt":"2021-09-29T14:47:58","slug":"plantao-psicologico-convite-para-compor-o-quadro-de-plantonistas","status":"publish","type":"post","link":"https:\/\/institucional.ufrrj.br\/sepsi\/2021\/09\/29\/plantao-psicologico-convite-para-compor-o-quadro-de-plantonistas\/","title":{"rendered":"Plant\u00e3o Psicol\u00f3gico: CONVITE PARA COMPOR O QUADRO DE PLANTONISTAS"},"content":{"rendered":"\n<p> <\/p>\n\n\n\n<p><strong>Voc\u00eas conhecem o plant\u00e3o psicol\u00f3gico on-line da UFRRJ?<\/strong><\/p>\n\n\n\n<p>Trata-se de um canal de atendimento psicol\u00f3gico pontual e \u00fanico que atua nas urg\u00eancias e atende a comunidade acad\u00eamica e cercanias. Este projeto tem a coordena\u00e7\u00e3o das professoras Carla Vicente e Luciene Rocinholi e j\u00e1 atendeu mais de 700 pessoas desde abril de 2020, durante a pandemia de COVID 19, e tem prestado um significativo aux\u00edlio como estrat\u00e9gia de cuidados em sa\u00fade mental para a comunidade.<\/p>\n\n\n\n<p>Os plant\u00f5es s\u00e3o realizados por plantonistas volunt\u00e1rios, que s\u00e3o alunos do curso de psicologia, psic\u00f3logos e mestrandos em psicologia da UFRRJ. Para o plantonista \u00e9 um importante treino de atendimento que privilegia a escuta emp\u00e1tica e o acolhimento das ang\u00fastias trazidas espontaneamente pelos clientes. Assim, o plantonista desenvolve habilidades que poder\u00e3o ser utilizadas em qualquer \u00e1rea da psicologia a que se dedique.<\/p>\n\n\n\n<p>Para que este projeto continue prestando o aux\u00edlio \u00e0 comunidade e beneficiando a pr\u00e1tica dos graduandos em psicologia, o projeto est\u00e1 convidando os alunos do curso de psicologia para compor a equipe de plantonistas.<\/p>\n\n\n\n<p>Para ser plantonista \u00e9 necess\u00e1rio ter motiva\u00e7\u00e3o, poder fazer\nboas chamadas de v\u00eddeo pelo whatsapp, ter um espa\u00e7o privativo para realiz\u00e1-las\nde modo sigiloso, fazer treinamento breve e dispor de 4 horas semanais (2 horas\nde plant\u00f5es e duas horas de supervis\u00e3o on-line nas quartas-feiras \u00e0s 15 horas,\nquinzenalmente).<\/p>\n\n\n\n<p>A participa\u00e7\u00e3o no projeto e realiza\u00e7\u00e3o dos plant\u00f5es \u00e9 certificada a cada per\u00edodo pela coordena\u00e7\u00e3o do Servi\u00e7o de Psicologia e coordena\u00e7\u00e3o do projeto plant\u00e3o psicol\u00f3gico on-line UFRRJ.<\/p>\n\n\n\n<p>Para mais informa\u00e7\u00f5es e inscri\u00e7\u00f5es entre em contato com a Prof\u00aa Carla pelo e-mail: <a href=\"mailto:carlapsi.ufrrj@gmail.com*\">carlapsi.ufrrj@gmail.com<\/a><\/p>\n","protected":false},"excerpt":{"rendered":"<p>Voc\u00eas conhecem o plant\u00e3o psicol\u00f3gico on-line da UFRRJ? Trata-se de um canal de atendimento psicol\u00f3gico pontual e \u00fanico que atua <a class=\"read-more\" href=\"https:\/\/institucional.ufrrj.br\/sepsi\/2021\/09\/29\/plantao-psicologico-convite-para-compor-o-quadro-de-plantonistas\/ \" >&#8230; <span class=\"font-italic\">leia mais <i class=\"fas fa-angle-right\"><\/i><\/span><\/a><\/p>\n","protected":false},"author":793,"featured_media":1709,"comment_status":"open","ping_status":"open","sticky":false,"template":"","format":"standard","meta":{"_acf_changed":false,"footnotes":""},"categories":[3],"tags":[],"class_list":["post-1706","post","type-post","status-publish","format-standard","has-post-thumbnail","hentry","category-noticias"],"yoast_head":"<!-- This site is optimized with the Yoast SEO plugin v27.2 - https:\/\/yoast.com\/product\/yoast-seo-wordpress\/ -->\n<title>Plant\u00e3o Psicol\u00f3gico: CONVITE PARA COMPOR O QUADRO DE PLANTONISTAS - Servi\u00e7o de Psicologia Aplicada (SPA)<\/title>\n<meta name=\"robots\" content=\"index, follow, max-snippet:-1, max-image-preview:large, max-video-preview:-1\" \/>\n<link rel=\"canonical\" href=\"https:\/\/institucional.ufrrj.br\/sepsi\/2021\/09\/29\/plantao-psicologico-convite-para-compor-o-quadro-de-plantonistas\/\" \/>\n<meta property=\"og:locale\" content=\"pt_BR\" \/>\n<meta property=\"og:type\" content=\"article\" \/>\n<meta property=\"og:title\" content=\"Plant\u00e3o Psicol\u00f3gico: CONVITE PARA COMPOR O QUADRO DE PLANTONISTAS - Servi\u00e7o de Psicologia Aplicada (SPA)\" \/>\n<meta property=\"og:description\" content=\"Voc\u00eas conhecem o plant\u00e3o psicol\u00f3gico on-line da UFRRJ? Trata-se de um canal de atendimento psicol\u00f3gico pontual e \u00fanico que atua ... leia mais\" \/>\n<meta property=\"og:url\" content=\"https:\/\/institucional.ufrrj.br\/sepsi\/2021\/09\/29\/plantao-psicologico-convite-para-compor-o-quadro-de-plantonistas\/\" \/>\n<meta property=\"og:site_name\" content=\"Servi\u00e7o de Psicologia Aplicada (SPA)\" \/>\n<meta property=\"article:published_time\" content=\"2021-09-29T14:41:29+00:00\" \/>\n<meta property=\"article:modified_time\" content=\"2021-09-29T14:47:58+00:00\" \/>\n<meta property=\"og:image\" content=\"https:\/\/institucional.ufrrj.br\/sepsi\/files\/2021\/09\/Plant\u00e3o.jpg\" \/>\n\t<meta property=\"og:image:width\" content=\"960\" \/>\n\t<meta property=\"og:image:height\" content=\"960\" \/>\n\t<meta property=\"og:image:type\" content=\"image\/jpeg\" \/>\n<meta name=\"author\" content=\"monicahaua\" \/>\n<meta name=\"twitter:card\" content=\"summary_large_image\" \/>\n<meta name=\"twitter:label1\" content=\"Escrito por\" \/>\n\t<meta name=\"twitter:data1\" content=\"monicahaua\" \/>\n\t<meta name=\"twitter:label2\" content=\"Est. tempo de leitura\" \/>\n\t<meta name=\"twitter:data2\" content=\"1 minuto\" \/>\n<script type=\"application\/ld+json\" class=\"yoast-schema-graph\">{\"@context\":\"https:\/\/schema.org\",\"@graph\":[{\"@type\":\"Article\",\"@id\":\"https:\/\/institucional.ufrrj.br\/sepsi\/2021\/09\/29\/plantao-psicologico-convite-para-compor-o-quadro-de-plantonistas\/#article\",\"isPartOf\":{\"@id\":\"https:\/\/institucional.ufrrj.br\/sepsi\/2021\/09\/29\/plantao-psicologico-convite-para-compor-o-quadro-de-plantonistas\/\"},\"author\":{\"name\":\"monicahaua\",\"@id\":\"https:\/\/institucional.ufrrj.br\/sepsi\/#\/schema\/person\/7b2c2ca9a1e662cfdeeb30733fc90bfc\"},\"headline\":\"Plant\u00e3o Psicol\u00f3gico: CONVITE PARA COMPOR O QUADRO DE PLANTONISTAS\",\"datePublished\":\"2021-09-29T14:41:29+00:00\",\"dateModified\":\"2021-09-29T14:47:58+00:00\",\"mainEntityOfPage\":{\"@id\":\"https:\/\/institucional.ufrrj.br\/sepsi\/2021\/09\/29\/plantao-psicologico-convite-para-compor-o-quadro-de-plantonistas\/\"},\"wordCount\":303,\"commentCount\":0,\"image\":{\"@id\":\"https:\/\/institucional.ufrrj.br\/sepsi\/2021\/09\/29\/plantao-psicologico-convite-para-compor-o-quadro-de-plantonistas\/#primaryimage\"},\"thumbnailUrl\":\"https:\/\/institucional.ufrrj.br\/sepsi\/files\/2021\/09\/Plant\u00e3o.jpg\",\"articleSection\":[\"not\u00edcias\"],\"inLanguage\":\"pt-BR\",\"potentialAction\":[{\"@type\":\"CommentAction\",\"name\":\"Comment\",\"target\":[\"https:\/\/institucional.ufrrj.br\/sepsi\/2021\/09\/29\/plantao-psicologico-convite-para-compor-o-quadro-de-plantonistas\/#respond\"]}]},{\"@type\":\"WebPage\",\"@id\":\"https:\/\/institucional.ufrrj.br\/sepsi\/2021\/09\/29\/plantao-psicologico-convite-para-compor-o-quadro-de-plantonistas\/\",\"url\":\"https:\/\/institucional.ufrrj.br\/sepsi\/2021\/09\/29\/plantao-psicologico-convite-para-compor-o-quadro-de-plantonistas\/\",\"name\":\"Plant\u00e3o Psicol\u00f3gico: CONVITE PARA COMPOR O QUADRO DE PLANTONISTAS - Servi\u00e7o de Psicologia Aplicada (SPA)\",\"isPartOf\":{\"@id\":\"https:\/\/institucional.ufrrj.br\/sepsi\/#website\"},\"primaryImageOfPage\":{\"@id\":\"https:\/\/institucional.ufrrj.br\/sepsi\/2021\/09\/29\/plantao-psicologico-convite-para-compor-o-quadro-de-plantonistas\/#primaryimage\"},\"image\":{\"@id\":\"https:\/\/institucional.ufrrj.br\/sepsi\/2021\/09\/29\/plantao-psicologico-convite-para-compor-o-quadro-de-plantonistas\/#primaryimage\"},\"thumbnailUrl\":\"https:\/\/institucional.ufrrj.br\/sepsi\/files\/2021\/09\/Plant\u00e3o.jpg\",\"datePublished\":\"2021-09-29T14:41:29+00:00\",\"dateModified\":\"2021-09-29T14:47:58+00:00\",\"author\":{\"@id\":\"https:\/\/institucional.ufrrj.br\/sepsi\/#\/schema\/person\/7b2c2ca9a1e662cfdeeb30733fc90bfc\"},\"breadcrumb\":{\"@id\":\"https:\/\/institucional.ufrrj.br\/sepsi\/2021\/09\/29\/plantao-psicologico-convite-para-compor-o-quadro-de-plantonistas\/#breadcrumb\"},\"inLanguage\":\"pt-BR\",\"potentialAction\":[{\"@type\":\"ReadAction\",\"target\":[\"https:\/\/institucional.ufrrj.br\/sepsi\/2021\/09\/29\/plantao-psicologico-convite-para-compor-o-quadro-de-plantonistas\/\"]}]},{\"@type\":\"ImageObject\",\"inLanguage\":\"pt-BR\",\"@id\":\"https:\/\/institucional.ufrrj.br\/sepsi\/2021\/09\/29\/plantao-psicologico-convite-para-compor-o-quadro-de-plantonistas\/#primaryimage\",\"url\":\"https:\/\/institucional.ufrrj.br\/sepsi\/files\/2021\/09\/Plant\u00e3o.jpg\",\"contentUrl\":\"https:\/\/institucional.ufrrj.br\/sepsi\/files\/2021\/09\/Plant\u00e3o.jpg\",\"width\":960,\"height\":960},{\"@type\":\"BreadcrumbList\",\"@id\":\"https:\/\/institucional.ufrrj.br\/sepsi\/2021\/09\/29\/plantao-psicologico-convite-para-compor-o-quadro-de-plantonistas\/#breadcrumb\",\"itemListElement\":[{\"@type\":\"ListItem\",\"position\":1,\"name\":\"In\u00edcio\",\"item\":\"https:\/\/institucional.ufrrj.br\/sepsi\/\"},{\"@type\":\"ListItem\",\"position\":2,\"name\":\"Plant\u00e3o Psicol\u00f3gico: CONVITE PARA COMPOR O QUADRO DE PLANTONISTAS\"}]},{\"@type\":\"WebSite\",\"@id\":\"https:\/\/institucional.ufrrj.br\/sepsi\/#website\",\"url\":\"https:\/\/institucional.ufrrj.br\/sepsi\/\",\"name\":\"Servi\u00e7o de Psicologia Aplicada (SPA)\",\"description\":\"S\u00f3 mais um site institucional.ufrrj.br\",\"potentialAction\":[{\"@type\":\"SearchAction\",\"target\":{\"@type\":\"EntryPoint\",\"urlTemplate\":\"https:\/\/institucional.ufrrj.br\/sepsi\/?s={search_term_string}\"},\"query-input\":{\"@type\":\"PropertyValueSpecification\",\"valueRequired\":true,\"valueName\":\"search_term_string\"}}],\"inLanguage\":\"pt-BR\"},{\"@type\":\"Person\",\"@id\":\"https:\/\/institucional.ufrrj.br\/sepsi\/#\/schema\/person\/7b2c2ca9a1e662cfdeeb30733fc90bfc\",\"name\":\"monicahaua\",\"image\":{\"@type\":\"ImageObject\",\"inLanguage\":\"pt-BR\",\"@id\":\"https:\/\/secure.gravatar.com\/avatar\/3a7f52f7e01b86a7b8e6050648ecb3fa852ea53131e97a0da054a9e5e2d96550?s=96&d=mm&r=g\",\"url\":\"https:\/\/secure.gravatar.com\/avatar\/3a7f52f7e01b86a7b8e6050648ecb3fa852ea53131e97a0da054a9e5e2d96550?s=96&d=mm&r=g\",\"contentUrl\":\"https:\/\/secure.gravatar.com\/avatar\/3a7f52f7e01b86a7b8e6050648ecb3fa852ea53131e97a0da054a9e5e2d96550?s=96&d=mm&r=g\",\"caption\":\"monicahaua\"},\"url\":\"https:\/\/institucional.ufrrj.br\/sepsi\/author\/monicahaua1\/\"}]}<\/script>\n<!-- \/ Yoast SEO plugin. -->","yoast_head_json":{"title":"Plant\u00e3o Psicol\u00f3gico: CONVITE PARA COMPOR O QUADRO DE PLANTONISTAS - Servi\u00e7o de Psicologia Aplicada (SPA)","robots":{"index":"index","follow":"follow","max-snippet":"max-snippet:-1","max-image-preview":"max-image-preview:large","max-video-preview":"max-video-preview:-1"},"canonical":"https:\/\/institucional.ufrrj.br\/sepsi\/2021\/09\/29\/plantao-psicologico-convite-para-compor-o-quadro-de-plantonistas\/","og_locale":"pt_BR","og_type":"article","og_title":"Plant\u00e3o Psicol\u00f3gico: CONVITE PARA COMPOR O QUADRO DE PLANTONISTAS - Servi\u00e7o de Psicologia Aplicada (SPA)","og_description":"Voc\u00eas conhecem o plant\u00e3o psicol\u00f3gico on-line da UFRRJ? Trata-se de um canal de atendimento psicol\u00f3gico pontual e \u00fanico que atua ... leia mais","og_url":"https:\/\/institucional.ufrrj.br\/sepsi\/2021\/09\/29\/plantao-psicologico-convite-para-compor-o-quadro-de-plantonistas\/","og_site_name":"Servi\u00e7o de Psicologia Aplicada (SPA)","article_published_time":"2021-09-29T14:41:29+00:00","article_modified_time":"2021-09-29T14:47:58+00:00","og_image":[{"width":960,"height":960,"url":"https:\/\/institucional.ufrrj.br\/sepsi\/files\/2021\/09\/Plant\u00e3o.jpg","type":"image\/jpeg"}],"author":"monicahaua","twitter_card":"summary_large_image","twitter_misc":{"Escrito por":"monicahaua","Est. tempo de leitura":"1 minuto"},"schema":{"@context":"https:\/\/schema.org","@graph":[{"@type":"Article","@id":"https:\/\/institucional.ufrrj.br\/sepsi\/2021\/09\/29\/plantao-psicologico-convite-para-compor-o-quadro-de-plantonistas\/#article","isPartOf":{"@id":"https:\/\/institucional.ufrrj.br\/sepsi\/2021\/09\/29\/plantao-psicologico-convite-para-compor-o-quadro-de-plantonistas\/"},"author":{"name":"monicahaua","@id":"https:\/\/institucional.ufrrj.br\/sepsi\/#\/schema\/person\/7b2c2ca9a1e662cfdeeb30733fc90bfc"},"headline":"Plant\u00e3o Psicol\u00f3gico: CONVITE PARA COMPOR O QUADRO DE PLANTONISTAS","datePublished":"2021-09-29T14:41:29+00:00","dateModified":"2021-09-29T14:47:58+00:00","mainEntityOfPage":{"@id":"https:\/\/institucional.ufrrj.br\/sepsi\/2021\/09\/29\/plantao-psicologico-convite-para-compor-o-quadro-de-plantonistas\/"},"wordCount":303,"commentCount":0,"image":{"@id":"https:\/\/institucional.ufrrj.br\/sepsi\/2021\/09\/29\/plantao-psicologico-convite-para-compor-o-quadro-de-plantonistas\/#primaryimage"},"thumbnailUrl":"https:\/\/institucional.ufrrj.br\/sepsi\/files\/2021\/09\/Plant\u00e3o.jpg","articleSection":["not\u00edcias"],"inLanguage":"pt-BR","potentialAction":[{"@type":"CommentAction","name":"Comment","target":["https:\/\/institucional.ufrrj.br\/sepsi\/2021\/09\/29\/plantao-psicologico-convite-para-compor-o-quadro-de-plantonistas\/#respond"]}]},{"@type":"WebPage","@id":"https:\/\/institucional.ufrrj.br\/sepsi\/2021\/09\/29\/plantao-psicologico-convite-para-compor-o-quadro-de-plantonistas\/","url":"https:\/\/institucional.ufrrj.br\/sepsi\/2021\/09\/29\/plantao-psicologico-convite-para-compor-o-quadro-de-plantonistas\/","name":"Plant\u00e3o Psicol\u00f3gico: CONVITE PARA COMPOR O QUADRO DE PLANTONISTAS - Servi\u00e7o de Psicologia Aplicada (SPA)","isPartOf":{"@id":"https:\/\/institucional.ufrrj.br\/sepsi\/#website"},"primaryImageOfPage":{"@id":"https:\/\/institucional.ufrrj.br\/sepsi\/2021\/09\/29\/plantao-psicologico-convite-para-compor-o-quadro-de-plantonistas\/#primaryimage"},"image":{"@id":"https:\/\/institucional.ufrrj.br\/sepsi\/2021\/09\/29\/plantao-psicologico-convite-para-compor-o-quadro-de-plantonistas\/#primaryimage"},"thumbnailUrl":"https:\/\/institucional.ufrrj.br\/sepsi\/files\/2021\/09\/Plant\u00e3o.jpg","datePublished":"2021-09-29T14:41:29+00:00","dateModified":"2021-09-29T14:47:58+00:00","author":{"@id":"https:\/\/institucional.ufrrj.br\/sepsi\/#\/schema\/person\/7b2c2ca9a1e662cfdeeb30733fc90bfc"},"breadcrumb":{"@id":"https:\/\/institucional.ufrrj.br\/sepsi\/2021\/09\/29\/plantao-psicologico-convite-para-compor-o-quadro-de-plantonistas\/#breadcrumb"},"inLanguage":"pt-BR","potentialAction":[{"@type":"ReadAction","target":["https:\/\/institucional.ufrrj.br\/sepsi\/2021\/09\/29\/plantao-psicologico-convite-para-compor-o-quadro-de-plantonistas\/"]}]},{"@type":"ImageObject","inLanguage":"pt-BR","@id":"https:\/\/institucional.ufrrj.br\/sepsi\/2021\/09\/29\/plantao-psicologico-convite-para-compor-o-quadro-de-plantonistas\/#primaryimage","url":"https:\/\/institucional.ufrrj.br\/sepsi\/files\/2021\/09\/Plant\u00e3o.jpg","contentUrl":"https:\/\/institucional.ufrrj.br\/sepsi\/files\/2021\/09\/Plant\u00e3o.jpg","width":960,"height":960},{"@type":"BreadcrumbList","@id":"https:\/\/institucional.ufrrj.br\/sepsi\/2021\/09\/29\/plantao-psicologico-convite-para-compor-o-quadro-de-plantonistas\/#breadcrumb","itemListElement":[{"@type":"ListItem","position":1,"name":"In\u00edcio","item":"https:\/\/institucional.ufrrj.br\/sepsi\/"},{"@type":"ListItem","position":2,"name":"Plant\u00e3o Psicol\u00f3gico: CONVITE PARA COMPOR O QUADRO DE PLANTONISTAS"}]},{"@type":"WebSite","@id":"https:\/\/institucional.ufrrj.br\/sepsi\/#website","url":"https:\/\/institucional.ufrrj.br\/sepsi\/","name":"Servi\u00e7o de Psicologia Aplicada (SPA)","description":"S\u00f3 mais um site institucional.ufrrj.br","potentialAction":[{"@type":"SearchAction","target":{"@type":"EntryPoint","urlTemplate":"https:\/\/institucional.ufrrj.br\/sepsi\/?s={search_term_string}"},"query-input":{"@type":"PropertyValueSpecification","valueRequired":true,"valueName":"search_term_string"}}],"inLanguage":"pt-BR"},{"@type":"Person","@id":"https:\/\/institucional.ufrrj.br\/sepsi\/#\/schema\/person\/7b2c2ca9a1e662cfdeeb30733fc90bfc","name":"monicahaua","image":{"@type":"ImageObject","inLanguage":"pt-BR","@id":"https:\/\/secure.gravatar.com\/avatar\/3a7f52f7e01b86a7b8e6050648ecb3fa852ea53131e97a0da054a9e5e2d96550?s=96&d=mm&r=g","url":"https:\/\/secure.gravatar.com\/avatar\/3a7f52f7e01b86a7b8e6050648ecb3fa852ea53131e97a0da054a9e5e2d96550?s=96&d=mm&r=g","contentUrl":"https:\/\/secure.gravatar.com\/avatar\/3a7f52f7e01b86a7b8e6050648ecb3fa852ea53131e97a0da054a9e5e2d96550?s=96&d=mm&r=g","caption":"monicahaua"},"url":"https:\/\/institucional.ufrrj.br\/sepsi\/author\/monicahaua1\/"}]}},"acf":[],"_links":{"self":[{"href":"https:\/\/institucional.ufrrj.br\/sepsi\/wp-json\/wp\/v2\/posts\/1706","targetHints":{"allow":["GET"]}}],"collection":[{"href":"https:\/\/institucional.ufrrj.br\/sepsi\/wp-json\/wp\/v2\/posts"}],"about":[{"href":"https:\/\/institucional.ufrrj.br\/sepsi\/wp-json\/wp\/v2\/types\/post"}],"author":[{"embeddable":true,"href":"https:\/\/institucional.ufrrj.br\/sepsi\/wp-json\/wp\/v2\/users\/793"}],"replies":[{"embeddable":true,"href":"https:\/\/institucional.ufrrj.br\/sepsi\/wp-json\/wp\/v2\/comments?post=1706"}],"version-history":[{"count":1,"href":"https:\/\/institucional.ufrrj.br\/sepsi\/wp-json\/wp\/v2\/posts\/1706\/revisions"}],"predecessor-version":[{"id":1707,"href":"https:\/\/institucional.ufrrj.br\/sepsi\/wp-json\/wp\/v2\/posts\/1706\/revisions\/1707"}],"wp:featuredmedia":[{"embeddable":true,"href":"https:\/\/institucional.ufrrj.br\/sepsi\/wp-json\/wp\/v2\/media\/1709"}],"wp:attachment":[{"href":"https:\/\/institucional.ufrrj.br\/sepsi\/wp-json\/wp\/v2\/media?parent=1706"}],"wp:term":[{"taxonomy":"category","embeddable":true,"href":"https:\/\/institucional.ufrrj.br\/sepsi\/wp-json\/wp\/v2\/categories?post=1706"},{"taxonomy":"post_tag","embeddable":true,"href":"https:\/\/institucional.ufrrj.br\/sepsi\/wp-json\/wp\/v2\/tags?post=1706"}],"curies":[{"name":"wp","href":"https:\/\/api.w.org\/{rel}","templated":true}]}}