{"id":755,"date":"2025-09-17T12:19:25","date_gmt":"2025-09-17T15:19:25","guid":{"rendered":"https:\/\/institucional.ufrrj.br\/prefeiturauniversitaria\/?p=755"},"modified":"2025-09-19T10:05:58","modified_gmt":"2025-09-19T13:05:58","slug":"manutencao-de-energia-eletrica-na-prefeitura-universitaria","status":"publish","type":"post","link":"https:\/\/institucional.ufrrj.br\/prefeiturauniversitaria\/manutencao-de-energia-eletrica-na-prefeitura-universitaria\/","title":{"rendered":"Manuten\u00e7\u00e3o da ilumina\u00e7\u00e3o p\u00fablica acontece esta semana no campus da UFRRJ"},"content":{"rendered":"\n<p>A Universidade Federal Rural do Rio de Janeiro (UFRRJ) informa que, <strong>durante esta semana<\/strong>, est\u00e1 sendo realizada a <strong>manuten\u00e7\u00e3o da ilumina\u00e7\u00e3o p\u00fablica<\/strong> em diversas \u00e1reas do campus.<\/p>\n\n\n\n<p>O servi\u00e7o inclui a verifica\u00e7\u00e3o de postes, substitui\u00e7\u00e3o de l\u00e2mpadas queimadas e ajustes na fia\u00e7\u00e3o, garantindo que vias, estacionamentos e entradas de pr\u00e9dios permane\u00e7am <strong>bem iluminados e seguros<\/strong> para estudantes, servidores e visitantes.<\/p>\n\n\n\n<p>Segundo a Prefeitura Universit\u00e1ria, a manuten\u00e7\u00e3o tempor\u00e1ria pode gerar pequenos ajustes nos hor\u00e1rios de ilumina\u00e7\u00e3o em algumas \u00e1reas, mas visa <strong>fortalecer a seguran\u00e7a e o conforto<\/strong> de todos que circulam pelo campus.<\/p>\n\n\n\n<p>A universidade refor\u00e7a que essas a\u00e7\u00f5es fazem parte do compromisso cont\u00ednuo com a <strong>manuten\u00e7\u00e3o da infraestrutura e valoriza\u00e7\u00e3o dos espa\u00e7os p\u00fablicos<\/strong> da institui\u00e7\u00e3o.<\/p>\n","protected":false},"excerpt":{"rendered":"<p>A Universidade Federal Rural do Rio de Janeiro (UFRRJ) informa que, durante esta semana, est\u00e1 sendo realizada a manuten\u00e7\u00e3o da <a class=\"read-more\" href=\"https:\/\/institucional.ufrrj.br\/prefeiturauniversitaria\/manutencao-de-energia-eletrica-na-prefeitura-universitaria\/ \" >&#8230; <span class=\"font-italic\">leia mais <i class=\"fas fa-angle-right\"><\/i><\/span><\/a><\/p>\n","protected":false},"author":835,"featured_media":877,"comment_status":"open","ping_status":"open","sticky":false,"template":"","format":"standard","meta":{"_acf_changed":false,"footnotes":""},"categories":[4],"tags":[],"class_list":["post-755","post","type-post","status-publish","format-standard","has-post-thumbnail","hentry","category-noticias"],"yoast_head":"<!-- This site is optimized with the Yoast SEO plugin v27.2 - https:\/\/yoast.com\/product\/yoast-seo-wordpress\/ -->\n<title>Manuten\u00e7\u00e3o da ilumina\u00e7\u00e3o p\u00fablica acontece esta semana no campus da UFRRJ - Prefeitura Universit\u00e1ria<\/title>\n<meta name=\"robots\" content=\"index, follow, max-snippet:-1, max-image-preview:large, max-video-preview:-1\" \/>\n<link rel=\"canonical\" href=\"https:\/\/institucional.ufrrj.br\/prefeiturauniversitaria\/manutencao-de-energia-eletrica-na-prefeitura-universitaria\/\" \/>\n<meta property=\"og:locale\" content=\"pt_BR\" \/>\n<meta property=\"og:type\" content=\"article\" \/>\n<meta property=\"og:title\" content=\"Manuten\u00e7\u00e3o da ilumina\u00e7\u00e3o p\u00fablica acontece esta semana no campus da UFRRJ - Prefeitura Universit\u00e1ria\" \/>\n<meta property=\"og:description\" content=\"A Universidade Federal Rural do Rio de Janeiro (UFRRJ) informa que, durante esta semana, est\u00e1 sendo realizada a manuten\u00e7\u00e3o da ... leia mais\" \/>\n<meta property=\"og:url\" content=\"https:\/\/institucional.ufrrj.br\/prefeiturauniversitaria\/manutencao-de-energia-eletrica-na-prefeitura-universitaria\/\" \/>\n<meta property=\"og:site_name\" content=\"Prefeitura Universit\u00e1ria\" \/>\n<meta property=\"article:published_time\" content=\"2025-09-17T15:19:25+00:00\" \/>\n<meta property=\"article:modified_time\" content=\"2025-09-19T13:05:58+00:00\" \/>\n<meta property=\"og:image\" content=\"https:\/\/institucional.ufrrj.br\/prefeiturauniversitaria\/files\/2025\/09\/Manutencao-Predial-8.jpg\" \/>\n\t<meta property=\"og:image:width\" content=\"1366\" \/>\n\t<meta property=\"og:image:height\" content=\"768\" \/>\n\t<meta property=\"og:image:type\" content=\"image\/jpeg\" \/>\n<meta name=\"author\" content=\"karolinejordao\" \/>\n<meta name=\"twitter:card\" content=\"summary_large_image\" \/>\n<meta name=\"twitter:label1\" content=\"Escrito por\" \/>\n\t<meta name=\"twitter:data1\" content=\"karolinejordao\" \/>\n\t<meta name=\"twitter:label2\" content=\"Est. tempo de leitura\" \/>\n\t<meta name=\"twitter:data2\" content=\"1 minuto\" \/>\n<script type=\"application\/ld+json\" class=\"yoast-schema-graph\">{\"@context\":\"https:\/\/schema.org\",\"@graph\":[{\"@type\":\"Article\",\"@id\":\"https:\/\/institucional.ufrrj.br\/prefeiturauniversitaria\/manutencao-de-energia-eletrica-na-prefeitura-universitaria\/#article\",\"isPartOf\":{\"@id\":\"https:\/\/institucional.ufrrj.br\/prefeiturauniversitaria\/manutencao-de-energia-eletrica-na-prefeitura-universitaria\/\"},\"author\":{\"name\":\"karolinejordao\",\"@id\":\"https:\/\/institucional.ufrrj.br\/prefeiturauniversitaria\/#\/schema\/person\/3c23fd569a65e30e8922952a3191a728\"},\"headline\":\"Manuten\u00e7\u00e3o da ilumina\u00e7\u00e3o p\u00fablica acontece esta semana no campus da UFRRJ\",\"datePublished\":\"2025-09-17T15:19:25+00:00\",\"dateModified\":\"2025-09-19T13:05:58+00:00\",\"mainEntityOfPage\":{\"@id\":\"https:\/\/institucional.ufrrj.br\/prefeiturauniversitaria\/manutencao-de-energia-eletrica-na-prefeitura-universitaria\/\"},\"wordCount\":153,\"commentCount\":0,\"image\":{\"@id\":\"https:\/\/institucional.ufrrj.br\/prefeiturauniversitaria\/manutencao-de-energia-eletrica-na-prefeitura-universitaria\/#primaryimage\"},\"thumbnailUrl\":\"https:\/\/institucional.ufrrj.br\/prefeiturauniversitaria\/files\/2025\/09\/Manutencao-Predial-8.jpg\",\"articleSection\":[\"Not\u00edcias\"],\"inLanguage\":\"pt-BR\",\"potentialAction\":[{\"@type\":\"CommentAction\",\"name\":\"Comment\",\"target\":[\"https:\/\/institucional.ufrrj.br\/prefeiturauniversitaria\/manutencao-de-energia-eletrica-na-prefeitura-universitaria\/#respond\"]}]},{\"@type\":\"WebPage\",\"@id\":\"https:\/\/institucional.ufrrj.br\/prefeiturauniversitaria\/manutencao-de-energia-eletrica-na-prefeitura-universitaria\/\",\"url\":\"https:\/\/institucional.ufrrj.br\/prefeiturauniversitaria\/manutencao-de-energia-eletrica-na-prefeitura-universitaria\/\",\"name\":\"Manuten\u00e7\u00e3o da ilumina\u00e7\u00e3o p\u00fablica acontece esta semana no campus da UFRRJ - Prefeitura Universit\u00e1ria\",\"isPartOf\":{\"@id\":\"https:\/\/institucional.ufrrj.br\/prefeiturauniversitaria\/#website\"},\"primaryImageOfPage\":{\"@id\":\"https:\/\/institucional.ufrrj.br\/prefeiturauniversitaria\/manutencao-de-energia-eletrica-na-prefeitura-universitaria\/#primaryimage\"},\"image\":{\"@id\":\"https:\/\/institucional.ufrrj.br\/prefeiturauniversitaria\/manutencao-de-energia-eletrica-na-prefeitura-universitaria\/#primaryimage\"},\"thumbnailUrl\":\"https:\/\/institucional.ufrrj.br\/prefeiturauniversitaria\/files\/2025\/09\/Manutencao-Predial-8.jpg\",\"datePublished\":\"2025-09-17T15:19:25+00:00\",\"dateModified\":\"2025-09-19T13:05:58+00:00\",\"author\":{\"@id\":\"https:\/\/institucional.ufrrj.br\/prefeiturauniversitaria\/#\/schema\/person\/3c23fd569a65e30e8922952a3191a728\"},\"breadcrumb\":{\"@id\":\"https:\/\/institucional.ufrrj.br\/prefeiturauniversitaria\/manutencao-de-energia-eletrica-na-prefeitura-universitaria\/#breadcrumb\"},\"inLanguage\":\"pt-BR\",\"potentialAction\":[{\"@type\":\"ReadAction\",\"target\":[\"https:\/\/institucional.ufrrj.br\/prefeiturauniversitaria\/manutencao-de-energia-eletrica-na-prefeitura-universitaria\/\"]}]},{\"@type\":\"ImageObject\",\"inLanguage\":\"pt-BR\",\"@id\":\"https:\/\/institucional.ufrrj.br\/prefeiturauniversitaria\/manutencao-de-energia-eletrica-na-prefeitura-universitaria\/#primaryimage\",\"url\":\"https:\/\/institucional.ufrrj.br\/prefeiturauniversitaria\/files\/2025\/09\/Manutencao-Predial-8.jpg\",\"contentUrl\":\"https:\/\/institucional.ufrrj.br\/prefeiturauniversitaria\/files\/2025\/09\/Manutencao-Predial-8.jpg\",\"width\":1366,\"height\":768},{\"@type\":\"BreadcrumbList\",\"@id\":\"https:\/\/institucional.ufrrj.br\/prefeiturauniversitaria\/manutencao-de-energia-eletrica-na-prefeitura-universitaria\/#breadcrumb\",\"itemListElement\":[{\"@type\":\"ListItem\",\"position\":1,\"name\":\"In\u00edcio\",\"item\":\"https:\/\/institucional.ufrrj.br\/prefeiturauniversitaria\/\"},{\"@type\":\"ListItem\",\"position\":2,\"name\":\"Manuten\u00e7\u00e3o da ilumina\u00e7\u00e3o p\u00fablica acontece esta semana no campus da UFRRJ\"}]},{\"@type\":\"WebSite\",\"@id\":\"https:\/\/institucional.ufrrj.br\/prefeiturauniversitaria\/#website\",\"url\":\"https:\/\/institucional.ufrrj.br\/prefeiturauniversitaria\/\",\"name\":\"Prefeitura Universit\u00e1ria\",\"description\":\"CAMPUS SEROP\u00c9DICA \u2013 UFRRJ\",\"potentialAction\":[{\"@type\":\"SearchAction\",\"target\":{\"@type\":\"EntryPoint\",\"urlTemplate\":\"https:\/\/institucional.ufrrj.br\/prefeiturauniversitaria\/?s={search_term_string}\"},\"query-input\":{\"@type\":\"PropertyValueSpecification\",\"valueRequired\":true,\"valueName\":\"search_term_string\"}}],\"inLanguage\":\"pt-BR\"},{\"@type\":\"Person\",\"@id\":\"https:\/\/institucional.ufrrj.br\/prefeiturauniversitaria\/#\/schema\/person\/3c23fd569a65e30e8922952a3191a728\",\"name\":\"karolinejordao\",\"image\":{\"@type\":\"ImageObject\",\"inLanguage\":\"pt-BR\",\"@id\":\"https:\/\/secure.gravatar.com\/avatar\/4ba75feffe9df2264913fd30c4d754c5095929c2b25e46320d6de9344258d15c?s=96&d=mm&r=g\",\"url\":\"https:\/\/secure.gravatar.com\/avatar\/4ba75feffe9df2264913fd30c4d754c5095929c2b25e46320d6de9344258d15c?s=96&d=mm&r=g\",\"contentUrl\":\"https:\/\/secure.gravatar.com\/avatar\/4ba75feffe9df2264913fd30c4d754c5095929c2b25e46320d6de9344258d15c?s=96&d=mm&r=g\",\"caption\":\"karolinejordao\"},\"description\":\"Chamado - ID: 31004 (Rural - Seropedica)\",\"url\":\"https:\/\/institucional.ufrrj.br\/prefeiturauniversitaria\/author\/karolinejordao1\/\"}]}<\/script>\n<!-- \/ Yoast SEO plugin. -->","yoast_head_json":{"title":"Manuten\u00e7\u00e3o da ilumina\u00e7\u00e3o p\u00fablica acontece esta semana no campus da UFRRJ - Prefeitura Universit\u00e1ria","robots":{"index":"index","follow":"follow","max-snippet":"max-snippet:-1","max-image-preview":"max-image-preview:large","max-video-preview":"max-video-preview:-1"},"canonical":"https:\/\/institucional.ufrrj.br\/prefeiturauniversitaria\/manutencao-de-energia-eletrica-na-prefeitura-universitaria\/","og_locale":"pt_BR","og_type":"article","og_title":"Manuten\u00e7\u00e3o da ilumina\u00e7\u00e3o p\u00fablica acontece esta semana no campus da UFRRJ - Prefeitura Universit\u00e1ria","og_description":"A Universidade Federal Rural do Rio de Janeiro (UFRRJ) informa que, durante esta semana, est\u00e1 sendo realizada a manuten\u00e7\u00e3o da ... leia mais","og_url":"https:\/\/institucional.ufrrj.br\/prefeiturauniversitaria\/manutencao-de-energia-eletrica-na-prefeitura-universitaria\/","og_site_name":"Prefeitura Universit\u00e1ria","article_published_time":"2025-09-17T15:19:25+00:00","article_modified_time":"2025-09-19T13:05:58+00:00","og_image":[{"width":1366,"height":768,"url":"https:\/\/institucional.ufrrj.br\/prefeiturauniversitaria\/files\/2025\/09\/Manutencao-Predial-8.jpg","type":"image\/jpeg"}],"author":"karolinejordao","twitter_card":"summary_large_image","twitter_misc":{"Escrito por":"karolinejordao","Est. tempo de leitura":"1 minuto"},"schema":{"@context":"https:\/\/schema.org","@graph":[{"@type":"Article","@id":"https:\/\/institucional.ufrrj.br\/prefeiturauniversitaria\/manutencao-de-energia-eletrica-na-prefeitura-universitaria\/#article","isPartOf":{"@id":"https:\/\/institucional.ufrrj.br\/prefeiturauniversitaria\/manutencao-de-energia-eletrica-na-prefeitura-universitaria\/"},"author":{"name":"karolinejordao","@id":"https:\/\/institucional.ufrrj.br\/prefeiturauniversitaria\/#\/schema\/person\/3c23fd569a65e30e8922952a3191a728"},"headline":"Manuten\u00e7\u00e3o da ilumina\u00e7\u00e3o p\u00fablica acontece esta semana no campus da UFRRJ","datePublished":"2025-09-17T15:19:25+00:00","dateModified":"2025-09-19T13:05:58+00:00","mainEntityOfPage":{"@id":"https:\/\/institucional.ufrrj.br\/prefeiturauniversitaria\/manutencao-de-energia-eletrica-na-prefeitura-universitaria\/"},"wordCount":153,"commentCount":0,"image":{"@id":"https:\/\/institucional.ufrrj.br\/prefeiturauniversitaria\/manutencao-de-energia-eletrica-na-prefeitura-universitaria\/#primaryimage"},"thumbnailUrl":"https:\/\/institucional.ufrrj.br\/prefeiturauniversitaria\/files\/2025\/09\/Manutencao-Predial-8.jpg","articleSection":["Not\u00edcias"],"inLanguage":"pt-BR","potentialAction":[{"@type":"CommentAction","name":"Comment","target":["https:\/\/institucional.ufrrj.br\/prefeiturauniversitaria\/manutencao-de-energia-eletrica-na-prefeitura-universitaria\/#respond"]}]},{"@type":"WebPage","@id":"https:\/\/institucional.ufrrj.br\/prefeiturauniversitaria\/manutencao-de-energia-eletrica-na-prefeitura-universitaria\/","url":"https:\/\/institucional.ufrrj.br\/prefeiturauniversitaria\/manutencao-de-energia-eletrica-na-prefeitura-universitaria\/","name":"Manuten\u00e7\u00e3o da ilumina\u00e7\u00e3o p\u00fablica acontece esta semana no campus da UFRRJ - Prefeitura Universit\u00e1ria","isPartOf":{"@id":"https:\/\/institucional.ufrrj.br\/prefeiturauniversitaria\/#website"},"primaryImageOfPage":{"@id":"https:\/\/institucional.ufrrj.br\/prefeiturauniversitaria\/manutencao-de-energia-eletrica-na-prefeitura-universitaria\/#primaryimage"},"image":{"@id":"https:\/\/institucional.ufrrj.br\/prefeiturauniversitaria\/manutencao-de-energia-eletrica-na-prefeitura-universitaria\/#primaryimage"},"thumbnailUrl":"https:\/\/institucional.ufrrj.br\/prefeiturauniversitaria\/files\/2025\/09\/Manutencao-Predial-8.jpg","datePublished":"2025-09-17T15:19:25+00:00","dateModified":"2025-09-19T13:05:58+00:00","author":{"@id":"https:\/\/institucional.ufrrj.br\/prefeiturauniversitaria\/#\/schema\/person\/3c23fd569a65e30e8922952a3191a728"},"breadcrumb":{"@id":"https:\/\/institucional.ufrrj.br\/prefeiturauniversitaria\/manutencao-de-energia-eletrica-na-prefeitura-universitaria\/#breadcrumb"},"inLanguage":"pt-BR","potentialAction":[{"@type":"ReadAction","target":["https:\/\/institucional.ufrrj.br\/prefeiturauniversitaria\/manutencao-de-energia-eletrica-na-prefeitura-universitaria\/"]}]},{"@type":"ImageObject","inLanguage":"pt-BR","@id":"https:\/\/institucional.ufrrj.br\/prefeiturauniversitaria\/manutencao-de-energia-eletrica-na-prefeitura-universitaria\/#primaryimage","url":"https:\/\/institucional.ufrrj.br\/prefeiturauniversitaria\/files\/2025\/09\/Manutencao-Predial-8.jpg","contentUrl":"https:\/\/institucional.ufrrj.br\/prefeiturauniversitaria\/files\/2025\/09\/Manutencao-Predial-8.jpg","width":1366,"height":768},{"@type":"BreadcrumbList","@id":"https:\/\/institucional.ufrrj.br\/prefeiturauniversitaria\/manutencao-de-energia-eletrica-na-prefeitura-universitaria\/#breadcrumb","itemListElement":[{"@type":"ListItem","position":1,"name":"In\u00edcio","item":"https:\/\/institucional.ufrrj.br\/prefeiturauniversitaria\/"},{"@type":"ListItem","position":2,"name":"Manuten\u00e7\u00e3o da ilumina\u00e7\u00e3o p\u00fablica acontece esta semana no campus da UFRRJ"}]},{"@type":"WebSite","@id":"https:\/\/institucional.ufrrj.br\/prefeiturauniversitaria\/#website","url":"https:\/\/institucional.ufrrj.br\/prefeiturauniversitaria\/","name":"Prefeitura Universit\u00e1ria","description":"CAMPUS SEROP\u00c9DICA \u2013 UFRRJ","potentialAction":[{"@type":"SearchAction","target":{"@type":"EntryPoint","urlTemplate":"https:\/\/institucional.ufrrj.br\/prefeiturauniversitaria\/?s={search_term_string}"},"query-input":{"@type":"PropertyValueSpecification","valueRequired":true,"valueName":"search_term_string"}}],"inLanguage":"pt-BR"},{"@type":"Person","@id":"https:\/\/institucional.ufrrj.br\/prefeiturauniversitaria\/#\/schema\/person\/3c23fd569a65e30e8922952a3191a728","name":"karolinejordao","image":{"@type":"ImageObject","inLanguage":"pt-BR","@id":"https:\/\/secure.gravatar.com\/avatar\/4ba75feffe9df2264913fd30c4d754c5095929c2b25e46320d6de9344258d15c?s=96&d=mm&r=g","url":"https:\/\/secure.gravatar.com\/avatar\/4ba75feffe9df2264913fd30c4d754c5095929c2b25e46320d6de9344258d15c?s=96&d=mm&r=g","contentUrl":"https:\/\/secure.gravatar.com\/avatar\/4ba75feffe9df2264913fd30c4d754c5095929c2b25e46320d6de9344258d15c?s=96&d=mm&r=g","caption":"karolinejordao"},"description":"Chamado - ID: 31004 (Rural - Seropedica)","url":"https:\/\/institucional.ufrrj.br\/prefeiturauniversitaria\/author\/karolinejordao1\/"}]}},"acf":[],"_links":{"self":[{"href":"https:\/\/institucional.ufrrj.br\/prefeiturauniversitaria\/wp-json\/wp\/v2\/posts\/755","targetHints":{"allow":["GET"]}}],"collection":[{"href":"https:\/\/institucional.ufrrj.br\/prefeiturauniversitaria\/wp-json\/wp\/v2\/posts"}],"about":[{"href":"https:\/\/institucional.ufrrj.br\/prefeiturauniversitaria\/wp-json\/wp\/v2\/types\/post"}],"author":[{"embeddable":true,"href":"https:\/\/institucional.ufrrj.br\/prefeiturauniversitaria\/wp-json\/wp\/v2\/users\/835"}],"replies":[{"embeddable":true,"href":"https:\/\/institucional.ufrrj.br\/prefeiturauniversitaria\/wp-json\/wp\/v2\/comments?post=755"}],"version-history":[{"count":5,"href":"https:\/\/institucional.ufrrj.br\/prefeiturauniversitaria\/wp-json\/wp\/v2\/posts\/755\/revisions"}],"predecessor-version":[{"id":881,"href":"https:\/\/institucional.ufrrj.br\/prefeiturauniversitaria\/wp-json\/wp\/v2\/posts\/755\/revisions\/881"}],"wp:featuredmedia":[{"embeddable":true,"href":"https:\/\/institucional.ufrrj.br\/prefeiturauniversitaria\/wp-json\/wp\/v2\/media\/877"}],"wp:attachment":[{"href":"https:\/\/institucional.ufrrj.br\/prefeiturauniversitaria\/wp-json\/wp\/v2\/media?parent=755"}],"wp:term":[{"taxonomy":"category","embeddable":true,"href":"https:\/\/institucional.ufrrj.br\/prefeiturauniversitaria\/wp-json\/wp\/v2\/categories?post=755"},{"taxonomy":"post_tag","embeddable":true,"href":"https:\/\/institucional.ufrrj.br\/prefeiturauniversitaria\/wp-json\/wp\/v2\/tags?post=755"}],"curies":[{"name":"wp","href":"https:\/\/api.w.org\/{rel}","templated":true}]}}