{"id":1372,"date":"2026-03-10T12:58:08","date_gmt":"2026-03-10T15:58:08","guid":{"rendered":"https:\/\/institucional.ufrrj.br\/prefeiturauniversitaria\/?p=1372"},"modified":"2026-03-10T13:07:06","modified_gmt":"2026-03-10T16:07:06","slug":"comunicado-a-comunidade-academica","status":"publish","type":"post","link":"https:\/\/institucional.ufrrj.br\/prefeiturauniversitaria\/comunicado-a-comunidade-academica\/","title":{"rendered":"Prefeitura Universit\u00e1ria acompanha reparos na rede el\u00e9trica do campus"},"content":{"rendered":"\n<p>Em decorr\u00eancia das fortes chuvas registradas na noite de 08\/03\/2026, a concession\u00e1ria Light realizou, no dia 09\/03\/2026, reparos na rede el\u00e9trica da Universidade Federal Rural do Rio de Janeiro ( UFFRJ).<\/p>\n\n\n\n<p>A Prefeitura Universit\u00e1ria realizou a devida ocorr\u00eancia junto \u00e0 concession\u00e1ria, a fim de agilizar os procedimentos necess\u00e1rios para o restabelecimento e a normaliza\u00e7\u00e3o do fornecimento de energia.<\/p>\n\n\n\n<p>Para solicita\u00e7\u00f5es, registros ou informa\u00e7\u00f5es relacionadas ao servi\u00e7o de energia el\u00e9trica, orientamos que a comunidade acad\u00eamica entre em contato com a Prefeitura Universit\u00e1ria por meio de seus canais oficiais ou pela plataforma de atendimento.<\/p>\n\n\n\n<p>A Prefeitura Universit\u00e1ria segue acompanhando a situa\u00e7\u00e3o at\u00e9 a completa normaliza\u00e7\u00e3o do servi\u00e7o.<\/p>\n\n\n\n<p><\/p>\n","protected":false},"excerpt":{"rendered":"<p>Em decorr\u00eancia das fortes chuvas registradas na noite de 08\/03\/2026, a concession\u00e1ria Light realizou, no dia 09\/03\/2026, reparos na rede <a class=\"read-more\" href=\"https:\/\/institucional.ufrrj.br\/prefeiturauniversitaria\/comunicado-a-comunidade-academica\/ \" >&#8230; <span class=\"font-italic\">leia mais <i class=\"fas fa-angle-right\"><\/i><\/span><\/a><\/p>\n","protected":false},"author":835,"featured_media":1373,"comment_status":"open","ping_status":"open","sticky":false,"template":"","format":"standard","meta":{"_acf_changed":false,"footnotes":""},"categories":[4,1],"tags":[],"class_list":["post-1372","post","type-post","status-publish","format-standard","has-post-thumbnail","hentry","category-noticias","category-sem-categoria"],"yoast_head":"<!-- This site is optimized with the Yoast SEO plugin v27.2 - https:\/\/yoast.com\/product\/yoast-seo-wordpress\/ -->\n<title>Prefeitura Universit\u00e1ria acompanha reparos na rede el\u00e9trica do campus - Prefeitura Universit\u00e1ria<\/title>\n<meta name=\"robots\" content=\"index, follow, max-snippet:-1, max-image-preview:large, max-video-preview:-1\" \/>\n<link rel=\"canonical\" href=\"https:\/\/institucional.ufrrj.br\/prefeiturauniversitaria\/comunicado-a-comunidade-academica\/\" \/>\n<meta property=\"og:locale\" content=\"pt_BR\" \/>\n<meta property=\"og:type\" content=\"article\" \/>\n<meta property=\"og:title\" content=\"Prefeitura Universit\u00e1ria acompanha reparos na rede el\u00e9trica do campus - Prefeitura Universit\u00e1ria\" \/>\n<meta property=\"og:description\" content=\"Em decorr\u00eancia das fortes chuvas registradas na noite de 08\/03\/2026, a concession\u00e1ria Light realizou, no dia 09\/03\/2026, reparos na rede ... leia mais\" \/>\n<meta property=\"og:url\" content=\"https:\/\/institucional.ufrrj.br\/prefeiturauniversitaria\/comunicado-a-comunidade-academica\/\" \/>\n<meta property=\"og:site_name\" content=\"Prefeitura Universit\u00e1ria\" \/>\n<meta property=\"article:published_time\" content=\"2026-03-10T15:58:08+00:00\" \/>\n<meta property=\"article:modified_time\" content=\"2026-03-10T16:07:06+00:00\" \/>\n<meta property=\"og:image\" content=\"https:\/\/institucional.ufrrj.br\/prefeiturauniversitaria\/files\/2026\/03\/Manutencao-Predial-20.jpg\" \/>\n\t<meta property=\"og:image:width\" content=\"1366\" \/>\n\t<meta property=\"og:image:height\" content=\"768\" \/>\n\t<meta property=\"og:image:type\" content=\"image\/jpeg\" \/>\n<meta name=\"author\" content=\"karolinejordao\" \/>\n<meta name=\"twitter:card\" content=\"summary_large_image\" \/>\n<meta name=\"twitter:label1\" content=\"Escrito por\" \/>\n\t<meta name=\"twitter:data1\" content=\"karolinejordao\" \/>\n\t<meta name=\"twitter:label2\" content=\"Est. tempo de leitura\" \/>\n\t<meta name=\"twitter:data2\" content=\"1 minuto\" \/>\n<script type=\"application\/ld+json\" class=\"yoast-schema-graph\">{\"@context\":\"https:\/\/schema.org\",\"@graph\":[{\"@type\":\"Article\",\"@id\":\"https:\/\/institucional.ufrrj.br\/prefeiturauniversitaria\/comunicado-a-comunidade-academica\/#article\",\"isPartOf\":{\"@id\":\"https:\/\/institucional.ufrrj.br\/prefeiturauniversitaria\/comunicado-a-comunidade-academica\/\"},\"author\":{\"name\":\"karolinejordao\",\"@id\":\"https:\/\/institucional.ufrrj.br\/prefeiturauniversitaria\/#\/schema\/person\/3c23fd569a65e30e8922952a3191a728\"},\"headline\":\"Prefeitura Universit\u00e1ria acompanha reparos na rede el\u00e9trica do campus\",\"datePublished\":\"2026-03-10T15:58:08+00:00\",\"dateModified\":\"2026-03-10T16:07:06+00:00\",\"mainEntityOfPage\":{\"@id\":\"https:\/\/institucional.ufrrj.br\/prefeiturauniversitaria\/comunicado-a-comunidade-academica\/\"},\"wordCount\":130,\"commentCount\":0,\"image\":{\"@id\":\"https:\/\/institucional.ufrrj.br\/prefeiturauniversitaria\/comunicado-a-comunidade-academica\/#primaryimage\"},\"thumbnailUrl\":\"https:\/\/institucional.ufrrj.br\/prefeiturauniversitaria\/files\/2026\/03\/Manutencao-Predial-20.jpg\",\"articleSection\":[\"Not\u00edcias\"],\"inLanguage\":\"pt-BR\",\"potentialAction\":[{\"@type\":\"CommentAction\",\"name\":\"Comment\",\"target\":[\"https:\/\/institucional.ufrrj.br\/prefeiturauniversitaria\/comunicado-a-comunidade-academica\/#respond\"]}]},{\"@type\":\"WebPage\",\"@id\":\"https:\/\/institucional.ufrrj.br\/prefeiturauniversitaria\/comunicado-a-comunidade-academica\/\",\"url\":\"https:\/\/institucional.ufrrj.br\/prefeiturauniversitaria\/comunicado-a-comunidade-academica\/\",\"name\":\"Prefeitura Universit\u00e1ria acompanha reparos na rede el\u00e9trica do campus - Prefeitura Universit\u00e1ria\",\"isPartOf\":{\"@id\":\"https:\/\/institucional.ufrrj.br\/prefeiturauniversitaria\/#website\"},\"primaryImageOfPage\":{\"@id\":\"https:\/\/institucional.ufrrj.br\/prefeiturauniversitaria\/comunicado-a-comunidade-academica\/#primaryimage\"},\"image\":{\"@id\":\"https:\/\/institucional.ufrrj.br\/prefeiturauniversitaria\/comunicado-a-comunidade-academica\/#primaryimage\"},\"thumbnailUrl\":\"https:\/\/institucional.ufrrj.br\/prefeiturauniversitaria\/files\/2026\/03\/Manutencao-Predial-20.jpg\",\"datePublished\":\"2026-03-10T15:58:08+00:00\",\"dateModified\":\"2026-03-10T16:07:06+00:00\",\"author\":{\"@id\":\"https:\/\/institucional.ufrrj.br\/prefeiturauniversitaria\/#\/schema\/person\/3c23fd569a65e30e8922952a3191a728\"},\"breadcrumb\":{\"@id\":\"https:\/\/institucional.ufrrj.br\/prefeiturauniversitaria\/comunicado-a-comunidade-academica\/#breadcrumb\"},\"inLanguage\":\"pt-BR\",\"potentialAction\":[{\"@type\":\"ReadAction\",\"target\":[\"https:\/\/institucional.ufrrj.br\/prefeiturauniversitaria\/comunicado-a-comunidade-academica\/\"]}]},{\"@type\":\"ImageObject\",\"inLanguage\":\"pt-BR\",\"@id\":\"https:\/\/institucional.ufrrj.br\/prefeiturauniversitaria\/comunicado-a-comunidade-academica\/#primaryimage\",\"url\":\"https:\/\/institucional.ufrrj.br\/prefeiturauniversitaria\/files\/2026\/03\/Manutencao-Predial-20.jpg\",\"contentUrl\":\"https:\/\/institucional.ufrrj.br\/prefeiturauniversitaria\/files\/2026\/03\/Manutencao-Predial-20.jpg\",\"width\":1366,\"height\":768},{\"@type\":\"BreadcrumbList\",\"@id\":\"https:\/\/institucional.ufrrj.br\/prefeiturauniversitaria\/comunicado-a-comunidade-academica\/#breadcrumb\",\"itemListElement\":[{\"@type\":\"ListItem\",\"position\":1,\"name\":\"In\u00edcio\",\"item\":\"https:\/\/institucional.ufrrj.br\/prefeiturauniversitaria\/\"},{\"@type\":\"ListItem\",\"position\":2,\"name\":\"Prefeitura Universit\u00e1ria acompanha reparos na rede el\u00e9trica do campus\"}]},{\"@type\":\"WebSite\",\"@id\":\"https:\/\/institucional.ufrrj.br\/prefeiturauniversitaria\/#website\",\"url\":\"https:\/\/institucional.ufrrj.br\/prefeiturauniversitaria\/\",\"name\":\"Prefeitura Universit\u00e1ria\",\"description\":\"CAMPUS SEROP\u00c9DICA \u2013 UFRRJ\",\"potentialAction\":[{\"@type\":\"SearchAction\",\"target\":{\"@type\":\"EntryPoint\",\"urlTemplate\":\"https:\/\/institucional.ufrrj.br\/prefeiturauniversitaria\/?s={search_term_string}\"},\"query-input\":{\"@type\":\"PropertyValueSpecification\",\"valueRequired\":true,\"valueName\":\"search_term_string\"}}],\"inLanguage\":\"pt-BR\"},{\"@type\":\"Person\",\"@id\":\"https:\/\/institucional.ufrrj.br\/prefeiturauniversitaria\/#\/schema\/person\/3c23fd569a65e30e8922952a3191a728\",\"name\":\"karolinejordao\",\"image\":{\"@type\":\"ImageObject\",\"inLanguage\":\"pt-BR\",\"@id\":\"https:\/\/secure.gravatar.com\/avatar\/4ba75feffe9df2264913fd30c4d754c5095929c2b25e46320d6de9344258d15c?s=96&d=mm&r=g\",\"url\":\"https:\/\/secure.gravatar.com\/avatar\/4ba75feffe9df2264913fd30c4d754c5095929c2b25e46320d6de9344258d15c?s=96&d=mm&r=g\",\"contentUrl\":\"https:\/\/secure.gravatar.com\/avatar\/4ba75feffe9df2264913fd30c4d754c5095929c2b25e46320d6de9344258d15c?s=96&d=mm&r=g\",\"caption\":\"karolinejordao\"},\"description\":\"Chamado - ID: 31004 (Rural - Seropedica)\",\"url\":\"https:\/\/institucional.ufrrj.br\/prefeiturauniversitaria\/author\/karolinejordao1\/\"}]}<\/script>\n<!-- \/ Yoast SEO plugin. -->","yoast_head_json":{"title":"Prefeitura Universit\u00e1ria acompanha reparos na rede el\u00e9trica do campus - Prefeitura Universit\u00e1ria","robots":{"index":"index","follow":"follow","max-snippet":"max-snippet:-1","max-image-preview":"max-image-preview:large","max-video-preview":"max-video-preview:-1"},"canonical":"https:\/\/institucional.ufrrj.br\/prefeiturauniversitaria\/comunicado-a-comunidade-academica\/","og_locale":"pt_BR","og_type":"article","og_title":"Prefeitura Universit\u00e1ria acompanha reparos na rede el\u00e9trica do campus - Prefeitura Universit\u00e1ria","og_description":"Em decorr\u00eancia das fortes chuvas registradas na noite de 08\/03\/2026, a concession\u00e1ria Light realizou, no dia 09\/03\/2026, reparos na rede ... leia mais","og_url":"https:\/\/institucional.ufrrj.br\/prefeiturauniversitaria\/comunicado-a-comunidade-academica\/","og_site_name":"Prefeitura Universit\u00e1ria","article_published_time":"2026-03-10T15:58:08+00:00","article_modified_time":"2026-03-10T16:07:06+00:00","og_image":[{"width":1366,"height":768,"url":"https:\/\/institucional.ufrrj.br\/prefeiturauniversitaria\/files\/2026\/03\/Manutencao-Predial-20.jpg","type":"image\/jpeg"}],"author":"karolinejordao","twitter_card":"summary_large_image","twitter_misc":{"Escrito por":"karolinejordao","Est. tempo de leitura":"1 minuto"},"schema":{"@context":"https:\/\/schema.org","@graph":[{"@type":"Article","@id":"https:\/\/institucional.ufrrj.br\/prefeiturauniversitaria\/comunicado-a-comunidade-academica\/#article","isPartOf":{"@id":"https:\/\/institucional.ufrrj.br\/prefeiturauniversitaria\/comunicado-a-comunidade-academica\/"},"author":{"name":"karolinejordao","@id":"https:\/\/institucional.ufrrj.br\/prefeiturauniversitaria\/#\/schema\/person\/3c23fd569a65e30e8922952a3191a728"},"headline":"Prefeitura Universit\u00e1ria acompanha reparos na rede el\u00e9trica do campus","datePublished":"2026-03-10T15:58:08+00:00","dateModified":"2026-03-10T16:07:06+00:00","mainEntityOfPage":{"@id":"https:\/\/institucional.ufrrj.br\/prefeiturauniversitaria\/comunicado-a-comunidade-academica\/"},"wordCount":130,"commentCount":0,"image":{"@id":"https:\/\/institucional.ufrrj.br\/prefeiturauniversitaria\/comunicado-a-comunidade-academica\/#primaryimage"},"thumbnailUrl":"https:\/\/institucional.ufrrj.br\/prefeiturauniversitaria\/files\/2026\/03\/Manutencao-Predial-20.jpg","articleSection":["Not\u00edcias"],"inLanguage":"pt-BR","potentialAction":[{"@type":"CommentAction","name":"Comment","target":["https:\/\/institucional.ufrrj.br\/prefeiturauniversitaria\/comunicado-a-comunidade-academica\/#respond"]}]},{"@type":"WebPage","@id":"https:\/\/institucional.ufrrj.br\/prefeiturauniversitaria\/comunicado-a-comunidade-academica\/","url":"https:\/\/institucional.ufrrj.br\/prefeiturauniversitaria\/comunicado-a-comunidade-academica\/","name":"Prefeitura Universit\u00e1ria acompanha reparos na rede el\u00e9trica do campus - Prefeitura Universit\u00e1ria","isPartOf":{"@id":"https:\/\/institucional.ufrrj.br\/prefeiturauniversitaria\/#website"},"primaryImageOfPage":{"@id":"https:\/\/institucional.ufrrj.br\/prefeiturauniversitaria\/comunicado-a-comunidade-academica\/#primaryimage"},"image":{"@id":"https:\/\/institucional.ufrrj.br\/prefeiturauniversitaria\/comunicado-a-comunidade-academica\/#primaryimage"},"thumbnailUrl":"https:\/\/institucional.ufrrj.br\/prefeiturauniversitaria\/files\/2026\/03\/Manutencao-Predial-20.jpg","datePublished":"2026-03-10T15:58:08+00:00","dateModified":"2026-03-10T16:07:06+00:00","author":{"@id":"https:\/\/institucional.ufrrj.br\/prefeiturauniversitaria\/#\/schema\/person\/3c23fd569a65e30e8922952a3191a728"},"breadcrumb":{"@id":"https:\/\/institucional.ufrrj.br\/prefeiturauniversitaria\/comunicado-a-comunidade-academica\/#breadcrumb"},"inLanguage":"pt-BR","potentialAction":[{"@type":"ReadAction","target":["https:\/\/institucional.ufrrj.br\/prefeiturauniversitaria\/comunicado-a-comunidade-academica\/"]}]},{"@type":"ImageObject","inLanguage":"pt-BR","@id":"https:\/\/institucional.ufrrj.br\/prefeiturauniversitaria\/comunicado-a-comunidade-academica\/#primaryimage","url":"https:\/\/institucional.ufrrj.br\/prefeiturauniversitaria\/files\/2026\/03\/Manutencao-Predial-20.jpg","contentUrl":"https:\/\/institucional.ufrrj.br\/prefeiturauniversitaria\/files\/2026\/03\/Manutencao-Predial-20.jpg","width":1366,"height":768},{"@type":"BreadcrumbList","@id":"https:\/\/institucional.ufrrj.br\/prefeiturauniversitaria\/comunicado-a-comunidade-academica\/#breadcrumb","itemListElement":[{"@type":"ListItem","position":1,"name":"In\u00edcio","item":"https:\/\/institucional.ufrrj.br\/prefeiturauniversitaria\/"},{"@type":"ListItem","position":2,"name":"Prefeitura Universit\u00e1ria acompanha reparos na rede el\u00e9trica do campus"}]},{"@type":"WebSite","@id":"https:\/\/institucional.ufrrj.br\/prefeiturauniversitaria\/#website","url":"https:\/\/institucional.ufrrj.br\/prefeiturauniversitaria\/","name":"Prefeitura Universit\u00e1ria","description":"CAMPUS SEROP\u00c9DICA \u2013 UFRRJ","potentialAction":[{"@type":"SearchAction","target":{"@type":"EntryPoint","urlTemplate":"https:\/\/institucional.ufrrj.br\/prefeiturauniversitaria\/?s={search_term_string}"},"query-input":{"@type":"PropertyValueSpecification","valueRequired":true,"valueName":"search_term_string"}}],"inLanguage":"pt-BR"},{"@type":"Person","@id":"https:\/\/institucional.ufrrj.br\/prefeiturauniversitaria\/#\/schema\/person\/3c23fd569a65e30e8922952a3191a728","name":"karolinejordao","image":{"@type":"ImageObject","inLanguage":"pt-BR","@id":"https:\/\/secure.gravatar.com\/avatar\/4ba75feffe9df2264913fd30c4d754c5095929c2b25e46320d6de9344258d15c?s=96&d=mm&r=g","url":"https:\/\/secure.gravatar.com\/avatar\/4ba75feffe9df2264913fd30c4d754c5095929c2b25e46320d6de9344258d15c?s=96&d=mm&r=g","contentUrl":"https:\/\/secure.gravatar.com\/avatar\/4ba75feffe9df2264913fd30c4d754c5095929c2b25e46320d6de9344258d15c?s=96&d=mm&r=g","caption":"karolinejordao"},"description":"Chamado - ID: 31004 (Rural - Seropedica)","url":"https:\/\/institucional.ufrrj.br\/prefeiturauniversitaria\/author\/karolinejordao1\/"}]}},"acf":[],"_links":{"self":[{"href":"https:\/\/institucional.ufrrj.br\/prefeiturauniversitaria\/wp-json\/wp\/v2\/posts\/1372","targetHints":{"allow":["GET"]}}],"collection":[{"href":"https:\/\/institucional.ufrrj.br\/prefeiturauniversitaria\/wp-json\/wp\/v2\/posts"}],"about":[{"href":"https:\/\/institucional.ufrrj.br\/prefeiturauniversitaria\/wp-json\/wp\/v2\/types\/post"}],"author":[{"embeddable":true,"href":"https:\/\/institucional.ufrrj.br\/prefeiturauniversitaria\/wp-json\/wp\/v2\/users\/835"}],"replies":[{"embeddable":true,"href":"https:\/\/institucional.ufrrj.br\/prefeiturauniversitaria\/wp-json\/wp\/v2\/comments?post=1372"}],"version-history":[{"count":2,"href":"https:\/\/institucional.ufrrj.br\/prefeiturauniversitaria\/wp-json\/wp\/v2\/posts\/1372\/revisions"}],"predecessor-version":[{"id":1375,"href":"https:\/\/institucional.ufrrj.br\/prefeiturauniversitaria\/wp-json\/wp\/v2\/posts\/1372\/revisions\/1375"}],"wp:featuredmedia":[{"embeddable":true,"href":"https:\/\/institucional.ufrrj.br\/prefeiturauniversitaria\/wp-json\/wp\/v2\/media\/1373"}],"wp:attachment":[{"href":"https:\/\/institucional.ufrrj.br\/prefeiturauniversitaria\/wp-json\/wp\/v2\/media?parent=1372"}],"wp:term":[{"taxonomy":"category","embeddable":true,"href":"https:\/\/institucional.ufrrj.br\/prefeiturauniversitaria\/wp-json\/wp\/v2\/categories?post=1372"},{"taxonomy":"post_tag","embeddable":true,"href":"https:\/\/institucional.ufrrj.br\/prefeiturauniversitaria\/wp-json\/wp\/v2\/tags?post=1372"}],"curies":[{"name":"wp","href":"https:\/\/api.w.org\/{rel}","templated":true}]}}