{"id":1350,"date":"2025-12-08T08:50:20","date_gmt":"2025-12-08T11:50:20","guid":{"rendered":"https:\/\/institucional.ufrrj.br\/prefeiturauniversitaria\/?p=1350"},"modified":"2025-12-08T08:56:35","modified_gmt":"2025-12-08T11:56:35","slug":"ufrrj-inaugura-revitalizacao-do-lago-do-p1-marco-historico-integrado-ao-urbanismo-e-a-natureza-do-campus","status":"publish","type":"post","link":"https:\/\/institucional.ufrrj.br\/prefeiturauniversitaria\/ufrrj-inaugura-revitalizacao-do-lago-do-p1-marco-historico-integrado-ao-urbanismo-e-a-natureza-do-campus\/","title":{"rendered":"UFRRJ inaugura revitaliza\u00e7\u00e3o do lago do p1, marco hist\u00f3rico integrado ao urbanismo e \u00e0 natureza do campus"},"content":{"rendered":"\n<p>UFRRJ Inaugura Revitaliza\u00e7\u00e3o do Lago do P1, Marco Hist\u00f3rico Integrado ao Urbanismo e \u00e0 Natureza do Campus.<\/p>\n\n\n\n<p>A Universidade Federal Rural do Rio de Janeiro (UFRRJ) celebrou a inaugura\u00e7\u00e3o da revitaliza\u00e7\u00e3o do tradicional lago do Pavilh\u00e3o Central P1, um espa\u00e7o carregado de hist\u00f3ria e significado para gera\u00e7\u00f5es de estudantes, servidores e visitantes. O local, que comp\u00f5e um dos cen\u00e1rios mais emblem\u00e1ticos do campus Serop\u00e9dica, recebeu interven\u00e7\u00f5es que uniram urbanismo, paisagismo e preserva\u00e7\u00e3o ambiental.<\/p>\n\n\n\n<p>A iniciativa foi conduzida pela Prefeitura Universit\u00e1ria, sob a lideran\u00e7a do Prefeito Paulo Chaves, que idealizou o projeto com o objetivo de resgatar a import\u00e2ncia simb\u00f3lica e paisag\u00edstica do lago. A revitaliza\u00e7\u00e3o contemplou melhorias estruturais, recomposi\u00e7\u00e3o visual e integra\u00e7\u00e3o com as \u00e1reas verdes ao redor, refor\u00e7ando a harmonia entre o ambiente constru\u00eddo e a natureza \u2014 marca registrada da UFRRJ.<\/p>\n\n\n\n<p>O trabalho contou com o suporte essencial da equipe de Manuten\u00e7\u00e3o Predial, que atuou de forma dedicada para garantir que cada fase da obra fosse realizada com qualidade, seguran\u00e7a e respeito \u00e0s caracter\u00edsticas hist\u00f3ricas do espa\u00e7o.<\/p>\n\n\n\n<p>A Reitoria, representada pelo Reitor Roberto de Souza Rodrigues, foi fundamental para viabilizar e fortalecer esse projeto, contribuindo para o cont\u00ednuo crescimento da universidade e para a valoriza\u00e7\u00e3o de seus espa\u00e7os comuns. Seu apoio refor\u00e7a o compromisso institucional de promover melhorias que impactam diretamente a vida acad\u00eamica.<\/p>\n\n\n\n<p>A revitaliza\u00e7\u00e3o do lago do P1 n\u00e3o representa apenas uma interven\u00e7\u00e3o f\u00edsica, mas a preserva\u00e7\u00e3o de um patrim\u00f4nio afetivo da UFRRJ, onde urbanismo, mem\u00f3ria e natureza se encontram. O novo espa\u00e7o reafirma a identidade hist\u00f3rica da Rural e se apresenta como um ambiente renovado de conviv\u00eancia, contempla\u00e7\u00e3o e pertencimento para toda a comunidade universit\u00e1ria.<\/p>\n\n\n\n<div class=\"wp-block-group alignwide\"><div class=\"wp-block-group__inner-container is-layout-constrained wp-block-group-is-layout-constrained\">\n<div class=\"wp-block-cover\" style=\"min-height:1024px;aspect-ratio:unset;\"><video class=\"wp-block-cover__video-background intrinsic-ignore\" autoplay muted loop playsinline src=\"https:\/\/institucional.ufrrj.br\/prefeiturauniversitaria\/files\/2025\/12\/WhatsApp-Video-2025-12-08-at-08.42.05-2.mp4\" style=\"object-position:10% 20%\" data-object-fit=\"cover\" data-object-position=\"10% 20%\"><\/video><span aria-hidden=\"true\" class=\"wp-block-cover__background has-background-dim\"><\/span><div class=\"wp-block-cover__inner-container is-layout-flow wp-block-cover-is-layout-flow\">\n<p class=\"has-text-align-center has-large-font-size\"><\/p>\n<\/div><\/div>\n<\/div><\/div>\n\n\n\n<p><\/p>\n","protected":false},"excerpt":{"rendered":"<p>UFRRJ Inaugura Revitaliza\u00e7\u00e3o do Lago do P1, Marco Hist\u00f3rico Integrado ao Urbanismo e \u00e0 Natureza do Campus. A Universidade Federal <a class=\"read-more\" href=\"https:\/\/institucional.ufrrj.br\/prefeiturauniversitaria\/ufrrj-inaugura-revitalizacao-do-lago-do-p1-marco-historico-integrado-ao-urbanismo-e-a-natureza-do-campus\/ \" >&#8230; <span class=\"font-italic\">leia mais <i class=\"fas fa-angle-right\"><\/i><\/span><\/a><\/p>\n","protected":false},"author":835,"featured_media":1351,"comment_status":"open","ping_status":"open","sticky":false,"template":"","format":"standard","meta":{"_acf_changed":false,"footnotes":""},"categories":[4],"tags":[],"class_list":["post-1350","post","type-post","status-publish","format-standard","has-post-thumbnail","hentry","category-noticias"],"yoast_head":"<!-- This site is optimized with the Yoast SEO plugin v27.2 - https:\/\/yoast.com\/product\/yoast-seo-wordpress\/ -->\n<title>UFRRJ inaugura revitaliza\u00e7\u00e3o do lago do p1, marco hist\u00f3rico integrado ao urbanismo e \u00e0 natureza do campus - Prefeitura Universit\u00e1ria<\/title>\n<meta name=\"robots\" content=\"index, follow, max-snippet:-1, max-image-preview:large, max-video-preview:-1\" \/>\n<link rel=\"canonical\" href=\"https:\/\/institucional.ufrrj.br\/prefeiturauniversitaria\/ufrrj-inaugura-revitalizacao-do-lago-do-p1-marco-historico-integrado-ao-urbanismo-e-a-natureza-do-campus\/\" \/>\n<meta property=\"og:locale\" content=\"pt_BR\" \/>\n<meta property=\"og:type\" content=\"article\" \/>\n<meta property=\"og:title\" content=\"UFRRJ inaugura revitaliza\u00e7\u00e3o do lago do p1, marco hist\u00f3rico integrado ao urbanismo e \u00e0 natureza do campus - Prefeitura Universit\u00e1ria\" \/>\n<meta property=\"og:description\" content=\"UFRRJ Inaugura Revitaliza\u00e7\u00e3o do Lago do P1, Marco Hist\u00f3rico Integrado ao Urbanismo e \u00e0 Natureza do Campus. A Universidade Federal ... leia mais\" \/>\n<meta property=\"og:url\" content=\"https:\/\/institucional.ufrrj.br\/prefeiturauniversitaria\/ufrrj-inaugura-revitalizacao-do-lago-do-p1-marco-historico-integrado-ao-urbanismo-e-a-natureza-do-campus\/\" \/>\n<meta property=\"og:site_name\" content=\"Prefeitura Universit\u00e1ria\" \/>\n<meta property=\"article:published_time\" content=\"2025-12-08T11:50:20+00:00\" \/>\n<meta property=\"article:modified_time\" content=\"2025-12-08T11:56:35+00:00\" \/>\n<meta property=\"og:image\" content=\"https:\/\/institucional.ufrrj.br\/prefeiturauniversitaria\/files\/2025\/12\/Manutencao-Predial-19.jpg\" \/>\n\t<meta property=\"og:image:width\" content=\"1366\" \/>\n\t<meta property=\"og:image:height\" content=\"768\" \/>\n\t<meta property=\"og:image:type\" content=\"image\/jpeg\" \/>\n<meta name=\"author\" content=\"karolinejordao\" \/>\n<meta name=\"twitter:card\" content=\"summary_large_image\" \/>\n<meta name=\"twitter:label1\" content=\"Escrito por\" \/>\n\t<meta name=\"twitter:data1\" content=\"karolinejordao\" \/>\n\t<meta name=\"twitter:label2\" content=\"Est. tempo de leitura\" \/>\n\t<meta name=\"twitter:data2\" content=\"2 minutos\" \/>\n<script type=\"application\/ld+json\" class=\"yoast-schema-graph\">{\"@context\":\"https:\/\/schema.org\",\"@graph\":[{\"@type\":\"Article\",\"@id\":\"https:\/\/institucional.ufrrj.br\/prefeiturauniversitaria\/ufrrj-inaugura-revitalizacao-do-lago-do-p1-marco-historico-integrado-ao-urbanismo-e-a-natureza-do-campus\/#article\",\"isPartOf\":{\"@id\":\"https:\/\/institucional.ufrrj.br\/prefeiturauniversitaria\/ufrrj-inaugura-revitalizacao-do-lago-do-p1-marco-historico-integrado-ao-urbanismo-e-a-natureza-do-campus\/\"},\"author\":{\"name\":\"karolinejordao\",\"@id\":\"https:\/\/institucional.ufrrj.br\/prefeiturauniversitaria\/#\/schema\/person\/3c23fd569a65e30e8922952a3191a728\"},\"headline\":\"UFRRJ inaugura revitaliza\u00e7\u00e3o do lago do p1, marco hist\u00f3rico integrado ao urbanismo e \u00e0 natureza do campus\",\"datePublished\":\"2025-12-08T11:50:20+00:00\",\"dateModified\":\"2025-12-08T11:56:35+00:00\",\"mainEntityOfPage\":{\"@id\":\"https:\/\/institucional.ufrrj.br\/prefeiturauniversitaria\/ufrrj-inaugura-revitalizacao-do-lago-do-p1-marco-historico-integrado-ao-urbanismo-e-a-natureza-do-campus\/\"},\"wordCount\":332,\"commentCount\":0,\"image\":{\"@id\":\"https:\/\/institucional.ufrrj.br\/prefeiturauniversitaria\/ufrrj-inaugura-revitalizacao-do-lago-do-p1-marco-historico-integrado-ao-urbanismo-e-a-natureza-do-campus\/#primaryimage\"},\"thumbnailUrl\":\"https:\/\/institucional.ufrrj.br\/prefeiturauniversitaria\/files\/2025\/12\/Manutencao-Predial-19.jpg\",\"articleSection\":[\"Not\u00edcias\"],\"inLanguage\":\"pt-BR\",\"potentialAction\":[{\"@type\":\"CommentAction\",\"name\":\"Comment\",\"target\":[\"https:\/\/institucional.ufrrj.br\/prefeiturauniversitaria\/ufrrj-inaugura-revitalizacao-do-lago-do-p1-marco-historico-integrado-ao-urbanismo-e-a-natureza-do-campus\/#respond\"]}]},{\"@type\":\"WebPage\",\"@id\":\"https:\/\/institucional.ufrrj.br\/prefeiturauniversitaria\/ufrrj-inaugura-revitalizacao-do-lago-do-p1-marco-historico-integrado-ao-urbanismo-e-a-natureza-do-campus\/\",\"url\":\"https:\/\/institucional.ufrrj.br\/prefeiturauniversitaria\/ufrrj-inaugura-revitalizacao-do-lago-do-p1-marco-historico-integrado-ao-urbanismo-e-a-natureza-do-campus\/\",\"name\":\"UFRRJ inaugura revitaliza\u00e7\u00e3o do lago do p1, marco hist\u00f3rico integrado ao urbanismo e \u00e0 natureza do campus - Prefeitura Universit\u00e1ria\",\"isPartOf\":{\"@id\":\"https:\/\/institucional.ufrrj.br\/prefeiturauniversitaria\/#website\"},\"primaryImageOfPage\":{\"@id\":\"https:\/\/institucional.ufrrj.br\/prefeiturauniversitaria\/ufrrj-inaugura-revitalizacao-do-lago-do-p1-marco-historico-integrado-ao-urbanismo-e-a-natureza-do-campus\/#primaryimage\"},\"image\":{\"@id\":\"https:\/\/institucional.ufrrj.br\/prefeiturauniversitaria\/ufrrj-inaugura-revitalizacao-do-lago-do-p1-marco-historico-integrado-ao-urbanismo-e-a-natureza-do-campus\/#primaryimage\"},\"thumbnailUrl\":\"https:\/\/institucional.ufrrj.br\/prefeiturauniversitaria\/files\/2025\/12\/Manutencao-Predial-19.jpg\",\"datePublished\":\"2025-12-08T11:50:20+00:00\",\"dateModified\":\"2025-12-08T11:56:35+00:00\",\"author\":{\"@id\":\"https:\/\/institucional.ufrrj.br\/prefeiturauniversitaria\/#\/schema\/person\/3c23fd569a65e30e8922952a3191a728\"},\"breadcrumb\":{\"@id\":\"https:\/\/institucional.ufrrj.br\/prefeiturauniversitaria\/ufrrj-inaugura-revitalizacao-do-lago-do-p1-marco-historico-integrado-ao-urbanismo-e-a-natureza-do-campus\/#breadcrumb\"},\"inLanguage\":\"pt-BR\",\"potentialAction\":[{\"@type\":\"ReadAction\",\"target\":[\"https:\/\/institucional.ufrrj.br\/prefeiturauniversitaria\/ufrrj-inaugura-revitalizacao-do-lago-do-p1-marco-historico-integrado-ao-urbanismo-e-a-natureza-do-campus\/\"]}]},{\"@type\":\"ImageObject\",\"inLanguage\":\"pt-BR\",\"@id\":\"https:\/\/institucional.ufrrj.br\/prefeiturauniversitaria\/ufrrj-inaugura-revitalizacao-do-lago-do-p1-marco-historico-integrado-ao-urbanismo-e-a-natureza-do-campus\/#primaryimage\",\"url\":\"https:\/\/institucional.ufrrj.br\/prefeiturauniversitaria\/files\/2025\/12\/Manutencao-Predial-19.jpg\",\"contentUrl\":\"https:\/\/institucional.ufrrj.br\/prefeiturauniversitaria\/files\/2025\/12\/Manutencao-Predial-19.jpg\",\"width\":1366,\"height\":768},{\"@type\":\"BreadcrumbList\",\"@id\":\"https:\/\/institucional.ufrrj.br\/prefeiturauniversitaria\/ufrrj-inaugura-revitalizacao-do-lago-do-p1-marco-historico-integrado-ao-urbanismo-e-a-natureza-do-campus\/#breadcrumb\",\"itemListElement\":[{\"@type\":\"ListItem\",\"position\":1,\"name\":\"In\u00edcio\",\"item\":\"https:\/\/institucional.ufrrj.br\/prefeiturauniversitaria\/\"},{\"@type\":\"ListItem\",\"position\":2,\"name\":\"UFRRJ inaugura revitaliza\u00e7\u00e3o do lago do p1, marco hist\u00f3rico integrado ao urbanismo e \u00e0 natureza do campus\"}]},{\"@type\":\"WebSite\",\"@id\":\"https:\/\/institucional.ufrrj.br\/prefeiturauniversitaria\/#website\",\"url\":\"https:\/\/institucional.ufrrj.br\/prefeiturauniversitaria\/\",\"name\":\"Prefeitura Universit\u00e1ria\",\"description\":\"CAMPUS SEROP\u00c9DICA \u2013 UFRRJ\",\"potentialAction\":[{\"@type\":\"SearchAction\",\"target\":{\"@type\":\"EntryPoint\",\"urlTemplate\":\"https:\/\/institucional.ufrrj.br\/prefeiturauniversitaria\/?s={search_term_string}\"},\"query-input\":{\"@type\":\"PropertyValueSpecification\",\"valueRequired\":true,\"valueName\":\"search_term_string\"}}],\"inLanguage\":\"pt-BR\"},{\"@type\":\"Person\",\"@id\":\"https:\/\/institucional.ufrrj.br\/prefeiturauniversitaria\/#\/schema\/person\/3c23fd569a65e30e8922952a3191a728\",\"name\":\"karolinejordao\",\"image\":{\"@type\":\"ImageObject\",\"inLanguage\":\"pt-BR\",\"@id\":\"https:\/\/secure.gravatar.com\/avatar\/4ba75feffe9df2264913fd30c4d754c5095929c2b25e46320d6de9344258d15c?s=96&d=mm&r=g\",\"url\":\"https:\/\/secure.gravatar.com\/avatar\/4ba75feffe9df2264913fd30c4d754c5095929c2b25e46320d6de9344258d15c?s=96&d=mm&r=g\",\"contentUrl\":\"https:\/\/secure.gravatar.com\/avatar\/4ba75feffe9df2264913fd30c4d754c5095929c2b25e46320d6de9344258d15c?s=96&d=mm&r=g\",\"caption\":\"karolinejordao\"},\"description\":\"Chamado - ID: 31004 (Rural - Seropedica)\",\"url\":\"https:\/\/institucional.ufrrj.br\/prefeiturauniversitaria\/author\/karolinejordao1\/\"}]}<\/script>\n<!-- \/ Yoast SEO plugin. -->","yoast_head_json":{"title":"UFRRJ inaugura revitaliza\u00e7\u00e3o do lago do p1, marco hist\u00f3rico integrado ao urbanismo e \u00e0 natureza do campus - Prefeitura Universit\u00e1ria","robots":{"index":"index","follow":"follow","max-snippet":"max-snippet:-1","max-image-preview":"max-image-preview:large","max-video-preview":"max-video-preview:-1"},"canonical":"https:\/\/institucional.ufrrj.br\/prefeiturauniversitaria\/ufrrj-inaugura-revitalizacao-do-lago-do-p1-marco-historico-integrado-ao-urbanismo-e-a-natureza-do-campus\/","og_locale":"pt_BR","og_type":"article","og_title":"UFRRJ inaugura revitaliza\u00e7\u00e3o do lago do p1, marco hist\u00f3rico integrado ao urbanismo e \u00e0 natureza do campus - Prefeitura Universit\u00e1ria","og_description":"UFRRJ Inaugura Revitaliza\u00e7\u00e3o do Lago do P1, Marco Hist\u00f3rico Integrado ao Urbanismo e \u00e0 Natureza do Campus. A Universidade Federal ... leia mais","og_url":"https:\/\/institucional.ufrrj.br\/prefeiturauniversitaria\/ufrrj-inaugura-revitalizacao-do-lago-do-p1-marco-historico-integrado-ao-urbanismo-e-a-natureza-do-campus\/","og_site_name":"Prefeitura Universit\u00e1ria","article_published_time":"2025-12-08T11:50:20+00:00","article_modified_time":"2025-12-08T11:56:35+00:00","og_image":[{"width":1366,"height":768,"url":"https:\/\/institucional.ufrrj.br\/prefeiturauniversitaria\/files\/2025\/12\/Manutencao-Predial-19.jpg","type":"image\/jpeg"}],"author":"karolinejordao","twitter_card":"summary_large_image","twitter_misc":{"Escrito por":"karolinejordao","Est. tempo de leitura":"2 minutos"},"schema":{"@context":"https:\/\/schema.org","@graph":[{"@type":"Article","@id":"https:\/\/institucional.ufrrj.br\/prefeiturauniversitaria\/ufrrj-inaugura-revitalizacao-do-lago-do-p1-marco-historico-integrado-ao-urbanismo-e-a-natureza-do-campus\/#article","isPartOf":{"@id":"https:\/\/institucional.ufrrj.br\/prefeiturauniversitaria\/ufrrj-inaugura-revitalizacao-do-lago-do-p1-marco-historico-integrado-ao-urbanismo-e-a-natureza-do-campus\/"},"author":{"name":"karolinejordao","@id":"https:\/\/institucional.ufrrj.br\/prefeiturauniversitaria\/#\/schema\/person\/3c23fd569a65e30e8922952a3191a728"},"headline":"UFRRJ inaugura revitaliza\u00e7\u00e3o do lago do p1, marco hist\u00f3rico integrado ao urbanismo e \u00e0 natureza do campus","datePublished":"2025-12-08T11:50:20+00:00","dateModified":"2025-12-08T11:56:35+00:00","mainEntityOfPage":{"@id":"https:\/\/institucional.ufrrj.br\/prefeiturauniversitaria\/ufrrj-inaugura-revitalizacao-do-lago-do-p1-marco-historico-integrado-ao-urbanismo-e-a-natureza-do-campus\/"},"wordCount":332,"commentCount":0,"image":{"@id":"https:\/\/institucional.ufrrj.br\/prefeiturauniversitaria\/ufrrj-inaugura-revitalizacao-do-lago-do-p1-marco-historico-integrado-ao-urbanismo-e-a-natureza-do-campus\/#primaryimage"},"thumbnailUrl":"https:\/\/institucional.ufrrj.br\/prefeiturauniversitaria\/files\/2025\/12\/Manutencao-Predial-19.jpg","articleSection":["Not\u00edcias"],"inLanguage":"pt-BR","potentialAction":[{"@type":"CommentAction","name":"Comment","target":["https:\/\/institucional.ufrrj.br\/prefeiturauniversitaria\/ufrrj-inaugura-revitalizacao-do-lago-do-p1-marco-historico-integrado-ao-urbanismo-e-a-natureza-do-campus\/#respond"]}]},{"@type":"WebPage","@id":"https:\/\/institucional.ufrrj.br\/prefeiturauniversitaria\/ufrrj-inaugura-revitalizacao-do-lago-do-p1-marco-historico-integrado-ao-urbanismo-e-a-natureza-do-campus\/","url":"https:\/\/institucional.ufrrj.br\/prefeiturauniversitaria\/ufrrj-inaugura-revitalizacao-do-lago-do-p1-marco-historico-integrado-ao-urbanismo-e-a-natureza-do-campus\/","name":"UFRRJ inaugura revitaliza\u00e7\u00e3o do lago do p1, marco hist\u00f3rico integrado ao urbanismo e \u00e0 natureza do campus - Prefeitura Universit\u00e1ria","isPartOf":{"@id":"https:\/\/institucional.ufrrj.br\/prefeiturauniversitaria\/#website"},"primaryImageOfPage":{"@id":"https:\/\/institucional.ufrrj.br\/prefeiturauniversitaria\/ufrrj-inaugura-revitalizacao-do-lago-do-p1-marco-historico-integrado-ao-urbanismo-e-a-natureza-do-campus\/#primaryimage"},"image":{"@id":"https:\/\/institucional.ufrrj.br\/prefeiturauniversitaria\/ufrrj-inaugura-revitalizacao-do-lago-do-p1-marco-historico-integrado-ao-urbanismo-e-a-natureza-do-campus\/#primaryimage"},"thumbnailUrl":"https:\/\/institucional.ufrrj.br\/prefeiturauniversitaria\/files\/2025\/12\/Manutencao-Predial-19.jpg","datePublished":"2025-12-08T11:50:20+00:00","dateModified":"2025-12-08T11:56:35+00:00","author":{"@id":"https:\/\/institucional.ufrrj.br\/prefeiturauniversitaria\/#\/schema\/person\/3c23fd569a65e30e8922952a3191a728"},"breadcrumb":{"@id":"https:\/\/institucional.ufrrj.br\/prefeiturauniversitaria\/ufrrj-inaugura-revitalizacao-do-lago-do-p1-marco-historico-integrado-ao-urbanismo-e-a-natureza-do-campus\/#breadcrumb"},"inLanguage":"pt-BR","potentialAction":[{"@type":"ReadAction","target":["https:\/\/institucional.ufrrj.br\/prefeiturauniversitaria\/ufrrj-inaugura-revitalizacao-do-lago-do-p1-marco-historico-integrado-ao-urbanismo-e-a-natureza-do-campus\/"]}]},{"@type":"ImageObject","inLanguage":"pt-BR","@id":"https:\/\/institucional.ufrrj.br\/prefeiturauniversitaria\/ufrrj-inaugura-revitalizacao-do-lago-do-p1-marco-historico-integrado-ao-urbanismo-e-a-natureza-do-campus\/#primaryimage","url":"https:\/\/institucional.ufrrj.br\/prefeiturauniversitaria\/files\/2025\/12\/Manutencao-Predial-19.jpg","contentUrl":"https:\/\/institucional.ufrrj.br\/prefeiturauniversitaria\/files\/2025\/12\/Manutencao-Predial-19.jpg","width":1366,"height":768},{"@type":"BreadcrumbList","@id":"https:\/\/institucional.ufrrj.br\/prefeiturauniversitaria\/ufrrj-inaugura-revitalizacao-do-lago-do-p1-marco-historico-integrado-ao-urbanismo-e-a-natureza-do-campus\/#breadcrumb","itemListElement":[{"@type":"ListItem","position":1,"name":"In\u00edcio","item":"https:\/\/institucional.ufrrj.br\/prefeiturauniversitaria\/"},{"@type":"ListItem","position":2,"name":"UFRRJ inaugura revitaliza\u00e7\u00e3o do lago do p1, marco hist\u00f3rico integrado ao urbanismo e \u00e0 natureza do campus"}]},{"@type":"WebSite","@id":"https:\/\/institucional.ufrrj.br\/prefeiturauniversitaria\/#website","url":"https:\/\/institucional.ufrrj.br\/prefeiturauniversitaria\/","name":"Prefeitura Universit\u00e1ria","description":"CAMPUS SEROP\u00c9DICA \u2013 UFRRJ","potentialAction":[{"@type":"SearchAction","target":{"@type":"EntryPoint","urlTemplate":"https:\/\/institucional.ufrrj.br\/prefeiturauniversitaria\/?s={search_term_string}"},"query-input":{"@type":"PropertyValueSpecification","valueRequired":true,"valueName":"search_term_string"}}],"inLanguage":"pt-BR"},{"@type":"Person","@id":"https:\/\/institucional.ufrrj.br\/prefeiturauniversitaria\/#\/schema\/person\/3c23fd569a65e30e8922952a3191a728","name":"karolinejordao","image":{"@type":"ImageObject","inLanguage":"pt-BR","@id":"https:\/\/secure.gravatar.com\/avatar\/4ba75feffe9df2264913fd30c4d754c5095929c2b25e46320d6de9344258d15c?s=96&d=mm&r=g","url":"https:\/\/secure.gravatar.com\/avatar\/4ba75feffe9df2264913fd30c4d754c5095929c2b25e46320d6de9344258d15c?s=96&d=mm&r=g","contentUrl":"https:\/\/secure.gravatar.com\/avatar\/4ba75feffe9df2264913fd30c4d754c5095929c2b25e46320d6de9344258d15c?s=96&d=mm&r=g","caption":"karolinejordao"},"description":"Chamado - ID: 31004 (Rural - Seropedica)","url":"https:\/\/institucional.ufrrj.br\/prefeiturauniversitaria\/author\/karolinejordao1\/"}]}},"acf":[],"_links":{"self":[{"href":"https:\/\/institucional.ufrrj.br\/prefeiturauniversitaria\/wp-json\/wp\/v2\/posts\/1350","targetHints":{"allow":["GET"]}}],"collection":[{"href":"https:\/\/institucional.ufrrj.br\/prefeiturauniversitaria\/wp-json\/wp\/v2\/posts"}],"about":[{"href":"https:\/\/institucional.ufrrj.br\/prefeiturauniversitaria\/wp-json\/wp\/v2\/types\/post"}],"author":[{"embeddable":true,"href":"https:\/\/institucional.ufrrj.br\/prefeiturauniversitaria\/wp-json\/wp\/v2\/users\/835"}],"replies":[{"embeddable":true,"href":"https:\/\/institucional.ufrrj.br\/prefeiturauniversitaria\/wp-json\/wp\/v2\/comments?post=1350"}],"version-history":[{"count":1,"href":"https:\/\/institucional.ufrrj.br\/prefeiturauniversitaria\/wp-json\/wp\/v2\/posts\/1350\/revisions"}],"predecessor-version":[{"id":1357,"href":"https:\/\/institucional.ufrrj.br\/prefeiturauniversitaria\/wp-json\/wp\/v2\/posts\/1350\/revisions\/1357"}],"wp:featuredmedia":[{"embeddable":true,"href":"https:\/\/institucional.ufrrj.br\/prefeiturauniversitaria\/wp-json\/wp\/v2\/media\/1351"}],"wp:attachment":[{"href":"https:\/\/institucional.ufrrj.br\/prefeiturauniversitaria\/wp-json\/wp\/v2\/media?parent=1350"}],"wp:term":[{"taxonomy":"category","embeddable":true,"href":"https:\/\/institucional.ufrrj.br\/prefeiturauniversitaria\/wp-json\/wp\/v2\/categories?post=1350"},{"taxonomy":"post_tag","embeddable":true,"href":"https:\/\/institucional.ufrrj.br\/prefeiturauniversitaria\/wp-json\/wp\/v2\/tags?post=1350"}],"curies":[{"name":"wp","href":"https:\/\/api.w.org\/{rel}","templated":true}]}}