{"id":1338,"date":"2025-12-02T14:57:19","date_gmt":"2025-12-02T17:57:19","guid":{"rendered":"https:\/\/institucional.ufrrj.br\/prefeiturauniversitaria\/?p=1338"},"modified":"2025-12-04T08:41:55","modified_gmt":"2025-12-04T11:41:55","slug":"comunicado-importante-interrupcao-temporaria-no-abastecimento-de-agua","status":"publish","type":"post","link":"https:\/\/institucional.ufrrj.br\/prefeiturauniversitaria\/comunicado-importante-interrupcao-temporaria-no-abastecimento-de-agua\/","title":{"rendered":"Comunicado Importante &#8211; Interrup\u00e7\u00e3o Tempor\u00e1ria no Abastecimento de \u00c1gua"},"content":{"rendered":"\n<p><\/p>\n\n\n\n<p><\/p>\n\n\n\n<p><\/p>\n\n\n\n<p>A Prefeitura Universit\u00e1ria da UFRRJ informa que, devido a um vazamento identificado no Bairro Ecologia, ser\u00e1 necess\u00e1rio realizar o fechamento tempor\u00e1rio do registro de abastecimento localizado na Universidade para execu\u00e7\u00e3o de reparos emergenciais.<\/p>\n\n\n\n<p>A interrup\u00e7\u00e3o ocorrer\u00e1 na quinta &#8211; feira, dia 04\/12\/2025, das 08h \u00e0s 12h.<\/p>\n\n\n\n<p>A medida \u00e9 indispens\u00e1vel para garantir a seguran\u00e7a da rede e permitir que a equipe t\u00e9cnica atue com agilidade e efici\u00eancia na conten\u00e7\u00e3o do vazamento.<\/p>\n\n\n\n<p>Durante o per\u00edodo informado, o abastecimento de \u00e1gua poder\u00e1 apresentar intermit\u00eancia ou ser temporariamente interrompido. Assim que os servi\u00e7os forem finalizados, o fornecimento ser\u00e1 restabelecido.<\/p>\n\n\n\n<p>Agradecemos a compreens\u00e3o de todos.<\/p>\n\n\n\n<p>Prefeitura Universit\u00e1ria \u2013 UFRRJ<\/p>\n","protected":false},"excerpt":{"rendered":"<p>A Prefeitura Universit\u00e1ria da UFRRJ informa que, devido a um vazamento identificado no Bairro Ecologia, ser\u00e1 necess\u00e1rio realizar o fechamento <a class=\"read-more\" href=\"https:\/\/institucional.ufrrj.br\/prefeiturauniversitaria\/comunicado-importante-interrupcao-temporaria-no-abastecimento-de-agua\/ \" >&#8230; <span class=\"font-italic\">leia mais <i class=\"fas fa-angle-right\"><\/i><\/span><\/a><\/p>\n","protected":false},"author":835,"featured_media":1341,"comment_status":"open","ping_status":"open","sticky":false,"template":"","format":"standard","meta":{"_acf_changed":false,"footnotes":""},"categories":[4],"tags":[],"class_list":["post-1338","post","type-post","status-publish","format-standard","has-post-thumbnail","hentry","category-noticias"],"yoast_head":"<!-- This site is optimized with the Yoast SEO plugin v27.2 - https:\/\/yoast.com\/product\/yoast-seo-wordpress\/ -->\n<title>Comunicado Importante - Interrup\u00e7\u00e3o Tempor\u00e1ria no Abastecimento de \u00c1gua - Prefeitura Universit\u00e1ria<\/title>\n<meta name=\"robots\" content=\"index, follow, max-snippet:-1, max-image-preview:large, max-video-preview:-1\" \/>\n<link rel=\"canonical\" href=\"https:\/\/institucional.ufrrj.br\/prefeiturauniversitaria\/comunicado-importante-interrupcao-temporaria-no-abastecimento-de-agua\/\" \/>\n<meta property=\"og:locale\" content=\"pt_BR\" \/>\n<meta property=\"og:type\" content=\"article\" \/>\n<meta property=\"og:title\" content=\"Comunicado Importante - Interrup\u00e7\u00e3o Tempor\u00e1ria no Abastecimento de \u00c1gua - Prefeitura Universit\u00e1ria\" \/>\n<meta property=\"og:description\" content=\"A Prefeitura Universit\u00e1ria da UFRRJ informa que, devido a um vazamento identificado no Bairro Ecologia, ser\u00e1 necess\u00e1rio realizar o fechamento ... leia mais\" \/>\n<meta property=\"og:url\" content=\"https:\/\/institucional.ufrrj.br\/prefeiturauniversitaria\/comunicado-importante-interrupcao-temporaria-no-abastecimento-de-agua\/\" \/>\n<meta property=\"og:site_name\" content=\"Prefeitura Universit\u00e1ria\" \/>\n<meta property=\"article:published_time\" content=\"2025-12-02T17:57:19+00:00\" \/>\n<meta property=\"article:modified_time\" content=\"2025-12-04T11:41:55+00:00\" \/>\n<meta property=\"og:image\" content=\"https:\/\/institucional.ufrrj.br\/prefeiturauniversitaria\/files\/2025\/12\/Manutencao-Predial-17.jpg\" \/>\n\t<meta property=\"og:image:width\" content=\"1366\" \/>\n\t<meta property=\"og:image:height\" content=\"768\" \/>\n\t<meta property=\"og:image:type\" content=\"image\/jpeg\" \/>\n<meta name=\"author\" content=\"karolinejordao\" \/>\n<meta name=\"twitter:card\" content=\"summary_large_image\" \/>\n<meta name=\"twitter:label1\" content=\"Escrito por\" \/>\n\t<meta name=\"twitter:data1\" content=\"karolinejordao\" \/>\n\t<meta name=\"twitter:label2\" content=\"Est. tempo de leitura\" \/>\n\t<meta name=\"twitter:data2\" content=\"1 minuto\" \/>\n<script type=\"application\/ld+json\" class=\"yoast-schema-graph\">{\"@context\":\"https:\/\/schema.org\",\"@graph\":[{\"@type\":\"Article\",\"@id\":\"https:\/\/institucional.ufrrj.br\/prefeiturauniversitaria\/comunicado-importante-interrupcao-temporaria-no-abastecimento-de-agua\/#article\",\"isPartOf\":{\"@id\":\"https:\/\/institucional.ufrrj.br\/prefeiturauniversitaria\/comunicado-importante-interrupcao-temporaria-no-abastecimento-de-agua\/\"},\"author\":{\"name\":\"karolinejordao\",\"@id\":\"https:\/\/institucional.ufrrj.br\/prefeiturauniversitaria\/#\/schema\/person\/3c23fd569a65e30e8922952a3191a728\"},\"headline\":\"Comunicado Importante &#8211; Interrup\u00e7\u00e3o Tempor\u00e1ria no Abastecimento de \u00c1gua\",\"datePublished\":\"2025-12-02T17:57:19+00:00\",\"dateModified\":\"2025-12-04T11:41:55+00:00\",\"mainEntityOfPage\":{\"@id\":\"https:\/\/institucional.ufrrj.br\/prefeiturauniversitaria\/comunicado-importante-interrupcao-temporaria-no-abastecimento-de-agua\/\"},\"wordCount\":128,\"commentCount\":0,\"image\":{\"@id\":\"https:\/\/institucional.ufrrj.br\/prefeiturauniversitaria\/comunicado-importante-interrupcao-temporaria-no-abastecimento-de-agua\/#primaryimage\"},\"thumbnailUrl\":\"https:\/\/institucional.ufrrj.br\/prefeiturauniversitaria\/files\/2025\/12\/Manutencao-Predial-17.jpg\",\"articleSection\":[\"Not\u00edcias\"],\"inLanguage\":\"pt-BR\",\"potentialAction\":[{\"@type\":\"CommentAction\",\"name\":\"Comment\",\"target\":[\"https:\/\/institucional.ufrrj.br\/prefeiturauniversitaria\/comunicado-importante-interrupcao-temporaria-no-abastecimento-de-agua\/#respond\"]}]},{\"@type\":\"WebPage\",\"@id\":\"https:\/\/institucional.ufrrj.br\/prefeiturauniversitaria\/comunicado-importante-interrupcao-temporaria-no-abastecimento-de-agua\/\",\"url\":\"https:\/\/institucional.ufrrj.br\/prefeiturauniversitaria\/comunicado-importante-interrupcao-temporaria-no-abastecimento-de-agua\/\",\"name\":\"Comunicado Importante - Interrup\u00e7\u00e3o Tempor\u00e1ria no Abastecimento de \u00c1gua - Prefeitura Universit\u00e1ria\",\"isPartOf\":{\"@id\":\"https:\/\/institucional.ufrrj.br\/prefeiturauniversitaria\/#website\"},\"primaryImageOfPage\":{\"@id\":\"https:\/\/institucional.ufrrj.br\/prefeiturauniversitaria\/comunicado-importante-interrupcao-temporaria-no-abastecimento-de-agua\/#primaryimage\"},\"image\":{\"@id\":\"https:\/\/institucional.ufrrj.br\/prefeiturauniversitaria\/comunicado-importante-interrupcao-temporaria-no-abastecimento-de-agua\/#primaryimage\"},\"thumbnailUrl\":\"https:\/\/institucional.ufrrj.br\/prefeiturauniversitaria\/files\/2025\/12\/Manutencao-Predial-17.jpg\",\"datePublished\":\"2025-12-02T17:57:19+00:00\",\"dateModified\":\"2025-12-04T11:41:55+00:00\",\"author\":{\"@id\":\"https:\/\/institucional.ufrrj.br\/prefeiturauniversitaria\/#\/schema\/person\/3c23fd569a65e30e8922952a3191a728\"},\"breadcrumb\":{\"@id\":\"https:\/\/institucional.ufrrj.br\/prefeiturauniversitaria\/comunicado-importante-interrupcao-temporaria-no-abastecimento-de-agua\/#breadcrumb\"},\"inLanguage\":\"pt-BR\",\"potentialAction\":[{\"@type\":\"ReadAction\",\"target\":[\"https:\/\/institucional.ufrrj.br\/prefeiturauniversitaria\/comunicado-importante-interrupcao-temporaria-no-abastecimento-de-agua\/\"]}]},{\"@type\":\"ImageObject\",\"inLanguage\":\"pt-BR\",\"@id\":\"https:\/\/institucional.ufrrj.br\/prefeiturauniversitaria\/comunicado-importante-interrupcao-temporaria-no-abastecimento-de-agua\/#primaryimage\",\"url\":\"https:\/\/institucional.ufrrj.br\/prefeiturauniversitaria\/files\/2025\/12\/Manutencao-Predial-17.jpg\",\"contentUrl\":\"https:\/\/institucional.ufrrj.br\/prefeiturauniversitaria\/files\/2025\/12\/Manutencao-Predial-17.jpg\",\"width\":1366,\"height\":768},{\"@type\":\"BreadcrumbList\",\"@id\":\"https:\/\/institucional.ufrrj.br\/prefeiturauniversitaria\/comunicado-importante-interrupcao-temporaria-no-abastecimento-de-agua\/#breadcrumb\",\"itemListElement\":[{\"@type\":\"ListItem\",\"position\":1,\"name\":\"In\u00edcio\",\"item\":\"https:\/\/institucional.ufrrj.br\/prefeiturauniversitaria\/\"},{\"@type\":\"ListItem\",\"position\":2,\"name\":\"Comunicado Importante &#8211; Interrup\u00e7\u00e3o Tempor\u00e1ria no Abastecimento de \u00c1gua\"}]},{\"@type\":\"WebSite\",\"@id\":\"https:\/\/institucional.ufrrj.br\/prefeiturauniversitaria\/#website\",\"url\":\"https:\/\/institucional.ufrrj.br\/prefeiturauniversitaria\/\",\"name\":\"Prefeitura Universit\u00e1ria\",\"description\":\"CAMPUS SEROP\u00c9DICA \u2013 UFRRJ\",\"potentialAction\":[{\"@type\":\"SearchAction\",\"target\":{\"@type\":\"EntryPoint\",\"urlTemplate\":\"https:\/\/institucional.ufrrj.br\/prefeiturauniversitaria\/?s={search_term_string}\"},\"query-input\":{\"@type\":\"PropertyValueSpecification\",\"valueRequired\":true,\"valueName\":\"search_term_string\"}}],\"inLanguage\":\"pt-BR\"},{\"@type\":\"Person\",\"@id\":\"https:\/\/institucional.ufrrj.br\/prefeiturauniversitaria\/#\/schema\/person\/3c23fd569a65e30e8922952a3191a728\",\"name\":\"karolinejordao\",\"image\":{\"@type\":\"ImageObject\",\"inLanguage\":\"pt-BR\",\"@id\":\"https:\/\/secure.gravatar.com\/avatar\/4ba75feffe9df2264913fd30c4d754c5095929c2b25e46320d6de9344258d15c?s=96&d=mm&r=g\",\"url\":\"https:\/\/secure.gravatar.com\/avatar\/4ba75feffe9df2264913fd30c4d754c5095929c2b25e46320d6de9344258d15c?s=96&d=mm&r=g\",\"contentUrl\":\"https:\/\/secure.gravatar.com\/avatar\/4ba75feffe9df2264913fd30c4d754c5095929c2b25e46320d6de9344258d15c?s=96&d=mm&r=g\",\"caption\":\"karolinejordao\"},\"description\":\"Chamado - ID: 31004 (Rural - Seropedica)\",\"url\":\"https:\/\/institucional.ufrrj.br\/prefeiturauniversitaria\/author\/karolinejordao1\/\"}]}<\/script>\n<!-- \/ Yoast SEO plugin. -->","yoast_head_json":{"title":"Comunicado Importante - Interrup\u00e7\u00e3o Tempor\u00e1ria no Abastecimento de \u00c1gua - Prefeitura Universit\u00e1ria","robots":{"index":"index","follow":"follow","max-snippet":"max-snippet:-1","max-image-preview":"max-image-preview:large","max-video-preview":"max-video-preview:-1"},"canonical":"https:\/\/institucional.ufrrj.br\/prefeiturauniversitaria\/comunicado-importante-interrupcao-temporaria-no-abastecimento-de-agua\/","og_locale":"pt_BR","og_type":"article","og_title":"Comunicado Importante - Interrup\u00e7\u00e3o Tempor\u00e1ria no Abastecimento de \u00c1gua - Prefeitura Universit\u00e1ria","og_description":"A Prefeitura Universit\u00e1ria da UFRRJ informa que, devido a um vazamento identificado no Bairro Ecologia, ser\u00e1 necess\u00e1rio realizar o fechamento ... leia mais","og_url":"https:\/\/institucional.ufrrj.br\/prefeiturauniversitaria\/comunicado-importante-interrupcao-temporaria-no-abastecimento-de-agua\/","og_site_name":"Prefeitura Universit\u00e1ria","article_published_time":"2025-12-02T17:57:19+00:00","article_modified_time":"2025-12-04T11:41:55+00:00","og_image":[{"width":1366,"height":768,"url":"https:\/\/institucional.ufrrj.br\/prefeiturauniversitaria\/files\/2025\/12\/Manutencao-Predial-17.jpg","type":"image\/jpeg"}],"author":"karolinejordao","twitter_card":"summary_large_image","twitter_misc":{"Escrito por":"karolinejordao","Est. tempo de leitura":"1 minuto"},"schema":{"@context":"https:\/\/schema.org","@graph":[{"@type":"Article","@id":"https:\/\/institucional.ufrrj.br\/prefeiturauniversitaria\/comunicado-importante-interrupcao-temporaria-no-abastecimento-de-agua\/#article","isPartOf":{"@id":"https:\/\/institucional.ufrrj.br\/prefeiturauniversitaria\/comunicado-importante-interrupcao-temporaria-no-abastecimento-de-agua\/"},"author":{"name":"karolinejordao","@id":"https:\/\/institucional.ufrrj.br\/prefeiturauniversitaria\/#\/schema\/person\/3c23fd569a65e30e8922952a3191a728"},"headline":"Comunicado Importante &#8211; Interrup\u00e7\u00e3o Tempor\u00e1ria no Abastecimento de \u00c1gua","datePublished":"2025-12-02T17:57:19+00:00","dateModified":"2025-12-04T11:41:55+00:00","mainEntityOfPage":{"@id":"https:\/\/institucional.ufrrj.br\/prefeiturauniversitaria\/comunicado-importante-interrupcao-temporaria-no-abastecimento-de-agua\/"},"wordCount":128,"commentCount":0,"image":{"@id":"https:\/\/institucional.ufrrj.br\/prefeiturauniversitaria\/comunicado-importante-interrupcao-temporaria-no-abastecimento-de-agua\/#primaryimage"},"thumbnailUrl":"https:\/\/institucional.ufrrj.br\/prefeiturauniversitaria\/files\/2025\/12\/Manutencao-Predial-17.jpg","articleSection":["Not\u00edcias"],"inLanguage":"pt-BR","potentialAction":[{"@type":"CommentAction","name":"Comment","target":["https:\/\/institucional.ufrrj.br\/prefeiturauniversitaria\/comunicado-importante-interrupcao-temporaria-no-abastecimento-de-agua\/#respond"]}]},{"@type":"WebPage","@id":"https:\/\/institucional.ufrrj.br\/prefeiturauniversitaria\/comunicado-importante-interrupcao-temporaria-no-abastecimento-de-agua\/","url":"https:\/\/institucional.ufrrj.br\/prefeiturauniversitaria\/comunicado-importante-interrupcao-temporaria-no-abastecimento-de-agua\/","name":"Comunicado Importante - Interrup\u00e7\u00e3o Tempor\u00e1ria no Abastecimento de \u00c1gua - Prefeitura Universit\u00e1ria","isPartOf":{"@id":"https:\/\/institucional.ufrrj.br\/prefeiturauniversitaria\/#website"},"primaryImageOfPage":{"@id":"https:\/\/institucional.ufrrj.br\/prefeiturauniversitaria\/comunicado-importante-interrupcao-temporaria-no-abastecimento-de-agua\/#primaryimage"},"image":{"@id":"https:\/\/institucional.ufrrj.br\/prefeiturauniversitaria\/comunicado-importante-interrupcao-temporaria-no-abastecimento-de-agua\/#primaryimage"},"thumbnailUrl":"https:\/\/institucional.ufrrj.br\/prefeiturauniversitaria\/files\/2025\/12\/Manutencao-Predial-17.jpg","datePublished":"2025-12-02T17:57:19+00:00","dateModified":"2025-12-04T11:41:55+00:00","author":{"@id":"https:\/\/institucional.ufrrj.br\/prefeiturauniversitaria\/#\/schema\/person\/3c23fd569a65e30e8922952a3191a728"},"breadcrumb":{"@id":"https:\/\/institucional.ufrrj.br\/prefeiturauniversitaria\/comunicado-importante-interrupcao-temporaria-no-abastecimento-de-agua\/#breadcrumb"},"inLanguage":"pt-BR","potentialAction":[{"@type":"ReadAction","target":["https:\/\/institucional.ufrrj.br\/prefeiturauniversitaria\/comunicado-importante-interrupcao-temporaria-no-abastecimento-de-agua\/"]}]},{"@type":"ImageObject","inLanguage":"pt-BR","@id":"https:\/\/institucional.ufrrj.br\/prefeiturauniversitaria\/comunicado-importante-interrupcao-temporaria-no-abastecimento-de-agua\/#primaryimage","url":"https:\/\/institucional.ufrrj.br\/prefeiturauniversitaria\/files\/2025\/12\/Manutencao-Predial-17.jpg","contentUrl":"https:\/\/institucional.ufrrj.br\/prefeiturauniversitaria\/files\/2025\/12\/Manutencao-Predial-17.jpg","width":1366,"height":768},{"@type":"BreadcrumbList","@id":"https:\/\/institucional.ufrrj.br\/prefeiturauniversitaria\/comunicado-importante-interrupcao-temporaria-no-abastecimento-de-agua\/#breadcrumb","itemListElement":[{"@type":"ListItem","position":1,"name":"In\u00edcio","item":"https:\/\/institucional.ufrrj.br\/prefeiturauniversitaria\/"},{"@type":"ListItem","position":2,"name":"Comunicado Importante &#8211; Interrup\u00e7\u00e3o Tempor\u00e1ria no Abastecimento de \u00c1gua"}]},{"@type":"WebSite","@id":"https:\/\/institucional.ufrrj.br\/prefeiturauniversitaria\/#website","url":"https:\/\/institucional.ufrrj.br\/prefeiturauniversitaria\/","name":"Prefeitura Universit\u00e1ria","description":"CAMPUS SEROP\u00c9DICA \u2013 UFRRJ","potentialAction":[{"@type":"SearchAction","target":{"@type":"EntryPoint","urlTemplate":"https:\/\/institucional.ufrrj.br\/prefeiturauniversitaria\/?s={search_term_string}"},"query-input":{"@type":"PropertyValueSpecification","valueRequired":true,"valueName":"search_term_string"}}],"inLanguage":"pt-BR"},{"@type":"Person","@id":"https:\/\/institucional.ufrrj.br\/prefeiturauniversitaria\/#\/schema\/person\/3c23fd569a65e30e8922952a3191a728","name":"karolinejordao","image":{"@type":"ImageObject","inLanguage":"pt-BR","@id":"https:\/\/secure.gravatar.com\/avatar\/4ba75feffe9df2264913fd30c4d754c5095929c2b25e46320d6de9344258d15c?s=96&d=mm&r=g","url":"https:\/\/secure.gravatar.com\/avatar\/4ba75feffe9df2264913fd30c4d754c5095929c2b25e46320d6de9344258d15c?s=96&d=mm&r=g","contentUrl":"https:\/\/secure.gravatar.com\/avatar\/4ba75feffe9df2264913fd30c4d754c5095929c2b25e46320d6de9344258d15c?s=96&d=mm&r=g","caption":"karolinejordao"},"description":"Chamado - ID: 31004 (Rural - Seropedica)","url":"https:\/\/institucional.ufrrj.br\/prefeiturauniversitaria\/author\/karolinejordao1\/"}]}},"acf":[],"_links":{"self":[{"href":"https:\/\/institucional.ufrrj.br\/prefeiturauniversitaria\/wp-json\/wp\/v2\/posts\/1338","targetHints":{"allow":["GET"]}}],"collection":[{"href":"https:\/\/institucional.ufrrj.br\/prefeiturauniversitaria\/wp-json\/wp\/v2\/posts"}],"about":[{"href":"https:\/\/institucional.ufrrj.br\/prefeiturauniversitaria\/wp-json\/wp\/v2\/types\/post"}],"author":[{"embeddable":true,"href":"https:\/\/institucional.ufrrj.br\/prefeiturauniversitaria\/wp-json\/wp\/v2\/users\/835"}],"replies":[{"embeddable":true,"href":"https:\/\/institucional.ufrrj.br\/prefeiturauniversitaria\/wp-json\/wp\/v2\/comments?post=1338"}],"version-history":[{"count":2,"href":"https:\/\/institucional.ufrrj.br\/prefeiturauniversitaria\/wp-json\/wp\/v2\/posts\/1338\/revisions"}],"predecessor-version":[{"id":1347,"href":"https:\/\/institucional.ufrrj.br\/prefeiturauniversitaria\/wp-json\/wp\/v2\/posts\/1338\/revisions\/1347"}],"wp:featuredmedia":[{"embeddable":true,"href":"https:\/\/institucional.ufrrj.br\/prefeiturauniversitaria\/wp-json\/wp\/v2\/media\/1341"}],"wp:attachment":[{"href":"https:\/\/institucional.ufrrj.br\/prefeiturauniversitaria\/wp-json\/wp\/v2\/media?parent=1338"}],"wp:term":[{"taxonomy":"category","embeddable":true,"href":"https:\/\/institucional.ufrrj.br\/prefeiturauniversitaria\/wp-json\/wp\/v2\/categories?post=1338"},{"taxonomy":"post_tag","embeddable":true,"href":"https:\/\/institucional.ufrrj.br\/prefeiturauniversitaria\/wp-json\/wp\/v2\/tags?post=1338"}],"curies":[{"name":"wp","href":"https:\/\/api.w.org\/{rel}","templated":true}]}}