{"id":1277,"date":"2025-11-06T11:10:00","date_gmt":"2025-11-06T14:10:00","guid":{"rendered":"https:\/\/institucional.ufrrj.br\/prefeiturauniversitaria\/?p=1277"},"modified":"2025-11-06T11:12:42","modified_gmt":"2025-11-06T14:12:42","slug":"prefeitura-universitaria-realiza-dedetizacao-e-descupinizacao-no-hotel-universitario-da-ufrrj","status":"publish","type":"post","link":"https:\/\/institucional.ufrrj.br\/prefeiturauniversitaria\/prefeitura-universitaria-realiza-dedetizacao-e-descupinizacao-no-hotel-universitario-da-ufrrj\/","title":{"rendered":"Prefeitura Universit\u00e1ria realiza dedetiza\u00e7\u00e3o e descupiniza\u00e7\u00e3o no Hotel Universit\u00e1rio da UFRRJ"},"content":{"rendered":"\n<p>A Universidade Federal Rural do Rio de Janeiro (UFRRJ), por meio da Prefeitura Universit\u00e1ria, realizou durante o m\u00eas de outubro o servi\u00e7o de <strong>dedetiza\u00e7\u00e3o e descupiniza\u00e7\u00e3o preventiva<\/strong> em todas as depend\u00eancias do <strong>Hotel Universit\u00e1rio (HU)<\/strong>.<\/p>\n\n\n\n<p>A a\u00e7\u00e3o faz parte do cronograma peri\u00f3dico de manuten\u00e7\u00e3o e visa garantir <strong>melhores condi\u00e7\u00f5es de higiene, seguran\u00e7a e conforto<\/strong> para servidores, estudantes e visitantes que utilizam o espa\u00e7o.<\/p>\n\n\n\n<p>Os trabalhos contemplaram \u00e1reas comuns, corredores, salas administrativas e ambientes de hospedagem. A <strong>etapa final<\/strong> das interven\u00e7\u00f5es ser\u00e1 conclu\u00edda <strong>na sexta-feira, 07 de novembro<\/strong>, com a aplica\u00e7\u00e3o dos produtos nos <strong>quartos do hotel<\/strong>, encerrando o ciclo de tratamento iniciado em outubro.<\/p>\n\n\n\n<p>Segundo a coordena\u00e7\u00e3o do HU, ap\u00f3s o t\u00e9rmino dos servi\u00e7os, os ambientes permanecer\u00e3o fechados pelo per\u00edodo recomendado pelos t\u00e9cnicos, retomando suas atividades normais no in\u00edcio da semana seguinte.<\/p>\n\n\n\n<p>A UFRRJ refor\u00e7a seu compromisso cont\u00ednuo com a <strong>manuten\u00e7\u00e3o preventiva e o bem-estar da comunidade universit\u00e1ria<\/strong>, assegurando que todos os espa\u00e7os estejam adequados para o uso seguro e saud\u00e1vel.<\/p>\n\n\n\n<p> <strong>Confira abaixo as imagens da realiza\u00e7\u00e3o dos trabalhos:<\/strong><br><\/p>\n\n\n\n<div class=\"wp-block-columns is-layout-flex wp-container-core-columns-is-layout-9d6595d7 wp-block-columns-is-layout-flex\">\n<div class=\"wp-block-column is-layout-flow wp-block-column-is-layout-flow\">\n<figure class=\"wp-block-image size-large\"><img loading=\"lazy\" decoding=\"async\" width=\"1024\" height=\"462\" src=\"https:\/\/institucional.ufrrj.br\/prefeiturauniversitaria\/files\/2025\/11\/WhatsApp-Image-2025-10-28-at-09.26.00-1-1024x462.jpeg\" alt=\"\" class=\"wp-image-1280\" srcset=\"https:\/\/institucional.ufrrj.br\/prefeiturauniversitaria\/files\/2025\/11\/WhatsApp-Image-2025-10-28-at-09.26.00-1-1024x462.jpeg 1024w, https:\/\/institucional.ufrrj.br\/prefeiturauniversitaria\/files\/2025\/11\/WhatsApp-Image-2025-10-28-at-09.26.00-1-300x135.jpeg 300w, https:\/\/institucional.ufrrj.br\/prefeiturauniversitaria\/files\/2025\/11\/WhatsApp-Image-2025-10-28-at-09.26.00-1-768x346.jpeg 768w, https:\/\/institucional.ufrrj.br\/prefeiturauniversitaria\/files\/2025\/11\/WhatsApp-Image-2025-10-28-at-09.26.00-1.jpeg 1280w\" sizes=\"auto, (max-width: 1024px) 100vw, 1024px\" \/><\/figure>\n<\/div>\n\n\n\n<div class=\"wp-block-column is-layout-flow wp-block-column-is-layout-flow\">\n<figure class=\"wp-block-image size-large\"><img loading=\"lazy\" decoding=\"async\" width=\"1024\" height=\"462\" src=\"https:\/\/institucional.ufrrj.br\/prefeiturauniversitaria\/files\/2025\/11\/WhatsApp-Image-2025-10-28-at-09.26.00-1024x462.jpeg\" alt=\"\" class=\"wp-image-1281\" srcset=\"https:\/\/institucional.ufrrj.br\/prefeiturauniversitaria\/files\/2025\/11\/WhatsApp-Image-2025-10-28-at-09.26.00-1024x462.jpeg 1024w, https:\/\/institucional.ufrrj.br\/prefeiturauniversitaria\/files\/2025\/11\/WhatsApp-Image-2025-10-28-at-09.26.00-300x135.jpeg 300w, https:\/\/institucional.ufrrj.br\/prefeiturauniversitaria\/files\/2025\/11\/WhatsApp-Image-2025-10-28-at-09.26.00-768x346.jpeg 768w, https:\/\/institucional.ufrrj.br\/prefeiturauniversitaria\/files\/2025\/11\/WhatsApp-Image-2025-10-28-at-09.26.00.jpeg 1280w\" sizes=\"auto, (max-width: 1024px) 100vw, 1024px\" \/><\/figure>\n<\/div>\n\n\n\n<div class=\"wp-block-column is-layout-flow wp-block-column-is-layout-flow\">\n<figure class=\"wp-block-image size-large\"><img loading=\"lazy\" decoding=\"async\" width=\"1024\" height=\"462\" src=\"https:\/\/institucional.ufrrj.br\/prefeiturauniversitaria\/files\/2025\/11\/WhatsApp-Image-2025-10-28-at-09.25.11-1024x462.jpeg\" alt=\"\" class=\"wp-image-1283\" srcset=\"https:\/\/institucional.ufrrj.br\/prefeiturauniversitaria\/files\/2025\/11\/WhatsApp-Image-2025-10-28-at-09.25.11-1024x462.jpeg 1024w, https:\/\/institucional.ufrrj.br\/prefeiturauniversitaria\/files\/2025\/11\/WhatsApp-Image-2025-10-28-at-09.25.11-300x135.jpeg 300w, https:\/\/institucional.ufrrj.br\/prefeiturauniversitaria\/files\/2025\/11\/WhatsApp-Image-2025-10-28-at-09.25.11-768x346.jpeg 768w, https:\/\/institucional.ufrrj.br\/prefeiturauniversitaria\/files\/2025\/11\/WhatsApp-Image-2025-10-28-at-09.25.11.jpeg 1280w\" sizes=\"auto, (max-width: 1024px) 100vw, 1024px\" \/><\/figure>\n<\/div>\n<\/div>\n\n\n\n<div class=\"wp-block-columns is-layout-flex wp-container-core-columns-is-layout-9d6595d7 wp-block-columns-is-layout-flex\">\n<div class=\"wp-block-column is-layout-flow wp-block-column-is-layout-flow\">\n<div class=\"wp-block-columns is-layout-flex wp-container-core-columns-is-layout-9d6595d7 wp-block-columns-is-layout-flex\">\n<div class=\"wp-block-column is-layout-flow wp-block-column-is-layout-flow\">\n<figure class=\"wp-block-gallery has-nested-images columns-default is-cropped wp-block-gallery-1 is-layout-flex wp-block-gallery-is-layout-flex\">\n<figure class=\"wp-block-image size-large\"><img loading=\"lazy\" decoding=\"async\" width=\"1024\" height=\"462\" data-id=\"1279\" src=\"https:\/\/institucional.ufrrj.br\/prefeiturauniversitaria\/files\/2025\/11\/WhatsApp-Image-2025-10-28-at-09.26.01-1024x462.jpeg\" alt=\"\" class=\"wp-image-1279\" srcset=\"https:\/\/institucional.ufrrj.br\/prefeiturauniversitaria\/files\/2025\/11\/WhatsApp-Image-2025-10-28-at-09.26.01-1024x462.jpeg 1024w, https:\/\/institucional.ufrrj.br\/prefeiturauniversitaria\/files\/2025\/11\/WhatsApp-Image-2025-10-28-at-09.26.01-300x135.jpeg 300w, https:\/\/institucional.ufrrj.br\/prefeiturauniversitaria\/files\/2025\/11\/WhatsApp-Image-2025-10-28-at-09.26.01-768x346.jpeg 768w, https:\/\/institucional.ufrrj.br\/prefeiturauniversitaria\/files\/2025\/11\/WhatsApp-Image-2025-10-28-at-09.26.01.jpeg 1280w\" sizes=\"auto, (max-width: 1024px) 100vw, 1024px\" \/><\/figure>\n<\/figure>\n<\/div>\n<\/div>\n<\/div>\n\n\n\n<div class=\"wp-block-column is-layout-flow wp-block-column-is-layout-flow\">\n<div class=\"wp-block-columns is-layout-flex wp-container-core-columns-is-layout-9d6595d7 wp-block-columns-is-layout-flex\">\n<div class=\"wp-block-column is-layout-flow wp-block-column-is-layout-flow\">\n<figure class=\"wp-block-gallery has-nested-images columns-default is-cropped wp-block-gallery-2 is-layout-flex wp-block-gallery-is-layout-flex\">\n<figure class=\"wp-block-image size-large\"><img loading=\"lazy\" decoding=\"async\" width=\"1024\" height=\"462\" data-id=\"1282\" src=\"https:\/\/institucional.ufrrj.br\/prefeiturauniversitaria\/files\/2025\/11\/WhatsApp-Image-2025-10-28-at-09.25.12-1024x462.jpeg\" alt=\"\" class=\"wp-image-1282\" srcset=\"https:\/\/institucional.ufrrj.br\/prefeiturauniversitaria\/files\/2025\/11\/WhatsApp-Image-2025-10-28-at-09.25.12-1024x462.jpeg 1024w, https:\/\/institucional.ufrrj.br\/prefeiturauniversitaria\/files\/2025\/11\/WhatsApp-Image-2025-10-28-at-09.25.12-300x135.jpeg 300w, https:\/\/institucional.ufrrj.br\/prefeiturauniversitaria\/files\/2025\/11\/WhatsApp-Image-2025-10-28-at-09.25.12-768x346.jpeg 768w, https:\/\/institucional.ufrrj.br\/prefeiturauniversitaria\/files\/2025\/11\/WhatsApp-Image-2025-10-28-at-09.25.12.jpeg 1280w\" sizes=\"auto, (max-width: 1024px) 100vw, 1024px\" \/><\/figure>\n<\/figure>\n<\/div>\n<\/div>\n<\/div>\n<\/div>\n\n\n\n<p>Com esta a\u00e7\u00e3o, a UFRRJ reafirma, por meio da Prefeitura Universit\u00e1ria, seu compromisso com a <strong>manuten\u00e7\u00e3o, conserva\u00e7\u00e3o e seguran\u00e7a dos espa\u00e7os institucionais<\/strong>, promovendo um ambiente mais saud\u00e1vel e adequado para toda a comunidade acad\u00eamica.<\/p>\n","protected":false},"excerpt":{"rendered":"<p>A Universidade Federal Rural do Rio de Janeiro (UFRRJ), por meio da Prefeitura Universit\u00e1ria, realizou durante o m\u00eas de outubro <a class=\"read-more\" href=\"https:\/\/institucional.ufrrj.br\/prefeiturauniversitaria\/prefeitura-universitaria-realiza-dedetizacao-e-descupinizacao-no-hotel-universitario-da-ufrrj\/ \" >&#8230; <span class=\"font-italic\">leia mais <i class=\"fas fa-angle-right\"><\/i><\/span><\/a><\/p>\n","protected":false},"author":835,"featured_media":1278,"comment_status":"open","ping_status":"open","sticky":false,"template":"","format":"standard","meta":{"_acf_changed":false,"footnotes":""},"categories":[4],"tags":[],"class_list":["post-1277","post","type-post","status-publish","format-standard","has-post-thumbnail","hentry","category-noticias"],"yoast_head":"<!-- This site is optimized with the Yoast SEO plugin v27.2 - https:\/\/yoast.com\/product\/yoast-seo-wordpress\/ -->\n<title>Prefeitura Universit\u00e1ria realiza dedetiza\u00e7\u00e3o e descupiniza\u00e7\u00e3o no Hotel Universit\u00e1rio da UFRRJ - Prefeitura Universit\u00e1ria<\/title>\n<meta name=\"robots\" content=\"index, follow, max-snippet:-1, max-image-preview:large, max-video-preview:-1\" \/>\n<link rel=\"canonical\" href=\"https:\/\/institucional.ufrrj.br\/prefeiturauniversitaria\/prefeitura-universitaria-realiza-dedetizacao-e-descupinizacao-no-hotel-universitario-da-ufrrj\/\" \/>\n<meta property=\"og:locale\" content=\"pt_BR\" \/>\n<meta property=\"og:type\" content=\"article\" \/>\n<meta property=\"og:title\" content=\"Prefeitura Universit\u00e1ria realiza dedetiza\u00e7\u00e3o e descupiniza\u00e7\u00e3o no Hotel Universit\u00e1rio da UFRRJ - Prefeitura Universit\u00e1ria\" \/>\n<meta property=\"og:description\" content=\"A Universidade Federal Rural do Rio de Janeiro (UFRRJ), por meio da Prefeitura Universit\u00e1ria, realizou durante o m\u00eas de outubro ... leia mais\" \/>\n<meta property=\"og:url\" content=\"https:\/\/institucional.ufrrj.br\/prefeiturauniversitaria\/prefeitura-universitaria-realiza-dedetizacao-e-descupinizacao-no-hotel-universitario-da-ufrrj\/\" \/>\n<meta property=\"og:site_name\" content=\"Prefeitura Universit\u00e1ria\" \/>\n<meta property=\"article:published_time\" content=\"2025-11-06T14:10:00+00:00\" \/>\n<meta property=\"article:modified_time\" content=\"2025-11-06T14:12:42+00:00\" \/>\n<meta property=\"og:image\" content=\"https:\/\/institucional.ufrrj.br\/prefeiturauniversitaria\/files\/2025\/11\/WhatsApp-Image-2025-10-28-at-09.19.43.jpeg\" \/>\n\t<meta property=\"og:image:width\" content=\"1280\" \/>\n\t<meta property=\"og:image:height\" content=\"577\" \/>\n\t<meta property=\"og:image:type\" content=\"image\/jpeg\" \/>\n<meta name=\"author\" content=\"karolinejordao\" \/>\n<meta name=\"twitter:card\" content=\"summary_large_image\" \/>\n<meta name=\"twitter:label1\" content=\"Escrito por\" \/>\n\t<meta name=\"twitter:data1\" content=\"karolinejordao\" \/>\n\t<meta name=\"twitter:label2\" content=\"Est. tempo de leitura\" \/>\n\t<meta name=\"twitter:data2\" content=\"3 minutos\" \/>\n<script type=\"application\/ld+json\" class=\"yoast-schema-graph\">{\"@context\":\"https:\/\/schema.org\",\"@graph\":[{\"@type\":\"Article\",\"@id\":\"https:\/\/institucional.ufrrj.br\/prefeiturauniversitaria\/prefeitura-universitaria-realiza-dedetizacao-e-descupinizacao-no-hotel-universitario-da-ufrrj\/#article\",\"isPartOf\":{\"@id\":\"https:\/\/institucional.ufrrj.br\/prefeiturauniversitaria\/prefeitura-universitaria-realiza-dedetizacao-e-descupinizacao-no-hotel-universitario-da-ufrrj\/\"},\"author\":{\"name\":\"karolinejordao\",\"@id\":\"https:\/\/institucional.ufrrj.br\/prefeiturauniversitaria\/#\/schema\/person\/3c23fd569a65e30e8922952a3191a728\"},\"headline\":\"Prefeitura Universit\u00e1ria realiza dedetiza\u00e7\u00e3o e descupiniza\u00e7\u00e3o no Hotel Universit\u00e1rio da UFRRJ\",\"datePublished\":\"2025-11-06T14:10:00+00:00\",\"dateModified\":\"2025-11-06T14:12:42+00:00\",\"mainEntityOfPage\":{\"@id\":\"https:\/\/institucional.ufrrj.br\/prefeiturauniversitaria\/prefeitura-universitaria-realiza-dedetizacao-e-descupinizacao-no-hotel-universitario-da-ufrrj\/\"},\"wordCount\":256,\"commentCount\":0,\"image\":{\"@id\":\"https:\/\/institucional.ufrrj.br\/prefeiturauniversitaria\/prefeitura-universitaria-realiza-dedetizacao-e-descupinizacao-no-hotel-universitario-da-ufrrj\/#primaryimage\"},\"thumbnailUrl\":\"https:\/\/institucional.ufrrj.br\/prefeiturauniversitaria\/files\/2025\/11\/WhatsApp-Image-2025-10-28-at-09.19.43.jpeg\",\"articleSection\":[\"Not\u00edcias\"],\"inLanguage\":\"pt-BR\",\"potentialAction\":[{\"@type\":\"CommentAction\",\"name\":\"Comment\",\"target\":[\"https:\/\/institucional.ufrrj.br\/prefeiturauniversitaria\/prefeitura-universitaria-realiza-dedetizacao-e-descupinizacao-no-hotel-universitario-da-ufrrj\/#respond\"]}]},{\"@type\":\"WebPage\",\"@id\":\"https:\/\/institucional.ufrrj.br\/prefeiturauniversitaria\/prefeitura-universitaria-realiza-dedetizacao-e-descupinizacao-no-hotel-universitario-da-ufrrj\/\",\"url\":\"https:\/\/institucional.ufrrj.br\/prefeiturauniversitaria\/prefeitura-universitaria-realiza-dedetizacao-e-descupinizacao-no-hotel-universitario-da-ufrrj\/\",\"name\":\"Prefeitura Universit\u00e1ria realiza dedetiza\u00e7\u00e3o e descupiniza\u00e7\u00e3o no Hotel Universit\u00e1rio da UFRRJ - Prefeitura Universit\u00e1ria\",\"isPartOf\":{\"@id\":\"https:\/\/institucional.ufrrj.br\/prefeiturauniversitaria\/#website\"},\"primaryImageOfPage\":{\"@id\":\"https:\/\/institucional.ufrrj.br\/prefeiturauniversitaria\/prefeitura-universitaria-realiza-dedetizacao-e-descupinizacao-no-hotel-universitario-da-ufrrj\/#primaryimage\"},\"image\":{\"@id\":\"https:\/\/institucional.ufrrj.br\/prefeiturauniversitaria\/prefeitura-universitaria-realiza-dedetizacao-e-descupinizacao-no-hotel-universitario-da-ufrrj\/#primaryimage\"},\"thumbnailUrl\":\"https:\/\/institucional.ufrrj.br\/prefeiturauniversitaria\/files\/2025\/11\/WhatsApp-Image-2025-10-28-at-09.19.43.jpeg\",\"datePublished\":\"2025-11-06T14:10:00+00:00\",\"dateModified\":\"2025-11-06T14:12:42+00:00\",\"author\":{\"@id\":\"https:\/\/institucional.ufrrj.br\/prefeiturauniversitaria\/#\/schema\/person\/3c23fd569a65e30e8922952a3191a728\"},\"breadcrumb\":{\"@id\":\"https:\/\/institucional.ufrrj.br\/prefeiturauniversitaria\/prefeitura-universitaria-realiza-dedetizacao-e-descupinizacao-no-hotel-universitario-da-ufrrj\/#breadcrumb\"},\"inLanguage\":\"pt-BR\",\"potentialAction\":[{\"@type\":\"ReadAction\",\"target\":[\"https:\/\/institucional.ufrrj.br\/prefeiturauniversitaria\/prefeitura-universitaria-realiza-dedetizacao-e-descupinizacao-no-hotel-universitario-da-ufrrj\/\"]}]},{\"@type\":\"ImageObject\",\"inLanguage\":\"pt-BR\",\"@id\":\"https:\/\/institucional.ufrrj.br\/prefeiturauniversitaria\/prefeitura-universitaria-realiza-dedetizacao-e-descupinizacao-no-hotel-universitario-da-ufrrj\/#primaryimage\",\"url\":\"https:\/\/institucional.ufrrj.br\/prefeiturauniversitaria\/files\/2025\/11\/WhatsApp-Image-2025-10-28-at-09.19.43.jpeg\",\"contentUrl\":\"https:\/\/institucional.ufrrj.br\/prefeiturauniversitaria\/files\/2025\/11\/WhatsApp-Image-2025-10-28-at-09.19.43.jpeg\",\"width\":1280,\"height\":577},{\"@type\":\"BreadcrumbList\",\"@id\":\"https:\/\/institucional.ufrrj.br\/prefeiturauniversitaria\/prefeitura-universitaria-realiza-dedetizacao-e-descupinizacao-no-hotel-universitario-da-ufrrj\/#breadcrumb\",\"itemListElement\":[{\"@type\":\"ListItem\",\"position\":1,\"name\":\"In\u00edcio\",\"item\":\"https:\/\/institucional.ufrrj.br\/prefeiturauniversitaria\/\"},{\"@type\":\"ListItem\",\"position\":2,\"name\":\"Prefeitura Universit\u00e1ria realiza dedetiza\u00e7\u00e3o e descupiniza\u00e7\u00e3o no Hotel Universit\u00e1rio da UFRRJ\"}]},{\"@type\":\"WebSite\",\"@id\":\"https:\/\/institucional.ufrrj.br\/prefeiturauniversitaria\/#website\",\"url\":\"https:\/\/institucional.ufrrj.br\/prefeiturauniversitaria\/\",\"name\":\"Prefeitura Universit\u00e1ria\",\"description\":\"CAMPUS SEROP\u00c9DICA \u2013 UFRRJ\",\"potentialAction\":[{\"@type\":\"SearchAction\",\"target\":{\"@type\":\"EntryPoint\",\"urlTemplate\":\"https:\/\/institucional.ufrrj.br\/prefeiturauniversitaria\/?s={search_term_string}\"},\"query-input\":{\"@type\":\"PropertyValueSpecification\",\"valueRequired\":true,\"valueName\":\"search_term_string\"}}],\"inLanguage\":\"pt-BR\"},{\"@type\":\"Person\",\"@id\":\"https:\/\/institucional.ufrrj.br\/prefeiturauniversitaria\/#\/schema\/person\/3c23fd569a65e30e8922952a3191a728\",\"name\":\"karolinejordao\",\"image\":{\"@type\":\"ImageObject\",\"inLanguage\":\"pt-BR\",\"@id\":\"https:\/\/secure.gravatar.com\/avatar\/4ba75feffe9df2264913fd30c4d754c5095929c2b25e46320d6de9344258d15c?s=96&d=mm&r=g\",\"url\":\"https:\/\/secure.gravatar.com\/avatar\/4ba75feffe9df2264913fd30c4d754c5095929c2b25e46320d6de9344258d15c?s=96&d=mm&r=g\",\"contentUrl\":\"https:\/\/secure.gravatar.com\/avatar\/4ba75feffe9df2264913fd30c4d754c5095929c2b25e46320d6de9344258d15c?s=96&d=mm&r=g\",\"caption\":\"karolinejordao\"},\"description\":\"Chamado - ID: 31004 (Rural - Seropedica)\",\"url\":\"https:\/\/institucional.ufrrj.br\/prefeiturauniversitaria\/author\/karolinejordao1\/\"}]}<\/script>\n<!-- \/ Yoast SEO plugin. -->","yoast_head_json":{"title":"Prefeitura Universit\u00e1ria realiza dedetiza\u00e7\u00e3o e descupiniza\u00e7\u00e3o no Hotel Universit\u00e1rio da UFRRJ - Prefeitura Universit\u00e1ria","robots":{"index":"index","follow":"follow","max-snippet":"max-snippet:-1","max-image-preview":"max-image-preview:large","max-video-preview":"max-video-preview:-1"},"canonical":"https:\/\/institucional.ufrrj.br\/prefeiturauniversitaria\/prefeitura-universitaria-realiza-dedetizacao-e-descupinizacao-no-hotel-universitario-da-ufrrj\/","og_locale":"pt_BR","og_type":"article","og_title":"Prefeitura Universit\u00e1ria realiza dedetiza\u00e7\u00e3o e descupiniza\u00e7\u00e3o no Hotel Universit\u00e1rio da UFRRJ - Prefeitura Universit\u00e1ria","og_description":"A Universidade Federal Rural do Rio de Janeiro (UFRRJ), por meio da Prefeitura Universit\u00e1ria, realizou durante o m\u00eas de outubro ... leia mais","og_url":"https:\/\/institucional.ufrrj.br\/prefeiturauniversitaria\/prefeitura-universitaria-realiza-dedetizacao-e-descupinizacao-no-hotel-universitario-da-ufrrj\/","og_site_name":"Prefeitura Universit\u00e1ria","article_published_time":"2025-11-06T14:10:00+00:00","article_modified_time":"2025-11-06T14:12:42+00:00","og_image":[{"width":1280,"height":577,"url":"https:\/\/institucional.ufrrj.br\/prefeiturauniversitaria\/files\/2025\/11\/WhatsApp-Image-2025-10-28-at-09.19.43.jpeg","type":"image\/jpeg"}],"author":"karolinejordao","twitter_card":"summary_large_image","twitter_misc":{"Escrito por":"karolinejordao","Est. tempo de leitura":"3 minutos"},"schema":{"@context":"https:\/\/schema.org","@graph":[{"@type":"Article","@id":"https:\/\/institucional.ufrrj.br\/prefeiturauniversitaria\/prefeitura-universitaria-realiza-dedetizacao-e-descupinizacao-no-hotel-universitario-da-ufrrj\/#article","isPartOf":{"@id":"https:\/\/institucional.ufrrj.br\/prefeiturauniversitaria\/prefeitura-universitaria-realiza-dedetizacao-e-descupinizacao-no-hotel-universitario-da-ufrrj\/"},"author":{"name":"karolinejordao","@id":"https:\/\/institucional.ufrrj.br\/prefeiturauniversitaria\/#\/schema\/person\/3c23fd569a65e30e8922952a3191a728"},"headline":"Prefeitura Universit\u00e1ria realiza dedetiza\u00e7\u00e3o e descupiniza\u00e7\u00e3o no Hotel Universit\u00e1rio da UFRRJ","datePublished":"2025-11-06T14:10:00+00:00","dateModified":"2025-11-06T14:12:42+00:00","mainEntityOfPage":{"@id":"https:\/\/institucional.ufrrj.br\/prefeiturauniversitaria\/prefeitura-universitaria-realiza-dedetizacao-e-descupinizacao-no-hotel-universitario-da-ufrrj\/"},"wordCount":256,"commentCount":0,"image":{"@id":"https:\/\/institucional.ufrrj.br\/prefeiturauniversitaria\/prefeitura-universitaria-realiza-dedetizacao-e-descupinizacao-no-hotel-universitario-da-ufrrj\/#primaryimage"},"thumbnailUrl":"https:\/\/institucional.ufrrj.br\/prefeiturauniversitaria\/files\/2025\/11\/WhatsApp-Image-2025-10-28-at-09.19.43.jpeg","articleSection":["Not\u00edcias"],"inLanguage":"pt-BR","potentialAction":[{"@type":"CommentAction","name":"Comment","target":["https:\/\/institucional.ufrrj.br\/prefeiturauniversitaria\/prefeitura-universitaria-realiza-dedetizacao-e-descupinizacao-no-hotel-universitario-da-ufrrj\/#respond"]}]},{"@type":"WebPage","@id":"https:\/\/institucional.ufrrj.br\/prefeiturauniversitaria\/prefeitura-universitaria-realiza-dedetizacao-e-descupinizacao-no-hotel-universitario-da-ufrrj\/","url":"https:\/\/institucional.ufrrj.br\/prefeiturauniversitaria\/prefeitura-universitaria-realiza-dedetizacao-e-descupinizacao-no-hotel-universitario-da-ufrrj\/","name":"Prefeitura Universit\u00e1ria realiza dedetiza\u00e7\u00e3o e descupiniza\u00e7\u00e3o no Hotel Universit\u00e1rio da UFRRJ - Prefeitura Universit\u00e1ria","isPartOf":{"@id":"https:\/\/institucional.ufrrj.br\/prefeiturauniversitaria\/#website"},"primaryImageOfPage":{"@id":"https:\/\/institucional.ufrrj.br\/prefeiturauniversitaria\/prefeitura-universitaria-realiza-dedetizacao-e-descupinizacao-no-hotel-universitario-da-ufrrj\/#primaryimage"},"image":{"@id":"https:\/\/institucional.ufrrj.br\/prefeiturauniversitaria\/prefeitura-universitaria-realiza-dedetizacao-e-descupinizacao-no-hotel-universitario-da-ufrrj\/#primaryimage"},"thumbnailUrl":"https:\/\/institucional.ufrrj.br\/prefeiturauniversitaria\/files\/2025\/11\/WhatsApp-Image-2025-10-28-at-09.19.43.jpeg","datePublished":"2025-11-06T14:10:00+00:00","dateModified":"2025-11-06T14:12:42+00:00","author":{"@id":"https:\/\/institucional.ufrrj.br\/prefeiturauniversitaria\/#\/schema\/person\/3c23fd569a65e30e8922952a3191a728"},"breadcrumb":{"@id":"https:\/\/institucional.ufrrj.br\/prefeiturauniversitaria\/prefeitura-universitaria-realiza-dedetizacao-e-descupinizacao-no-hotel-universitario-da-ufrrj\/#breadcrumb"},"inLanguage":"pt-BR","potentialAction":[{"@type":"ReadAction","target":["https:\/\/institucional.ufrrj.br\/prefeiturauniversitaria\/prefeitura-universitaria-realiza-dedetizacao-e-descupinizacao-no-hotel-universitario-da-ufrrj\/"]}]},{"@type":"ImageObject","inLanguage":"pt-BR","@id":"https:\/\/institucional.ufrrj.br\/prefeiturauniversitaria\/prefeitura-universitaria-realiza-dedetizacao-e-descupinizacao-no-hotel-universitario-da-ufrrj\/#primaryimage","url":"https:\/\/institucional.ufrrj.br\/prefeiturauniversitaria\/files\/2025\/11\/WhatsApp-Image-2025-10-28-at-09.19.43.jpeg","contentUrl":"https:\/\/institucional.ufrrj.br\/prefeiturauniversitaria\/files\/2025\/11\/WhatsApp-Image-2025-10-28-at-09.19.43.jpeg","width":1280,"height":577},{"@type":"BreadcrumbList","@id":"https:\/\/institucional.ufrrj.br\/prefeiturauniversitaria\/prefeitura-universitaria-realiza-dedetizacao-e-descupinizacao-no-hotel-universitario-da-ufrrj\/#breadcrumb","itemListElement":[{"@type":"ListItem","position":1,"name":"In\u00edcio","item":"https:\/\/institucional.ufrrj.br\/prefeiturauniversitaria\/"},{"@type":"ListItem","position":2,"name":"Prefeitura Universit\u00e1ria realiza dedetiza\u00e7\u00e3o e descupiniza\u00e7\u00e3o no Hotel Universit\u00e1rio da UFRRJ"}]},{"@type":"WebSite","@id":"https:\/\/institucional.ufrrj.br\/prefeiturauniversitaria\/#website","url":"https:\/\/institucional.ufrrj.br\/prefeiturauniversitaria\/","name":"Prefeitura Universit\u00e1ria","description":"CAMPUS SEROP\u00c9DICA \u2013 UFRRJ","potentialAction":[{"@type":"SearchAction","target":{"@type":"EntryPoint","urlTemplate":"https:\/\/institucional.ufrrj.br\/prefeiturauniversitaria\/?s={search_term_string}"},"query-input":{"@type":"PropertyValueSpecification","valueRequired":true,"valueName":"search_term_string"}}],"inLanguage":"pt-BR"},{"@type":"Person","@id":"https:\/\/institucional.ufrrj.br\/prefeiturauniversitaria\/#\/schema\/person\/3c23fd569a65e30e8922952a3191a728","name":"karolinejordao","image":{"@type":"ImageObject","inLanguage":"pt-BR","@id":"https:\/\/secure.gravatar.com\/avatar\/4ba75feffe9df2264913fd30c4d754c5095929c2b25e46320d6de9344258d15c?s=96&d=mm&r=g","url":"https:\/\/secure.gravatar.com\/avatar\/4ba75feffe9df2264913fd30c4d754c5095929c2b25e46320d6de9344258d15c?s=96&d=mm&r=g","contentUrl":"https:\/\/secure.gravatar.com\/avatar\/4ba75feffe9df2264913fd30c4d754c5095929c2b25e46320d6de9344258d15c?s=96&d=mm&r=g","caption":"karolinejordao"},"description":"Chamado - ID: 31004 (Rural - Seropedica)","url":"https:\/\/institucional.ufrrj.br\/prefeiturauniversitaria\/author\/karolinejordao1\/"}]}},"acf":[],"_links":{"self":[{"href":"https:\/\/institucional.ufrrj.br\/prefeiturauniversitaria\/wp-json\/wp\/v2\/posts\/1277","targetHints":{"allow":["GET"]}}],"collection":[{"href":"https:\/\/institucional.ufrrj.br\/prefeiturauniversitaria\/wp-json\/wp\/v2\/posts"}],"about":[{"href":"https:\/\/institucional.ufrrj.br\/prefeiturauniversitaria\/wp-json\/wp\/v2\/types\/post"}],"author":[{"embeddable":true,"href":"https:\/\/institucional.ufrrj.br\/prefeiturauniversitaria\/wp-json\/wp\/v2\/users\/835"}],"replies":[{"embeddable":true,"href":"https:\/\/institucional.ufrrj.br\/prefeiturauniversitaria\/wp-json\/wp\/v2\/comments?post=1277"}],"version-history":[{"count":1,"href":"https:\/\/institucional.ufrrj.br\/prefeiturauniversitaria\/wp-json\/wp\/v2\/posts\/1277\/revisions"}],"predecessor-version":[{"id":1286,"href":"https:\/\/institucional.ufrrj.br\/prefeiturauniversitaria\/wp-json\/wp\/v2\/posts\/1277\/revisions\/1286"}],"wp:featuredmedia":[{"embeddable":true,"href":"https:\/\/institucional.ufrrj.br\/prefeiturauniversitaria\/wp-json\/wp\/v2\/media\/1278"}],"wp:attachment":[{"href":"https:\/\/institucional.ufrrj.br\/prefeiturauniversitaria\/wp-json\/wp\/v2\/media?parent=1277"}],"wp:term":[{"taxonomy":"category","embeddable":true,"href":"https:\/\/institucional.ufrrj.br\/prefeiturauniversitaria\/wp-json\/wp\/v2\/categories?post=1277"},{"taxonomy":"post_tag","embeddable":true,"href":"https:\/\/institucional.ufrrj.br\/prefeiturauniversitaria\/wp-json\/wp\/v2\/tags?post=1277"}],"curies":[{"name":"wp","href":"https:\/\/api.w.org\/{rel}","templated":true}]}}