{"id":1212,"date":"2025-09-29T14:50:03","date_gmt":"2025-09-29T17:50:03","guid":{"rendered":"https:\/\/institucional.ufrrj.br\/prefeiturauniversitaria\/?p=1212"},"modified":"2025-09-29T15:06:39","modified_gmt":"2025-09-29T18:06:39","slug":"lago-do-p1-passa-por-manutencao-inedita","status":"publish","type":"post","link":"https:\/\/institucional.ufrrj.br\/prefeiturauniversitaria\/lago-do-p1-passa-por-manutencao-inedita\/","title":{"rendered":"Lago do P1 passa por manuten\u00e7\u00e3o in\u00e9dita"},"content":{"rendered":"\n<p>O lago localizado em frente ao Pavilh\u00e3o Central (P1) est\u00e1 passando por obras estruturais de manuten\u00e7\u00e3o e moderniza\u00e7\u00e3o. O processo inclui esvaziamento, impermeabiliza\u00e7\u00e3o, instala\u00e7\u00e3o de sistema de retroalimenta\u00e7\u00e3o de \u00e1gua e oxigena\u00e7\u00e3o, garantindo a preserva\u00e7\u00e3o do ecossistema aqu\u00e1tico e evitando infiltra\u00e7\u00f5es. Esta \u00e9 a primeira grande reforma desde a d\u00e9cada de 1940, destacando a relev\u00e2ncia da iniciativa.<\/p>\n\n\n\n<p>Al\u00e9m das melhorias estruturais, o projeto contempla tamb\u00e9m a revitaliza\u00e7\u00e3o do chafariz central, que voltar\u00e1 a funcionar como elemento paisag\u00edstico e de circula\u00e7\u00e3o da \u00e1gua. A recupera\u00e7\u00e3o do chafariz refor\u00e7a a est\u00e9tica do espa\u00e7o, que \u00e9 um dos cart\u00f5es-postais do campus, proporcionando um ambiente mais agrad\u00e1vel para estudantes, servidores e visitantes. Com essas interven\u00e7\u00f5es, o lago do P1 ganhar\u00e1 n\u00e3o apenas efici\u00eancia h\u00eddrica e ambiental, mas tamb\u00e9m maior valoriza\u00e7\u00e3o visual e simb\u00f3lica para a comunidade universit\u00e1ria.<\/p>\n\n\n\n<p><strong>Veja as imagens e v\u00eddeos em destaque abaixo<\/strong>, que mostram o andamento das obras e os detalhes da revitaliza\u00e7\u00e3o do lago e do chafariz.<\/p>\n\n\n\n<div class=\"wp-block-cover\"><span aria-hidden=\"true\" class=\"wp-block-cover__background has-background-dim\"><\/span><video class=\"wp-block-cover__video-background intrinsic-ignore\" autoplay muted loop playsinline src=\"https:\/\/institucional.ufrrj.br\/prefeiturauniversitaria\/files\/2025\/09\/WhatsApp-Video-2025-09-29-at-14.59.07.mp4\" data-object-fit=\"cover\"><\/video><div class=\"wp-block-cover__inner-container is-layout-flow wp-block-cover-is-layout-flow\">\n<p class=\"has-text-align-center has-large-font-size\"><\/p>\n<\/div><\/div>\n","protected":false},"excerpt":{"rendered":"<p>O lago localizado em frente ao Pavilh\u00e3o Central (P1) est\u00e1 passando por obras estruturais de manuten\u00e7\u00e3o e moderniza\u00e7\u00e3o. O processo <a class=\"read-more\" href=\"https:\/\/institucional.ufrrj.br\/prefeiturauniversitaria\/lago-do-p1-passa-por-manutencao-inedita\/ \" >&#8230; <span class=\"font-italic\">leia mais <i class=\"fas fa-angle-right\"><\/i><\/span><\/a><\/p>\n","protected":false},"author":835,"featured_media":1215,"comment_status":"open","ping_status":"open","sticky":false,"template":"","format":"standard","meta":{"_acf_changed":false,"footnotes":""},"categories":[4],"tags":[],"class_list":["post-1212","post","type-post","status-publish","format-standard","has-post-thumbnail","hentry","category-noticias"],"yoast_head":"<!-- This site is optimized with the Yoast SEO plugin v27.2 - https:\/\/yoast.com\/product\/yoast-seo-wordpress\/ -->\n<title>Lago do P1 passa por manuten\u00e7\u00e3o in\u00e9dita - Prefeitura Universit\u00e1ria<\/title>\n<meta name=\"robots\" content=\"index, follow, max-snippet:-1, max-image-preview:large, max-video-preview:-1\" \/>\n<link rel=\"canonical\" href=\"https:\/\/institucional.ufrrj.br\/prefeiturauniversitaria\/lago-do-p1-passa-por-manutencao-inedita\/\" \/>\n<meta property=\"og:locale\" content=\"pt_BR\" \/>\n<meta property=\"og:type\" content=\"article\" \/>\n<meta property=\"og:title\" content=\"Lago do P1 passa por manuten\u00e7\u00e3o in\u00e9dita - Prefeitura Universit\u00e1ria\" \/>\n<meta property=\"og:description\" content=\"O lago localizado em frente ao Pavilh\u00e3o Central (P1) est\u00e1 passando por obras estruturais de manuten\u00e7\u00e3o e moderniza\u00e7\u00e3o. O processo ... leia mais\" \/>\n<meta property=\"og:url\" content=\"https:\/\/institucional.ufrrj.br\/prefeiturauniversitaria\/lago-do-p1-passa-por-manutencao-inedita\/\" \/>\n<meta property=\"og:site_name\" content=\"Prefeitura Universit\u00e1ria\" \/>\n<meta property=\"article:published_time\" content=\"2025-09-29T17:50:03+00:00\" \/>\n<meta property=\"article:modified_time\" content=\"2025-09-29T18:06:39+00:00\" \/>\n<meta property=\"og:image\" content=\"https:\/\/institucional.ufrrj.br\/prefeiturauniversitaria\/files\/2025\/09\/Manutencao-Predial-13.jpg\" \/>\n\t<meta property=\"og:image:width\" content=\"1366\" \/>\n\t<meta property=\"og:image:height\" content=\"768\" \/>\n\t<meta property=\"og:image:type\" content=\"image\/jpeg\" \/>\n<meta name=\"author\" content=\"karolinejordao\" \/>\n<meta name=\"twitter:card\" content=\"summary_large_image\" \/>\n<meta name=\"twitter:label1\" content=\"Escrito por\" \/>\n\t<meta name=\"twitter:data1\" content=\"karolinejordao\" \/>\n\t<meta name=\"twitter:label2\" content=\"Est. tempo de leitura\" \/>\n\t<meta name=\"twitter:data2\" content=\"1 minuto\" \/>\n<script type=\"application\/ld+json\" class=\"yoast-schema-graph\">{\"@context\":\"https:\/\/schema.org\",\"@graph\":[{\"@type\":\"Article\",\"@id\":\"https:\/\/institucional.ufrrj.br\/prefeiturauniversitaria\/lago-do-p1-passa-por-manutencao-inedita\/#article\",\"isPartOf\":{\"@id\":\"https:\/\/institucional.ufrrj.br\/prefeiturauniversitaria\/lago-do-p1-passa-por-manutencao-inedita\/\"},\"author\":{\"name\":\"karolinejordao\",\"@id\":\"https:\/\/institucional.ufrrj.br\/prefeiturauniversitaria\/#\/schema\/person\/3c23fd569a65e30e8922952a3191a728\"},\"headline\":\"Lago do P1 passa por manuten\u00e7\u00e3o in\u00e9dita\",\"datePublished\":\"2025-09-29T17:50:03+00:00\",\"dateModified\":\"2025-09-29T18:06:39+00:00\",\"mainEntityOfPage\":{\"@id\":\"https:\/\/institucional.ufrrj.br\/prefeiturauniversitaria\/lago-do-p1-passa-por-manutencao-inedita\/\"},\"wordCount\":196,\"commentCount\":0,\"image\":{\"@id\":\"https:\/\/institucional.ufrrj.br\/prefeiturauniversitaria\/lago-do-p1-passa-por-manutencao-inedita\/#primaryimage\"},\"thumbnailUrl\":\"https:\/\/institucional.ufrrj.br\/prefeiturauniversitaria\/files\/2025\/09\/Manutencao-Predial-13.jpg\",\"articleSection\":[\"Not\u00edcias\"],\"inLanguage\":\"pt-BR\",\"potentialAction\":[{\"@type\":\"CommentAction\",\"name\":\"Comment\",\"target\":[\"https:\/\/institucional.ufrrj.br\/prefeiturauniversitaria\/lago-do-p1-passa-por-manutencao-inedita\/#respond\"]}]},{\"@type\":\"WebPage\",\"@id\":\"https:\/\/institucional.ufrrj.br\/prefeiturauniversitaria\/lago-do-p1-passa-por-manutencao-inedita\/\",\"url\":\"https:\/\/institucional.ufrrj.br\/prefeiturauniversitaria\/lago-do-p1-passa-por-manutencao-inedita\/\",\"name\":\"Lago do P1 passa por manuten\u00e7\u00e3o in\u00e9dita - Prefeitura Universit\u00e1ria\",\"isPartOf\":{\"@id\":\"https:\/\/institucional.ufrrj.br\/prefeiturauniversitaria\/#website\"},\"primaryImageOfPage\":{\"@id\":\"https:\/\/institucional.ufrrj.br\/prefeiturauniversitaria\/lago-do-p1-passa-por-manutencao-inedita\/#primaryimage\"},\"image\":{\"@id\":\"https:\/\/institucional.ufrrj.br\/prefeiturauniversitaria\/lago-do-p1-passa-por-manutencao-inedita\/#primaryimage\"},\"thumbnailUrl\":\"https:\/\/institucional.ufrrj.br\/prefeiturauniversitaria\/files\/2025\/09\/Manutencao-Predial-13.jpg\",\"datePublished\":\"2025-09-29T17:50:03+00:00\",\"dateModified\":\"2025-09-29T18:06:39+00:00\",\"author\":{\"@id\":\"https:\/\/institucional.ufrrj.br\/prefeiturauniversitaria\/#\/schema\/person\/3c23fd569a65e30e8922952a3191a728\"},\"breadcrumb\":{\"@id\":\"https:\/\/institucional.ufrrj.br\/prefeiturauniversitaria\/lago-do-p1-passa-por-manutencao-inedita\/#breadcrumb\"},\"inLanguage\":\"pt-BR\",\"potentialAction\":[{\"@type\":\"ReadAction\",\"target\":[\"https:\/\/institucional.ufrrj.br\/prefeiturauniversitaria\/lago-do-p1-passa-por-manutencao-inedita\/\"]}]},{\"@type\":\"ImageObject\",\"inLanguage\":\"pt-BR\",\"@id\":\"https:\/\/institucional.ufrrj.br\/prefeiturauniversitaria\/lago-do-p1-passa-por-manutencao-inedita\/#primaryimage\",\"url\":\"https:\/\/institucional.ufrrj.br\/prefeiturauniversitaria\/files\/2025\/09\/Manutencao-Predial-13.jpg\",\"contentUrl\":\"https:\/\/institucional.ufrrj.br\/prefeiturauniversitaria\/files\/2025\/09\/Manutencao-Predial-13.jpg\",\"width\":1366,\"height\":768},{\"@type\":\"BreadcrumbList\",\"@id\":\"https:\/\/institucional.ufrrj.br\/prefeiturauniversitaria\/lago-do-p1-passa-por-manutencao-inedita\/#breadcrumb\",\"itemListElement\":[{\"@type\":\"ListItem\",\"position\":1,\"name\":\"In\u00edcio\",\"item\":\"https:\/\/institucional.ufrrj.br\/prefeiturauniversitaria\/\"},{\"@type\":\"ListItem\",\"position\":2,\"name\":\"Lago do P1 passa por manuten\u00e7\u00e3o in\u00e9dita\"}]},{\"@type\":\"WebSite\",\"@id\":\"https:\/\/institucional.ufrrj.br\/prefeiturauniversitaria\/#website\",\"url\":\"https:\/\/institucional.ufrrj.br\/prefeiturauniversitaria\/\",\"name\":\"Prefeitura Universit\u00e1ria\",\"description\":\"CAMPUS SEROP\u00c9DICA \u2013 UFRRJ\",\"potentialAction\":[{\"@type\":\"SearchAction\",\"target\":{\"@type\":\"EntryPoint\",\"urlTemplate\":\"https:\/\/institucional.ufrrj.br\/prefeiturauniversitaria\/?s={search_term_string}\"},\"query-input\":{\"@type\":\"PropertyValueSpecification\",\"valueRequired\":true,\"valueName\":\"search_term_string\"}}],\"inLanguage\":\"pt-BR\"},{\"@type\":\"Person\",\"@id\":\"https:\/\/institucional.ufrrj.br\/prefeiturauniversitaria\/#\/schema\/person\/3c23fd569a65e30e8922952a3191a728\",\"name\":\"karolinejordao\",\"image\":{\"@type\":\"ImageObject\",\"inLanguage\":\"pt-BR\",\"@id\":\"https:\/\/secure.gravatar.com\/avatar\/4ba75feffe9df2264913fd30c4d754c5095929c2b25e46320d6de9344258d15c?s=96&d=mm&r=g\",\"url\":\"https:\/\/secure.gravatar.com\/avatar\/4ba75feffe9df2264913fd30c4d754c5095929c2b25e46320d6de9344258d15c?s=96&d=mm&r=g\",\"contentUrl\":\"https:\/\/secure.gravatar.com\/avatar\/4ba75feffe9df2264913fd30c4d754c5095929c2b25e46320d6de9344258d15c?s=96&d=mm&r=g\",\"caption\":\"karolinejordao\"},\"description\":\"Chamado - ID: 31004 (Rural - Seropedica)\",\"url\":\"https:\/\/institucional.ufrrj.br\/prefeiturauniversitaria\/author\/karolinejordao1\/\"}]}<\/script>\n<!-- \/ Yoast SEO plugin. -->","yoast_head_json":{"title":"Lago do P1 passa por manuten\u00e7\u00e3o in\u00e9dita - Prefeitura Universit\u00e1ria","robots":{"index":"index","follow":"follow","max-snippet":"max-snippet:-1","max-image-preview":"max-image-preview:large","max-video-preview":"max-video-preview:-1"},"canonical":"https:\/\/institucional.ufrrj.br\/prefeiturauniversitaria\/lago-do-p1-passa-por-manutencao-inedita\/","og_locale":"pt_BR","og_type":"article","og_title":"Lago do P1 passa por manuten\u00e7\u00e3o in\u00e9dita - Prefeitura Universit\u00e1ria","og_description":"O lago localizado em frente ao Pavilh\u00e3o Central (P1) est\u00e1 passando por obras estruturais de manuten\u00e7\u00e3o e moderniza\u00e7\u00e3o. O processo ... leia mais","og_url":"https:\/\/institucional.ufrrj.br\/prefeiturauniversitaria\/lago-do-p1-passa-por-manutencao-inedita\/","og_site_name":"Prefeitura Universit\u00e1ria","article_published_time":"2025-09-29T17:50:03+00:00","article_modified_time":"2025-09-29T18:06:39+00:00","og_image":[{"width":1366,"height":768,"url":"https:\/\/institucional.ufrrj.br\/prefeiturauniversitaria\/files\/2025\/09\/Manutencao-Predial-13.jpg","type":"image\/jpeg"}],"author":"karolinejordao","twitter_card":"summary_large_image","twitter_misc":{"Escrito por":"karolinejordao","Est. tempo de leitura":"1 minuto"},"schema":{"@context":"https:\/\/schema.org","@graph":[{"@type":"Article","@id":"https:\/\/institucional.ufrrj.br\/prefeiturauniversitaria\/lago-do-p1-passa-por-manutencao-inedita\/#article","isPartOf":{"@id":"https:\/\/institucional.ufrrj.br\/prefeiturauniversitaria\/lago-do-p1-passa-por-manutencao-inedita\/"},"author":{"name":"karolinejordao","@id":"https:\/\/institucional.ufrrj.br\/prefeiturauniversitaria\/#\/schema\/person\/3c23fd569a65e30e8922952a3191a728"},"headline":"Lago do P1 passa por manuten\u00e7\u00e3o in\u00e9dita","datePublished":"2025-09-29T17:50:03+00:00","dateModified":"2025-09-29T18:06:39+00:00","mainEntityOfPage":{"@id":"https:\/\/institucional.ufrrj.br\/prefeiturauniversitaria\/lago-do-p1-passa-por-manutencao-inedita\/"},"wordCount":196,"commentCount":0,"image":{"@id":"https:\/\/institucional.ufrrj.br\/prefeiturauniversitaria\/lago-do-p1-passa-por-manutencao-inedita\/#primaryimage"},"thumbnailUrl":"https:\/\/institucional.ufrrj.br\/prefeiturauniversitaria\/files\/2025\/09\/Manutencao-Predial-13.jpg","articleSection":["Not\u00edcias"],"inLanguage":"pt-BR","potentialAction":[{"@type":"CommentAction","name":"Comment","target":["https:\/\/institucional.ufrrj.br\/prefeiturauniversitaria\/lago-do-p1-passa-por-manutencao-inedita\/#respond"]}]},{"@type":"WebPage","@id":"https:\/\/institucional.ufrrj.br\/prefeiturauniversitaria\/lago-do-p1-passa-por-manutencao-inedita\/","url":"https:\/\/institucional.ufrrj.br\/prefeiturauniversitaria\/lago-do-p1-passa-por-manutencao-inedita\/","name":"Lago do P1 passa por manuten\u00e7\u00e3o in\u00e9dita - Prefeitura Universit\u00e1ria","isPartOf":{"@id":"https:\/\/institucional.ufrrj.br\/prefeiturauniversitaria\/#website"},"primaryImageOfPage":{"@id":"https:\/\/institucional.ufrrj.br\/prefeiturauniversitaria\/lago-do-p1-passa-por-manutencao-inedita\/#primaryimage"},"image":{"@id":"https:\/\/institucional.ufrrj.br\/prefeiturauniversitaria\/lago-do-p1-passa-por-manutencao-inedita\/#primaryimage"},"thumbnailUrl":"https:\/\/institucional.ufrrj.br\/prefeiturauniversitaria\/files\/2025\/09\/Manutencao-Predial-13.jpg","datePublished":"2025-09-29T17:50:03+00:00","dateModified":"2025-09-29T18:06:39+00:00","author":{"@id":"https:\/\/institucional.ufrrj.br\/prefeiturauniversitaria\/#\/schema\/person\/3c23fd569a65e30e8922952a3191a728"},"breadcrumb":{"@id":"https:\/\/institucional.ufrrj.br\/prefeiturauniversitaria\/lago-do-p1-passa-por-manutencao-inedita\/#breadcrumb"},"inLanguage":"pt-BR","potentialAction":[{"@type":"ReadAction","target":["https:\/\/institucional.ufrrj.br\/prefeiturauniversitaria\/lago-do-p1-passa-por-manutencao-inedita\/"]}]},{"@type":"ImageObject","inLanguage":"pt-BR","@id":"https:\/\/institucional.ufrrj.br\/prefeiturauniversitaria\/lago-do-p1-passa-por-manutencao-inedita\/#primaryimage","url":"https:\/\/institucional.ufrrj.br\/prefeiturauniversitaria\/files\/2025\/09\/Manutencao-Predial-13.jpg","contentUrl":"https:\/\/institucional.ufrrj.br\/prefeiturauniversitaria\/files\/2025\/09\/Manutencao-Predial-13.jpg","width":1366,"height":768},{"@type":"BreadcrumbList","@id":"https:\/\/institucional.ufrrj.br\/prefeiturauniversitaria\/lago-do-p1-passa-por-manutencao-inedita\/#breadcrumb","itemListElement":[{"@type":"ListItem","position":1,"name":"In\u00edcio","item":"https:\/\/institucional.ufrrj.br\/prefeiturauniversitaria\/"},{"@type":"ListItem","position":2,"name":"Lago do P1 passa por manuten\u00e7\u00e3o in\u00e9dita"}]},{"@type":"WebSite","@id":"https:\/\/institucional.ufrrj.br\/prefeiturauniversitaria\/#website","url":"https:\/\/institucional.ufrrj.br\/prefeiturauniversitaria\/","name":"Prefeitura Universit\u00e1ria","description":"CAMPUS SEROP\u00c9DICA \u2013 UFRRJ","potentialAction":[{"@type":"SearchAction","target":{"@type":"EntryPoint","urlTemplate":"https:\/\/institucional.ufrrj.br\/prefeiturauniversitaria\/?s={search_term_string}"},"query-input":{"@type":"PropertyValueSpecification","valueRequired":true,"valueName":"search_term_string"}}],"inLanguage":"pt-BR"},{"@type":"Person","@id":"https:\/\/institucional.ufrrj.br\/prefeiturauniversitaria\/#\/schema\/person\/3c23fd569a65e30e8922952a3191a728","name":"karolinejordao","image":{"@type":"ImageObject","inLanguage":"pt-BR","@id":"https:\/\/secure.gravatar.com\/avatar\/4ba75feffe9df2264913fd30c4d754c5095929c2b25e46320d6de9344258d15c?s=96&d=mm&r=g","url":"https:\/\/secure.gravatar.com\/avatar\/4ba75feffe9df2264913fd30c4d754c5095929c2b25e46320d6de9344258d15c?s=96&d=mm&r=g","contentUrl":"https:\/\/secure.gravatar.com\/avatar\/4ba75feffe9df2264913fd30c4d754c5095929c2b25e46320d6de9344258d15c?s=96&d=mm&r=g","caption":"karolinejordao"},"description":"Chamado - ID: 31004 (Rural - Seropedica)","url":"https:\/\/institucional.ufrrj.br\/prefeiturauniversitaria\/author\/karolinejordao1\/"}]}},"acf":[],"_links":{"self":[{"href":"https:\/\/institucional.ufrrj.br\/prefeiturauniversitaria\/wp-json\/wp\/v2\/posts\/1212","targetHints":{"allow":["GET"]}}],"collection":[{"href":"https:\/\/institucional.ufrrj.br\/prefeiturauniversitaria\/wp-json\/wp\/v2\/posts"}],"about":[{"href":"https:\/\/institucional.ufrrj.br\/prefeiturauniversitaria\/wp-json\/wp\/v2\/types\/post"}],"author":[{"embeddable":true,"href":"https:\/\/institucional.ufrrj.br\/prefeiturauniversitaria\/wp-json\/wp\/v2\/users\/835"}],"replies":[{"embeddable":true,"href":"https:\/\/institucional.ufrrj.br\/prefeiturauniversitaria\/wp-json\/wp\/v2\/comments?post=1212"}],"version-history":[{"count":3,"href":"https:\/\/institucional.ufrrj.br\/prefeiturauniversitaria\/wp-json\/wp\/v2\/posts\/1212\/revisions"}],"predecessor-version":[{"id":1220,"href":"https:\/\/institucional.ufrrj.br\/prefeiturauniversitaria\/wp-json\/wp\/v2\/posts\/1212\/revisions\/1220"}],"wp:featuredmedia":[{"embeddable":true,"href":"https:\/\/institucional.ufrrj.br\/prefeiturauniversitaria\/wp-json\/wp\/v2\/media\/1215"}],"wp:attachment":[{"href":"https:\/\/institucional.ufrrj.br\/prefeiturauniversitaria\/wp-json\/wp\/v2\/media?parent=1212"}],"wp:term":[{"taxonomy":"category","embeddable":true,"href":"https:\/\/institucional.ufrrj.br\/prefeiturauniversitaria\/wp-json\/wp\/v2\/categories?post=1212"},{"taxonomy":"post_tag","embeddable":true,"href":"https:\/\/institucional.ufrrj.br\/prefeiturauniversitaria\/wp-json\/wp\/v2\/tags?post=1212"}],"curies":[{"name":"wp","href":"https:\/\/api.w.org\/{rel}","templated":true}]}}