{"id":28204,"date":"2026-09-01T18:13:46","date_gmt":"2026-09-01T21:13:46","guid":{"rendered":"https:\/\/institucional.ufrrj.br\/portalcpda\/?p=28204"},"modified":"2026-09-01T21:48:45","modified_gmt":"2026-09-02T00:48:45","slug":"roda-de-conversa-vamos-falar-de-cooperacao-territorial-um-dialogo-para-abordar-a-criatividade-e-as-sociomaterialidades-03-9-10h","status":"publish","type":"post","link":"https:\/\/institucional.ufrrj.br\/portalcpda\/roda-de-conversa-vamos-falar-de-cooperacao-territorial-um-dialogo-para-abordar-a-criatividade-e-as-sociomaterialidades-03-9-10h\/","title":{"rendered":"Roda de conversa &#8211; Vamos falar de Coopera\u00e7\u00e3o Territorial? Um di\u00e1logo para abordar a criatividade e as sociomaterialidades (03\/9 &#8211; 10h)"},"content":{"rendered":"<p>A Profa. <a href=\"https:\/\/institucional.ufrrj.br\/portalcpda\/claudia-job-schmitt\/\">Claudia Job Schmitt<\/a> convida para a Roda de Conversa sobre coopera\u00e7\u00e3o territorial, abordando a criatividade e as sociomaterialidades.<\/p>\n<p>Nessa Roda de Conversa vamos explorar algumas potencialidades de uma abordagem sociomaterial para uma reflex\u00e3o sobre trajet\u00f3rias de coopera\u00e7\u00e3o territorializadas.<br \/>\nPartindo de criativas configura\u00e7\u00f5es sociomateriais de diferentes territ\u00f3rios, como \u201creanimar\u201d a materialidade para estabelecer novos questionamentos acerca do desenvolvimento?<br \/>\nComo se desdobram pr\u00e1ticas corporificadas de atores humanos e n\u00e3o humanos?<br \/>\nNosso desafio ser\u00e1 pensar formas de melhor evidenciar como indiv\u00edduos e coletividades, em intera\u00e7\u00e3o com seu ambiente, moldam territ\u00f3rios, institui\u00e7\u00f5es e sociabilidades.<\/p>\n<p>Data: 03\/09\/2026<\/p>\n<p>Hora: 10h<\/p>\n<p>Local: CPDA &#8211; Av. Pres. Vargas, 417, 10\u00ba andar &#8211; Centro, Rio de Janeiro\/RJ<\/p>\n<p>Convidada: Fl\u00e1via Char\u00e3o-Marques (PGDR\/UFRGS; GRIST &#8211; <a href=\"https:\/\/www.ufrgs.br\/grist\/\">Grupo de Pesquisa Inova\u00e7\u00e3o, Sociedade e Eco-Territorialidades<\/a>)<\/p>\n<p>&nbsp;<\/p>\n","protected":false},"excerpt":{"rendered":"<p>A Profa. Claudia Job Schmitt convida para a Roda de Conversa sobre coopera\u00e7\u00e3o territorial, abordando a criatividade e as sociomaterialidades. <a class=\"read-more\" href=\"https:\/\/institucional.ufrrj.br\/portalcpda\/roda-de-conversa-vamos-falar-de-cooperacao-territorial-um-dialogo-para-abordar-a-criatividade-e-as-sociomaterialidades-03-9-10h\/ \" >&#8230; <span class=\"font-italic\">leia mais <i class=\"fas fa-angle-right\"><\/i><\/span><\/a><\/p>\n","protected":false},"author":711,"featured_media":0,"comment_status":"open","ping_status":"open","sticky":false,"template":"","format":"standard","meta":{"_acf_changed":false,"footnotes":""},"categories":[30],"tags":[],"class_list":["post-28204","post","type-post","status-publish","format-standard","hentry","category-noticias-pt"],"acf":[],"_links":{"self":[{"href":"https:\/\/institucional.ufrrj.br\/portalcpda\/wp-json\/wp\/v2\/posts\/28204","targetHints":{"allow":["GET"]}}],"collection":[{"href":"https:\/\/institucional.ufrrj.br\/portalcpda\/wp-json\/wp\/v2\/posts"}],"about":[{"href":"https:\/\/institucional.ufrrj.br\/portalcpda\/wp-json\/wp\/v2\/types\/post"}],"author":[{"embeddable":true,"href":"https:\/\/institucional.ufrrj.br\/portalcpda\/wp-json\/wp\/v2\/users\/711"}],"replies":[{"embeddable":true,"href":"https:\/\/institucional.ufrrj.br\/portalcpda\/wp-json\/wp\/v2\/comments?post=28204"}],"version-history":[{"count":2,"href":"https:\/\/institucional.ufrrj.br\/portalcpda\/wp-json\/wp\/v2\/posts\/28204\/revisions"}],"predecessor-version":[{"id":28209,"href":"https:\/\/institucional.ufrrj.br\/portalcpda\/wp-json\/wp\/v2\/posts\/28204\/revisions\/28209"}],"wp:attachment":[{"href":"https:\/\/institucional.ufrrj.br\/portalcpda\/wp-json\/wp\/v2\/media?parent=28204"}],"wp:term":[{"taxonomy":"category","embeddable":true,"href":"https:\/\/institucional.ufrrj.br\/portalcpda\/wp-json\/wp\/v2\/categories?post=28204"},{"taxonomy":"post_tag","embeddable":true,"href":"https:\/\/institucional.ufrrj.br\/portalcpda\/wp-json\/wp\/v2\/tags?post=28204"}],"curies":[{"name":"wp","href":"https:\/\/api.w.org\/{rel}","templated":true}]}}