{"id":28188,"date":"2026-08-27T14:42:55","date_gmt":"2026-08-27T17:42:55","guid":{"rendered":"https:\/\/institucional.ufrrj.br\/portalcpda\/?p=28188"},"modified":"2026-08-27T14:42:55","modified_gmt":"2026-08-27T17:42:55","slug":"inauguracao-das-obras-do-6o-andar-do-ddas-cpda","status":"publish","type":"post","link":"https:\/\/institucional.ufrrj.br\/portalcpda\/inauguracao-das-obras-do-6o-andar-do-ddas-cpda\/","title":{"rendered":"Inaugura\u00e7\u00e3o das obras do 6\u00ba andar do DDAS\/CPDA"},"content":{"rendered":"<div class=\"gmail_quote\">\n<div dir=\"ltr\">\n<div class=\"gmail_quote\">\n<div dir=\"ltr\">\n<div>\u00c9 com muita satisfa\u00e7\u00e3o que convidamos todas e todos para a inaugura\u00e7\u00e3o das obras do 6\u00ba andar do DDAS\/CPDA, nesta <b>sexta-feira, dia 28 de agosto, \u00e0s 10h.<\/b><\/div>\n<div>\nA inaugura\u00e7\u00e3o contar\u00e1 com a presen\u00e7a do Reitor Roberto Rodriguez, de Pr\u00f3-Reitores e da Dire\u00e7\u00e3o do ICHS.<\/div>\n<div>\nA conclus\u00e3o desta obra representa uma etapa muito importante para o nosso Departamento e Programa- de P\u00f3s-Gradua\u00e7\u00e3o, com a melhoria e reorganiza\u00e7\u00e3o dos espa\u00e7os de trabalho e conviv\u00eancia. Ser\u00e1 uma alegria podermos marcar este momento coletivamente e receber a Reitoria e a Dire\u00e7\u00e3o do ICHS em nosso espa\u00e7o.<\/div>\n<\/div>\n<\/div>\n<\/div>\n<\/div>\n","protected":false},"excerpt":{"rendered":"<p>\u00c9 com muita satisfa\u00e7\u00e3o que convidamos todas e todos para a inaugura\u00e7\u00e3o das obras do 6\u00ba andar do DDAS\/CPDA, nesta <a class=\"read-more\" href=\"https:\/\/institucional.ufrrj.br\/portalcpda\/inauguracao-das-obras-do-6o-andar-do-ddas-cpda\/ \" >&#8230; <span class=\"font-italic\">leia mais <i class=\"fas fa-angle-right\"><\/i><\/span><\/a><\/p>\n","protected":false},"author":711,"featured_media":0,"comment_status":"open","ping_status":"open","sticky":false,"template":"","format":"standard","meta":{"_acf_changed":false,"footnotes":""},"categories":[30],"tags":[],"class_list":["post-28188","post","type-post","status-publish","format-standard","hentry","category-noticias-pt"],"yoast_head":"<!-- This site is optimized with the Yoast SEO plugin v28.3 - https:\/\/yoast.com\/product\/yoast-seo-wordpress\/ -->\n<title>Inaugura\u00e7\u00e3o das obras do 6\u00ba andar do DDAS\/CPDA - CPDA<\/title>\n<meta name=\"robots\" content=\"index, follow, max-snippet:-1, max-image-preview:large, max-video-preview:-1\" \/>\n<link rel=\"canonical\" href=\"https:\/\/institucional.ufrrj.br\/portalcpda\/inauguracao-das-obras-do-6o-andar-do-ddas-cpda\/\" \/>\n<meta property=\"og:locale\" content=\"pt_BR\" \/>\n<meta property=\"og:type\" content=\"article\" \/>\n<meta property=\"og:title\" content=\"Inaugura\u00e7\u00e3o das obras do 6\u00ba andar do DDAS\/CPDA - CPDA\" \/>\n<meta property=\"og:description\" content=\"\u00c9 com muita satisfa\u00e7\u00e3o que convidamos todas e todos para a inaugura\u00e7\u00e3o das obras do 6\u00ba andar do DDAS\/CPDA, nesta ... leia mais\" \/>\n<meta property=\"og:url\" content=\"https:\/\/institucional.ufrrj.br\/portalcpda\/inauguracao-das-obras-do-6o-andar-do-ddas-cpda\/\" \/>\n<meta property=\"og:site_name\" content=\"CPDA\" \/>\n<meta property=\"article:published_time\" content=\"2026-08-27T17:42:55+00:00\" \/>\n<meta name=\"author\" content=\"fatima\" \/>\n<meta name=\"twitter:card\" content=\"summary_large_image\" \/>\n<meta name=\"twitter:label1\" content=\"Escrito por\" \/>\n\t<meta name=\"twitter:data1\" content=\"fatima\" \/>\n\t<meta name=\"twitter:label2\" content=\"Est. tempo de leitura\" \/>\n\t<meta name=\"twitter:data2\" content=\"1 minuto\" \/>\n<script type=\"application\/ld+json\" class=\"yoast-schema-graph\">{\"@context\":\"https:\\\/\\\/schema.org\",\"@graph\":[{\"@type\":\"Article\",\"@id\":\"https:\\\/\\\/institucional.ufrrj.br\\\/portalcpda\\\/inauguracao-das-obras-do-6o-andar-do-ddas-cpda\\\/#article\",\"isPartOf\":{\"@id\":\"https:\\\/\\\/institucional.ufrrj.br\\\/portalcpda\\\/inauguracao-das-obras-do-6o-andar-do-ddas-cpda\\\/\"},\"author\":{\"name\":\"fatima\",\"@id\":\"https:\\\/\\\/institucional.ufrrj.br\\\/portalcpda\\\/#\\\/schema\\\/person\\\/1d8ac54e4459a76424ece39665abc35f\"},\"headline\":\"Inaugura\u00e7\u00e3o das obras do 6\u00ba andar do DDAS\\\/CPDA\",\"datePublished\":\"2026-08-27T17:42:55+00:00\",\"mainEntityOfPage\":{\"@id\":\"https:\\\/\\\/institucional.ufrrj.br\\\/portalcpda\\\/inauguracao-das-obras-do-6o-andar-do-ddas-cpda\\\/\"},\"wordCount\":113,\"commentCount\":0,\"articleSection\":[\"Noticias\"],\"inLanguage\":\"pt-BR\",\"potentialAction\":[{\"@type\":\"CommentAction\",\"name\":\"Comment\",\"target\":[\"https:\\\/\\\/institucional.ufrrj.br\\\/portalcpda\\\/inauguracao-das-obras-do-6o-andar-do-ddas-cpda\\\/#respond\"]}]},{\"@type\":\"WebPage\",\"@id\":\"https:\\\/\\\/institucional.ufrrj.br\\\/portalcpda\\\/inauguracao-das-obras-do-6o-andar-do-ddas-cpda\\\/\",\"url\":\"https:\\\/\\\/institucional.ufrrj.br\\\/portalcpda\\\/inauguracao-das-obras-do-6o-andar-do-ddas-cpda\\\/\",\"name\":\"Inaugura\u00e7\u00e3o das obras do 6\u00ba andar do DDAS\\\/CPDA - CPDA\",\"isPartOf\":{\"@id\":\"https:\\\/\\\/institucional.ufrrj.br\\\/portalcpda\\\/#website\"},\"datePublished\":\"2026-08-27T17:42:55+00:00\",\"author\":{\"@id\":\"https:\\\/\\\/institucional.ufrrj.br\\\/portalcpda\\\/#\\\/schema\\\/person\\\/1d8ac54e4459a76424ece39665abc35f\"},\"breadcrumb\":{\"@id\":\"https:\\\/\\\/institucional.ufrrj.br\\\/portalcpda\\\/inauguracao-das-obras-do-6o-andar-do-ddas-cpda\\\/#breadcrumb\"},\"inLanguage\":\"pt-BR\",\"potentialAction\":[{\"@type\":\"ReadAction\",\"target\":[\"https:\\\/\\\/institucional.ufrrj.br\\\/portalcpda\\\/inauguracao-das-obras-do-6o-andar-do-ddas-cpda\\\/\"]}]},{\"@type\":\"BreadcrumbList\",\"@id\":\"https:\\\/\\\/institucional.ufrrj.br\\\/portalcpda\\\/inauguracao-das-obras-do-6o-andar-do-ddas-cpda\\\/#breadcrumb\",\"itemListElement\":[{\"@type\":\"ListItem\",\"position\":1,\"name\":\"In\u00edcio\",\"item\":\"https:\\\/\\\/institucional.ufrrj.br\\\/portalcpda\\\/\"},{\"@type\":\"ListItem\",\"position\":2,\"name\":\"Inaugura\u00e7\u00e3o das obras do 6\u00ba andar do DDAS\\\/CPDA\"}]},{\"@type\":\"WebSite\",\"@id\":\"https:\\\/\\\/institucional.ufrrj.br\\\/portalcpda\\\/#website\",\"url\":\"https:\\\/\\\/institucional.ufrrj.br\\\/portalcpda\\\/\",\"name\":\"CPDA\",\"description\":\"institucional.ufrrj.br\",\"potentialAction\":[{\"@type\":\"SearchAction\",\"target\":{\"@type\":\"EntryPoint\",\"urlTemplate\":\"https:\\\/\\\/institucional.ufrrj.br\\\/portalcpda\\\/?s={search_term_string}\"},\"query-input\":{\"@type\":\"PropertyValueSpecification\",\"valueRequired\":true,\"valueName\":\"search_term_string\"}}],\"inLanguage\":\"pt-BR\"},{\"@type\":\"Person\",\"@id\":\"https:\\\/\\\/institucional.ufrrj.br\\\/portalcpda\\\/#\\\/schema\\\/person\\\/1d8ac54e4459a76424ece39665abc35f\",\"name\":\"fatima\",\"image\":{\"@type\":\"ImageObject\",\"inLanguage\":\"pt-BR\",\"@id\":\"https:\\\/\\\/secure.gravatar.com\\\/avatar\\\/886f5f1c9051e04a76e6857b98884f002f1c4804178026ec8193df9c8c281c80?s=96&d=mm&r=g\",\"url\":\"https:\\\/\\\/secure.gravatar.com\\\/avatar\\\/886f5f1c9051e04a76e6857b98884f002f1c4804178026ec8193df9c8c281c80?s=96&d=mm&r=g\",\"contentUrl\":\"https:\\\/\\\/secure.gravatar.com\\\/avatar\\\/886f5f1c9051e04a76e6857b98884f002f1c4804178026ec8193df9c8c281c80?s=96&d=mm&r=g\",\"caption\":\"fatima\"},\"url\":\"https:\\\/\\\/institucional.ufrrj.br\\\/portalcpda\\\/author\\\/fatimaportilho\\\/\"}]}<\/script>\n<!-- \/ Yoast SEO plugin. -->","yoast_head_json":{"title":"Inaugura\u00e7\u00e3o das obras do 6\u00ba andar do DDAS\/CPDA - CPDA","robots":{"index":"index","follow":"follow","max-snippet":"max-snippet:-1","max-image-preview":"max-image-preview:large","max-video-preview":"max-video-preview:-1"},"canonical":"https:\/\/institucional.ufrrj.br\/portalcpda\/inauguracao-das-obras-do-6o-andar-do-ddas-cpda\/","og_locale":"pt_BR","og_type":"article","og_title":"Inaugura\u00e7\u00e3o das obras do 6\u00ba andar do DDAS\/CPDA - CPDA","og_description":"\u00c9 com muita satisfa\u00e7\u00e3o que convidamos todas e todos para a inaugura\u00e7\u00e3o das obras do 6\u00ba andar do DDAS\/CPDA, nesta ... leia mais","og_url":"https:\/\/institucional.ufrrj.br\/portalcpda\/inauguracao-das-obras-do-6o-andar-do-ddas-cpda\/","og_site_name":"CPDA","article_published_time":"2026-08-27T17:42:55+00:00","author":"fatima","twitter_card":"summary_large_image","twitter_misc":{"Escrito por":"fatima","Est. tempo de leitura":"1 minuto"},"schema":{"@context":"https:\/\/schema.org","@graph":[{"@type":"Article","@id":"https:\/\/institucional.ufrrj.br\/portalcpda\/inauguracao-das-obras-do-6o-andar-do-ddas-cpda\/#article","isPartOf":{"@id":"https:\/\/institucional.ufrrj.br\/portalcpda\/inauguracao-das-obras-do-6o-andar-do-ddas-cpda\/"},"author":{"name":"fatima","@id":"https:\/\/institucional.ufrrj.br\/portalcpda\/#\/schema\/person\/1d8ac54e4459a76424ece39665abc35f"},"headline":"Inaugura\u00e7\u00e3o das obras do 6\u00ba andar do DDAS\/CPDA","datePublished":"2026-08-27T17:42:55+00:00","mainEntityOfPage":{"@id":"https:\/\/institucional.ufrrj.br\/portalcpda\/inauguracao-das-obras-do-6o-andar-do-ddas-cpda\/"},"wordCount":113,"commentCount":0,"articleSection":["Noticias"],"inLanguage":"pt-BR","potentialAction":[{"@type":"CommentAction","name":"Comment","target":["https:\/\/institucional.ufrrj.br\/portalcpda\/inauguracao-das-obras-do-6o-andar-do-ddas-cpda\/#respond"]}]},{"@type":"WebPage","@id":"https:\/\/institucional.ufrrj.br\/portalcpda\/inauguracao-das-obras-do-6o-andar-do-ddas-cpda\/","url":"https:\/\/institucional.ufrrj.br\/portalcpda\/inauguracao-das-obras-do-6o-andar-do-ddas-cpda\/","name":"Inaugura\u00e7\u00e3o das obras do 6\u00ba andar do DDAS\/CPDA - CPDA","isPartOf":{"@id":"https:\/\/institucional.ufrrj.br\/portalcpda\/#website"},"datePublished":"2026-08-27T17:42:55+00:00","author":{"@id":"https:\/\/institucional.ufrrj.br\/portalcpda\/#\/schema\/person\/1d8ac54e4459a76424ece39665abc35f"},"breadcrumb":{"@id":"https:\/\/institucional.ufrrj.br\/portalcpda\/inauguracao-das-obras-do-6o-andar-do-ddas-cpda\/#breadcrumb"},"inLanguage":"pt-BR","potentialAction":[{"@type":"ReadAction","target":["https:\/\/institucional.ufrrj.br\/portalcpda\/inauguracao-das-obras-do-6o-andar-do-ddas-cpda\/"]}]},{"@type":"BreadcrumbList","@id":"https:\/\/institucional.ufrrj.br\/portalcpda\/inauguracao-das-obras-do-6o-andar-do-ddas-cpda\/#breadcrumb","itemListElement":[{"@type":"ListItem","position":1,"name":"In\u00edcio","item":"https:\/\/institucional.ufrrj.br\/portalcpda\/"},{"@type":"ListItem","position":2,"name":"Inaugura\u00e7\u00e3o das obras do 6\u00ba andar do DDAS\/CPDA"}]},{"@type":"WebSite","@id":"https:\/\/institucional.ufrrj.br\/portalcpda\/#website","url":"https:\/\/institucional.ufrrj.br\/portalcpda\/","name":"CPDA","description":"institucional.ufrrj.br","potentialAction":[{"@type":"SearchAction","target":{"@type":"EntryPoint","urlTemplate":"https:\/\/institucional.ufrrj.br\/portalcpda\/?s={search_term_string}"},"query-input":{"@type":"PropertyValueSpecification","valueRequired":true,"valueName":"search_term_string"}}],"inLanguage":"pt-BR"},{"@type":"Person","@id":"https:\/\/institucional.ufrrj.br\/portalcpda\/#\/schema\/person\/1d8ac54e4459a76424ece39665abc35f","name":"fatima","image":{"@type":"ImageObject","inLanguage":"pt-BR","@id":"https:\/\/secure.gravatar.com\/avatar\/886f5f1c9051e04a76e6857b98884f002f1c4804178026ec8193df9c8c281c80?s=96&d=mm&r=g","url":"https:\/\/secure.gravatar.com\/avatar\/886f5f1c9051e04a76e6857b98884f002f1c4804178026ec8193df9c8c281c80?s=96&d=mm&r=g","contentUrl":"https:\/\/secure.gravatar.com\/avatar\/886f5f1c9051e04a76e6857b98884f002f1c4804178026ec8193df9c8c281c80?s=96&d=mm&r=g","caption":"fatima"},"url":"https:\/\/institucional.ufrrj.br\/portalcpda\/author\/fatimaportilho\/"}]}},"acf":[],"_links":{"self":[{"href":"https:\/\/institucional.ufrrj.br\/portalcpda\/wp-json\/wp\/v2\/posts\/28188","targetHints":{"allow":["GET"]}}],"collection":[{"href":"https:\/\/institucional.ufrrj.br\/portalcpda\/wp-json\/wp\/v2\/posts"}],"about":[{"href":"https:\/\/institucional.ufrrj.br\/portalcpda\/wp-json\/wp\/v2\/types\/post"}],"author":[{"embeddable":true,"href":"https:\/\/institucional.ufrrj.br\/portalcpda\/wp-json\/wp\/v2\/users\/711"}],"replies":[{"embeddable":true,"href":"https:\/\/institucional.ufrrj.br\/portalcpda\/wp-json\/wp\/v2\/comments?post=28188"}],"version-history":[{"count":1,"href":"https:\/\/institucional.ufrrj.br\/portalcpda\/wp-json\/wp\/v2\/posts\/28188\/revisions"}],"predecessor-version":[{"id":28189,"href":"https:\/\/institucional.ufrrj.br\/portalcpda\/wp-json\/wp\/v2\/posts\/28188\/revisions\/28189"}],"wp:attachment":[{"href":"https:\/\/institucional.ufrrj.br\/portalcpda\/wp-json\/wp\/v2\/media?parent=28188"}],"wp:term":[{"taxonomy":"category","embeddable":true,"href":"https:\/\/institucional.ufrrj.br\/portalcpda\/wp-json\/wp\/v2\/categories?post=28188"},{"taxonomy":"post_tag","embeddable":true,"href":"https:\/\/institucional.ufrrj.br\/portalcpda\/wp-json\/wp\/v2\/tags?post=28188"}],"curies":[{"name":"wp","href":"https:\/\/api.w.org\/{rel}","templated":true}]}}