{"id":27979,"date":"2026-07-10T15:44:22","date_gmt":"2026-07-10T18:44:22","guid":{"rendered":"https:\/\/institucional.ufrrj.br\/portalcpda\/?p=27979"},"modified":"2026-07-10T15:44:56","modified_gmt":"2026-07-10T18:44:56","slug":"edital-selecao-de-programa-institucional-de-pos-doutorado-pipd","status":"publish","type":"post","link":"https:\/\/institucional.ufrrj.br\/portalcpda\/edital-selecao-de-programa-institucional-de-pos-doutorado-pipd\/","title":{"rendered":"Edital Sele\u00e7\u00e3o de Programa Institucional de P\u00f3s-Doutorado\/PIPD"},"content":{"rendered":"<p>A Coordena\u00e7\u00e3o do Programa de P\u00f3s-Gradua\u00e7\u00e3o de Ci\u00eancias Sociais em Desenvolvimento, Agricultura e Sociedade, da Universidade Federal Rural do Rio de Janeiro (CPDA\/UFRRJ), torna p\u00fablico e para conhecimento dos interessados os procedimentos e prazos para inscri\u00e7\u00e3o e sele\u00e7\u00e3o de candidatos a 1 (uma) bolsa do Programa Institucional de P\u00f3s-Doutorado &#8211; PIPD, de acordo com a Portaria CAPES no 282, de 4 de setembro de 2024 e no 307, de 24 de dezembro de 2024.<\/p>\n<p><a href=\"https:\/\/institucional.ufrrj.br\/portalcpda\/files\/2026\/07\/Edital-Pos-Doc-CPDA-2026.pdf\" target=\"_blank\" rel=\"noopener\">Edital CPDA P\u00f3s-Doutorado\/PIPD 2026<\/a><\/p>\n<p>&nbsp;<\/p>\n<p>&nbsp;<\/p>\n<p>&nbsp;<\/p>\n","protected":false},"excerpt":{"rendered":"<p>A Coordena\u00e7\u00e3o do Programa de P\u00f3s-Gradua\u00e7\u00e3o de Ci\u00eancias Sociais em Desenvolvimento, Agricultura e Sociedade, da Universidade Federal Rural do Rio <a class=\"read-more\" href=\"https:\/\/institucional.ufrrj.br\/portalcpda\/edital-selecao-de-programa-institucional-de-pos-doutorado-pipd\/ \" >&#8230; <span class=\"font-italic\">leia mais <i class=\"fas fa-angle-right\"><\/i><\/span><\/a><\/p>\n","protected":false},"author":715,"featured_media":0,"comment_status":"open","ping_status":"open","sticky":false,"template":"","format":"standard","meta":{"_acf_changed":false,"footnotes":""},"categories":[32],"tags":[],"class_list":["post-27979","post","type-post","status-publish","format-standard","hentry","category-editais-pt"],"aioseo_notices":[],"aioseo_head":"\n\t\t<!-- All in One SEO 5.0.1.1 - aioseo.com -->\n\t<meta name=\"description\" content=\"A Coordena\u00e7\u00e3o do Programa de P\u00f3s-Gradua\u00e7\u00e3o de Ci\u00eancias Sociais em Desenvolvimento, Agricultura e Sociedade, da Universidade Federal Rural do Rio de Janeiro (CPDA\/UFRRJ), torna p\u00fablico e para conhecimento dos interessados os procedimentos e prazos para inscri\u00e7\u00e3o e sele\u00e7\u00e3o de candidatos a 1 (uma) bolsa do Programa Institucional de P\u00f3s-Doutorado - PIPD, de acordo com a\" \/>\n\t<meta name=\"robots\" content=\"max-image-preview:large\" \/>\n\t<meta name=\"author\" content=\"delciojr\"\/>\n\t<link rel=\"canonical\" href=\"https:\/\/institucional.ufrrj.br\/portalcpda\/edital-selecao-de-programa-institucional-de-pos-doutorado-pipd\/\" \/>\n\t<meta name=\"generator\" content=\"All in One SEO (AIOSEO) 5.0.1.1\" \/>\n\t\t<meta property=\"og:locale\" content=\"pt_BR\" \/>\n\t\t<meta property=\"og:site_name\" content=\"CPDA - institucional.ufrrj.br\" \/>\n\t\t<meta property=\"og:type\" content=\"article\" \/>\n\t\t<meta property=\"og:title\" content=\"Edital Sele\u00e7\u00e3o de Programa Institucional de P\u00f3s-Doutorado\/PIPD - CPDA\" \/>\n\t\t<meta property=\"og:description\" content=\"A Coordena\u00e7\u00e3o do Programa de P\u00f3s-Gradua\u00e7\u00e3o de Ci\u00eancias Sociais em Desenvolvimento, Agricultura e Sociedade, da Universidade Federal Rural do Rio de Janeiro (CPDA\/UFRRJ), torna p\u00fablico e para conhecimento dos interessados os procedimentos e prazos para inscri\u00e7\u00e3o e sele\u00e7\u00e3o de candidatos a 1 (uma) bolsa do Programa Institucional de P\u00f3s-Doutorado - PIPD, de acordo com a\" \/>\n\t\t<meta property=\"og:url\" content=\"https:\/\/institucional.ufrrj.br\/portalcpda\/edital-selecao-de-programa-institucional-de-pos-doutorado-pipd\/\" \/>\n\t\t<meta property=\"article:published_time\" content=\"2026-07-10T18:44:22+00:00\" \/>\n\t\t<meta property=\"article:modified_time\" content=\"2026-07-10T18:44:56+00:00\" \/>\n\t\t<meta name=\"twitter:card\" content=\"summary_large_image\" \/>\n\t\t<meta name=\"twitter:title\" content=\"Edital Sele\u00e7\u00e3o de Programa Institucional de P\u00f3s-Doutorado\/PIPD - CPDA\" \/>\n\t\t<meta name=\"twitter:description\" content=\"A Coordena\u00e7\u00e3o do Programa de P\u00f3s-Gradua\u00e7\u00e3o de Ci\u00eancias Sociais em Desenvolvimento, Agricultura e Sociedade, da Universidade Federal Rural do Rio de Janeiro (CPDA\/UFRRJ), torna p\u00fablico e para conhecimento dos interessados os procedimentos e prazos para inscri\u00e7\u00e3o e sele\u00e7\u00e3o de candidatos a 1 (uma) bolsa do Programa Institucional de P\u00f3s-Doutorado - PIPD, de acordo com a\" \/>\n\t\t<script type=\"application\/ld+json\" class=\"aioseo-schema\">\n\t\t\t{\"@context\":\"https:\\\/\\\/schema.org\",\"@graph\":[{\"@type\":\"BlogPosting\",\"@id\":\"https:\\\/\\\/institucional.ufrrj.br\\\/portalcpda\\\/edital-selecao-de-programa-institucional-de-pos-doutorado-pipd\\\/#blogposting\",\"name\":\"Edital Sele\\u00e7\\u00e3o de Programa Institucional de P\\u00f3s-Doutorado\\\/PIPD - CPDA\",\"headline\":\"Edital Sele\\u00e7\\u00e3o de Programa Institucional de P\\u00f3s-Doutorado\\\/PIPD\",\"author\":{\"@id\":\"https:\\\/\\\/institucional.ufrrj.br\\\/portalcpda\\\/author\\\/delciojr1\\\/#author\"},\"publisher\":{\"@id\":\"https:\\\/\\\/institucional.ufrrj.br\\\/portalcpda\\\/#organization\"},\"datePublished\":\"2026-07-10T15:44:22-03:00\",\"dateModified\":\"2026-07-10T15:44:56-03:00\",\"inLanguage\":\"pt-BR\",\"mainEntityOfPage\":{\"@id\":\"https:\\\/\\\/institucional.ufrrj.br\\\/portalcpda\\\/edital-selecao-de-programa-institucional-de-pos-doutorado-pipd\\\/#webpage\"},\"isPartOf\":{\"@id\":\"https:\\\/\\\/institucional.ufrrj.br\\\/portalcpda\\\/edital-selecao-de-programa-institucional-de-pos-doutorado-pipd\\\/#webpage\"},\"articleSection\":\"Editais, Portugu\\u00eas\"},{\"@type\":\"BreadcrumbList\",\"@id\":\"https:\\\/\\\/institucional.ufrrj.br\\\/portalcpda\\\/edital-selecao-de-programa-institucional-de-pos-doutorado-pipd\\\/#breadcrumblist\",\"itemListElement\":[{\"@type\":\"ListItem\",\"@id\":\"https:\\\/\\\/institucional.ufrrj.br\\\/portalcpda#listItem\",\"position\":1,\"name\":\"Home\",\"item\":\"https:\\\/\\\/institucional.ufrrj.br\\\/portalcpda\",\"nextItem\":{\"@type\":\"ListItem\",\"@id\":\"https:\\\/\\\/institucional.ufrrj.br\\\/portalcpda\\\/category\\\/editais-pt\\\/#listItem\",\"name\":\"Editais\"}},{\"@type\":\"ListItem\",\"@id\":\"https:\\\/\\\/institucional.ufrrj.br\\\/portalcpda\\\/category\\\/editais-pt\\\/#listItem\",\"position\":2,\"name\":\"Editais\",\"item\":\"https:\\\/\\\/institucional.ufrrj.br\\\/portalcpda\\\/category\\\/editais-pt\\\/\",\"nextItem\":{\"@type\":\"ListItem\",\"@id\":\"https:\\\/\\\/institucional.ufrrj.br\\\/portalcpda\\\/edital-selecao-de-programa-institucional-de-pos-doutorado-pipd\\\/#listItem\",\"name\":\"Edital Sele\\u00e7\\u00e3o de Programa Institucional de P\\u00f3s-Doutorado\\\/PIPD\"},\"previousItem\":{\"@type\":\"ListItem\",\"@id\":\"https:\\\/\\\/institucional.ufrrj.br\\\/portalcpda#listItem\",\"name\":\"Home\"}},{\"@type\":\"ListItem\",\"@id\":\"https:\\\/\\\/institucional.ufrrj.br\\\/portalcpda\\\/edital-selecao-de-programa-institucional-de-pos-doutorado-pipd\\\/#listItem\",\"position\":3,\"name\":\"Edital Sele\\u00e7\\u00e3o de Programa Institucional de P\\u00f3s-Doutorado\\\/PIPD\",\"previousItem\":{\"@type\":\"ListItem\",\"@id\":\"https:\\\/\\\/institucional.ufrrj.br\\\/portalcpda\\\/category\\\/editais-pt\\\/#listItem\",\"name\":\"Editais\"}}]},{\"@type\":\"Organization\",\"@id\":\"https:\\\/\\\/institucional.ufrrj.br\\\/portalcpda\\\/#organization\",\"name\":\"CPDA\",\"description\":\"institucional.ufrrj.br\",\"url\":\"https:\\\/\\\/institucional.ufrrj.br\\\/portalcpda\\\/\"},{\"@type\":\"Person\",\"@id\":\"https:\\\/\\\/institucional.ufrrj.br\\\/portalcpda\\\/author\\\/delciojr1\\\/#author\",\"url\":\"https:\\\/\\\/institucional.ufrrj.br\\\/portalcpda\\\/author\\\/delciojr1\\\/\",\"name\":\"delciojr\",\"image\":{\"@type\":\"ImageObject\",\"@id\":\"https:\\\/\\\/institucional.ufrrj.br\\\/portalcpda\\\/edital-selecao-de-programa-institucional-de-pos-doutorado-pipd\\\/#authorImage\",\"url\":\"https:\\\/\\\/secure.gravatar.com\\\/avatar\\\/1d5dc60974aa48f5f461ce2f4185fd51a7706d9af07f296f423729d5bd056eb4?s=96&d=mm&r=g\",\"width\":96,\"height\":96,\"caption\":\"delciojr\"}},{\"@type\":\"WebPage\",\"@id\":\"https:\\\/\\\/institucional.ufrrj.br\\\/portalcpda\\\/edital-selecao-de-programa-institucional-de-pos-doutorado-pipd\\\/#webpage\",\"url\":\"https:\\\/\\\/institucional.ufrrj.br\\\/portalcpda\\\/edital-selecao-de-programa-institucional-de-pos-doutorado-pipd\\\/\",\"name\":\"Edital Sele\\u00e7\\u00e3o de Programa Institucional de P\\u00f3s-Doutorado\\\/PIPD - CPDA\",\"description\":\"A Coordena\\u00e7\\u00e3o do Programa de P\\u00f3s-Gradua\\u00e7\\u00e3o de Ci\\u00eancias Sociais em Desenvolvimento, Agricultura e Sociedade, da Universidade Federal Rural do Rio de Janeiro (CPDA\\\/UFRRJ), torna p\\u00fablico e para conhecimento dos interessados os procedimentos e prazos para inscri\\u00e7\\u00e3o e sele\\u00e7\\u00e3o de candidatos a 1 (uma) bolsa do Programa Institucional de P\\u00f3s-Doutorado - PIPD, de acordo com a\",\"inLanguage\":\"pt-BR\",\"isPartOf\":{\"@id\":\"https:\\\/\\\/institucional.ufrrj.br\\\/portalcpda\\\/#website\"},\"breadcrumb\":{\"@id\":\"https:\\\/\\\/institucional.ufrrj.br\\\/portalcpda\\\/edital-selecao-de-programa-institucional-de-pos-doutorado-pipd\\\/#breadcrumblist\"},\"author\":{\"@id\":\"https:\\\/\\\/institucional.ufrrj.br\\\/portalcpda\\\/author\\\/delciojr1\\\/#author\"},\"creator\":{\"@id\":\"https:\\\/\\\/institucional.ufrrj.br\\\/portalcpda\\\/author\\\/delciojr1\\\/#author\"},\"datePublished\":\"2026-07-10T15:44:22-03:00\",\"dateModified\":\"2026-07-10T15:44:56-03:00\"},{\"@type\":\"WebSite\",\"@id\":\"https:\\\/\\\/institucional.ufrrj.br\\\/portalcpda\\\/#website\",\"url\":\"https:\\\/\\\/institucional.ufrrj.br\\\/portalcpda\\\/\",\"name\":\"CPDA\",\"description\":\"institucional.ufrrj.br\",\"inLanguage\":\"pt-BR\",\"publisher\":{\"@id\":\"https:\\\/\\\/institucional.ufrrj.br\\\/portalcpda\\\/#organization\"}}]}\n\t\t<\/script>\n\t\t<!-- All in One SEO -->\n\n","aioseo_head_json":{"title":"Edital Sele\u00e7\u00e3o de Programa Institucional de P\u00f3s-Doutorado\/PIPD - CPDA","description":"A Coordena\u00e7\u00e3o do Programa de P\u00f3s-Gradua\u00e7\u00e3o de Ci\u00eancias Sociais em Desenvolvimento, Agricultura e Sociedade, da Universidade Federal Rural do Rio de Janeiro (CPDA\/UFRRJ), torna p\u00fablico e para conhecimento dos interessados os procedimentos e prazos para inscri\u00e7\u00e3o e sele\u00e7\u00e3o de candidatos a 1 (uma) bolsa do Programa Institucional de P\u00f3s-Doutorado - PIPD, de acordo com a","canonical_url":"https:\/\/institucional.ufrrj.br\/portalcpda\/edital-selecao-de-programa-institucional-de-pos-doutorado-pipd\/","robots":"max-image-preview:large","keywords":"","webmasterTools":{"miscellaneous":""},"schema":{"@context":"https:\/\/schema.org","@graph":[{"@type":"BlogPosting","@id":"https:\/\/institucional.ufrrj.br\/portalcpda\/edital-selecao-de-programa-institucional-de-pos-doutorado-pipd\/#blogposting","name":"Edital Sele\u00e7\u00e3o de Programa Institucional de P\u00f3s-Doutorado\/PIPD - CPDA","headline":"Edital Sele\u00e7\u00e3o de Programa Institucional de P\u00f3s-Doutorado\/PIPD","author":{"@id":"https:\/\/institucional.ufrrj.br\/portalcpda\/author\/delciojr1\/#author"},"publisher":{"@id":"https:\/\/institucional.ufrrj.br\/portalcpda\/#organization"},"datePublished":"2026-07-10T15:44:22-03:00","dateModified":"2026-07-10T15:44:56-03:00","inLanguage":"pt-BR","mainEntityOfPage":{"@id":"https:\/\/institucional.ufrrj.br\/portalcpda\/edital-selecao-de-programa-institucional-de-pos-doutorado-pipd\/#webpage"},"isPartOf":{"@id":"https:\/\/institucional.ufrrj.br\/portalcpda\/edital-selecao-de-programa-institucional-de-pos-doutorado-pipd\/#webpage"},"articleSection":"Editais, Portugu\u00eas"},{"@type":"BreadcrumbList","@id":"https:\/\/institucional.ufrrj.br\/portalcpda\/edital-selecao-de-programa-institucional-de-pos-doutorado-pipd\/#breadcrumblist","itemListElement":[{"@type":"ListItem","@id":"https:\/\/institucional.ufrrj.br\/portalcpda#listItem","position":1,"name":"Home","item":"https:\/\/institucional.ufrrj.br\/portalcpda","nextItem":{"@type":"ListItem","@id":"https:\/\/institucional.ufrrj.br\/portalcpda\/category\/editais-pt\/#listItem","name":"Editais"}},{"@type":"ListItem","@id":"https:\/\/institucional.ufrrj.br\/portalcpda\/category\/editais-pt\/#listItem","position":2,"name":"Editais","item":"https:\/\/institucional.ufrrj.br\/portalcpda\/category\/editais-pt\/","nextItem":{"@type":"ListItem","@id":"https:\/\/institucional.ufrrj.br\/portalcpda\/edital-selecao-de-programa-institucional-de-pos-doutorado-pipd\/#listItem","name":"Edital Sele\u00e7\u00e3o de Programa Institucional de P\u00f3s-Doutorado\/PIPD"},"previousItem":{"@type":"ListItem","@id":"https:\/\/institucional.ufrrj.br\/portalcpda#listItem","name":"Home"}},{"@type":"ListItem","@id":"https:\/\/institucional.ufrrj.br\/portalcpda\/edital-selecao-de-programa-institucional-de-pos-doutorado-pipd\/#listItem","position":3,"name":"Edital Sele\u00e7\u00e3o de Programa Institucional de P\u00f3s-Doutorado\/PIPD","previousItem":{"@type":"ListItem","@id":"https:\/\/institucional.ufrrj.br\/portalcpda\/category\/editais-pt\/#listItem","name":"Editais"}}]},{"@type":"Organization","@id":"https:\/\/institucional.ufrrj.br\/portalcpda\/#organization","name":"CPDA","description":"institucional.ufrrj.br","url":"https:\/\/institucional.ufrrj.br\/portalcpda\/"},{"@type":"Person","@id":"https:\/\/institucional.ufrrj.br\/portalcpda\/author\/delciojr1\/#author","url":"https:\/\/institucional.ufrrj.br\/portalcpda\/author\/delciojr1\/","name":"delciojr","image":{"@type":"ImageObject","@id":"https:\/\/institucional.ufrrj.br\/portalcpda\/edital-selecao-de-programa-institucional-de-pos-doutorado-pipd\/#authorImage","url":"https:\/\/secure.gravatar.com\/avatar\/1d5dc60974aa48f5f461ce2f4185fd51a7706d9af07f296f423729d5bd056eb4?s=96&d=mm&r=g","width":96,"height":96,"caption":"delciojr"}},{"@type":"WebPage","@id":"https:\/\/institucional.ufrrj.br\/portalcpda\/edital-selecao-de-programa-institucional-de-pos-doutorado-pipd\/#webpage","url":"https:\/\/institucional.ufrrj.br\/portalcpda\/edital-selecao-de-programa-institucional-de-pos-doutorado-pipd\/","name":"Edital Sele\u00e7\u00e3o de Programa Institucional de P\u00f3s-Doutorado\/PIPD - CPDA","description":"A Coordena\u00e7\u00e3o do Programa de P\u00f3s-Gradua\u00e7\u00e3o de Ci\u00eancias Sociais em Desenvolvimento, Agricultura e Sociedade, da Universidade Federal Rural do Rio de Janeiro (CPDA\/UFRRJ), torna p\u00fablico e para conhecimento dos interessados os procedimentos e prazos para inscri\u00e7\u00e3o e sele\u00e7\u00e3o de candidatos a 1 (uma) bolsa do Programa Institucional de P\u00f3s-Doutorado - PIPD, de acordo com a","inLanguage":"pt-BR","isPartOf":{"@id":"https:\/\/institucional.ufrrj.br\/portalcpda\/#website"},"breadcrumb":{"@id":"https:\/\/institucional.ufrrj.br\/portalcpda\/edital-selecao-de-programa-institucional-de-pos-doutorado-pipd\/#breadcrumblist"},"author":{"@id":"https:\/\/institucional.ufrrj.br\/portalcpda\/author\/delciojr1\/#author"},"creator":{"@id":"https:\/\/institucional.ufrrj.br\/portalcpda\/author\/delciojr1\/#author"},"datePublished":"2026-07-10T15:44:22-03:00","dateModified":"2026-07-10T15:44:56-03:00"},{"@type":"WebSite","@id":"https:\/\/institucional.ufrrj.br\/portalcpda\/#website","url":"https:\/\/institucional.ufrrj.br\/portalcpda\/","name":"CPDA","description":"institucional.ufrrj.br","inLanguage":"pt-BR","publisher":{"@id":"https:\/\/institucional.ufrrj.br\/portalcpda\/#organization"}}]},"og:locale":"pt_BR","og:site_name":"CPDA - institucional.ufrrj.br","og:type":"article","og:title":"Edital Sele\u00e7\u00e3o de Programa Institucional de P\u00f3s-Doutorado\/PIPD - CPDA","og:description":"A Coordena\u00e7\u00e3o do Programa de P\u00f3s-Gradua\u00e7\u00e3o de Ci\u00eancias Sociais em Desenvolvimento, Agricultura e Sociedade, da Universidade Federal Rural do Rio de Janeiro (CPDA\/UFRRJ), torna p\u00fablico e para conhecimento dos interessados os procedimentos e prazos para inscri\u00e7\u00e3o e sele\u00e7\u00e3o de candidatos a 1 (uma) bolsa do Programa Institucional de P\u00f3s-Doutorado - PIPD, de acordo com a","og:url":"https:\/\/institucional.ufrrj.br\/portalcpda\/edital-selecao-de-programa-institucional-de-pos-doutorado-pipd\/","article:published_time":"2026-07-10T18:44:22+00:00","article:modified_time":"2026-07-10T18:44:56+00:00","twitter:card":"summary_large_image","twitter:title":"Edital Sele\u00e7\u00e3o de Programa Institucional de P\u00f3s-Doutorado\/PIPD - CPDA","twitter:description":"A Coordena\u00e7\u00e3o do Programa de P\u00f3s-Gradua\u00e7\u00e3o de Ci\u00eancias Sociais em Desenvolvimento, Agricultura e Sociedade, da Universidade Federal Rural do Rio de Janeiro (CPDA\/UFRRJ), torna p\u00fablico e para conhecimento dos interessados os procedimentos e prazos para inscri\u00e7\u00e3o e sele\u00e7\u00e3o de candidatos a 1 (uma) bolsa do Programa Institucional de P\u00f3s-Doutorado - PIPD, de acordo com a"},"aioseo_meta_data":{"post_id":"27979","title":null,"description":null,"keywords":null,"keyphrases":null,"focus_keyword":null,"additional_keywords":null,"truseo_locale":null,"primary_term":null,"canonical_url":null,"og_title":null,"og_description":null,"og_object_type":"default","og_image_type":"default","og_image_custom_url":null,"og_image_custom_fields":null,"og_image_url":null,"og_image_width":null,"og_image_height":null,"og_video":null,"og_custom_url":null,"og_article_section":null,"og_article_tags":null,"twitter_use_og":false,"twitter_card":"default","twitter_image_type":"default","twitter_image_custom_url":null,"twitter_image_custom_fields":null,"twitter_image_url":null,"twitter_title":null,"twitter_description":null,"schema_type":"default","schema_type_options":null,"schema":{"blockGraphs":[],"customGraphs":[],"default":{"data":{"Article":[],"Course":[],"Dataset":[],"FAQPage":[],"Movie":[],"Person":[],"Product":[],"ProductReview":[],"Car":[],"Recipe":[],"Service":[],"SoftwareApplication":[],"WebPage":[]},"graphName":"","isEnabled":true},"graphs":[]},"pillar_content":false,"robots_default":true,"robots_noindex":false,"robots_noarchive":false,"robots_nosnippet":false,"robots_nofollow":false,"robots_noimageindex":false,"robots_noodp":false,"robots_notranslate":false,"robots_max_snippet":null,"robots_max_videopreview":null,"robots_max_imagepreview":"large","priority":null,"frequency":null,"local_seo":null,"limit_modified_date":false,"ai":null,"breadcrumb_settings":null,"seo_analyzer_scan_date":null,"created":"2026-09-03 23:43:01","updated":"2026-09-03 23:43:01"},"aioseo_breadcrumb":"<div class=\"aioseo-breadcrumbs\"><span class=\"aioseo-breadcrumb\">\n\t\t\t<a href=\"https:\/\/institucional.ufrrj.br\/portalcpda\" title=\"Home\">Home<\/a>\n\t\t<\/span><span class=\"aioseo-breadcrumb-separator\">&raquo;<\/span><span class=\"aioseo-breadcrumb\">\n\t\t\t<a href=\"https:\/\/institucional.ufrrj.br\/portalcpda\/category\/editais-pt\/\" title=\"Editais\">Editais<\/a>\n\t\t<\/span><span class=\"aioseo-breadcrumb-separator\">&raquo;<\/span><span class=\"aioseo-breadcrumb\">\n\t\t\tEdital Sele\u00e7\u00e3o de Programa Institucional de P\u00f3s-Doutorado\/PIPD\n\t\t<\/span><\/div>","aioseo_breadcrumb_json":[{"label":"Home","link":"https:\/\/institucional.ufrrj.br\/portalcpda"},{"label":"Editais","link":"https:\/\/institucional.ufrrj.br\/portalcpda\/category\/editais-pt\/"},{"label":"Edital Sele\u00e7\u00e3o de Programa Institucional de P\u00f3s-Doutorado\/PIPD","link":"https:\/\/institucional.ufrrj.br\/portalcpda\/edital-selecao-de-programa-institucional-de-pos-doutorado-pipd\/"}],"acf":[],"_links":{"self":[{"href":"https:\/\/institucional.ufrrj.br\/portalcpda\/wp-json\/wp\/v2\/posts\/27979","targetHints":{"allow":["GET"]}}],"collection":[{"href":"https:\/\/institucional.ufrrj.br\/portalcpda\/wp-json\/wp\/v2\/posts"}],"about":[{"href":"https:\/\/institucional.ufrrj.br\/portalcpda\/wp-json\/wp\/v2\/types\/post"}],"author":[{"embeddable":true,"href":"https:\/\/institucional.ufrrj.br\/portalcpda\/wp-json\/wp\/v2\/users\/715"}],"replies":[{"embeddable":true,"href":"https:\/\/institucional.ufrrj.br\/portalcpda\/wp-json\/wp\/v2\/comments?post=27979"}],"version-history":[{"count":2,"href":"https:\/\/institucional.ufrrj.br\/portalcpda\/wp-json\/wp\/v2\/posts\/27979\/revisions"}],"predecessor-version":[{"id":27982,"href":"https:\/\/institucional.ufrrj.br\/portalcpda\/wp-json\/wp\/v2\/posts\/27979\/revisions\/27982"}],"wp:attachment":[{"href":"https:\/\/institucional.ufrrj.br\/portalcpda\/wp-json\/wp\/v2\/media?parent=27979"}],"wp:term":[{"taxonomy":"category","embeddable":true,"href":"https:\/\/institucional.ufrrj.br\/portalcpda\/wp-json\/wp\/v2\/categories?post=27979"},{"taxonomy":"post_tag","embeddable":true,"href":"https:\/\/institucional.ufrrj.br\/portalcpda\/wp-json\/wp\/v2\/tags?post=27979"}],"curies":[{"name":"wp","href":"https:\/\/api.w.org\/{rel}","templated":true}]}}