{"id":27813,"date":"2026-04-29T10:00:18","date_gmt":"2026-04-29T13:00:18","guid":{"rendered":"https:\/\/institucional.ufrrj.br\/portalcpda\/?p=27813"},"modified":"2026-04-28T20:31:36","modified_gmt":"2026-04-28T23:31:36","slug":"curso-livre-soberania-alimentar-e-perspectivas-economicas-com-inscricoes-abertas","status":"publish","type":"post","link":"https:\/\/institucional.ufrrj.br\/portalcpda\/curso-livre-soberania-alimentar-e-perspectivas-economicas-com-inscricoes-abertas\/","title":{"rendered":"Curso Livre: Soberania Alimentar e Perspectivas econ\u00f4micas com inscri\u00e7\u00f5es abertas!"},"content":{"rendered":"<p data-start=\"237\" data-end=\"660\">Est\u00e3o abertas as inscri\u00e7\u00f5es para o curso livre <strong data-start=\"284\" data-end=\"334\">\u201cSoberania Alimentar: Perspectivas econ\u00f4micas\u201d<\/strong>, que ter\u00e1 in\u00edcio em 4 de maio de 2026. A atividade \u00e9 oferecida no campo do Edital 01\/2025 (ano 2026) e integra a programa\u00e7\u00e3o formativa. Com carga hor\u00e1ria total de 56 horas, o curso ser\u00e1 realizado ao longo de 16 aulas, com encontros online \u00e0s segundas-feiras, das 15h \u00e0s 18h.<\/p>\n<p data-start=\"662\" data-end=\"978\">A oficina ser\u00e1 ministrada por <strong data-start=\"690\" data-end=\"714\">Thalita Viana Pontes<\/strong>, economista e doutoranda do CPDA\/UFRRJ, com atua\u00e7\u00e3o nas \u00e1reas de economia solid\u00e1ria, soberania e seguran\u00e7a alimentar e pol\u00edticas p\u00fablicas de combate \u00e0 fome. A atividade contar\u00e1 tamb\u00e9m com a participa\u00e7\u00e3o especial do professor do CPDA, <strong data-start=\"940\" data-end=\"956\">Renato Maluf<\/strong>, refer\u00eancia no campo.<\/p>\n<p data-start=\"980\" data-end=\"1433\">A proposta aborda, a partir de uma perspectiva econ\u00f4mica cr\u00edtica, os desafios contempor\u00e2neos relacionados \u00e0 fome, \u00e0 inseguran\u00e7a alimentar e \u00e0 crise ecol\u00f3gica, situando-os no contexto dos sistemas alimentares globalizados. O curso parte da necessidade de articular o debate sobre Seguran\u00e7a Alimentar, centrado no acesso aos alimentos, ao conceito de Soberania Alimentar, entendido como o direito dos povos de definir seus pr\u00f3prios sistemas alimentares.<\/p>\n<p data-start=\"1435\" data-end=\"1712\">Ao longo das aulas, ser\u00e3o exploradas contribui\u00e7\u00f5es da economia pol\u00edtica, de abordagens heterodoxas e de pensadores do Sul Global, al\u00e9m da an\u00e1lise de alternativas ao modelo dominante, como a agroecologia, os circuitos curtos de comercializa\u00e7\u00e3o e as redes alimentares solid\u00e1rias.<\/p>\n<p data-start=\"1435\" data-end=\"1712\">\ud83d\udccc As inscri\u00e7\u00f5es podem ser realizadas pelo formul\u00e1rio: <a class=\"decorated-link\" href=\"https:\/\/forms.gle\/xcUVN3nsRgQEK4er9\" target=\"_new\" rel=\"noopener\" data-start=\"1791\" data-end=\"1826\">https:\/\/forms.gle\/xcUVN3nsRgQEK4er9<\/a><\/p>\n","protected":false},"excerpt":{"rendered":"<p>Est\u00e3o abertas as inscri\u00e7\u00f5es para o curso livre \u201cSoberania Alimentar: Perspectivas econ\u00f4micas\u201d, que ter\u00e1 in\u00edcio em 4 de maio de <a class=\"read-more\" href=\"https:\/\/institucional.ufrrj.br\/portalcpda\/curso-livre-soberania-alimentar-e-perspectivas-economicas-com-inscricoes-abertas\/ \" >&#8230; <span class=\"font-italic\">leia mais <i class=\"fas fa-angle-right\"><\/i><\/span><\/a><\/p>\n","protected":false},"author":711,"featured_media":0,"comment_status":"open","ping_status":"open","sticky":false,"template":"","format":"standard","meta":{"_acf_changed":false,"footnotes":""},"categories":[30],"tags":[],"class_list":["post-27813","post","type-post","status-publish","format-standard","hentry","category-noticias-pt"],"yoast_head":"<!-- This site is optimized with the Yoast SEO plugin v27.2 - https:\/\/yoast.com\/product\/yoast-seo-wordpress\/ -->\n<title>Curso Livre: Soberania Alimentar e Perspectivas econ\u00f4micas com inscri\u00e7\u00f5es abertas! - CPDA<\/title>\n<meta name=\"description\" content=\"Curso \u201cSoberania Alimentar: Perspectivas econ\u00f4micas\u201d abre inscri\u00e7\u00f5es para 2026, com Thalita Viana Pontes (CPDA\/UFRRJ) Renato Maluf.\" \/>\n<meta name=\"robots\" content=\"index, follow, max-snippet:-1, max-image-preview:large, max-video-preview:-1\" \/>\n<link rel=\"canonical\" href=\"https:\/\/institucional.ufrrj.br\/portalcpda\/curso-livre-soberania-alimentar-e-perspectivas-economicas-com-inscricoes-abertas\/\" \/>\n<meta property=\"og:locale\" content=\"pt_BR\" \/>\n<meta property=\"og:type\" content=\"article\" \/>\n<meta property=\"og:title\" content=\"Curso Livre: Soberania Alimentar e Perspectivas econ\u00f4micas com inscri\u00e7\u00f5es abertas! - CPDA\" \/>\n<meta property=\"og:description\" content=\"Curso \u201cSoberania Alimentar: Perspectivas econ\u00f4micas\u201d abre inscri\u00e7\u00f5es para 2026, com Thalita Viana Pontes (CPDA\/UFRRJ) Renato Maluf.\" \/>\n<meta property=\"og:url\" content=\"https:\/\/institucional.ufrrj.br\/portalcpda\/curso-livre-soberania-alimentar-e-perspectivas-economicas-com-inscricoes-abertas\/\" \/>\n<meta property=\"og:site_name\" content=\"CPDA\" \/>\n<meta property=\"article:published_time\" content=\"2026-04-29T13:00:18+00:00\" \/>\n<meta name=\"author\" content=\"fatima\" \/>\n<meta name=\"twitter:card\" content=\"summary_large_image\" \/>\n<meta name=\"twitter:label1\" content=\"Escrito por\" \/>\n\t<meta name=\"twitter:data1\" content=\"fatima\" \/>\n\t<meta name=\"twitter:label2\" content=\"Est. tempo de leitura\" \/>\n\t<meta name=\"twitter:data2\" content=\"2 minutos\" \/>\n<script type=\"application\/ld+json\" class=\"yoast-schema-graph\">{\"@context\":\"https:\/\/schema.org\",\"@graph\":[{\"@type\":\"Article\",\"@id\":\"https:\/\/institucional.ufrrj.br\/portalcpda\/curso-livre-soberania-alimentar-e-perspectivas-economicas-com-inscricoes-abertas\/#article\",\"isPartOf\":{\"@id\":\"https:\/\/institucional.ufrrj.br\/portalcpda\/curso-livre-soberania-alimentar-e-perspectivas-economicas-com-inscricoes-abertas\/\"},\"author\":{\"name\":\"fatima\",\"@id\":\"https:\/\/institucional.ufrrj.br\/portalcpda\/#\/schema\/person\/1d8ac54e4459a76424ece39665abc35f\"},\"headline\":\"Curso Livre: Soberania Alimentar e Perspectivas econ\u00f4micas com inscri\u00e7\u00f5es abertas!\",\"datePublished\":\"2026-04-29T13:00:18+00:00\",\"mainEntityOfPage\":{\"@id\":\"https:\/\/institucional.ufrrj.br\/portalcpda\/curso-livre-soberania-alimentar-e-perspectivas-economicas-com-inscricoes-abertas\/\"},\"wordCount\":259,\"commentCount\":0,\"articleSection\":[\"Noticias\"],\"inLanguage\":\"pt-BR\",\"potentialAction\":[{\"@type\":\"CommentAction\",\"name\":\"Comment\",\"target\":[\"https:\/\/institucional.ufrrj.br\/portalcpda\/curso-livre-soberania-alimentar-e-perspectivas-economicas-com-inscricoes-abertas\/#respond\"]}]},{\"@type\":\"WebPage\",\"@id\":\"https:\/\/institucional.ufrrj.br\/portalcpda\/curso-livre-soberania-alimentar-e-perspectivas-economicas-com-inscricoes-abertas\/\",\"url\":\"https:\/\/institucional.ufrrj.br\/portalcpda\/curso-livre-soberania-alimentar-e-perspectivas-economicas-com-inscricoes-abertas\/\",\"name\":\"Curso Livre: Soberania Alimentar e Perspectivas econ\u00f4micas com inscri\u00e7\u00f5es abertas! - CPDA\",\"isPartOf\":{\"@id\":\"https:\/\/institucional.ufrrj.br\/portalcpda\/#website\"},\"datePublished\":\"2026-04-29T13:00:18+00:00\",\"author\":{\"@id\":\"https:\/\/institucional.ufrrj.br\/portalcpda\/#\/schema\/person\/1d8ac54e4459a76424ece39665abc35f\"},\"description\":\"Curso \u201cSoberania Alimentar: Perspectivas econ\u00f4micas\u201d abre inscri\u00e7\u00f5es para 2026, com Thalita Viana Pontes (CPDA\/UFRRJ) Renato Maluf.\",\"breadcrumb\":{\"@id\":\"https:\/\/institucional.ufrrj.br\/portalcpda\/curso-livre-soberania-alimentar-e-perspectivas-economicas-com-inscricoes-abertas\/#breadcrumb\"},\"inLanguage\":\"pt-BR\",\"potentialAction\":[{\"@type\":\"ReadAction\",\"target\":[\"https:\/\/institucional.ufrrj.br\/portalcpda\/curso-livre-soberania-alimentar-e-perspectivas-economicas-com-inscricoes-abertas\/\"]}]},{\"@type\":\"BreadcrumbList\",\"@id\":\"https:\/\/institucional.ufrrj.br\/portalcpda\/curso-livre-soberania-alimentar-e-perspectivas-economicas-com-inscricoes-abertas\/#breadcrumb\",\"itemListElement\":[{\"@type\":\"ListItem\",\"position\":1,\"name\":\"In\u00edcio\",\"item\":\"https:\/\/institucional.ufrrj.br\/portalcpda\/\"},{\"@type\":\"ListItem\",\"position\":2,\"name\":\"Curso Livre: Soberania Alimentar e Perspectivas econ\u00f4micas com inscri\u00e7\u00f5es abertas!\"}]},{\"@type\":\"WebSite\",\"@id\":\"https:\/\/institucional.ufrrj.br\/portalcpda\/#website\",\"url\":\"https:\/\/institucional.ufrrj.br\/portalcpda\/\",\"name\":\"CPDA\",\"description\":\"institucional.ufrrj.br\",\"potentialAction\":[{\"@type\":\"SearchAction\",\"target\":{\"@type\":\"EntryPoint\",\"urlTemplate\":\"https:\/\/institucional.ufrrj.br\/portalcpda\/?s={search_term_string}\"},\"query-input\":{\"@type\":\"PropertyValueSpecification\",\"valueRequired\":true,\"valueName\":\"search_term_string\"}}],\"inLanguage\":\"pt-BR\"},{\"@type\":\"Person\",\"@id\":\"https:\/\/institucional.ufrrj.br\/portalcpda\/#\/schema\/person\/1d8ac54e4459a76424ece39665abc35f\",\"name\":\"fatima\",\"image\":{\"@type\":\"ImageObject\",\"inLanguage\":\"pt-BR\",\"@id\":\"https:\/\/secure.gravatar.com\/avatar\/886f5f1c9051e04a76e6857b98884f002f1c4804178026ec8193df9c8c281c80?s=96&d=mm&r=g\",\"url\":\"https:\/\/secure.gravatar.com\/avatar\/886f5f1c9051e04a76e6857b98884f002f1c4804178026ec8193df9c8c281c80?s=96&d=mm&r=g\",\"contentUrl\":\"https:\/\/secure.gravatar.com\/avatar\/886f5f1c9051e04a76e6857b98884f002f1c4804178026ec8193df9c8c281c80?s=96&d=mm&r=g\",\"caption\":\"fatima\"},\"url\":\"https:\/\/institucional.ufrrj.br\/portalcpda\/author\/fatimaportilho\/\"}]}<\/script>\n<!-- \/ Yoast SEO plugin. -->","yoast_head_json":{"title":"Curso Livre: Soberania Alimentar e Perspectivas econ\u00f4micas com inscri\u00e7\u00f5es abertas! - CPDA","description":"Curso \u201cSoberania Alimentar: Perspectivas econ\u00f4micas\u201d abre inscri\u00e7\u00f5es para 2026, com Thalita Viana Pontes (CPDA\/UFRRJ) Renato Maluf.","robots":{"index":"index","follow":"follow","max-snippet":"max-snippet:-1","max-image-preview":"max-image-preview:large","max-video-preview":"max-video-preview:-1"},"canonical":"https:\/\/institucional.ufrrj.br\/portalcpda\/curso-livre-soberania-alimentar-e-perspectivas-economicas-com-inscricoes-abertas\/","og_locale":"pt_BR","og_type":"article","og_title":"Curso Livre: Soberania Alimentar e Perspectivas econ\u00f4micas com inscri\u00e7\u00f5es abertas! - CPDA","og_description":"Curso \u201cSoberania Alimentar: Perspectivas econ\u00f4micas\u201d abre inscri\u00e7\u00f5es para 2026, com Thalita Viana Pontes (CPDA\/UFRRJ) Renato Maluf.","og_url":"https:\/\/institucional.ufrrj.br\/portalcpda\/curso-livre-soberania-alimentar-e-perspectivas-economicas-com-inscricoes-abertas\/","og_site_name":"CPDA","article_published_time":"2026-04-29T13:00:18+00:00","author":"fatima","twitter_card":"summary_large_image","twitter_misc":{"Escrito por":"fatima","Est. tempo de leitura":"2 minutos"},"schema":{"@context":"https:\/\/schema.org","@graph":[{"@type":"Article","@id":"https:\/\/institucional.ufrrj.br\/portalcpda\/curso-livre-soberania-alimentar-e-perspectivas-economicas-com-inscricoes-abertas\/#article","isPartOf":{"@id":"https:\/\/institucional.ufrrj.br\/portalcpda\/curso-livre-soberania-alimentar-e-perspectivas-economicas-com-inscricoes-abertas\/"},"author":{"name":"fatima","@id":"https:\/\/institucional.ufrrj.br\/portalcpda\/#\/schema\/person\/1d8ac54e4459a76424ece39665abc35f"},"headline":"Curso Livre: Soberania Alimentar e Perspectivas econ\u00f4micas com inscri\u00e7\u00f5es abertas!","datePublished":"2026-04-29T13:00:18+00:00","mainEntityOfPage":{"@id":"https:\/\/institucional.ufrrj.br\/portalcpda\/curso-livre-soberania-alimentar-e-perspectivas-economicas-com-inscricoes-abertas\/"},"wordCount":259,"commentCount":0,"articleSection":["Noticias"],"inLanguage":"pt-BR","potentialAction":[{"@type":"CommentAction","name":"Comment","target":["https:\/\/institucional.ufrrj.br\/portalcpda\/curso-livre-soberania-alimentar-e-perspectivas-economicas-com-inscricoes-abertas\/#respond"]}]},{"@type":"WebPage","@id":"https:\/\/institucional.ufrrj.br\/portalcpda\/curso-livre-soberania-alimentar-e-perspectivas-economicas-com-inscricoes-abertas\/","url":"https:\/\/institucional.ufrrj.br\/portalcpda\/curso-livre-soberania-alimentar-e-perspectivas-economicas-com-inscricoes-abertas\/","name":"Curso Livre: Soberania Alimentar e Perspectivas econ\u00f4micas com inscri\u00e7\u00f5es abertas! - CPDA","isPartOf":{"@id":"https:\/\/institucional.ufrrj.br\/portalcpda\/#website"},"datePublished":"2026-04-29T13:00:18+00:00","author":{"@id":"https:\/\/institucional.ufrrj.br\/portalcpda\/#\/schema\/person\/1d8ac54e4459a76424ece39665abc35f"},"description":"Curso \u201cSoberania Alimentar: Perspectivas econ\u00f4micas\u201d abre inscri\u00e7\u00f5es para 2026, com Thalita Viana Pontes (CPDA\/UFRRJ) Renato Maluf.","breadcrumb":{"@id":"https:\/\/institucional.ufrrj.br\/portalcpda\/curso-livre-soberania-alimentar-e-perspectivas-economicas-com-inscricoes-abertas\/#breadcrumb"},"inLanguage":"pt-BR","potentialAction":[{"@type":"ReadAction","target":["https:\/\/institucional.ufrrj.br\/portalcpda\/curso-livre-soberania-alimentar-e-perspectivas-economicas-com-inscricoes-abertas\/"]}]},{"@type":"BreadcrumbList","@id":"https:\/\/institucional.ufrrj.br\/portalcpda\/curso-livre-soberania-alimentar-e-perspectivas-economicas-com-inscricoes-abertas\/#breadcrumb","itemListElement":[{"@type":"ListItem","position":1,"name":"In\u00edcio","item":"https:\/\/institucional.ufrrj.br\/portalcpda\/"},{"@type":"ListItem","position":2,"name":"Curso Livre: Soberania Alimentar e Perspectivas econ\u00f4micas com inscri\u00e7\u00f5es abertas!"}]},{"@type":"WebSite","@id":"https:\/\/institucional.ufrrj.br\/portalcpda\/#website","url":"https:\/\/institucional.ufrrj.br\/portalcpda\/","name":"CPDA","description":"institucional.ufrrj.br","potentialAction":[{"@type":"SearchAction","target":{"@type":"EntryPoint","urlTemplate":"https:\/\/institucional.ufrrj.br\/portalcpda\/?s={search_term_string}"},"query-input":{"@type":"PropertyValueSpecification","valueRequired":true,"valueName":"search_term_string"}}],"inLanguage":"pt-BR"},{"@type":"Person","@id":"https:\/\/institucional.ufrrj.br\/portalcpda\/#\/schema\/person\/1d8ac54e4459a76424ece39665abc35f","name":"fatima","image":{"@type":"ImageObject","inLanguage":"pt-BR","@id":"https:\/\/secure.gravatar.com\/avatar\/886f5f1c9051e04a76e6857b98884f002f1c4804178026ec8193df9c8c281c80?s=96&d=mm&r=g","url":"https:\/\/secure.gravatar.com\/avatar\/886f5f1c9051e04a76e6857b98884f002f1c4804178026ec8193df9c8c281c80?s=96&d=mm&r=g","contentUrl":"https:\/\/secure.gravatar.com\/avatar\/886f5f1c9051e04a76e6857b98884f002f1c4804178026ec8193df9c8c281c80?s=96&d=mm&r=g","caption":"fatima"},"url":"https:\/\/institucional.ufrrj.br\/portalcpda\/author\/fatimaportilho\/"}]}},"acf":[],"_links":{"self":[{"href":"https:\/\/institucional.ufrrj.br\/portalcpda\/wp-json\/wp\/v2\/posts\/27813","targetHints":{"allow":["GET"]}}],"collection":[{"href":"https:\/\/institucional.ufrrj.br\/portalcpda\/wp-json\/wp\/v2\/posts"}],"about":[{"href":"https:\/\/institucional.ufrrj.br\/portalcpda\/wp-json\/wp\/v2\/types\/post"}],"author":[{"embeddable":true,"href":"https:\/\/institucional.ufrrj.br\/portalcpda\/wp-json\/wp\/v2\/users\/711"}],"replies":[{"embeddable":true,"href":"https:\/\/institucional.ufrrj.br\/portalcpda\/wp-json\/wp\/v2\/comments?post=27813"}],"version-history":[{"count":2,"href":"https:\/\/institucional.ufrrj.br\/portalcpda\/wp-json\/wp\/v2\/posts\/27813\/revisions"}],"predecessor-version":[{"id":27815,"href":"https:\/\/institucional.ufrrj.br\/portalcpda\/wp-json\/wp\/v2\/posts\/27813\/revisions\/27815"}],"wp:attachment":[{"href":"https:\/\/institucional.ufrrj.br\/portalcpda\/wp-json\/wp\/v2\/media?parent=27813"}],"wp:term":[{"taxonomy":"category","embeddable":true,"href":"https:\/\/institucional.ufrrj.br\/portalcpda\/wp-json\/wp\/v2\/categories?post=27813"},{"taxonomy":"post_tag","embeddable":true,"href":"https:\/\/institucional.ufrrj.br\/portalcpda\/wp-json\/wp\/v2\/tags?post=27813"}],"curies":[{"name":"wp","href":"https:\/\/api.w.org\/{rel}","templated":true}]}}