{"id":27806,"date":"2026-04-25T13:42:16","date_gmt":"2026-04-25T16:42:16","guid":{"rendered":"https:\/\/institucional.ufrrj.br\/portalcpda\/?p=27806"},"modified":"2026-04-25T23:13:17","modified_gmt":"2026-04-26T02:13:17","slug":"cpda-recebe-lancamento-do-livro-raizes-da-resistencia-e-roda-de-conversa-sobre-territorios-feministas-e-agroecologicos","status":"publish","type":"post","link":"https:\/\/institucional.ufrrj.br\/portalcpda\/cpda-recebe-lancamento-do-livro-raizes-da-resistencia-e-roda-de-conversa-sobre-territorios-feministas-e-agroecologicos\/","title":{"rendered":"CPDA recebe lan\u00e7amento do livro \u201cRa\u00edzes da Resist\u00eancia\u201d e roda de conversa sobre territ\u00f3rios feministas e agroecol\u00f3gicos"},"content":{"rendered":"<p data-start=\"350\" data-end=\"588\">No dia <strong data-start=\"357\" data-end=\"380\">29 de abril, \u00e0s 16h<\/strong>, o CPDA\/UFRRJ realizar\u00e1 a roda de conversa <strong data-start=\"424\" data-end=\"515\">\u201cRa\u00edzes da Resist\u00eancia: Construindo territ\u00f3rios feministas e agroecol\u00f3gicos no Brasil\u201d<\/strong>, marcando, tamb\u00e9m, o lan\u00e7amento do livro<i>.<\/i><\/p>\n<p data-start=\"590\" data-end=\"863\">A atividade contar\u00e1 com a presen\u00e7a de <span class=\"hover:entity-accent entity-underline inline cursor-pointer align-baseline\"><span class=\"whitespace-normal\">H\u00e9lo\u00efse Prevost<\/span><\/span>, da <span class=\"hover:entity-accent entity-underline inline cursor-pointer align-baseline\"><span class=\"whitespace-normal\">Universidade de Toulouse<\/span><\/span>, integrante do projeto franco-brasileiro <span class=\"hover:entity-accent entity-underline inline cursor-pointer align-baseline\"><span class=\"whitespace-normal\">GENgiBRe<\/span><\/span>, com o qual o CPDA vem desenvolvendo colabora\u00e7\u00f5es ao longo dos \u00faltimos anos.<\/p>\n<p data-start=\"865\" data-end=\"1330\">O evento no CPDA d\u00e1 continuidade a uma agenda recente de debates sobre a obra: no dia <strong data-start=\"951\" data-end=\"966\">22 de abril<\/strong>, o livro foi lan\u00e7ado na <span class=\"hover:entity-accent entity-underline inline cursor-pointer align-baseline\"><span class=\"whitespace-normal\">Universidade Federal de Vi\u00e7osa<\/span><\/span>, com a participa\u00e7\u00e3o de pesquisadoras, agricultoras e organiza\u00e7\u00f5es parceiras. Na ocasi\u00e3o, as professoras <span class=\"hover:entity-accent entity-underline inline cursor-pointer align-baseline\"><span class=\"whitespace-normal\">Rodica Weitzman<\/span><\/span> e <span class=\"hover:entity-accent entity-underline inline cursor-pointer align-baseline\"><span class=\"whitespace-normal\">Claudia Schmitt<\/span><\/span>, do CPDA\/UFRRJ, atuaram como debatedoras, refor\u00e7ando o envolvimento do Programa nas discuss\u00f5es promovidas pelo projeto.<\/p>\n<p data-start=\"1332\" data-end=\"1532\">A atividade no Rio de Janeiro se insere, portanto, como um desdobramento desse encontro, aproveitando a presen\u00e7a de H\u00e9lo\u00efse Pr\u00e9vost no Brasil para ampliar o di\u00e1logo com a comunidade acad\u00eamica do CPDA.<\/p>\n<p data-start=\"1534\" data-end=\"1832\">O livro \u00e9 resultado de uma pesquisa interdisciplinar e de uma pesquisa-a\u00e7\u00e3o desenvolvida com coletivos de mulheres agricultoras do Vale do Ribeira (SP) e da Zona da Mata (MG). A obra prop\u00f5e repensar as rela\u00e7\u00f5es entre natureza, g\u00eanero e economia, a partir das experi\u00eancias concretas dessas mulheres.<\/p>\n<p data-start=\"1834\" data-end=\"2208\">Ao dar centralidade a vozes historicamente silenciadas, o trabalho evidencia a agroecologia como forma de resist\u00eancia \u00e0 mercantiliza\u00e7\u00e3o da vida e como caminho de transforma\u00e7\u00e3o social. Entre cozinhas, hortas, florestas, solos e rios, emergem reflex\u00f5es que conectam o local ao global e ampliam o debate sobre alternativas frente \u00e0 crise ambiental e \u00e0s desigualdades de g\u00eanero.<\/p>\n<p data-start=\"1834\" data-end=\"2208\">Destacamos que, pelo CPDA\/UFRRJ, participaram diretamente da constru\u00e7\u00e3o da obra a doutoranda Sarah Luiza Moreira e a ex-aluna do mestrado Nat\u00e1lia Lobo, que integraram o Programa GENgiBRE ao longo de seu desenvolvimento.<\/p>\n<p data-start=\"2210\" data-end=\"2361\">\ud83d\udccd <strong data-start=\"2213\" data-end=\"2223\">Local:<\/strong> CPDA\/UFRRJ \u2013 6\u00ba andar \u2013 Av. Presidente Vargas, 417<br data-start=\"2274\" data-end=\"2277\" \/>\ud83c\udf93 <strong data-start=\"2280\" data-end=\"2293\">Promo\u00e7\u00e3o:<\/strong> N\u00facleo de Pesquisa GERU \u2013 \u201cG\u00eanero e Ruralidades\u201d (CPDA\/UFRRJ &amp; UFF)<\/p>\n<p data-start=\"2363\" data-end=\"2455\">\ud83d\udcc4 O livro est\u00e1 dispon\u00edvel para download gratuito:<br data-start=\"2413\" data-end=\"2416\" \/><a class=\"decorated-link\" href=\"https:\/\/expressaopopular.com.br\/livraria\/raizes-da-resistencia-construindo-territorios-feministas-e-agroecologicos-no-brasil\/?utm_source=chatgpt.com\" target=\"_blank\" rel=\"noopener\">Baixe o livro completo<\/a><\/p>\n<p data-start=\"2457\" data-end=\"2527\">\ud83d\udd17 Saiba mais sobre o projeto:<br data-start=\"2487\" data-end=\"2490\" \/><a class=\"decorated-link\" href=\"https:\/\/gengibre.org\/?utm_source=chatgpt.com\" target=\"_blank\" rel=\"noopener\">Projeto GENgiBRe<\/a><\/p>\n<p data-start=\"1722\" data-end=\"1792\">\n","protected":false},"excerpt":{"rendered":"<p>No dia 29 de abril, \u00e0s 16h, o CPDA\/UFRRJ realizar\u00e1 a roda de conversa \u201cRa\u00edzes da Resist\u00eancia: Construindo territ\u00f3rios feministas <a class=\"read-more\" href=\"https:\/\/institucional.ufrrj.br\/portalcpda\/cpda-recebe-lancamento-do-livro-raizes-da-resistencia-e-roda-de-conversa-sobre-territorios-feministas-e-agroecologicos\/ \" >&#8230; <span class=\"font-italic\">leia mais <i class=\"fas fa-angle-right\"><\/i><\/span><\/a><\/p>\n","protected":false},"author":711,"featured_media":0,"comment_status":"open","ping_status":"open","sticky":false,"template":"","format":"standard","meta":{"_acf_changed":false,"footnotes":""},"categories":[30],"tags":[],"class_list":["post-27806","post","type-post","status-publish","format-standard","hentry","category-noticias-pt"],"yoast_head":"<!-- This site is optimized with the Yoast SEO plugin v27.2 - https:\/\/yoast.com\/product\/yoast-seo-wordpress\/ -->\n<title>CPDA recebe lan\u00e7amento do livro \u201cRa\u00edzes da Resist\u00eancia\u201d e roda de conversa sobre territ\u00f3rios feministas e agroecol\u00f3gicos - CPDA<\/title>\n<meta name=\"description\" content=\"CPDA recebe lan\u00e7amento do livro \u201cRa\u00edzes da Resist\u00eancia\u201d e roda de conversa sobre agroecologia e territ\u00f3rios feministas no dia 29, no Rio de Janeiro.\" \/>\n<meta name=\"robots\" content=\"index, follow, max-snippet:-1, max-image-preview:large, max-video-preview:-1\" \/>\n<link rel=\"canonical\" href=\"https:\/\/institucional.ufrrj.br\/portalcpda\/cpda-recebe-lancamento-do-livro-raizes-da-resistencia-e-roda-de-conversa-sobre-territorios-feministas-e-agroecologicos\/\" \/>\n<meta property=\"og:locale\" content=\"pt_BR\" \/>\n<meta property=\"og:type\" content=\"article\" \/>\n<meta property=\"og:title\" content=\"CPDA recebe lan\u00e7amento do livro \u201cRa\u00edzes da Resist\u00eancia\u201d e roda de conversa sobre territ\u00f3rios feministas e agroecol\u00f3gicos - CPDA\" \/>\n<meta property=\"og:description\" content=\"CPDA recebe lan\u00e7amento do livro \u201cRa\u00edzes da Resist\u00eancia\u201d e roda de conversa sobre agroecologia e territ\u00f3rios feministas no dia 29, no Rio de Janeiro.\" \/>\n<meta property=\"og:url\" content=\"https:\/\/institucional.ufrrj.br\/portalcpda\/cpda-recebe-lancamento-do-livro-raizes-da-resistencia-e-roda-de-conversa-sobre-territorios-feministas-e-agroecologicos\/\" \/>\n<meta property=\"og:site_name\" content=\"CPDA\" \/>\n<meta property=\"article:published_time\" content=\"2026-04-25T16:42:16+00:00\" \/>\n<meta property=\"article:modified_time\" content=\"2026-04-26T02:13:17+00:00\" \/>\n<meta name=\"author\" content=\"fatima\" \/>\n<meta name=\"twitter:card\" content=\"summary_large_image\" \/>\n<meta name=\"twitter:label1\" content=\"Escrito por\" \/>\n\t<meta name=\"twitter:data1\" content=\"fatima\" \/>\n\t<meta name=\"twitter:label2\" content=\"Est. tempo de leitura\" \/>\n\t<meta name=\"twitter:data2\" content=\"2 minutos\" \/>\n<script type=\"application\/ld+json\" class=\"yoast-schema-graph\">{\"@context\":\"https:\/\/schema.org\",\"@graph\":[{\"@type\":\"Article\",\"@id\":\"https:\/\/institucional.ufrrj.br\/portalcpda\/cpda-recebe-lancamento-do-livro-raizes-da-resistencia-e-roda-de-conversa-sobre-territorios-feministas-e-agroecologicos\/#article\",\"isPartOf\":{\"@id\":\"https:\/\/institucional.ufrrj.br\/portalcpda\/cpda-recebe-lancamento-do-livro-raizes-da-resistencia-e-roda-de-conversa-sobre-territorios-feministas-e-agroecologicos\/\"},\"author\":{\"name\":\"fatima\",\"@id\":\"https:\/\/institucional.ufrrj.br\/portalcpda\/#\/schema\/person\/1d8ac54e4459a76424ece39665abc35f\"},\"headline\":\"CPDA recebe lan\u00e7amento do livro \u201cRa\u00edzes da Resist\u00eancia\u201d e roda de conversa sobre territ\u00f3rios feministas e agroecol\u00f3gicos\",\"datePublished\":\"2026-04-25T16:42:16+00:00\",\"dateModified\":\"2026-04-26T02:13:17+00:00\",\"mainEntityOfPage\":{\"@id\":\"https:\/\/institucional.ufrrj.br\/portalcpda\/cpda-recebe-lancamento-do-livro-raizes-da-resistencia-e-roda-de-conversa-sobre-territorios-feministas-e-agroecologicos\/\"},\"wordCount\":386,\"commentCount\":0,\"articleSection\":[\"Noticias\"],\"inLanguage\":\"pt-BR\",\"potentialAction\":[{\"@type\":\"CommentAction\",\"name\":\"Comment\",\"target\":[\"https:\/\/institucional.ufrrj.br\/portalcpda\/cpda-recebe-lancamento-do-livro-raizes-da-resistencia-e-roda-de-conversa-sobre-territorios-feministas-e-agroecologicos\/#respond\"]}]},{\"@type\":\"WebPage\",\"@id\":\"https:\/\/institucional.ufrrj.br\/portalcpda\/cpda-recebe-lancamento-do-livro-raizes-da-resistencia-e-roda-de-conversa-sobre-territorios-feministas-e-agroecologicos\/\",\"url\":\"https:\/\/institucional.ufrrj.br\/portalcpda\/cpda-recebe-lancamento-do-livro-raizes-da-resistencia-e-roda-de-conversa-sobre-territorios-feministas-e-agroecologicos\/\",\"name\":\"CPDA recebe lan\u00e7amento do livro \u201cRa\u00edzes da Resist\u00eancia\u201d e roda de conversa sobre territ\u00f3rios feministas e agroecol\u00f3gicos - CPDA\",\"isPartOf\":{\"@id\":\"https:\/\/institucional.ufrrj.br\/portalcpda\/#website\"},\"datePublished\":\"2026-04-25T16:42:16+00:00\",\"dateModified\":\"2026-04-26T02:13:17+00:00\",\"author\":{\"@id\":\"https:\/\/institucional.ufrrj.br\/portalcpda\/#\/schema\/person\/1d8ac54e4459a76424ece39665abc35f\"},\"description\":\"CPDA recebe lan\u00e7amento do livro \u201cRa\u00edzes da Resist\u00eancia\u201d e roda de conversa sobre agroecologia e territ\u00f3rios feministas no dia 29, no Rio de Janeiro.\",\"breadcrumb\":{\"@id\":\"https:\/\/institucional.ufrrj.br\/portalcpda\/cpda-recebe-lancamento-do-livro-raizes-da-resistencia-e-roda-de-conversa-sobre-territorios-feministas-e-agroecologicos\/#breadcrumb\"},\"inLanguage\":\"pt-BR\",\"potentialAction\":[{\"@type\":\"ReadAction\",\"target\":[\"https:\/\/institucional.ufrrj.br\/portalcpda\/cpda-recebe-lancamento-do-livro-raizes-da-resistencia-e-roda-de-conversa-sobre-territorios-feministas-e-agroecologicos\/\"]}]},{\"@type\":\"BreadcrumbList\",\"@id\":\"https:\/\/institucional.ufrrj.br\/portalcpda\/cpda-recebe-lancamento-do-livro-raizes-da-resistencia-e-roda-de-conversa-sobre-territorios-feministas-e-agroecologicos\/#breadcrumb\",\"itemListElement\":[{\"@type\":\"ListItem\",\"position\":1,\"name\":\"In\u00edcio\",\"item\":\"https:\/\/institucional.ufrrj.br\/portalcpda\/\"},{\"@type\":\"ListItem\",\"position\":2,\"name\":\"CPDA recebe lan\u00e7amento do livro \u201cRa\u00edzes da Resist\u00eancia\u201d e roda de conversa sobre territ\u00f3rios feministas e agroecol\u00f3gicos\"}]},{\"@type\":\"WebSite\",\"@id\":\"https:\/\/institucional.ufrrj.br\/portalcpda\/#website\",\"url\":\"https:\/\/institucional.ufrrj.br\/portalcpda\/\",\"name\":\"CPDA\",\"description\":\"institucional.ufrrj.br\",\"potentialAction\":[{\"@type\":\"SearchAction\",\"target\":{\"@type\":\"EntryPoint\",\"urlTemplate\":\"https:\/\/institucional.ufrrj.br\/portalcpda\/?s={search_term_string}\"},\"query-input\":{\"@type\":\"PropertyValueSpecification\",\"valueRequired\":true,\"valueName\":\"search_term_string\"}}],\"inLanguage\":\"pt-BR\"},{\"@type\":\"Person\",\"@id\":\"https:\/\/institucional.ufrrj.br\/portalcpda\/#\/schema\/person\/1d8ac54e4459a76424ece39665abc35f\",\"name\":\"fatima\",\"image\":{\"@type\":\"ImageObject\",\"inLanguage\":\"pt-BR\",\"@id\":\"https:\/\/secure.gravatar.com\/avatar\/886f5f1c9051e04a76e6857b98884f002f1c4804178026ec8193df9c8c281c80?s=96&d=mm&r=g\",\"url\":\"https:\/\/secure.gravatar.com\/avatar\/886f5f1c9051e04a76e6857b98884f002f1c4804178026ec8193df9c8c281c80?s=96&d=mm&r=g\",\"contentUrl\":\"https:\/\/secure.gravatar.com\/avatar\/886f5f1c9051e04a76e6857b98884f002f1c4804178026ec8193df9c8c281c80?s=96&d=mm&r=g\",\"caption\":\"fatima\"},\"url\":\"https:\/\/institucional.ufrrj.br\/portalcpda\/author\/fatimaportilho\/\"}]}<\/script>\n<!-- \/ Yoast SEO plugin. -->","yoast_head_json":{"title":"CPDA recebe lan\u00e7amento do livro \u201cRa\u00edzes da Resist\u00eancia\u201d e roda de conversa sobre territ\u00f3rios feministas e agroecol\u00f3gicos - CPDA","description":"CPDA recebe lan\u00e7amento do livro \u201cRa\u00edzes da Resist\u00eancia\u201d e roda de conversa sobre agroecologia e territ\u00f3rios feministas no dia 29, no Rio de Janeiro.","robots":{"index":"index","follow":"follow","max-snippet":"max-snippet:-1","max-image-preview":"max-image-preview:large","max-video-preview":"max-video-preview:-1"},"canonical":"https:\/\/institucional.ufrrj.br\/portalcpda\/cpda-recebe-lancamento-do-livro-raizes-da-resistencia-e-roda-de-conversa-sobre-territorios-feministas-e-agroecologicos\/","og_locale":"pt_BR","og_type":"article","og_title":"CPDA recebe lan\u00e7amento do livro \u201cRa\u00edzes da Resist\u00eancia\u201d e roda de conversa sobre territ\u00f3rios feministas e agroecol\u00f3gicos - CPDA","og_description":"CPDA recebe lan\u00e7amento do livro \u201cRa\u00edzes da Resist\u00eancia\u201d e roda de conversa sobre agroecologia e territ\u00f3rios feministas no dia 29, no Rio de Janeiro.","og_url":"https:\/\/institucional.ufrrj.br\/portalcpda\/cpda-recebe-lancamento-do-livro-raizes-da-resistencia-e-roda-de-conversa-sobre-territorios-feministas-e-agroecologicos\/","og_site_name":"CPDA","article_published_time":"2026-04-25T16:42:16+00:00","article_modified_time":"2026-04-26T02:13:17+00:00","author":"fatima","twitter_card":"summary_large_image","twitter_misc":{"Escrito por":"fatima","Est. tempo de leitura":"2 minutos"},"schema":{"@context":"https:\/\/schema.org","@graph":[{"@type":"Article","@id":"https:\/\/institucional.ufrrj.br\/portalcpda\/cpda-recebe-lancamento-do-livro-raizes-da-resistencia-e-roda-de-conversa-sobre-territorios-feministas-e-agroecologicos\/#article","isPartOf":{"@id":"https:\/\/institucional.ufrrj.br\/portalcpda\/cpda-recebe-lancamento-do-livro-raizes-da-resistencia-e-roda-de-conversa-sobre-territorios-feministas-e-agroecologicos\/"},"author":{"name":"fatima","@id":"https:\/\/institucional.ufrrj.br\/portalcpda\/#\/schema\/person\/1d8ac54e4459a76424ece39665abc35f"},"headline":"CPDA recebe lan\u00e7amento do livro \u201cRa\u00edzes da Resist\u00eancia\u201d e roda de conversa sobre territ\u00f3rios feministas e agroecol\u00f3gicos","datePublished":"2026-04-25T16:42:16+00:00","dateModified":"2026-04-26T02:13:17+00:00","mainEntityOfPage":{"@id":"https:\/\/institucional.ufrrj.br\/portalcpda\/cpda-recebe-lancamento-do-livro-raizes-da-resistencia-e-roda-de-conversa-sobre-territorios-feministas-e-agroecologicos\/"},"wordCount":386,"commentCount":0,"articleSection":["Noticias"],"inLanguage":"pt-BR","potentialAction":[{"@type":"CommentAction","name":"Comment","target":["https:\/\/institucional.ufrrj.br\/portalcpda\/cpda-recebe-lancamento-do-livro-raizes-da-resistencia-e-roda-de-conversa-sobre-territorios-feministas-e-agroecologicos\/#respond"]}]},{"@type":"WebPage","@id":"https:\/\/institucional.ufrrj.br\/portalcpda\/cpda-recebe-lancamento-do-livro-raizes-da-resistencia-e-roda-de-conversa-sobre-territorios-feministas-e-agroecologicos\/","url":"https:\/\/institucional.ufrrj.br\/portalcpda\/cpda-recebe-lancamento-do-livro-raizes-da-resistencia-e-roda-de-conversa-sobre-territorios-feministas-e-agroecologicos\/","name":"CPDA recebe lan\u00e7amento do livro \u201cRa\u00edzes da Resist\u00eancia\u201d e roda de conversa sobre territ\u00f3rios feministas e agroecol\u00f3gicos - CPDA","isPartOf":{"@id":"https:\/\/institucional.ufrrj.br\/portalcpda\/#website"},"datePublished":"2026-04-25T16:42:16+00:00","dateModified":"2026-04-26T02:13:17+00:00","author":{"@id":"https:\/\/institucional.ufrrj.br\/portalcpda\/#\/schema\/person\/1d8ac54e4459a76424ece39665abc35f"},"description":"CPDA recebe lan\u00e7amento do livro \u201cRa\u00edzes da Resist\u00eancia\u201d e roda de conversa sobre agroecologia e territ\u00f3rios feministas no dia 29, no Rio de Janeiro.","breadcrumb":{"@id":"https:\/\/institucional.ufrrj.br\/portalcpda\/cpda-recebe-lancamento-do-livro-raizes-da-resistencia-e-roda-de-conversa-sobre-territorios-feministas-e-agroecologicos\/#breadcrumb"},"inLanguage":"pt-BR","potentialAction":[{"@type":"ReadAction","target":["https:\/\/institucional.ufrrj.br\/portalcpda\/cpda-recebe-lancamento-do-livro-raizes-da-resistencia-e-roda-de-conversa-sobre-territorios-feministas-e-agroecologicos\/"]}]},{"@type":"BreadcrumbList","@id":"https:\/\/institucional.ufrrj.br\/portalcpda\/cpda-recebe-lancamento-do-livro-raizes-da-resistencia-e-roda-de-conversa-sobre-territorios-feministas-e-agroecologicos\/#breadcrumb","itemListElement":[{"@type":"ListItem","position":1,"name":"In\u00edcio","item":"https:\/\/institucional.ufrrj.br\/portalcpda\/"},{"@type":"ListItem","position":2,"name":"CPDA recebe lan\u00e7amento do livro \u201cRa\u00edzes da Resist\u00eancia\u201d e roda de conversa sobre territ\u00f3rios feministas e agroecol\u00f3gicos"}]},{"@type":"WebSite","@id":"https:\/\/institucional.ufrrj.br\/portalcpda\/#website","url":"https:\/\/institucional.ufrrj.br\/portalcpda\/","name":"CPDA","description":"institucional.ufrrj.br","potentialAction":[{"@type":"SearchAction","target":{"@type":"EntryPoint","urlTemplate":"https:\/\/institucional.ufrrj.br\/portalcpda\/?s={search_term_string}"},"query-input":{"@type":"PropertyValueSpecification","valueRequired":true,"valueName":"search_term_string"}}],"inLanguage":"pt-BR"},{"@type":"Person","@id":"https:\/\/institucional.ufrrj.br\/portalcpda\/#\/schema\/person\/1d8ac54e4459a76424ece39665abc35f","name":"fatima","image":{"@type":"ImageObject","inLanguage":"pt-BR","@id":"https:\/\/secure.gravatar.com\/avatar\/886f5f1c9051e04a76e6857b98884f002f1c4804178026ec8193df9c8c281c80?s=96&d=mm&r=g","url":"https:\/\/secure.gravatar.com\/avatar\/886f5f1c9051e04a76e6857b98884f002f1c4804178026ec8193df9c8c281c80?s=96&d=mm&r=g","contentUrl":"https:\/\/secure.gravatar.com\/avatar\/886f5f1c9051e04a76e6857b98884f002f1c4804178026ec8193df9c8c281c80?s=96&d=mm&r=g","caption":"fatima"},"url":"https:\/\/institucional.ufrrj.br\/portalcpda\/author\/fatimaportilho\/"}]}},"acf":[],"_links":{"self":[{"href":"https:\/\/institucional.ufrrj.br\/portalcpda\/wp-json\/wp\/v2\/posts\/27806","targetHints":{"allow":["GET"]}}],"collection":[{"href":"https:\/\/institucional.ufrrj.br\/portalcpda\/wp-json\/wp\/v2\/posts"}],"about":[{"href":"https:\/\/institucional.ufrrj.br\/portalcpda\/wp-json\/wp\/v2\/types\/post"}],"author":[{"embeddable":true,"href":"https:\/\/institucional.ufrrj.br\/portalcpda\/wp-json\/wp\/v2\/users\/711"}],"replies":[{"embeddable":true,"href":"https:\/\/institucional.ufrrj.br\/portalcpda\/wp-json\/wp\/v2\/comments?post=27806"}],"version-history":[{"count":2,"href":"https:\/\/institucional.ufrrj.br\/portalcpda\/wp-json\/wp\/v2\/posts\/27806\/revisions"}],"predecessor-version":[{"id":27810,"href":"https:\/\/institucional.ufrrj.br\/portalcpda\/wp-json\/wp\/v2\/posts\/27806\/revisions\/27810"}],"wp:attachment":[{"href":"https:\/\/institucional.ufrrj.br\/portalcpda\/wp-json\/wp\/v2\/media?parent=27806"}],"wp:term":[{"taxonomy":"category","embeddable":true,"href":"https:\/\/institucional.ufrrj.br\/portalcpda\/wp-json\/wp\/v2\/categories?post=27806"},{"taxonomy":"post_tag","embeddable":true,"href":"https:\/\/institucional.ufrrj.br\/portalcpda\/wp-json\/wp\/v2\/tags?post=27806"}],"curies":[{"name":"wp","href":"https:\/\/api.w.org\/{rel}","templated":true}]}}