{"id":27694,"date":"2026-03-11T17:03:30","date_gmt":"2026-03-11T20:03:30","guid":{"rendered":"https:\/\/institucional.ufrrj.br\/portalcpda\/?p=27694"},"modified":"2026-03-15T12:51:42","modified_gmt":"2026-03-15T15:51:42","slug":"debate-sobre-transicoes-justas-na-america-latina-e-tema-de-artigo-de-professora-do-cpda-ufrrj-publicado-no-brasil-e-na-costa-rica","status":"publish","type":"post","link":"https:\/\/institucional.ufrrj.br\/portalcpda\/debate-sobre-transicoes-justas-na-america-latina-e-tema-de-artigo-de-professora-do-cpda-ufrrj-publicado-no-brasil-e-na-costa-rica\/","title":{"rendered":"Debate sobre transi\u00e7\u00f5es justas na Am\u00e9rica Latina \u00e9 tema de artigo da Profa. Maria del Carmen Villarreal"},"content":{"rendered":"<p data-start=\"1984\" data-end=\"2292\">A professora Maria del Carmen Villarreal, do curso de Rela\u00e7\u00f5es Internacionais e do Programa de P\u00f3s-Gradua\u00e7\u00e3o em Ci\u00eancias Sociais em Desenvolvimento, Agricultura e Sociedade (CPDA), publicou o artigo \u201cA hora das transi\u00e7\u00f5es justas\u201d no jornal <span class=\"hover:entity-accent entity-underline inline cursor-pointer align-baseline\"><span class=\"whitespace-normal\">O Tempo<\/span><\/span> e sua vers\u00e3o em espanhol \u201cLa hora de las transiciones justas\u201d no portal <span class=\"hover:entity-accent entity-underline inline cursor-pointer align-baseline\"><span class=\"whitespace-normal\">Delfino.cr<\/span><\/span>.<\/p>\n<p data-start=\"2294\" data-end=\"2533\">O ensaio discute o que \u00e9 uma transi\u00e7\u00e3o justa e por que esse debate \u00e9 central para a Am\u00e9rica Latina e o Caribe. A regi\u00e3o vive hoje m\u00faltiplas transi\u00e7\u00f5es que v\u00e3o al\u00e9m da democratiza\u00e7\u00e3o, envolvendo mudan\u00e7as energ\u00e9ticas, ecossociais, urbanas e digitais. Essas transforma\u00e7\u00f5es n\u00e3o dizem respeito apenas \u00e0 ado\u00e7\u00e3o de novas tecnologias, mas tamb\u00e9m \u00e0 revis\u00e3o de modelos produtivos, padr\u00f5es de consumo e formas de compreender o desenvolvimento.<\/p>\n<p>Em uma das regi\u00f5es mais desiguais do mundo, onde, segundo o Banco de Desenvolvimento da Am\u00e9rica Latina, os 10% mais ricos concentram 77% da riqueza, a autora analisa o processo pelo qual ganha for\u00e7a a ideia de transi\u00e7\u00e3o justa, que busca garantir que as mudan\u00e7as em curso n\u00e3o aprofundem desigualdades hist\u00f3ricas, mas contribuam para uma transforma\u00e7\u00e3o ecossocial mais equitativa. Entre as iniciativas que alimentam esse debate est\u00e1 o Pacto Ecossocial e Intercultural do Sul.<\/p>\n<p data-start=\"2294\" data-end=\"2533\">Leia os artigos completos nos links:<br data-start=\"2740\" data-end=\"2743\" \/><a href=\"https:\/\/www.otempo.com.br\/opiniao\/latinoamerica21\/2026\/3\/10\/a-hora-das-transicoes-justas\">jornal <span class=\"hover:entity-accent entity-underline inline cursor-pointer align-baseline\"><span class=\"whitespace-normal\">O Tempo <\/span><\/span><\/a>e <a href=\"https:\/\/delfino.cr\/2026\/03\/la-hora-de-las-transiciones-justas\">portal <span class=\"hover:entity-accent entity-underline inline cursor-pointer align-baseline\"><span class=\"whitespace-normal\">Delfino<\/span><\/span><\/a>.<\/p>\n","protected":false},"excerpt":{"rendered":"<p>A professora Maria del Carmen Villarreal, do curso de Rela\u00e7\u00f5es Internacionais e do Programa de P\u00f3s-Gradua\u00e7\u00e3o em Ci\u00eancias Sociais em <a class=\"read-more\" href=\"https:\/\/institucional.ufrrj.br\/portalcpda\/debate-sobre-transicoes-justas-na-america-latina-e-tema-de-artigo-de-professora-do-cpda-ufrrj-publicado-no-brasil-e-na-costa-rica\/ \" >&#8230; <span class=\"font-italic\">leia mais <i class=\"fas fa-angle-right\"><\/i><\/span><\/a><\/p>\n","protected":false},"author":711,"featured_media":0,"comment_status":"open","ping_status":"open","sticky":false,"template":"","format":"standard","meta":{"_acf_changed":false,"footnotes":""},"categories":[30],"tags":[],"class_list":["post-27694","post","type-post","status-publish","format-standard","hentry","category-noticias-pt"],"yoast_head":"<!-- This site is optimized with the Yoast SEO plugin v27.2 - https:\/\/yoast.com\/product\/yoast-seo-wordpress\/ -->\n<title>Debate sobre transi\u00e7\u00f5es justas na Am\u00e9rica Latina \u00e9 tema de artigo da Profa. Maria del Carmen Villarreal - CPDA<\/title>\n<meta name=\"description\" content=\"A professora Maria del Carmen Villarreal, do CPDA\/UFRRJ, publicou o artigo \u201cA hora das transi\u00e7\u00f5es justas\u201d no jornal O Tempo e sua vers\u00e3o em espanhol \u201cLa hora de las transiciones justas\u201d no portal Delfino.cr.\" \/>\n<meta name=\"robots\" content=\"index, follow, max-snippet:-1, max-image-preview:large, max-video-preview:-1\" \/>\n<link rel=\"canonical\" href=\"https:\/\/institucional.ufrrj.br\/portalcpda\/debate-sobre-transicoes-justas-na-america-latina-e-tema-de-artigo-de-professora-do-cpda-ufrrj-publicado-no-brasil-e-na-costa-rica\/\" \/>\n<meta property=\"og:locale\" content=\"pt_BR\" \/>\n<meta property=\"og:type\" content=\"article\" \/>\n<meta property=\"og:title\" content=\"Debate sobre transi\u00e7\u00f5es justas na Am\u00e9rica Latina \u00e9 tema de artigo da Profa. Maria del Carmen Villarreal - CPDA\" \/>\n<meta property=\"og:description\" content=\"A professora Maria del Carmen Villarreal, do CPDA\/UFRRJ, publicou o artigo \u201cA hora das transi\u00e7\u00f5es justas\u201d no jornal O Tempo e sua vers\u00e3o em espanhol \u201cLa hora de las transiciones justas\u201d no portal Delfino.cr.\" \/>\n<meta property=\"og:url\" content=\"https:\/\/institucional.ufrrj.br\/portalcpda\/debate-sobre-transicoes-justas-na-america-latina-e-tema-de-artigo-de-professora-do-cpda-ufrrj-publicado-no-brasil-e-na-costa-rica\/\" \/>\n<meta property=\"og:site_name\" content=\"CPDA\" \/>\n<meta property=\"article:published_time\" content=\"2026-03-11T20:03:30+00:00\" \/>\n<meta property=\"article:modified_time\" content=\"2026-03-15T15:51:42+00:00\" \/>\n<meta name=\"author\" content=\"fatima\" \/>\n<meta name=\"twitter:card\" content=\"summary_large_image\" \/>\n<meta name=\"twitter:label1\" content=\"Escrito por\" \/>\n\t<meta name=\"twitter:data1\" content=\"fatima\" \/>\n\t<meta name=\"twitter:label2\" content=\"Est. tempo de leitura\" \/>\n\t<meta name=\"twitter:data2\" content=\"2 minutos\" \/>\n<script type=\"application\/ld+json\" class=\"yoast-schema-graph\">{\"@context\":\"https:\/\/schema.org\",\"@graph\":[{\"@type\":\"Article\",\"@id\":\"https:\/\/institucional.ufrrj.br\/portalcpda\/debate-sobre-transicoes-justas-na-america-latina-e-tema-de-artigo-de-professora-do-cpda-ufrrj-publicado-no-brasil-e-na-costa-rica\/#article\",\"isPartOf\":{\"@id\":\"https:\/\/institucional.ufrrj.br\/portalcpda\/debate-sobre-transicoes-justas-na-america-latina-e-tema-de-artigo-de-professora-do-cpda-ufrrj-publicado-no-brasil-e-na-costa-rica\/\"},\"author\":{\"name\":\"fatima\",\"@id\":\"https:\/\/institucional.ufrrj.br\/portalcpda\/#\/schema\/person\/1d8ac54e4459a76424ece39665abc35f\"},\"headline\":\"Debate sobre transi\u00e7\u00f5es justas na Am\u00e9rica Latina \u00e9 tema de artigo da Profa. Maria del Carmen Villarreal\",\"datePublished\":\"2026-03-11T20:03:30+00:00\",\"dateModified\":\"2026-03-15T15:51:42+00:00\",\"mainEntityOfPage\":{\"@id\":\"https:\/\/institucional.ufrrj.br\/portalcpda\/debate-sobre-transicoes-justas-na-america-latina-e-tema-de-artigo-de-professora-do-cpda-ufrrj-publicado-no-brasil-e-na-costa-rica\/\"},\"wordCount\":248,\"commentCount\":0,\"articleSection\":[\"Noticias\"],\"inLanguage\":\"pt-BR\",\"potentialAction\":[{\"@type\":\"CommentAction\",\"name\":\"Comment\",\"target\":[\"https:\/\/institucional.ufrrj.br\/portalcpda\/debate-sobre-transicoes-justas-na-america-latina-e-tema-de-artigo-de-professora-do-cpda-ufrrj-publicado-no-brasil-e-na-costa-rica\/#respond\"]}]},{\"@type\":\"WebPage\",\"@id\":\"https:\/\/institucional.ufrrj.br\/portalcpda\/debate-sobre-transicoes-justas-na-america-latina-e-tema-de-artigo-de-professora-do-cpda-ufrrj-publicado-no-brasil-e-na-costa-rica\/\",\"url\":\"https:\/\/institucional.ufrrj.br\/portalcpda\/debate-sobre-transicoes-justas-na-america-latina-e-tema-de-artigo-de-professora-do-cpda-ufrrj-publicado-no-brasil-e-na-costa-rica\/\",\"name\":\"Debate sobre transi\u00e7\u00f5es justas na Am\u00e9rica Latina \u00e9 tema de artigo da Profa. Maria del Carmen Villarreal - CPDA\",\"isPartOf\":{\"@id\":\"https:\/\/institucional.ufrrj.br\/portalcpda\/#website\"},\"datePublished\":\"2026-03-11T20:03:30+00:00\",\"dateModified\":\"2026-03-15T15:51:42+00:00\",\"author\":{\"@id\":\"https:\/\/institucional.ufrrj.br\/portalcpda\/#\/schema\/person\/1d8ac54e4459a76424ece39665abc35f\"},\"description\":\"A professora Maria del Carmen Villarreal, do CPDA\/UFRRJ, publicou o artigo \u201cA hora das transi\u00e7\u00f5es justas\u201d no jornal O Tempo e sua vers\u00e3o em espanhol \u201cLa hora de las transiciones justas\u201d no portal Delfino.cr.\",\"breadcrumb\":{\"@id\":\"https:\/\/institucional.ufrrj.br\/portalcpda\/debate-sobre-transicoes-justas-na-america-latina-e-tema-de-artigo-de-professora-do-cpda-ufrrj-publicado-no-brasil-e-na-costa-rica\/#breadcrumb\"},\"inLanguage\":\"pt-BR\",\"potentialAction\":[{\"@type\":\"ReadAction\",\"target\":[\"https:\/\/institucional.ufrrj.br\/portalcpda\/debate-sobre-transicoes-justas-na-america-latina-e-tema-de-artigo-de-professora-do-cpda-ufrrj-publicado-no-brasil-e-na-costa-rica\/\"]}]},{\"@type\":\"BreadcrumbList\",\"@id\":\"https:\/\/institucional.ufrrj.br\/portalcpda\/debate-sobre-transicoes-justas-na-america-latina-e-tema-de-artigo-de-professora-do-cpda-ufrrj-publicado-no-brasil-e-na-costa-rica\/#breadcrumb\",\"itemListElement\":[{\"@type\":\"ListItem\",\"position\":1,\"name\":\"In\u00edcio\",\"item\":\"https:\/\/institucional.ufrrj.br\/portalcpda\/\"},{\"@type\":\"ListItem\",\"position\":2,\"name\":\"Debate sobre transi\u00e7\u00f5es justas na Am\u00e9rica Latina \u00e9 tema de artigo da Profa. Maria del Carmen Villarreal\"}]},{\"@type\":\"WebSite\",\"@id\":\"https:\/\/institucional.ufrrj.br\/portalcpda\/#website\",\"url\":\"https:\/\/institucional.ufrrj.br\/portalcpda\/\",\"name\":\"CPDA\",\"description\":\"institucional.ufrrj.br\",\"potentialAction\":[{\"@type\":\"SearchAction\",\"target\":{\"@type\":\"EntryPoint\",\"urlTemplate\":\"https:\/\/institucional.ufrrj.br\/portalcpda\/?s={search_term_string}\"},\"query-input\":{\"@type\":\"PropertyValueSpecification\",\"valueRequired\":true,\"valueName\":\"search_term_string\"}}],\"inLanguage\":\"pt-BR\"},{\"@type\":\"Person\",\"@id\":\"https:\/\/institucional.ufrrj.br\/portalcpda\/#\/schema\/person\/1d8ac54e4459a76424ece39665abc35f\",\"name\":\"fatima\",\"image\":{\"@type\":\"ImageObject\",\"inLanguage\":\"pt-BR\",\"@id\":\"https:\/\/secure.gravatar.com\/avatar\/886f5f1c9051e04a76e6857b98884f002f1c4804178026ec8193df9c8c281c80?s=96&d=mm&r=g\",\"url\":\"https:\/\/secure.gravatar.com\/avatar\/886f5f1c9051e04a76e6857b98884f002f1c4804178026ec8193df9c8c281c80?s=96&d=mm&r=g\",\"contentUrl\":\"https:\/\/secure.gravatar.com\/avatar\/886f5f1c9051e04a76e6857b98884f002f1c4804178026ec8193df9c8c281c80?s=96&d=mm&r=g\",\"caption\":\"fatima\"},\"url\":\"https:\/\/institucional.ufrrj.br\/portalcpda\/author\/fatimaportilho\/\"}]}<\/script>\n<!-- \/ Yoast SEO plugin. -->","yoast_head_json":{"title":"Debate sobre transi\u00e7\u00f5es justas na Am\u00e9rica Latina \u00e9 tema de artigo da Profa. Maria del Carmen Villarreal - CPDA","description":"A professora Maria del Carmen Villarreal, do CPDA\/UFRRJ, publicou o artigo \u201cA hora das transi\u00e7\u00f5es justas\u201d no jornal O Tempo e sua vers\u00e3o em espanhol \u201cLa hora de las transiciones justas\u201d no portal Delfino.cr.","robots":{"index":"index","follow":"follow","max-snippet":"max-snippet:-1","max-image-preview":"max-image-preview:large","max-video-preview":"max-video-preview:-1"},"canonical":"https:\/\/institucional.ufrrj.br\/portalcpda\/debate-sobre-transicoes-justas-na-america-latina-e-tema-de-artigo-de-professora-do-cpda-ufrrj-publicado-no-brasil-e-na-costa-rica\/","og_locale":"pt_BR","og_type":"article","og_title":"Debate sobre transi\u00e7\u00f5es justas na Am\u00e9rica Latina \u00e9 tema de artigo da Profa. Maria del Carmen Villarreal - CPDA","og_description":"A professora Maria del Carmen Villarreal, do CPDA\/UFRRJ, publicou o artigo \u201cA hora das transi\u00e7\u00f5es justas\u201d no jornal O Tempo e sua vers\u00e3o em espanhol \u201cLa hora de las transiciones justas\u201d no portal Delfino.cr.","og_url":"https:\/\/institucional.ufrrj.br\/portalcpda\/debate-sobre-transicoes-justas-na-america-latina-e-tema-de-artigo-de-professora-do-cpda-ufrrj-publicado-no-brasil-e-na-costa-rica\/","og_site_name":"CPDA","article_published_time":"2026-03-11T20:03:30+00:00","article_modified_time":"2026-03-15T15:51:42+00:00","author":"fatima","twitter_card":"summary_large_image","twitter_misc":{"Escrito por":"fatima","Est. tempo de leitura":"2 minutos"},"schema":{"@context":"https:\/\/schema.org","@graph":[{"@type":"Article","@id":"https:\/\/institucional.ufrrj.br\/portalcpda\/debate-sobre-transicoes-justas-na-america-latina-e-tema-de-artigo-de-professora-do-cpda-ufrrj-publicado-no-brasil-e-na-costa-rica\/#article","isPartOf":{"@id":"https:\/\/institucional.ufrrj.br\/portalcpda\/debate-sobre-transicoes-justas-na-america-latina-e-tema-de-artigo-de-professora-do-cpda-ufrrj-publicado-no-brasil-e-na-costa-rica\/"},"author":{"name":"fatima","@id":"https:\/\/institucional.ufrrj.br\/portalcpda\/#\/schema\/person\/1d8ac54e4459a76424ece39665abc35f"},"headline":"Debate sobre transi\u00e7\u00f5es justas na Am\u00e9rica Latina \u00e9 tema de artigo da Profa. Maria del Carmen Villarreal","datePublished":"2026-03-11T20:03:30+00:00","dateModified":"2026-03-15T15:51:42+00:00","mainEntityOfPage":{"@id":"https:\/\/institucional.ufrrj.br\/portalcpda\/debate-sobre-transicoes-justas-na-america-latina-e-tema-de-artigo-de-professora-do-cpda-ufrrj-publicado-no-brasil-e-na-costa-rica\/"},"wordCount":248,"commentCount":0,"articleSection":["Noticias"],"inLanguage":"pt-BR","potentialAction":[{"@type":"CommentAction","name":"Comment","target":["https:\/\/institucional.ufrrj.br\/portalcpda\/debate-sobre-transicoes-justas-na-america-latina-e-tema-de-artigo-de-professora-do-cpda-ufrrj-publicado-no-brasil-e-na-costa-rica\/#respond"]}]},{"@type":"WebPage","@id":"https:\/\/institucional.ufrrj.br\/portalcpda\/debate-sobre-transicoes-justas-na-america-latina-e-tema-de-artigo-de-professora-do-cpda-ufrrj-publicado-no-brasil-e-na-costa-rica\/","url":"https:\/\/institucional.ufrrj.br\/portalcpda\/debate-sobre-transicoes-justas-na-america-latina-e-tema-de-artigo-de-professora-do-cpda-ufrrj-publicado-no-brasil-e-na-costa-rica\/","name":"Debate sobre transi\u00e7\u00f5es justas na Am\u00e9rica Latina \u00e9 tema de artigo da Profa. Maria del Carmen Villarreal - CPDA","isPartOf":{"@id":"https:\/\/institucional.ufrrj.br\/portalcpda\/#website"},"datePublished":"2026-03-11T20:03:30+00:00","dateModified":"2026-03-15T15:51:42+00:00","author":{"@id":"https:\/\/institucional.ufrrj.br\/portalcpda\/#\/schema\/person\/1d8ac54e4459a76424ece39665abc35f"},"description":"A professora Maria del Carmen Villarreal, do CPDA\/UFRRJ, publicou o artigo \u201cA hora das transi\u00e7\u00f5es justas\u201d no jornal O Tempo e sua vers\u00e3o em espanhol \u201cLa hora de las transiciones justas\u201d no portal Delfino.cr.","breadcrumb":{"@id":"https:\/\/institucional.ufrrj.br\/portalcpda\/debate-sobre-transicoes-justas-na-america-latina-e-tema-de-artigo-de-professora-do-cpda-ufrrj-publicado-no-brasil-e-na-costa-rica\/#breadcrumb"},"inLanguage":"pt-BR","potentialAction":[{"@type":"ReadAction","target":["https:\/\/institucional.ufrrj.br\/portalcpda\/debate-sobre-transicoes-justas-na-america-latina-e-tema-de-artigo-de-professora-do-cpda-ufrrj-publicado-no-brasil-e-na-costa-rica\/"]}]},{"@type":"BreadcrumbList","@id":"https:\/\/institucional.ufrrj.br\/portalcpda\/debate-sobre-transicoes-justas-na-america-latina-e-tema-de-artigo-de-professora-do-cpda-ufrrj-publicado-no-brasil-e-na-costa-rica\/#breadcrumb","itemListElement":[{"@type":"ListItem","position":1,"name":"In\u00edcio","item":"https:\/\/institucional.ufrrj.br\/portalcpda\/"},{"@type":"ListItem","position":2,"name":"Debate sobre transi\u00e7\u00f5es justas na Am\u00e9rica Latina \u00e9 tema de artigo da Profa. Maria del Carmen Villarreal"}]},{"@type":"WebSite","@id":"https:\/\/institucional.ufrrj.br\/portalcpda\/#website","url":"https:\/\/institucional.ufrrj.br\/portalcpda\/","name":"CPDA","description":"institucional.ufrrj.br","potentialAction":[{"@type":"SearchAction","target":{"@type":"EntryPoint","urlTemplate":"https:\/\/institucional.ufrrj.br\/portalcpda\/?s={search_term_string}"},"query-input":{"@type":"PropertyValueSpecification","valueRequired":true,"valueName":"search_term_string"}}],"inLanguage":"pt-BR"},{"@type":"Person","@id":"https:\/\/institucional.ufrrj.br\/portalcpda\/#\/schema\/person\/1d8ac54e4459a76424ece39665abc35f","name":"fatima","image":{"@type":"ImageObject","inLanguage":"pt-BR","@id":"https:\/\/secure.gravatar.com\/avatar\/886f5f1c9051e04a76e6857b98884f002f1c4804178026ec8193df9c8c281c80?s=96&d=mm&r=g","url":"https:\/\/secure.gravatar.com\/avatar\/886f5f1c9051e04a76e6857b98884f002f1c4804178026ec8193df9c8c281c80?s=96&d=mm&r=g","contentUrl":"https:\/\/secure.gravatar.com\/avatar\/886f5f1c9051e04a76e6857b98884f002f1c4804178026ec8193df9c8c281c80?s=96&d=mm&r=g","caption":"fatima"},"url":"https:\/\/institucional.ufrrj.br\/portalcpda\/author\/fatimaportilho\/"}]}},"acf":[],"_links":{"self":[{"href":"https:\/\/institucional.ufrrj.br\/portalcpda\/wp-json\/wp\/v2\/posts\/27694","targetHints":{"allow":["GET"]}}],"collection":[{"href":"https:\/\/institucional.ufrrj.br\/portalcpda\/wp-json\/wp\/v2\/posts"}],"about":[{"href":"https:\/\/institucional.ufrrj.br\/portalcpda\/wp-json\/wp\/v2\/types\/post"}],"author":[{"embeddable":true,"href":"https:\/\/institucional.ufrrj.br\/portalcpda\/wp-json\/wp\/v2\/users\/711"}],"replies":[{"embeddable":true,"href":"https:\/\/institucional.ufrrj.br\/portalcpda\/wp-json\/wp\/v2\/comments?post=27694"}],"version-history":[{"count":2,"href":"https:\/\/institucional.ufrrj.br\/portalcpda\/wp-json\/wp\/v2\/posts\/27694\/revisions"}],"predecessor-version":[{"id":27718,"href":"https:\/\/institucional.ufrrj.br\/portalcpda\/wp-json\/wp\/v2\/posts\/27694\/revisions\/27718"}],"wp:attachment":[{"href":"https:\/\/institucional.ufrrj.br\/portalcpda\/wp-json\/wp\/v2\/media?parent=27694"}],"wp:term":[{"taxonomy":"category","embeddable":true,"href":"https:\/\/institucional.ufrrj.br\/portalcpda\/wp-json\/wp\/v2\/categories?post=27694"},{"taxonomy":"post_tag","embeddable":true,"href":"https:\/\/institucional.ufrrj.br\/portalcpda\/wp-json\/wp\/v2\/tags?post=27694"}],"curies":[{"name":"wp","href":"https:\/\/api.w.org\/{rel}","templated":true}]}}