{"id":27688,"date":"2026-03-11T15:41:18","date_gmt":"2026-03-11T18:41:18","guid":{"rendered":"https:\/\/institucional.ufrrj.br\/portalcpda\/?p=27688"},"modified":"2026-03-15T12:54:24","modified_gmt":"2026-03-15T15:54:24","slug":"chamada-para-o-dossie-cpda-50-anos-trajetorias-memorias-e-contribuicoes-ao-pensamento-critico-sobre-o-mundo-rural","status":"publish","type":"post","link":"https:\/\/institucional.ufrrj.br\/portalcpda\/chamada-para-o-dossie-cpda-50-anos-trajetorias-memorias-e-contribuicoes-ao-pensamento-critico-sobre-o-mundo-rural\/","title":{"rendered":"Chamada para o dossi\u00ea &#8220;CPDA 50 anos: trajet\u00f3rias, mem\u00f3rias e contribui\u00e7\u00f5es ao pensamento cr\u00edtico sobre o mundo rural&#8221; (at\u00e9 30\/06\/26)"},"content":{"rendered":"<p><img decoding=\"async\" class=\"an1\" src=\"https:\/\/fonts.gstatic.com\/s\/e\/notoemoji\/17.0\/1f530\/32.png\" alt=\"\ud83d\udd30\" data-emoji=\"\ud83d\udd30\" aria-label=\"\ud83d\udd30\" \/>\u00a0A Revista IDeAS est\u00e1 com chamada aberta para o dossi\u00ea especial \u201cCPDA 50 anos: trajet\u00f3rias, mem\u00f3rias e contribui\u00e7\u00f5es ao pensamento cr\u00edtico sobre o mundo rural\u201d , \u00a0organizado pela Prof\u00aa Dra. Leonilde Servolo de Medeiros e pelos doutorandos Rebeca Hennemann Vergara de Souza e Andr\u00e9 Luiz Simonetti.<\/p>\n<p>O dossi\u00ea integra as atividades comemorativas dos 50 anos do CPDA e busca celebrar a trajet\u00f3ria, a produ\u00e7\u00e3o intelectual e as m\u00faltiplas mem\u00f3rias do Programa ao longo de sua exist\u00eancia.<\/p>\n<p><img decoding=\"async\" class=\"an1\" src=\"https:\/\/fonts.gstatic.com\/s\/e\/notoemoji\/17.0\/231b\/32.png\" alt=\"\u231b\" data-emoji=\"\u231b\" aria-label=\"\u231b\" \/>\u00a0Contribui\u00e7\u00f5es podem ser submetidas at\u00e9 30 de junho de 2026 pelo site da Revista.<\/p>\n<p>Ser\u00e3o aceitas resenhas; \u00a0relatos de experi\u00eancias, depoimentos e mem\u00f3rias; entrevistas; e fotografias.<\/p>\n<p><img decoding=\"async\" class=\"an1\" src=\"https:\/\/fonts.gstatic.com\/s\/e\/notoemoji\/17.0\/26d3_fe0f_200d_1f4a5\/32.png\" alt=\"\u26d3\ufe0f\u200d\ud83d\udca5\" data-emoji=\"\u26d3\ufe0f\u200d\ud83d\udca5\" aria-label=\"\u26d3\ufe0f\u200d\ud83d\udca5\" \/>\u00a0Saiba mais no site:\u00a0<a href=\"https:\/\/revistaideas.ufrrj.br\/ojs\/index.php\/ideas\/announcement\/view\/50\" target=\"_blank\" rel=\"noopener\" data-saferedirecturl=\"https:\/\/www.google.com\/url?q=https:\/\/revistaideas.ufrrj.br\/ojs\/index.php\/ideas\/announcement\/view\/50&amp;source=gmail&amp;ust=1773339821919000&amp;usg=AOvVaw12zr6id0cepwBHyvv9fshL\">https:\/\/revistaideas.ufrrj.br\/<wbr \/>ojs\/index.php\/ideas\/<wbr \/>announcement\/view\/50<\/a><\/p>\n","protected":false},"excerpt":{"rendered":"<p>\u00a0A Revista IDeAS est\u00e1 com chamada aberta para o dossi\u00ea especial \u201cCPDA 50 anos: trajet\u00f3rias, mem\u00f3rias e contribui\u00e7\u00f5es ao pensamento <a class=\"read-more\" href=\"https:\/\/institucional.ufrrj.br\/portalcpda\/chamada-para-o-dossie-cpda-50-anos-trajetorias-memorias-e-contribuicoes-ao-pensamento-critico-sobre-o-mundo-rural\/ \" >&#8230; <span class=\"font-italic\">leia mais <i class=\"fas fa-angle-right\"><\/i><\/span><\/a><\/p>\n","protected":false},"author":711,"featured_media":0,"comment_status":"open","ping_status":"open","sticky":false,"template":"","format":"standard","meta":{"_acf_changed":false,"footnotes":""},"categories":[30],"tags":[],"class_list":["post-27688","post","type-post","status-publish","format-standard","hentry","category-noticias-pt"],"yoast_head":"<!-- This site is optimized with the Yoast SEO plugin v27.2 - https:\/\/yoast.com\/product\/yoast-seo-wordpress\/ -->\n<title>Chamada para o dossi\u00ea &quot;CPDA 50 anos: trajet\u00f3rias, mem\u00f3rias e contribui\u00e7\u00f5es ao pensamento cr\u00edtico sobre o mundo rural&quot; (at\u00e9 30\/06\/26) - CPDA<\/title>\n<meta name=\"description\" content=\"A Revista IDeAS est\u00e1 com chamada aberta para o dossi\u00ea especial \u201cCPDA 50 anos: trajet\u00f3rias, mem\u00f3rias e contribui\u00e7\u00f5es ao pensamento cr\u00edtico sobre o mundo rural\u201d.\" \/>\n<meta name=\"robots\" content=\"index, follow, max-snippet:-1, max-image-preview:large, max-video-preview:-1\" \/>\n<link rel=\"canonical\" href=\"https:\/\/institucional.ufrrj.br\/portalcpda\/chamada-para-o-dossie-cpda-50-anos-trajetorias-memorias-e-contribuicoes-ao-pensamento-critico-sobre-o-mundo-rural\/\" \/>\n<meta property=\"og:locale\" content=\"pt_BR\" \/>\n<meta property=\"og:type\" content=\"article\" \/>\n<meta property=\"og:title\" content=\"Chamada para o dossi\u00ea &quot;CPDA 50 anos: trajet\u00f3rias, mem\u00f3rias e contribui\u00e7\u00f5es ao pensamento cr\u00edtico sobre o mundo rural&quot; (at\u00e9 30\/06\/26) - CPDA\" \/>\n<meta property=\"og:description\" content=\"A Revista IDeAS est\u00e1 com chamada aberta para o dossi\u00ea especial \u201cCPDA 50 anos: trajet\u00f3rias, mem\u00f3rias e contribui\u00e7\u00f5es ao pensamento cr\u00edtico sobre o mundo rural\u201d.\" \/>\n<meta property=\"og:url\" content=\"https:\/\/institucional.ufrrj.br\/portalcpda\/chamada-para-o-dossie-cpda-50-anos-trajetorias-memorias-e-contribuicoes-ao-pensamento-critico-sobre-o-mundo-rural\/\" \/>\n<meta property=\"og:site_name\" content=\"CPDA\" \/>\n<meta property=\"article:published_time\" content=\"2026-03-11T18:41:18+00:00\" \/>\n<meta property=\"article:modified_time\" content=\"2026-03-15T15:54:24+00:00\" \/>\n<meta property=\"og:image\" content=\"https:\/\/fonts.gstatic.com\/s\/e\/notoemoji\/17.0\/1f530\/32.png\" \/>\n<meta name=\"author\" content=\"fatima\" \/>\n<meta name=\"twitter:card\" content=\"summary_large_image\" \/>\n<meta name=\"twitter:label1\" content=\"Escrito por\" \/>\n\t<meta name=\"twitter:data1\" content=\"fatima\" \/>\n\t<meta name=\"twitter:label2\" content=\"Est. tempo de leitura\" \/>\n\t<meta name=\"twitter:data2\" content=\"2 minutos\" \/>\n<script type=\"application\/ld+json\" class=\"yoast-schema-graph\">{\"@context\":\"https:\/\/schema.org\",\"@graph\":[{\"@type\":\"Article\",\"@id\":\"https:\/\/institucional.ufrrj.br\/portalcpda\/chamada-para-o-dossie-cpda-50-anos-trajetorias-memorias-e-contribuicoes-ao-pensamento-critico-sobre-o-mundo-rural\/#article\",\"isPartOf\":{\"@id\":\"https:\/\/institucional.ufrrj.br\/portalcpda\/chamada-para-o-dossie-cpda-50-anos-trajetorias-memorias-e-contribuicoes-ao-pensamento-critico-sobre-o-mundo-rural\/\"},\"author\":{\"name\":\"fatima\",\"@id\":\"https:\/\/institucional.ufrrj.br\/portalcpda\/#\/schema\/person\/1d8ac54e4459a76424ece39665abc35f\"},\"headline\":\"Chamada para o dossi\u00ea &#8220;CPDA 50 anos: trajet\u00f3rias, mem\u00f3rias e contribui\u00e7\u00f5es ao pensamento cr\u00edtico sobre o mundo rural&#8221; (at\u00e9 30\/06\/26)\",\"datePublished\":\"2026-03-11T18:41:18+00:00\",\"dateModified\":\"2026-03-15T15:54:24+00:00\",\"mainEntityOfPage\":{\"@id\":\"https:\/\/institucional.ufrrj.br\/portalcpda\/chamada-para-o-dossie-cpda-50-anos-trajetorias-memorias-e-contribuicoes-ao-pensamento-critico-sobre-o-mundo-rural\/\"},\"wordCount\":146,\"commentCount\":0,\"image\":{\"@id\":\"https:\/\/institucional.ufrrj.br\/portalcpda\/chamada-para-o-dossie-cpda-50-anos-trajetorias-memorias-e-contribuicoes-ao-pensamento-critico-sobre-o-mundo-rural\/#primaryimage\"},\"thumbnailUrl\":\"https:\/\/fonts.gstatic.com\/s\/e\/notoemoji\/17.0\/1f530\/32.png\",\"articleSection\":[\"Noticias\"],\"inLanguage\":\"pt-BR\",\"potentialAction\":[{\"@type\":\"CommentAction\",\"name\":\"Comment\",\"target\":[\"https:\/\/institucional.ufrrj.br\/portalcpda\/chamada-para-o-dossie-cpda-50-anos-trajetorias-memorias-e-contribuicoes-ao-pensamento-critico-sobre-o-mundo-rural\/#respond\"]}]},{\"@type\":\"WebPage\",\"@id\":\"https:\/\/institucional.ufrrj.br\/portalcpda\/chamada-para-o-dossie-cpda-50-anos-trajetorias-memorias-e-contribuicoes-ao-pensamento-critico-sobre-o-mundo-rural\/\",\"url\":\"https:\/\/institucional.ufrrj.br\/portalcpda\/chamada-para-o-dossie-cpda-50-anos-trajetorias-memorias-e-contribuicoes-ao-pensamento-critico-sobre-o-mundo-rural\/\",\"name\":\"Chamada para o dossi\u00ea \\\"CPDA 50 anos: trajet\u00f3rias, mem\u00f3rias e contribui\u00e7\u00f5es ao pensamento cr\u00edtico sobre o mundo rural\\\" (at\u00e9 30\/06\/26) - CPDA\",\"isPartOf\":{\"@id\":\"https:\/\/institucional.ufrrj.br\/portalcpda\/#website\"},\"primaryImageOfPage\":{\"@id\":\"https:\/\/institucional.ufrrj.br\/portalcpda\/chamada-para-o-dossie-cpda-50-anos-trajetorias-memorias-e-contribuicoes-ao-pensamento-critico-sobre-o-mundo-rural\/#primaryimage\"},\"image\":{\"@id\":\"https:\/\/institucional.ufrrj.br\/portalcpda\/chamada-para-o-dossie-cpda-50-anos-trajetorias-memorias-e-contribuicoes-ao-pensamento-critico-sobre-o-mundo-rural\/#primaryimage\"},\"thumbnailUrl\":\"https:\/\/fonts.gstatic.com\/s\/e\/notoemoji\/17.0\/1f530\/32.png\",\"datePublished\":\"2026-03-11T18:41:18+00:00\",\"dateModified\":\"2026-03-15T15:54:24+00:00\",\"author\":{\"@id\":\"https:\/\/institucional.ufrrj.br\/portalcpda\/#\/schema\/person\/1d8ac54e4459a76424ece39665abc35f\"},\"description\":\"A Revista IDeAS est\u00e1 com chamada aberta para o dossi\u00ea especial \u201cCPDA 50 anos: trajet\u00f3rias, mem\u00f3rias e contribui\u00e7\u00f5es ao pensamento cr\u00edtico sobre o mundo rural\u201d.\",\"breadcrumb\":{\"@id\":\"https:\/\/institucional.ufrrj.br\/portalcpda\/chamada-para-o-dossie-cpda-50-anos-trajetorias-memorias-e-contribuicoes-ao-pensamento-critico-sobre-o-mundo-rural\/#breadcrumb\"},\"inLanguage\":\"pt-BR\",\"potentialAction\":[{\"@type\":\"ReadAction\",\"target\":[\"https:\/\/institucional.ufrrj.br\/portalcpda\/chamada-para-o-dossie-cpda-50-anos-trajetorias-memorias-e-contribuicoes-ao-pensamento-critico-sobre-o-mundo-rural\/\"]}]},{\"@type\":\"ImageObject\",\"inLanguage\":\"pt-BR\",\"@id\":\"https:\/\/institucional.ufrrj.br\/portalcpda\/chamada-para-o-dossie-cpda-50-anos-trajetorias-memorias-e-contribuicoes-ao-pensamento-critico-sobre-o-mundo-rural\/#primaryimage\",\"url\":\"https:\/\/fonts.gstatic.com\/s\/e\/notoemoji\/17.0\/1f530\/32.png\",\"contentUrl\":\"https:\/\/fonts.gstatic.com\/s\/e\/notoemoji\/17.0\/1f530\/32.png\"},{\"@type\":\"BreadcrumbList\",\"@id\":\"https:\/\/institucional.ufrrj.br\/portalcpda\/chamada-para-o-dossie-cpda-50-anos-trajetorias-memorias-e-contribuicoes-ao-pensamento-critico-sobre-o-mundo-rural\/#breadcrumb\",\"itemListElement\":[{\"@type\":\"ListItem\",\"position\":1,\"name\":\"In\u00edcio\",\"item\":\"https:\/\/institucional.ufrrj.br\/portalcpda\/\"},{\"@type\":\"ListItem\",\"position\":2,\"name\":\"Chamada para o dossi\u00ea &#8220;CPDA 50 anos: trajet\u00f3rias, mem\u00f3rias e contribui\u00e7\u00f5es ao pensamento cr\u00edtico sobre o mundo rural&#8221; (at\u00e9 30\/06\/26)\"}]},{\"@type\":\"WebSite\",\"@id\":\"https:\/\/institucional.ufrrj.br\/portalcpda\/#website\",\"url\":\"https:\/\/institucional.ufrrj.br\/portalcpda\/\",\"name\":\"CPDA\",\"description\":\"institucional.ufrrj.br\",\"potentialAction\":[{\"@type\":\"SearchAction\",\"target\":{\"@type\":\"EntryPoint\",\"urlTemplate\":\"https:\/\/institucional.ufrrj.br\/portalcpda\/?s={search_term_string}\"},\"query-input\":{\"@type\":\"PropertyValueSpecification\",\"valueRequired\":true,\"valueName\":\"search_term_string\"}}],\"inLanguage\":\"pt-BR\"},{\"@type\":\"Person\",\"@id\":\"https:\/\/institucional.ufrrj.br\/portalcpda\/#\/schema\/person\/1d8ac54e4459a76424ece39665abc35f\",\"name\":\"fatima\",\"image\":{\"@type\":\"ImageObject\",\"inLanguage\":\"pt-BR\",\"@id\":\"https:\/\/secure.gravatar.com\/avatar\/886f5f1c9051e04a76e6857b98884f002f1c4804178026ec8193df9c8c281c80?s=96&d=mm&r=g\",\"url\":\"https:\/\/secure.gravatar.com\/avatar\/886f5f1c9051e04a76e6857b98884f002f1c4804178026ec8193df9c8c281c80?s=96&d=mm&r=g\",\"contentUrl\":\"https:\/\/secure.gravatar.com\/avatar\/886f5f1c9051e04a76e6857b98884f002f1c4804178026ec8193df9c8c281c80?s=96&d=mm&r=g\",\"caption\":\"fatima\"},\"url\":\"https:\/\/institucional.ufrrj.br\/portalcpda\/author\/fatimaportilho\/\"}]}<\/script>\n<!-- \/ Yoast SEO plugin. -->","yoast_head_json":{"title":"Chamada para o dossi\u00ea \"CPDA 50 anos: trajet\u00f3rias, mem\u00f3rias e contribui\u00e7\u00f5es ao pensamento cr\u00edtico sobre o mundo rural\" (at\u00e9 30\/06\/26) - CPDA","description":"A Revista IDeAS est\u00e1 com chamada aberta para o dossi\u00ea especial \u201cCPDA 50 anos: trajet\u00f3rias, mem\u00f3rias e contribui\u00e7\u00f5es ao pensamento cr\u00edtico sobre o mundo rural\u201d.","robots":{"index":"index","follow":"follow","max-snippet":"max-snippet:-1","max-image-preview":"max-image-preview:large","max-video-preview":"max-video-preview:-1"},"canonical":"https:\/\/institucional.ufrrj.br\/portalcpda\/chamada-para-o-dossie-cpda-50-anos-trajetorias-memorias-e-contribuicoes-ao-pensamento-critico-sobre-o-mundo-rural\/","og_locale":"pt_BR","og_type":"article","og_title":"Chamada para o dossi\u00ea \"CPDA 50 anos: trajet\u00f3rias, mem\u00f3rias e contribui\u00e7\u00f5es ao pensamento cr\u00edtico sobre o mundo rural\" (at\u00e9 30\/06\/26) - CPDA","og_description":"A Revista IDeAS est\u00e1 com chamada aberta para o dossi\u00ea especial \u201cCPDA 50 anos: trajet\u00f3rias, mem\u00f3rias e contribui\u00e7\u00f5es ao pensamento cr\u00edtico sobre o mundo rural\u201d.","og_url":"https:\/\/institucional.ufrrj.br\/portalcpda\/chamada-para-o-dossie-cpda-50-anos-trajetorias-memorias-e-contribuicoes-ao-pensamento-critico-sobre-o-mundo-rural\/","og_site_name":"CPDA","article_published_time":"2026-03-11T18:41:18+00:00","article_modified_time":"2026-03-15T15:54:24+00:00","og_image":[{"url":"https:\/\/fonts.gstatic.com\/s\/e\/notoemoji\/17.0\/1f530\/32.png","type":"","width":"","height":""}],"author":"fatima","twitter_card":"summary_large_image","twitter_misc":{"Escrito por":"fatima","Est. tempo de leitura":"2 minutos"},"schema":{"@context":"https:\/\/schema.org","@graph":[{"@type":"Article","@id":"https:\/\/institucional.ufrrj.br\/portalcpda\/chamada-para-o-dossie-cpda-50-anos-trajetorias-memorias-e-contribuicoes-ao-pensamento-critico-sobre-o-mundo-rural\/#article","isPartOf":{"@id":"https:\/\/institucional.ufrrj.br\/portalcpda\/chamada-para-o-dossie-cpda-50-anos-trajetorias-memorias-e-contribuicoes-ao-pensamento-critico-sobre-o-mundo-rural\/"},"author":{"name":"fatima","@id":"https:\/\/institucional.ufrrj.br\/portalcpda\/#\/schema\/person\/1d8ac54e4459a76424ece39665abc35f"},"headline":"Chamada para o dossi\u00ea &#8220;CPDA 50 anos: trajet\u00f3rias, mem\u00f3rias e contribui\u00e7\u00f5es ao pensamento cr\u00edtico sobre o mundo rural&#8221; (at\u00e9 30\/06\/26)","datePublished":"2026-03-11T18:41:18+00:00","dateModified":"2026-03-15T15:54:24+00:00","mainEntityOfPage":{"@id":"https:\/\/institucional.ufrrj.br\/portalcpda\/chamada-para-o-dossie-cpda-50-anos-trajetorias-memorias-e-contribuicoes-ao-pensamento-critico-sobre-o-mundo-rural\/"},"wordCount":146,"commentCount":0,"image":{"@id":"https:\/\/institucional.ufrrj.br\/portalcpda\/chamada-para-o-dossie-cpda-50-anos-trajetorias-memorias-e-contribuicoes-ao-pensamento-critico-sobre-o-mundo-rural\/#primaryimage"},"thumbnailUrl":"https:\/\/fonts.gstatic.com\/s\/e\/notoemoji\/17.0\/1f530\/32.png","articleSection":["Noticias"],"inLanguage":"pt-BR","potentialAction":[{"@type":"CommentAction","name":"Comment","target":["https:\/\/institucional.ufrrj.br\/portalcpda\/chamada-para-o-dossie-cpda-50-anos-trajetorias-memorias-e-contribuicoes-ao-pensamento-critico-sobre-o-mundo-rural\/#respond"]}]},{"@type":"WebPage","@id":"https:\/\/institucional.ufrrj.br\/portalcpda\/chamada-para-o-dossie-cpda-50-anos-trajetorias-memorias-e-contribuicoes-ao-pensamento-critico-sobre-o-mundo-rural\/","url":"https:\/\/institucional.ufrrj.br\/portalcpda\/chamada-para-o-dossie-cpda-50-anos-trajetorias-memorias-e-contribuicoes-ao-pensamento-critico-sobre-o-mundo-rural\/","name":"Chamada para o dossi\u00ea \"CPDA 50 anos: trajet\u00f3rias, mem\u00f3rias e contribui\u00e7\u00f5es ao pensamento cr\u00edtico sobre o mundo rural\" (at\u00e9 30\/06\/26) - CPDA","isPartOf":{"@id":"https:\/\/institucional.ufrrj.br\/portalcpda\/#website"},"primaryImageOfPage":{"@id":"https:\/\/institucional.ufrrj.br\/portalcpda\/chamada-para-o-dossie-cpda-50-anos-trajetorias-memorias-e-contribuicoes-ao-pensamento-critico-sobre-o-mundo-rural\/#primaryimage"},"image":{"@id":"https:\/\/institucional.ufrrj.br\/portalcpda\/chamada-para-o-dossie-cpda-50-anos-trajetorias-memorias-e-contribuicoes-ao-pensamento-critico-sobre-o-mundo-rural\/#primaryimage"},"thumbnailUrl":"https:\/\/fonts.gstatic.com\/s\/e\/notoemoji\/17.0\/1f530\/32.png","datePublished":"2026-03-11T18:41:18+00:00","dateModified":"2026-03-15T15:54:24+00:00","author":{"@id":"https:\/\/institucional.ufrrj.br\/portalcpda\/#\/schema\/person\/1d8ac54e4459a76424ece39665abc35f"},"description":"A Revista IDeAS est\u00e1 com chamada aberta para o dossi\u00ea especial \u201cCPDA 50 anos: trajet\u00f3rias, mem\u00f3rias e contribui\u00e7\u00f5es ao pensamento cr\u00edtico sobre o mundo rural\u201d.","breadcrumb":{"@id":"https:\/\/institucional.ufrrj.br\/portalcpda\/chamada-para-o-dossie-cpda-50-anos-trajetorias-memorias-e-contribuicoes-ao-pensamento-critico-sobre-o-mundo-rural\/#breadcrumb"},"inLanguage":"pt-BR","potentialAction":[{"@type":"ReadAction","target":["https:\/\/institucional.ufrrj.br\/portalcpda\/chamada-para-o-dossie-cpda-50-anos-trajetorias-memorias-e-contribuicoes-ao-pensamento-critico-sobre-o-mundo-rural\/"]}]},{"@type":"ImageObject","inLanguage":"pt-BR","@id":"https:\/\/institucional.ufrrj.br\/portalcpda\/chamada-para-o-dossie-cpda-50-anos-trajetorias-memorias-e-contribuicoes-ao-pensamento-critico-sobre-o-mundo-rural\/#primaryimage","url":"https:\/\/fonts.gstatic.com\/s\/e\/notoemoji\/17.0\/1f530\/32.png","contentUrl":"https:\/\/fonts.gstatic.com\/s\/e\/notoemoji\/17.0\/1f530\/32.png"},{"@type":"BreadcrumbList","@id":"https:\/\/institucional.ufrrj.br\/portalcpda\/chamada-para-o-dossie-cpda-50-anos-trajetorias-memorias-e-contribuicoes-ao-pensamento-critico-sobre-o-mundo-rural\/#breadcrumb","itemListElement":[{"@type":"ListItem","position":1,"name":"In\u00edcio","item":"https:\/\/institucional.ufrrj.br\/portalcpda\/"},{"@type":"ListItem","position":2,"name":"Chamada para o dossi\u00ea &#8220;CPDA 50 anos: trajet\u00f3rias, mem\u00f3rias e contribui\u00e7\u00f5es ao pensamento cr\u00edtico sobre o mundo rural&#8221; (at\u00e9 30\/06\/26)"}]},{"@type":"WebSite","@id":"https:\/\/institucional.ufrrj.br\/portalcpda\/#website","url":"https:\/\/institucional.ufrrj.br\/portalcpda\/","name":"CPDA","description":"institucional.ufrrj.br","potentialAction":[{"@type":"SearchAction","target":{"@type":"EntryPoint","urlTemplate":"https:\/\/institucional.ufrrj.br\/portalcpda\/?s={search_term_string}"},"query-input":{"@type":"PropertyValueSpecification","valueRequired":true,"valueName":"search_term_string"}}],"inLanguage":"pt-BR"},{"@type":"Person","@id":"https:\/\/institucional.ufrrj.br\/portalcpda\/#\/schema\/person\/1d8ac54e4459a76424ece39665abc35f","name":"fatima","image":{"@type":"ImageObject","inLanguage":"pt-BR","@id":"https:\/\/secure.gravatar.com\/avatar\/886f5f1c9051e04a76e6857b98884f002f1c4804178026ec8193df9c8c281c80?s=96&d=mm&r=g","url":"https:\/\/secure.gravatar.com\/avatar\/886f5f1c9051e04a76e6857b98884f002f1c4804178026ec8193df9c8c281c80?s=96&d=mm&r=g","contentUrl":"https:\/\/secure.gravatar.com\/avatar\/886f5f1c9051e04a76e6857b98884f002f1c4804178026ec8193df9c8c281c80?s=96&d=mm&r=g","caption":"fatima"},"url":"https:\/\/institucional.ufrrj.br\/portalcpda\/author\/fatimaportilho\/"}]}},"acf":[],"_links":{"self":[{"href":"https:\/\/institucional.ufrrj.br\/portalcpda\/wp-json\/wp\/v2\/posts\/27688","targetHints":{"allow":["GET"]}}],"collection":[{"href":"https:\/\/institucional.ufrrj.br\/portalcpda\/wp-json\/wp\/v2\/posts"}],"about":[{"href":"https:\/\/institucional.ufrrj.br\/portalcpda\/wp-json\/wp\/v2\/types\/post"}],"author":[{"embeddable":true,"href":"https:\/\/institucional.ufrrj.br\/portalcpda\/wp-json\/wp\/v2\/users\/711"}],"replies":[{"embeddable":true,"href":"https:\/\/institucional.ufrrj.br\/portalcpda\/wp-json\/wp\/v2\/comments?post=27688"}],"version-history":[{"count":2,"href":"https:\/\/institucional.ufrrj.br\/portalcpda\/wp-json\/wp\/v2\/posts\/27688\/revisions"}],"predecessor-version":[{"id":27721,"href":"https:\/\/institucional.ufrrj.br\/portalcpda\/wp-json\/wp\/v2\/posts\/27688\/revisions\/27721"}],"wp:attachment":[{"href":"https:\/\/institucional.ufrrj.br\/portalcpda\/wp-json\/wp\/v2\/media?parent=27688"}],"wp:term":[{"taxonomy":"category","embeddable":true,"href":"https:\/\/institucional.ufrrj.br\/portalcpda\/wp-json\/wp\/v2\/categories?post=27688"},{"taxonomy":"post_tag","embeddable":true,"href":"https:\/\/institucional.ufrrj.br\/portalcpda\/wp-json\/wp\/v2\/tags?post=27688"}],"curies":[{"name":"wp","href":"https:\/\/api.w.org\/{rel}","templated":true}]}}