{"id":27432,"date":"2026-01-16T13:21:49","date_gmt":"2026-01-16T16:21:49","guid":{"rendered":"https:\/\/institucional.ufrrj.br\/portalcpda\/?p=27432"},"modified":"2026-01-21T10:50:43","modified_gmt":"2026-01-21T13:50:43","slug":"professora-ana-saggioro-garcia-comenta-a-situacao-na-venezuela-em-entrevistas-ao-icl-noticias","status":"publish","type":"post","link":"https:\/\/institucional.ufrrj.br\/portalcpda\/professora-ana-saggioro-garcia-comenta-a-situacao-na-venezuela-em-entrevistas-ao-icl-noticias\/","title":{"rendered":"Profa. Ana Saggioro Garcia comenta a situa\u00e7\u00e3o da Venezuela em entrevistas ao ICL Not\u00edcias"},"content":{"rendered":"<p data-start=\"485\" data-end=\"947\">A professora Ana Saggioro Garcia, docente do CPDA\/UFRRJ, concedeu, recentemente, entrevistas ao portal ICL Not\u00edcias sobre a situa\u00e7\u00e3o pol\u00edtica e institucional na Venezuela.<\/p>\n<p data-start=\"949\" data-end=\"1235\">Em mat\u00e9ria escrita, a professora analisa os desdobramentos da crise venezuelana e seus impactos regionais e internacionais, com aten\u00e7\u00e3o especial aos desafios da media\u00e7\u00e3o multilateral.<br data-start=\"1136\" data-end=\"1139\" \/>Acesse a mat\u00e9ria clicando <a href=\"https:\/\/iclnoticias.com.br\/para-especialistas-ataque-venezuela-expoe-onu\/\">aqui<\/a>.<\/p>\n<p data-start=\"949\" data-end=\"1235\">Al\u00e9m disso, em entrevista ao vivo, Ana Saggioro Garcia aprofundou a discuss\u00e3o sobre a conjuntura venezuelana e seus efeitos na geopol\u00edtica latino-americana.<br data-start=\"1427\" data-end=\"1430\" \/>Assista \u00e0 entrevista clicando <a href=\"https:\/\/www.youtube.com\/watch?v=VbJBmJYVKIA\">aqui<\/a>.<\/p>\n","protected":false},"excerpt":{"rendered":"<p>A professora Ana Saggioro Garcia, docente do CPDA\/UFRRJ, concedeu, recentemente, entrevistas ao portal ICL Not\u00edcias sobre a situa\u00e7\u00e3o pol\u00edtica e <a class=\"read-more\" href=\"https:\/\/institucional.ufrrj.br\/portalcpda\/professora-ana-saggioro-garcia-comenta-a-situacao-na-venezuela-em-entrevistas-ao-icl-noticias\/ \" >&#8230; <span class=\"font-italic\">leia mais <i class=\"fas fa-angle-right\"><\/i><\/span><\/a><\/p>\n","protected":false},"author":711,"featured_media":0,"comment_status":"open","ping_status":"open","sticky":false,"template":"","format":"standard","meta":{"_acf_changed":false,"footnotes":""},"categories":[30],"tags":[],"class_list":["post-27432","post","type-post","status-publish","format-standard","hentry","category-noticias-pt"],"yoast_head":"<!-- This site is optimized with the Yoast SEO plugin v27.2 - https:\/\/yoast.com\/product\/yoast-seo-wordpress\/ -->\n<title>Profa. Ana Saggioro Garcia comenta a situa\u00e7\u00e3o da Venezuela em entrevistas ao ICL Not\u00edcias - CPDA<\/title>\n<meta name=\"robots\" content=\"index, follow, max-snippet:-1, max-image-preview:large, max-video-preview:-1\" \/>\n<link rel=\"canonical\" href=\"https:\/\/institucional.ufrrj.br\/portalcpda\/professora-ana-saggioro-garcia-comenta-a-situacao-na-venezuela-em-entrevistas-ao-icl-noticias\/\" \/>\n<meta property=\"og:locale\" content=\"pt_BR\" \/>\n<meta property=\"og:type\" content=\"article\" \/>\n<meta property=\"og:title\" content=\"Profa. Ana Saggioro Garcia comenta a situa\u00e7\u00e3o da Venezuela em entrevistas ao ICL Not\u00edcias - CPDA\" \/>\n<meta property=\"og:description\" content=\"A professora Ana Saggioro Garcia, docente do CPDA\/UFRRJ, concedeu, recentemente, entrevistas ao portal ICL Not\u00edcias sobre a situa\u00e7\u00e3o pol\u00edtica e ... leia mais\" \/>\n<meta property=\"og:url\" content=\"https:\/\/institucional.ufrrj.br\/portalcpda\/professora-ana-saggioro-garcia-comenta-a-situacao-na-venezuela-em-entrevistas-ao-icl-noticias\/\" \/>\n<meta property=\"og:site_name\" content=\"CPDA\" \/>\n<meta property=\"article:published_time\" content=\"2026-01-16T16:21:49+00:00\" \/>\n<meta property=\"article:modified_time\" content=\"2026-01-21T13:50:43+00:00\" \/>\n<meta name=\"author\" content=\"fatima\" \/>\n<meta name=\"twitter:card\" content=\"summary_large_image\" \/>\n<meta name=\"twitter:label1\" content=\"Escrito por\" \/>\n\t<meta name=\"twitter:data1\" content=\"fatima\" \/>\n\t<meta name=\"twitter:label2\" content=\"Est. tempo de leitura\" \/>\n\t<meta name=\"twitter:data2\" content=\"1 minuto\" \/>\n<script type=\"application\/ld+json\" class=\"yoast-schema-graph\">{\"@context\":\"https:\/\/schema.org\",\"@graph\":[{\"@type\":\"Article\",\"@id\":\"https:\/\/institucional.ufrrj.br\/portalcpda\/professora-ana-saggioro-garcia-comenta-a-situacao-na-venezuela-em-entrevistas-ao-icl-noticias\/#article\",\"isPartOf\":{\"@id\":\"https:\/\/institucional.ufrrj.br\/portalcpda\/professora-ana-saggioro-garcia-comenta-a-situacao-na-venezuela-em-entrevistas-ao-icl-noticias\/\"},\"author\":{\"name\":\"fatima\",\"@id\":\"https:\/\/institucional.ufrrj.br\/portalcpda\/#\/schema\/person\/1d8ac54e4459a76424ece39665abc35f\"},\"headline\":\"Profa. Ana Saggioro Garcia comenta a situa\u00e7\u00e3o da Venezuela em entrevistas ao ICL Not\u00edcias\",\"datePublished\":\"2026-01-16T16:21:49+00:00\",\"dateModified\":\"2026-01-21T13:50:43+00:00\",\"mainEntityOfPage\":{\"@id\":\"https:\/\/institucional.ufrrj.br\/portalcpda\/professora-ana-saggioro-garcia-comenta-a-situacao-na-venezuela-em-entrevistas-ao-icl-noticias\/\"},\"wordCount\":106,\"commentCount\":0,\"articleSection\":[\"Noticias\"],\"inLanguage\":\"pt-BR\",\"potentialAction\":[{\"@type\":\"CommentAction\",\"name\":\"Comment\",\"target\":[\"https:\/\/institucional.ufrrj.br\/portalcpda\/professora-ana-saggioro-garcia-comenta-a-situacao-na-venezuela-em-entrevistas-ao-icl-noticias\/#respond\"]}]},{\"@type\":\"WebPage\",\"@id\":\"https:\/\/institucional.ufrrj.br\/portalcpda\/professora-ana-saggioro-garcia-comenta-a-situacao-na-venezuela-em-entrevistas-ao-icl-noticias\/\",\"url\":\"https:\/\/institucional.ufrrj.br\/portalcpda\/professora-ana-saggioro-garcia-comenta-a-situacao-na-venezuela-em-entrevistas-ao-icl-noticias\/\",\"name\":\"Profa. Ana Saggioro Garcia comenta a situa\u00e7\u00e3o da Venezuela em entrevistas ao ICL Not\u00edcias - CPDA\",\"isPartOf\":{\"@id\":\"https:\/\/institucional.ufrrj.br\/portalcpda\/#website\"},\"datePublished\":\"2026-01-16T16:21:49+00:00\",\"dateModified\":\"2026-01-21T13:50:43+00:00\",\"author\":{\"@id\":\"https:\/\/institucional.ufrrj.br\/portalcpda\/#\/schema\/person\/1d8ac54e4459a76424ece39665abc35f\"},\"breadcrumb\":{\"@id\":\"https:\/\/institucional.ufrrj.br\/portalcpda\/professora-ana-saggioro-garcia-comenta-a-situacao-na-venezuela-em-entrevistas-ao-icl-noticias\/#breadcrumb\"},\"inLanguage\":\"pt-BR\",\"potentialAction\":[{\"@type\":\"ReadAction\",\"target\":[\"https:\/\/institucional.ufrrj.br\/portalcpda\/professora-ana-saggioro-garcia-comenta-a-situacao-na-venezuela-em-entrevistas-ao-icl-noticias\/\"]}]},{\"@type\":\"BreadcrumbList\",\"@id\":\"https:\/\/institucional.ufrrj.br\/portalcpda\/professora-ana-saggioro-garcia-comenta-a-situacao-na-venezuela-em-entrevistas-ao-icl-noticias\/#breadcrumb\",\"itemListElement\":[{\"@type\":\"ListItem\",\"position\":1,\"name\":\"In\u00edcio\",\"item\":\"https:\/\/institucional.ufrrj.br\/portalcpda\/\"},{\"@type\":\"ListItem\",\"position\":2,\"name\":\"Profa. Ana Saggioro Garcia comenta a situa\u00e7\u00e3o da Venezuela em entrevistas ao ICL Not\u00edcias\"}]},{\"@type\":\"WebSite\",\"@id\":\"https:\/\/institucional.ufrrj.br\/portalcpda\/#website\",\"url\":\"https:\/\/institucional.ufrrj.br\/portalcpda\/\",\"name\":\"CPDA\",\"description\":\"institucional.ufrrj.br\",\"potentialAction\":[{\"@type\":\"SearchAction\",\"target\":{\"@type\":\"EntryPoint\",\"urlTemplate\":\"https:\/\/institucional.ufrrj.br\/portalcpda\/?s={search_term_string}\"},\"query-input\":{\"@type\":\"PropertyValueSpecification\",\"valueRequired\":true,\"valueName\":\"search_term_string\"}}],\"inLanguage\":\"pt-BR\"},{\"@type\":\"Person\",\"@id\":\"https:\/\/institucional.ufrrj.br\/portalcpda\/#\/schema\/person\/1d8ac54e4459a76424ece39665abc35f\",\"name\":\"fatima\",\"image\":{\"@type\":\"ImageObject\",\"inLanguage\":\"pt-BR\",\"@id\":\"https:\/\/secure.gravatar.com\/avatar\/886f5f1c9051e04a76e6857b98884f002f1c4804178026ec8193df9c8c281c80?s=96&d=mm&r=g\",\"url\":\"https:\/\/secure.gravatar.com\/avatar\/886f5f1c9051e04a76e6857b98884f002f1c4804178026ec8193df9c8c281c80?s=96&d=mm&r=g\",\"contentUrl\":\"https:\/\/secure.gravatar.com\/avatar\/886f5f1c9051e04a76e6857b98884f002f1c4804178026ec8193df9c8c281c80?s=96&d=mm&r=g\",\"caption\":\"fatima\"},\"url\":\"https:\/\/institucional.ufrrj.br\/portalcpda\/author\/fatimaportilho\/\"}]}<\/script>\n<!-- \/ Yoast SEO plugin. -->","yoast_head_json":{"title":"Profa. Ana Saggioro Garcia comenta a situa\u00e7\u00e3o da Venezuela em entrevistas ao ICL Not\u00edcias - CPDA","robots":{"index":"index","follow":"follow","max-snippet":"max-snippet:-1","max-image-preview":"max-image-preview:large","max-video-preview":"max-video-preview:-1"},"canonical":"https:\/\/institucional.ufrrj.br\/portalcpda\/professora-ana-saggioro-garcia-comenta-a-situacao-na-venezuela-em-entrevistas-ao-icl-noticias\/","og_locale":"pt_BR","og_type":"article","og_title":"Profa. Ana Saggioro Garcia comenta a situa\u00e7\u00e3o da Venezuela em entrevistas ao ICL Not\u00edcias - CPDA","og_description":"A professora Ana Saggioro Garcia, docente do CPDA\/UFRRJ, concedeu, recentemente, entrevistas ao portal ICL Not\u00edcias sobre a situa\u00e7\u00e3o pol\u00edtica e ... leia mais","og_url":"https:\/\/institucional.ufrrj.br\/portalcpda\/professora-ana-saggioro-garcia-comenta-a-situacao-na-venezuela-em-entrevistas-ao-icl-noticias\/","og_site_name":"CPDA","article_published_time":"2026-01-16T16:21:49+00:00","article_modified_time":"2026-01-21T13:50:43+00:00","author":"fatima","twitter_card":"summary_large_image","twitter_misc":{"Escrito por":"fatima","Est. tempo de leitura":"1 minuto"},"schema":{"@context":"https:\/\/schema.org","@graph":[{"@type":"Article","@id":"https:\/\/institucional.ufrrj.br\/portalcpda\/professora-ana-saggioro-garcia-comenta-a-situacao-na-venezuela-em-entrevistas-ao-icl-noticias\/#article","isPartOf":{"@id":"https:\/\/institucional.ufrrj.br\/portalcpda\/professora-ana-saggioro-garcia-comenta-a-situacao-na-venezuela-em-entrevistas-ao-icl-noticias\/"},"author":{"name":"fatima","@id":"https:\/\/institucional.ufrrj.br\/portalcpda\/#\/schema\/person\/1d8ac54e4459a76424ece39665abc35f"},"headline":"Profa. Ana Saggioro Garcia comenta a situa\u00e7\u00e3o da Venezuela em entrevistas ao ICL Not\u00edcias","datePublished":"2026-01-16T16:21:49+00:00","dateModified":"2026-01-21T13:50:43+00:00","mainEntityOfPage":{"@id":"https:\/\/institucional.ufrrj.br\/portalcpda\/professora-ana-saggioro-garcia-comenta-a-situacao-na-venezuela-em-entrevistas-ao-icl-noticias\/"},"wordCount":106,"commentCount":0,"articleSection":["Noticias"],"inLanguage":"pt-BR","potentialAction":[{"@type":"CommentAction","name":"Comment","target":["https:\/\/institucional.ufrrj.br\/portalcpda\/professora-ana-saggioro-garcia-comenta-a-situacao-na-venezuela-em-entrevistas-ao-icl-noticias\/#respond"]}]},{"@type":"WebPage","@id":"https:\/\/institucional.ufrrj.br\/portalcpda\/professora-ana-saggioro-garcia-comenta-a-situacao-na-venezuela-em-entrevistas-ao-icl-noticias\/","url":"https:\/\/institucional.ufrrj.br\/portalcpda\/professora-ana-saggioro-garcia-comenta-a-situacao-na-venezuela-em-entrevistas-ao-icl-noticias\/","name":"Profa. Ana Saggioro Garcia comenta a situa\u00e7\u00e3o da Venezuela em entrevistas ao ICL Not\u00edcias - CPDA","isPartOf":{"@id":"https:\/\/institucional.ufrrj.br\/portalcpda\/#website"},"datePublished":"2026-01-16T16:21:49+00:00","dateModified":"2026-01-21T13:50:43+00:00","author":{"@id":"https:\/\/institucional.ufrrj.br\/portalcpda\/#\/schema\/person\/1d8ac54e4459a76424ece39665abc35f"},"breadcrumb":{"@id":"https:\/\/institucional.ufrrj.br\/portalcpda\/professora-ana-saggioro-garcia-comenta-a-situacao-na-venezuela-em-entrevistas-ao-icl-noticias\/#breadcrumb"},"inLanguage":"pt-BR","potentialAction":[{"@type":"ReadAction","target":["https:\/\/institucional.ufrrj.br\/portalcpda\/professora-ana-saggioro-garcia-comenta-a-situacao-na-venezuela-em-entrevistas-ao-icl-noticias\/"]}]},{"@type":"BreadcrumbList","@id":"https:\/\/institucional.ufrrj.br\/portalcpda\/professora-ana-saggioro-garcia-comenta-a-situacao-na-venezuela-em-entrevistas-ao-icl-noticias\/#breadcrumb","itemListElement":[{"@type":"ListItem","position":1,"name":"In\u00edcio","item":"https:\/\/institucional.ufrrj.br\/portalcpda\/"},{"@type":"ListItem","position":2,"name":"Profa. Ana Saggioro Garcia comenta a situa\u00e7\u00e3o da Venezuela em entrevistas ao ICL Not\u00edcias"}]},{"@type":"WebSite","@id":"https:\/\/institucional.ufrrj.br\/portalcpda\/#website","url":"https:\/\/institucional.ufrrj.br\/portalcpda\/","name":"CPDA","description":"institucional.ufrrj.br","potentialAction":[{"@type":"SearchAction","target":{"@type":"EntryPoint","urlTemplate":"https:\/\/institucional.ufrrj.br\/portalcpda\/?s={search_term_string}"},"query-input":{"@type":"PropertyValueSpecification","valueRequired":true,"valueName":"search_term_string"}}],"inLanguage":"pt-BR"},{"@type":"Person","@id":"https:\/\/institucional.ufrrj.br\/portalcpda\/#\/schema\/person\/1d8ac54e4459a76424ece39665abc35f","name":"fatima","image":{"@type":"ImageObject","inLanguage":"pt-BR","@id":"https:\/\/secure.gravatar.com\/avatar\/886f5f1c9051e04a76e6857b98884f002f1c4804178026ec8193df9c8c281c80?s=96&d=mm&r=g","url":"https:\/\/secure.gravatar.com\/avatar\/886f5f1c9051e04a76e6857b98884f002f1c4804178026ec8193df9c8c281c80?s=96&d=mm&r=g","contentUrl":"https:\/\/secure.gravatar.com\/avatar\/886f5f1c9051e04a76e6857b98884f002f1c4804178026ec8193df9c8c281c80?s=96&d=mm&r=g","caption":"fatima"},"url":"https:\/\/institucional.ufrrj.br\/portalcpda\/author\/fatimaportilho\/"}]}},"acf":[],"_links":{"self":[{"href":"https:\/\/institucional.ufrrj.br\/portalcpda\/wp-json\/wp\/v2\/posts\/27432","targetHints":{"allow":["GET"]}}],"collection":[{"href":"https:\/\/institucional.ufrrj.br\/portalcpda\/wp-json\/wp\/v2\/posts"}],"about":[{"href":"https:\/\/institucional.ufrrj.br\/portalcpda\/wp-json\/wp\/v2\/types\/post"}],"author":[{"embeddable":true,"href":"https:\/\/institucional.ufrrj.br\/portalcpda\/wp-json\/wp\/v2\/users\/711"}],"replies":[{"embeddable":true,"href":"https:\/\/institucional.ufrrj.br\/portalcpda\/wp-json\/wp\/v2\/comments?post=27432"}],"version-history":[{"count":2,"href":"https:\/\/institucional.ufrrj.br\/portalcpda\/wp-json\/wp\/v2\/posts\/27432\/revisions"}],"predecessor-version":[{"id":27458,"href":"https:\/\/institucional.ufrrj.br\/portalcpda\/wp-json\/wp\/v2\/posts\/27432\/revisions\/27458"}],"wp:attachment":[{"href":"https:\/\/institucional.ufrrj.br\/portalcpda\/wp-json\/wp\/v2\/media?parent=27432"}],"wp:term":[{"taxonomy":"category","embeddable":true,"href":"https:\/\/institucional.ufrrj.br\/portalcpda\/wp-json\/wp\/v2\/categories?post=27432"},{"taxonomy":"post_tag","embeddable":true,"href":"https:\/\/institucional.ufrrj.br\/portalcpda\/wp-json\/wp\/v2\/tags?post=27432"}],"curies":[{"name":"wp","href":"https:\/\/api.w.org\/{rel}","templated":true}]}}