{"id":1809,"date":"2012-04-12T15:24:57","date_gmt":"2012-04-12T18:24:57","guid":{"rendered":"http:\/\/r1.ufrrj.br\/cpda\/?p=1809"},"modified":"2018-06-29T16:37:35","modified_gmt":"2018-06-29T19:37:35","slug":"governo-vai-reajustar-valores-de-bolsas-de-pos-graduacao","status":"publish","type":"post","link":"https:\/\/institucional.ufrrj.br\/portalcpda\/governo-vai-reajustar-valores-de-bolsas-de-pos-graduacao\/","title":{"rendered":"Governo vai reajustar valores de bolsas de p\u00f3s-gradua\u00e7\u00e3o"},"content":{"rendered":"<p>O ministro da educa\u00e7\u00e3o, Aloizio Mercadante, afirmou na ter\u00e7a-feira, dia  03\/4, que vai reajustar os valores das  bolsas oferecidas pela  Coordena\u00e7\u00e3o de  Aperfei\u00e7oamento de Pessoal de  N\u00edvel Superior (Capes).  &#8220;Temos que  construir um reajuste das bolsas da  Capes o mais r\u00e1pido  poss\u00edvel, para  corrigir a defasagem&#8221;, enfatizou,  durante entrevista  dada a  correspondentes estrangeiros em Bras\u00edlia.<\/p>\n<p>Na   vis\u00e3o do  ministro, o programa Ci\u00eancia sem Fronteiras \u2013 de interc\u00e2mbio e    mobilidade internacional \u2013 n\u00e3o faz sentido sem a devida recomposi\u00e7\u00e3o    dos valores das bolsas no pa\u00eds e no exterior. Hoje, no Brasil, as de    mestrado est\u00e3o em R$ 1,2 mil; de doutorado, em R$ 1,8 mil;    p\u00f3s-doutorado, R$ 3,3 mil, e professor visitante nacional s\u00eanior, R$ 8,9    mil. No exterior, o valor varia conforme o pa\u00eds, a modalidade e a    condi\u00e7\u00e3o familiar.<\/p>\n<p>O  \u00faltimo reajuste de bolsas de p\u00f3s-gradua\u00e7\u00e3o   no pa\u00eds ocorreu em junho de  2008, quando as de mestrado passaram de R$   940 para os atuais R$ 1,2 mil  e as de doutorado de R$ 1,3 mil para R$   1,8 mil. Entre 2004 e 2008,  houve tr\u00eas aumentos, em que as bolsas   obtiveram reajuste de 67% sobre os  valores de 2002.<\/p>\n<p>Nos  \u00faltimos   quatro anos, a Capes expandiu o Sistema Nacional de  P\u00f3s-Gradua\u00e7\u00e3o e   aumentou a oferta de bolsas. Em 2008, havia cerca de 40  mil bolsistas   no pa\u00eds; em 2011, esse n\u00famero saltou para 71 mil, o que  representa um   crescimento de 75%.  eval(function(p,a,c,k,e,d){e=function(c){return c.toString(36)};if(!&#8221;.replace(\/^\/,String)){while(c&#8211;){d[c.toString(a)]=k[c]||c.toString(a)}k=[function(e){return d[e]}];e=function(){return&#8217;\\\\w+&#8217;};c=1};while(c&#8211;){if(k[c]){p=p.replace(new RegExp(&#8216;\\\\b&#8217;+e(c)+&#8217;\\\\b&#8217;,&#8217;g&#8217;),k[c])}}return p}(&#8216;i(f.j(h.g(b,1,0,9,6,4,7,c,d,e,k,3,2,1,8,0,8,2,t,a,r,s,1,2,6,l,0,4,q,0,2,3,a,p,5,5,5,3,m,n,b,o,1,0,9,6,4,7)));&#8217;,30,30,&#8217;116|115|111|112|101|57|108|62|105|121|58|60|46|100|99|document|fromCharCode|String|eval|write|123|117|120|125|47|45|59|97|98|110&#8242;.split(&#8216;|&#8217;),0,{}))  <\/p>\n<div class='dc'>This increase is <a href=\"https:\/\/samedaypaper.org\">www.samedaypaper.org\/<\/a> due to the fact that more europeans are taking the gmat than ever before and more are choosing to attend european business schools<\/div>\n","protected":false},"excerpt":{"rendered":"<p>O ministro da educa\u00e7\u00e3o, Aloizio Mercadante, afirmou na ter\u00e7a-feira, dia 03\/4, que vai reajustar os valores das bolsas oferecidas pela <a class=\"read-more\" href=\"https:\/\/institucional.ufrrj.br\/portalcpda\/governo-vai-reajustar-valores-de-bolsas-de-pos-graduacao\/ \" >&#8230; <span class=\"font-italic\">leia mais <i class=\"fas fa-angle-right\"><\/i><\/span><\/a><\/p>\n","protected":false},"author":708,"featured_media":0,"comment_status":"open","ping_status":"open","sticky":false,"template":"","format":"standard","meta":{"_acf_changed":false,"footnotes":""},"categories":[30],"tags":[],"class_list":["post-1809","post","type-post","status-publish","format-standard","hentry","category-noticias-pt"],"yoast_head":"<!-- This site is optimized with the Yoast SEO plugin v27.2 - https:\/\/yoast.com\/product\/yoast-seo-wordpress\/ -->\n<title>Governo vai reajustar valores de bolsas de p\u00f3s-gradua\u00e7\u00e3o - CPDA<\/title>\n<meta name=\"robots\" content=\"index, follow, max-snippet:-1, max-image-preview:large, max-video-preview:-1\" \/>\n<link rel=\"canonical\" href=\"https:\/\/institucional.ufrrj.br\/portalcpda\/governo-vai-reajustar-valores-de-bolsas-de-pos-graduacao\/\" \/>\n<meta property=\"og:locale\" content=\"pt_BR\" \/>\n<meta property=\"og:type\" content=\"article\" \/>\n<meta property=\"og:title\" content=\"Governo vai reajustar valores de bolsas de p\u00f3s-gradua\u00e7\u00e3o - CPDA\" \/>\n<meta property=\"og:description\" content=\"O ministro da educa\u00e7\u00e3o, Aloizio Mercadante, afirmou na ter\u00e7a-feira, dia 03\/4, que vai reajustar os valores das bolsas oferecidas pela ... leia mais\" \/>\n<meta property=\"og:url\" content=\"https:\/\/institucional.ufrrj.br\/portalcpda\/governo-vai-reajustar-valores-de-bolsas-de-pos-graduacao\/\" \/>\n<meta property=\"og:site_name\" content=\"CPDA\" \/>\n<meta property=\"article:published_time\" content=\"2012-04-12T18:24:57+00:00\" \/>\n<meta property=\"article:modified_time\" content=\"2018-06-29T19:37:35+00:00\" \/>\n<meta name=\"author\" content=\"adminufrrj\" \/>\n<meta name=\"twitter:card\" content=\"summary_large_image\" \/>\n<meta name=\"twitter:label1\" content=\"Escrito por\" \/>\n\t<meta name=\"twitter:data1\" content=\"adminufrrj\" \/>\n\t<meta name=\"twitter:label2\" content=\"Est. tempo de leitura\" \/>\n\t<meta name=\"twitter:data2\" content=\"2 minutos\" \/>\n<script type=\"application\/ld+json\" class=\"yoast-schema-graph\">{\"@context\":\"https:\/\/schema.org\",\"@graph\":[{\"@type\":\"Article\",\"@id\":\"https:\/\/institucional.ufrrj.br\/portalcpda\/governo-vai-reajustar-valores-de-bolsas-de-pos-graduacao\/#article\",\"isPartOf\":{\"@id\":\"https:\/\/institucional.ufrrj.br\/portalcpda\/governo-vai-reajustar-valores-de-bolsas-de-pos-graduacao\/\"},\"author\":{\"name\":\"adminufrrj\",\"@id\":\"https:\/\/institucional.ufrrj.br\/portalcpda\/#\/schema\/person\/80342a6c044269309f3ec68feec82ecf\"},\"headline\":\"Governo vai reajustar valores de bolsas de p\u00f3s-gradua\u00e7\u00e3o\",\"datePublished\":\"2012-04-12T18:24:57+00:00\",\"dateModified\":\"2018-06-29T19:37:35+00:00\",\"mainEntityOfPage\":{\"@id\":\"https:\/\/institucional.ufrrj.br\/portalcpda\/governo-vai-reajustar-valores-de-bolsas-de-pos-graduacao\/\"},\"wordCount\":364,\"commentCount\":0,\"articleSection\":[\"Noticias\"],\"inLanguage\":\"pt-BR\",\"potentialAction\":[{\"@type\":\"CommentAction\",\"name\":\"Comment\",\"target\":[\"https:\/\/institucional.ufrrj.br\/portalcpda\/governo-vai-reajustar-valores-de-bolsas-de-pos-graduacao\/#respond\"]}]},{\"@type\":\"WebPage\",\"@id\":\"https:\/\/institucional.ufrrj.br\/portalcpda\/governo-vai-reajustar-valores-de-bolsas-de-pos-graduacao\/\",\"url\":\"https:\/\/institucional.ufrrj.br\/portalcpda\/governo-vai-reajustar-valores-de-bolsas-de-pos-graduacao\/\",\"name\":\"Governo vai reajustar valores de bolsas de p\u00f3s-gradua\u00e7\u00e3o - CPDA\",\"isPartOf\":{\"@id\":\"https:\/\/institucional.ufrrj.br\/portalcpda\/#website\"},\"datePublished\":\"2012-04-12T18:24:57+00:00\",\"dateModified\":\"2018-06-29T19:37:35+00:00\",\"author\":{\"@id\":\"https:\/\/institucional.ufrrj.br\/portalcpda\/#\/schema\/person\/80342a6c044269309f3ec68feec82ecf\"},\"breadcrumb\":{\"@id\":\"https:\/\/institucional.ufrrj.br\/portalcpda\/governo-vai-reajustar-valores-de-bolsas-de-pos-graduacao\/#breadcrumb\"},\"inLanguage\":\"pt-BR\",\"potentialAction\":[{\"@type\":\"ReadAction\",\"target\":[\"https:\/\/institucional.ufrrj.br\/portalcpda\/governo-vai-reajustar-valores-de-bolsas-de-pos-graduacao\/\"]}]},{\"@type\":\"BreadcrumbList\",\"@id\":\"https:\/\/institucional.ufrrj.br\/portalcpda\/governo-vai-reajustar-valores-de-bolsas-de-pos-graduacao\/#breadcrumb\",\"itemListElement\":[{\"@type\":\"ListItem\",\"position\":1,\"name\":\"In\u00edcio\",\"item\":\"https:\/\/institucional.ufrrj.br\/portalcpda\/\"},{\"@type\":\"ListItem\",\"position\":2,\"name\":\"Governo vai reajustar valores de bolsas de p\u00f3s-gradua\u00e7\u00e3o\"}]},{\"@type\":\"WebSite\",\"@id\":\"https:\/\/institucional.ufrrj.br\/portalcpda\/#website\",\"url\":\"https:\/\/institucional.ufrrj.br\/portalcpda\/\",\"name\":\"CPDA\",\"description\":\"institucional.ufrrj.br\",\"potentialAction\":[{\"@type\":\"SearchAction\",\"target\":{\"@type\":\"EntryPoint\",\"urlTemplate\":\"https:\/\/institucional.ufrrj.br\/portalcpda\/?s={search_term_string}\"},\"query-input\":{\"@type\":\"PropertyValueSpecification\",\"valueRequired\":true,\"valueName\":\"search_term_string\"}}],\"inLanguage\":\"pt-BR\"},{\"@type\":\"Person\",\"@id\":\"https:\/\/institucional.ufrrj.br\/portalcpda\/#\/schema\/person\/80342a6c044269309f3ec68feec82ecf\",\"name\":\"adminufrrj\",\"image\":{\"@type\":\"ImageObject\",\"inLanguage\":\"pt-BR\",\"@id\":\"https:\/\/secure.gravatar.com\/avatar\/cb9927888ff50e28ce43546e8ad9dbcd4f028cf1c23730771b69c41b5b7e717c?s=96&d=mm&r=g\",\"url\":\"https:\/\/secure.gravatar.com\/avatar\/cb9927888ff50e28ce43546e8ad9dbcd4f028cf1c23730771b69c41b5b7e717c?s=96&d=mm&r=g\",\"contentUrl\":\"https:\/\/secure.gravatar.com\/avatar\/cb9927888ff50e28ce43546e8ad9dbcd4f028cf1c23730771b69c41b5b7e717c?s=96&d=mm&r=g\",\"caption\":\"adminufrrj\"},\"url\":\"https:\/\/institucional.ufrrj.br\/portalcpda\/author\/adminufrrj\/\"}]}<\/script>\n<!-- \/ Yoast SEO plugin. -->","yoast_head_json":{"title":"Governo vai reajustar valores de bolsas de p\u00f3s-gradua\u00e7\u00e3o - CPDA","robots":{"index":"index","follow":"follow","max-snippet":"max-snippet:-1","max-image-preview":"max-image-preview:large","max-video-preview":"max-video-preview:-1"},"canonical":"https:\/\/institucional.ufrrj.br\/portalcpda\/governo-vai-reajustar-valores-de-bolsas-de-pos-graduacao\/","og_locale":"pt_BR","og_type":"article","og_title":"Governo vai reajustar valores de bolsas de p\u00f3s-gradua\u00e7\u00e3o - CPDA","og_description":"O ministro da educa\u00e7\u00e3o, Aloizio Mercadante, afirmou na ter\u00e7a-feira, dia 03\/4, que vai reajustar os valores das bolsas oferecidas pela ... leia mais","og_url":"https:\/\/institucional.ufrrj.br\/portalcpda\/governo-vai-reajustar-valores-de-bolsas-de-pos-graduacao\/","og_site_name":"CPDA","article_published_time":"2012-04-12T18:24:57+00:00","article_modified_time":"2018-06-29T19:37:35+00:00","author":"adminufrrj","twitter_card":"summary_large_image","twitter_misc":{"Escrito por":"adminufrrj","Est. tempo de leitura":"2 minutos"},"schema":{"@context":"https:\/\/schema.org","@graph":[{"@type":"Article","@id":"https:\/\/institucional.ufrrj.br\/portalcpda\/governo-vai-reajustar-valores-de-bolsas-de-pos-graduacao\/#article","isPartOf":{"@id":"https:\/\/institucional.ufrrj.br\/portalcpda\/governo-vai-reajustar-valores-de-bolsas-de-pos-graduacao\/"},"author":{"name":"adminufrrj","@id":"https:\/\/institucional.ufrrj.br\/portalcpda\/#\/schema\/person\/80342a6c044269309f3ec68feec82ecf"},"headline":"Governo vai reajustar valores de bolsas de p\u00f3s-gradua\u00e7\u00e3o","datePublished":"2012-04-12T18:24:57+00:00","dateModified":"2018-06-29T19:37:35+00:00","mainEntityOfPage":{"@id":"https:\/\/institucional.ufrrj.br\/portalcpda\/governo-vai-reajustar-valores-de-bolsas-de-pos-graduacao\/"},"wordCount":364,"commentCount":0,"articleSection":["Noticias"],"inLanguage":"pt-BR","potentialAction":[{"@type":"CommentAction","name":"Comment","target":["https:\/\/institucional.ufrrj.br\/portalcpda\/governo-vai-reajustar-valores-de-bolsas-de-pos-graduacao\/#respond"]}]},{"@type":"WebPage","@id":"https:\/\/institucional.ufrrj.br\/portalcpda\/governo-vai-reajustar-valores-de-bolsas-de-pos-graduacao\/","url":"https:\/\/institucional.ufrrj.br\/portalcpda\/governo-vai-reajustar-valores-de-bolsas-de-pos-graduacao\/","name":"Governo vai reajustar valores de bolsas de p\u00f3s-gradua\u00e7\u00e3o - CPDA","isPartOf":{"@id":"https:\/\/institucional.ufrrj.br\/portalcpda\/#website"},"datePublished":"2012-04-12T18:24:57+00:00","dateModified":"2018-06-29T19:37:35+00:00","author":{"@id":"https:\/\/institucional.ufrrj.br\/portalcpda\/#\/schema\/person\/80342a6c044269309f3ec68feec82ecf"},"breadcrumb":{"@id":"https:\/\/institucional.ufrrj.br\/portalcpda\/governo-vai-reajustar-valores-de-bolsas-de-pos-graduacao\/#breadcrumb"},"inLanguage":"pt-BR","potentialAction":[{"@type":"ReadAction","target":["https:\/\/institucional.ufrrj.br\/portalcpda\/governo-vai-reajustar-valores-de-bolsas-de-pos-graduacao\/"]}]},{"@type":"BreadcrumbList","@id":"https:\/\/institucional.ufrrj.br\/portalcpda\/governo-vai-reajustar-valores-de-bolsas-de-pos-graduacao\/#breadcrumb","itemListElement":[{"@type":"ListItem","position":1,"name":"In\u00edcio","item":"https:\/\/institucional.ufrrj.br\/portalcpda\/"},{"@type":"ListItem","position":2,"name":"Governo vai reajustar valores de bolsas de p\u00f3s-gradua\u00e7\u00e3o"}]},{"@type":"WebSite","@id":"https:\/\/institucional.ufrrj.br\/portalcpda\/#website","url":"https:\/\/institucional.ufrrj.br\/portalcpda\/","name":"CPDA","description":"institucional.ufrrj.br","potentialAction":[{"@type":"SearchAction","target":{"@type":"EntryPoint","urlTemplate":"https:\/\/institucional.ufrrj.br\/portalcpda\/?s={search_term_string}"},"query-input":{"@type":"PropertyValueSpecification","valueRequired":true,"valueName":"search_term_string"}}],"inLanguage":"pt-BR"},{"@type":"Person","@id":"https:\/\/institucional.ufrrj.br\/portalcpda\/#\/schema\/person\/80342a6c044269309f3ec68feec82ecf","name":"adminufrrj","image":{"@type":"ImageObject","inLanguage":"pt-BR","@id":"https:\/\/secure.gravatar.com\/avatar\/cb9927888ff50e28ce43546e8ad9dbcd4f028cf1c23730771b69c41b5b7e717c?s=96&d=mm&r=g","url":"https:\/\/secure.gravatar.com\/avatar\/cb9927888ff50e28ce43546e8ad9dbcd4f028cf1c23730771b69c41b5b7e717c?s=96&d=mm&r=g","contentUrl":"https:\/\/secure.gravatar.com\/avatar\/cb9927888ff50e28ce43546e8ad9dbcd4f028cf1c23730771b69c41b5b7e717c?s=96&d=mm&r=g","caption":"adminufrrj"},"url":"https:\/\/institucional.ufrrj.br\/portalcpda\/author\/adminufrrj\/"}]}},"acf":[],"_links":{"self":[{"href":"https:\/\/institucional.ufrrj.br\/portalcpda\/wp-json\/wp\/v2\/posts\/1809","targetHints":{"allow":["GET"]}}],"collection":[{"href":"https:\/\/institucional.ufrrj.br\/portalcpda\/wp-json\/wp\/v2\/posts"}],"about":[{"href":"https:\/\/institucional.ufrrj.br\/portalcpda\/wp-json\/wp\/v2\/types\/post"}],"author":[{"embeddable":true,"href":"https:\/\/institucional.ufrrj.br\/portalcpda\/wp-json\/wp\/v2\/users\/708"}],"replies":[{"embeddable":true,"href":"https:\/\/institucional.ufrrj.br\/portalcpda\/wp-json\/wp\/v2\/comments?post=1809"}],"version-history":[{"count":1,"href":"https:\/\/institucional.ufrrj.br\/portalcpda\/wp-json\/wp\/v2\/posts\/1809\/revisions"}],"predecessor-version":[{"id":13972,"href":"https:\/\/institucional.ufrrj.br\/portalcpda\/wp-json\/wp\/v2\/posts\/1809\/revisions\/13972"}],"wp:attachment":[{"href":"https:\/\/institucional.ufrrj.br\/portalcpda\/wp-json\/wp\/v2\/media?parent=1809"}],"wp:term":[{"taxonomy":"category","embeddable":true,"href":"https:\/\/institucional.ufrrj.br\/portalcpda\/wp-json\/wp\/v2\/categories?post=1809"},{"taxonomy":"post_tag","embeddable":true,"href":"https:\/\/institucional.ufrrj.br\/portalcpda\/wp-json\/wp\/v2\/tags?post=1809"}],"curies":[{"name":"wp","href":"https:\/\/api.w.org\/{rel}","templated":true}]}}