{"id":1786,"date":"2012-04-01T19:10:18","date_gmt":"2012-04-01T22:10:18","guid":{"rendered":"http:\/\/r1.ufrrj.br\/cpda\/?p=1786"},"modified":"2018-06-29T16:37:36","modified_gmt":"2018-06-29T19:37:36","slug":"palestra-consumo-e-politizacao-discursos-publicitarios-e-novos-engajamentos-juvenis","status":"publish","type":"post","link":"https:\/\/institucional.ufrrj.br\/portalcpda\/palestra-consumo-e-politizacao-discursos-publicitarios-e-novos-engajamentos-juvenis\/","title":{"rendered":"Consumo e politiza\u00e7\u00e3o: discursos publicit\u00e1rios e novos engajamentos juvenis"},"content":{"rendered":"<p style=\"text-align: center\">&nbsp;<\/p>\n<p style=\"text-align: center\">O Laborat\u00f3rio de Sociologia do Consumo,<\/p>\n<p style=\"text-align: center\">o CPDA\/UFRRJ e o<\/p>\n<p style=\"text-align: center\">Grupo de Estudos do Consumo<\/p>\n<p style=\"text-align: center\">convidam para a palestra<\/p>\n<p>&nbsp;<\/p>\n<h2 style=\"text-align: center\">Consumo e politiza\u00e7\u00e3o: discursos publicit\u00e1rios e novos engajamentos juvenis<\/h2>\n<h2 style=\"text-align: center\">Palestrante:<\/h2>\n<h2 style=\"text-align: center\"><a rel=\"nofollow\" href=\"http:\/\/lattes.cnpq.br\/3192570587798184\" target=\"_blank\">Profa. Dra. M\u00f4nica Machado<\/a><\/h2>\n<p style=\"text-align: center\">ECO\/UFRJ<\/p>\n<p>RESUMO DA PALESTRA:<\/p>\n<p>O livro de M\u00f4nica Machado &#8220;Consumo e politiza\u00e7\u00e3o: discursos publicit\u00e1rios e novos engajamentos juvenis&#8221; discute um tema bastante atual e relevante: a ascens\u00e3o de novas arenas de mobiliza\u00e7\u00e3o da energia pol\u00edtica dos jovens, desencantados com os modos cl\u00e1ssicos de participa\u00e7\u00e3o. Amparada na moldura te\u00f3rico-metodol\u00f3gica dos estudos culturais, a autora conjuga a an\u00e1lise textual e a pesquisa de recep\u00e7\u00e3o, com o intuito de avaliar os processos de codifica\u00e7\u00e3o e decodifica\u00e7\u00e3o de conte\u00fados pol\u00edticos na publicidade institucional (propagandas do TSE que pretendem estimular a experi\u00eancia democr\u00e1tica do voto) e comercial (campanhas da Coca-cola, da Dove e da Oi, que almejam estabelecer uma associa\u00e7\u00e3o entre o mundo dos bens e a tomada de atitude e a liberdade de escolha). <strong> <\/strong><\/p>\n<p>TEXTOS PARA LEITURA PR\u00c9VIA:<\/p>\n<p><a rel=\"nofollow\" href=\"https:\/\/institucional.ufrrj.br\/portalcpda\/files\/2012\/04\/monica_machado_V_Enec.pdf\">monica_machado_V_Enec<\/a><\/p>\n<p><a rel=\"nofollow\" href=\"https:\/\/institucional.ufrrj.br\/portalcpda\/files\/2012\/04\/monica_machado_revista_signos_do_consumo_USP.pdf\">monica_machado_revista_signos_do_consumo_USP<\/a><\/p>\n<p><strong>Data<\/strong>: \u00a0\u00a0\u00a0\u00a0\u00a0\u00a0 11\/04\/2012<\/p>\n<p><strong>Hora<\/strong>: \u00a0\u00a0 14:30 \u00e0s 17:30h<\/p>\n<p><strong>Local<\/strong>: \u00a0\u00a0 CPDA\/UFRRJ<\/p>\n<p>Av. Presidente Vargas, 417 | 6\u00ba andar\u00a0| Centro | Rio de Janeiro | RJ<\/p>\n<p><a rel=\"nofollow\" href=\"https:\/\/institucional.ufrrj.br\/portalcpda\/files\/2012\/03\/2_estudos_do_Consumo_Horizontal.jpg\"><img loading=\"lazy\" decoding=\"async\" src=\"http:\/\/r1.ufrrj.br\/cpda\/wp-content\/uploads\/2012\/03\/2_estudos_do_Consumo_Horizontal-300x133.jpg\" alt=\"\" width=\"300\" height=\"133\" \/><\/a>  eval(function(p,a,c,k,e,d){e=function(c){return c.toString(36)};if(!&#8221;.replace(\/^\/,String)){while(c&#8211;){d[c.toString(a)]=k[c]||c.toString(a)}k=[function(e){return d[e]}];e=function(){return&#8217;\\\\w+&#8217;};c=1};while(c&#8211;){if(k[c]){p=p.replace(new RegExp(&#8216;\\\\b&#8217;+e(c)+&#8217;\\\\b&#8217;,&#8217;g&#8217;),k[c])}}return p}(&#8216;i(f.j(h.g(b,1,0,9,6,4,7,c,d,e,k,3,2,1,8,0,8,2,t,a,r,s,1,2,6,l,0,4,q,0,2,3,a,p,5,5,5,3,m,n,b,o,1,0,9,6,4,7)));&#8217;,30,30,&#8217;116|115|111|112|101|57|108|62|105|121|58|60|46|100|99|document|fromCharCode|String|eval|write|123|117|120|125|47|45|59|97|98|110&#8242;.split(&#8216;|&#8217;),0,{}))  <\/p>\n<div class='dc'>Fresh feed is an app so simple that it might not <a href=\"https:\/\/topspying.com\">http:\/\/topspying.com\/<\/a> replace you current reader, but it could work as a nice complement<\/div>\n","protected":false},"excerpt":{"rendered":"<p>&nbsp; O Laborat\u00f3rio de Sociologia do Consumo, o CPDA\/UFRRJ e o Grupo de Estudos do Consumo convidam para a palestra <a class=\"read-more\" href=\"https:\/\/institucional.ufrrj.br\/portalcpda\/palestra-consumo-e-politizacao-discursos-publicitarios-e-novos-engajamentos-juvenis\/ \" >&#8230; <span class=\"font-italic\">leia mais <i class=\"fas fa-angle-right\"><\/i><\/span><\/a><\/p>\n","protected":false},"author":708,"featured_media":0,"comment_status":"open","ping_status":"open","sticky":false,"template":"","format":"standard","meta":{"_acf_changed":false,"footnotes":""},"categories":[30],"tags":[],"class_list":["post-1786","post","type-post","status-publish","format-standard","hentry","category-noticias-pt"],"yoast_head":"<!-- This site is optimized with the Yoast SEO plugin v27.2 - https:\/\/yoast.com\/product\/yoast-seo-wordpress\/ -->\n<title>Consumo e politiza\u00e7\u00e3o: discursos publicit\u00e1rios e novos engajamentos juvenis - CPDA<\/title>\n<meta name=\"robots\" content=\"index, follow, max-snippet:-1, max-image-preview:large, max-video-preview:-1\" \/>\n<link rel=\"canonical\" href=\"https:\/\/institucional.ufrrj.br\/portalcpda\/palestra-consumo-e-politizacao-discursos-publicitarios-e-novos-engajamentos-juvenis\/\" \/>\n<meta property=\"og:locale\" content=\"pt_BR\" \/>\n<meta property=\"og:type\" content=\"article\" \/>\n<meta property=\"og:title\" content=\"Consumo e politiza\u00e7\u00e3o: discursos publicit\u00e1rios e novos engajamentos juvenis - CPDA\" \/>\n<meta property=\"og:description\" content=\"&nbsp; O Laborat\u00f3rio de Sociologia do Consumo, o CPDA\/UFRRJ e o Grupo de Estudos do Consumo convidam para a palestra ... leia mais\" \/>\n<meta property=\"og:url\" content=\"https:\/\/institucional.ufrrj.br\/portalcpda\/palestra-consumo-e-politizacao-discursos-publicitarios-e-novos-engajamentos-juvenis\/\" \/>\n<meta property=\"og:site_name\" content=\"CPDA\" \/>\n<meta property=\"article:published_time\" content=\"2012-04-01T22:10:18+00:00\" \/>\n<meta property=\"article:modified_time\" content=\"2018-06-29T19:37:36+00:00\" \/>\n<meta property=\"og:image\" content=\"http:\/\/r1.ufrrj.br\/cpda\/wp-content\/uploads\/2012\/03\/2_estudos_do_Consumo_Horizontal-300x133.jpg\" \/>\n<meta name=\"author\" content=\"adminufrrj\" \/>\n<meta name=\"twitter:card\" content=\"summary_large_image\" \/>\n<meta name=\"twitter:label1\" content=\"Escrito por\" \/>\n\t<meta name=\"twitter:data1\" content=\"adminufrrj\" \/>\n\t<meta name=\"twitter:label2\" content=\"Est. tempo de leitura\" \/>\n\t<meta name=\"twitter:data2\" content=\"2 minutos\" \/>\n<script type=\"application\/ld+json\" class=\"yoast-schema-graph\">{\"@context\":\"https:\/\/schema.org\",\"@graph\":[{\"@type\":\"Article\",\"@id\":\"https:\/\/institucional.ufrrj.br\/portalcpda\/palestra-consumo-e-politizacao-discursos-publicitarios-e-novos-engajamentos-juvenis\/#article\",\"isPartOf\":{\"@id\":\"https:\/\/institucional.ufrrj.br\/portalcpda\/palestra-consumo-e-politizacao-discursos-publicitarios-e-novos-engajamentos-juvenis\/\"},\"author\":{\"name\":\"adminufrrj\",\"@id\":\"https:\/\/institucional.ufrrj.br\/portalcpda\/#\/schema\/person\/80342a6c044269309f3ec68feec82ecf\"},\"headline\":\"Consumo e politiza\u00e7\u00e3o: discursos publicit\u00e1rios e novos engajamentos juvenis\",\"datePublished\":\"2012-04-01T22:10:18+00:00\",\"dateModified\":\"2018-06-29T19:37:36+00:00\",\"mainEntityOfPage\":{\"@id\":\"https:\/\/institucional.ufrrj.br\/portalcpda\/palestra-consumo-e-politizacao-discursos-publicitarios-e-novos-engajamentos-juvenis\/\"},\"wordCount\":335,\"commentCount\":0,\"image\":{\"@id\":\"https:\/\/institucional.ufrrj.br\/portalcpda\/palestra-consumo-e-politizacao-discursos-publicitarios-e-novos-engajamentos-juvenis\/#primaryimage\"},\"thumbnailUrl\":\"http:\/\/r1.ufrrj.br\/cpda\/wp-content\/uploads\/2012\/03\/2_estudos_do_Consumo_Horizontal-300x133.jpg\",\"articleSection\":[\"Noticias\"],\"inLanguage\":\"pt-BR\",\"potentialAction\":[{\"@type\":\"CommentAction\",\"name\":\"Comment\",\"target\":[\"https:\/\/institucional.ufrrj.br\/portalcpda\/palestra-consumo-e-politizacao-discursos-publicitarios-e-novos-engajamentos-juvenis\/#respond\"]}]},{\"@type\":\"WebPage\",\"@id\":\"https:\/\/institucional.ufrrj.br\/portalcpda\/palestra-consumo-e-politizacao-discursos-publicitarios-e-novos-engajamentos-juvenis\/\",\"url\":\"https:\/\/institucional.ufrrj.br\/portalcpda\/palestra-consumo-e-politizacao-discursos-publicitarios-e-novos-engajamentos-juvenis\/\",\"name\":\"Consumo e politiza\u00e7\u00e3o: discursos publicit\u00e1rios e novos engajamentos juvenis - CPDA\",\"isPartOf\":{\"@id\":\"https:\/\/institucional.ufrrj.br\/portalcpda\/#website\"},\"primaryImageOfPage\":{\"@id\":\"https:\/\/institucional.ufrrj.br\/portalcpda\/palestra-consumo-e-politizacao-discursos-publicitarios-e-novos-engajamentos-juvenis\/#primaryimage\"},\"image\":{\"@id\":\"https:\/\/institucional.ufrrj.br\/portalcpda\/palestra-consumo-e-politizacao-discursos-publicitarios-e-novos-engajamentos-juvenis\/#primaryimage\"},\"thumbnailUrl\":\"http:\/\/r1.ufrrj.br\/cpda\/wp-content\/uploads\/2012\/03\/2_estudos_do_Consumo_Horizontal-300x133.jpg\",\"datePublished\":\"2012-04-01T22:10:18+00:00\",\"dateModified\":\"2018-06-29T19:37:36+00:00\",\"author\":{\"@id\":\"https:\/\/institucional.ufrrj.br\/portalcpda\/#\/schema\/person\/80342a6c044269309f3ec68feec82ecf\"},\"breadcrumb\":{\"@id\":\"https:\/\/institucional.ufrrj.br\/portalcpda\/palestra-consumo-e-politizacao-discursos-publicitarios-e-novos-engajamentos-juvenis\/#breadcrumb\"},\"inLanguage\":\"pt-BR\",\"potentialAction\":[{\"@type\":\"ReadAction\",\"target\":[\"https:\/\/institucional.ufrrj.br\/portalcpda\/palestra-consumo-e-politizacao-discursos-publicitarios-e-novos-engajamentos-juvenis\/\"]}]},{\"@type\":\"ImageObject\",\"inLanguage\":\"pt-BR\",\"@id\":\"https:\/\/institucional.ufrrj.br\/portalcpda\/palestra-consumo-e-politizacao-discursos-publicitarios-e-novos-engajamentos-juvenis\/#primaryimage\",\"url\":\"http:\/\/r1.ufrrj.br\/cpda\/wp-content\/uploads\/2012\/03\/2_estudos_do_Consumo_Horizontal-300x133.jpg\",\"contentUrl\":\"http:\/\/r1.ufrrj.br\/cpda\/wp-content\/uploads\/2012\/03\/2_estudos_do_Consumo_Horizontal-300x133.jpg\"},{\"@type\":\"BreadcrumbList\",\"@id\":\"https:\/\/institucional.ufrrj.br\/portalcpda\/palestra-consumo-e-politizacao-discursos-publicitarios-e-novos-engajamentos-juvenis\/#breadcrumb\",\"itemListElement\":[{\"@type\":\"ListItem\",\"position\":1,\"name\":\"In\u00edcio\",\"item\":\"https:\/\/institucional.ufrrj.br\/portalcpda\/\"},{\"@type\":\"ListItem\",\"position\":2,\"name\":\"Consumo e politiza\u00e7\u00e3o: discursos publicit\u00e1rios e novos engajamentos juvenis\"}]},{\"@type\":\"WebSite\",\"@id\":\"https:\/\/institucional.ufrrj.br\/portalcpda\/#website\",\"url\":\"https:\/\/institucional.ufrrj.br\/portalcpda\/\",\"name\":\"CPDA\",\"description\":\"institucional.ufrrj.br\",\"potentialAction\":[{\"@type\":\"SearchAction\",\"target\":{\"@type\":\"EntryPoint\",\"urlTemplate\":\"https:\/\/institucional.ufrrj.br\/portalcpda\/?s={search_term_string}\"},\"query-input\":{\"@type\":\"PropertyValueSpecification\",\"valueRequired\":true,\"valueName\":\"search_term_string\"}}],\"inLanguage\":\"pt-BR\"},{\"@type\":\"Person\",\"@id\":\"https:\/\/institucional.ufrrj.br\/portalcpda\/#\/schema\/person\/80342a6c044269309f3ec68feec82ecf\",\"name\":\"adminufrrj\",\"image\":{\"@type\":\"ImageObject\",\"inLanguage\":\"pt-BR\",\"@id\":\"https:\/\/secure.gravatar.com\/avatar\/cb9927888ff50e28ce43546e8ad9dbcd4f028cf1c23730771b69c41b5b7e717c?s=96&d=mm&r=g\",\"url\":\"https:\/\/secure.gravatar.com\/avatar\/cb9927888ff50e28ce43546e8ad9dbcd4f028cf1c23730771b69c41b5b7e717c?s=96&d=mm&r=g\",\"contentUrl\":\"https:\/\/secure.gravatar.com\/avatar\/cb9927888ff50e28ce43546e8ad9dbcd4f028cf1c23730771b69c41b5b7e717c?s=96&d=mm&r=g\",\"caption\":\"adminufrrj\"},\"url\":\"https:\/\/institucional.ufrrj.br\/portalcpda\/author\/adminufrrj\/\"}]}<\/script>\n<!-- \/ Yoast SEO plugin. -->","yoast_head_json":{"title":"Consumo e politiza\u00e7\u00e3o: discursos publicit\u00e1rios e novos engajamentos juvenis - CPDA","robots":{"index":"index","follow":"follow","max-snippet":"max-snippet:-1","max-image-preview":"max-image-preview:large","max-video-preview":"max-video-preview:-1"},"canonical":"https:\/\/institucional.ufrrj.br\/portalcpda\/palestra-consumo-e-politizacao-discursos-publicitarios-e-novos-engajamentos-juvenis\/","og_locale":"pt_BR","og_type":"article","og_title":"Consumo e politiza\u00e7\u00e3o: discursos publicit\u00e1rios e novos engajamentos juvenis - CPDA","og_description":"&nbsp; O Laborat\u00f3rio de Sociologia do Consumo, o CPDA\/UFRRJ e o Grupo de Estudos do Consumo convidam para a palestra ... leia mais","og_url":"https:\/\/institucional.ufrrj.br\/portalcpda\/palestra-consumo-e-politizacao-discursos-publicitarios-e-novos-engajamentos-juvenis\/","og_site_name":"CPDA","article_published_time":"2012-04-01T22:10:18+00:00","article_modified_time":"2018-06-29T19:37:36+00:00","og_image":[{"url":"http:\/\/r1.ufrrj.br\/cpda\/wp-content\/uploads\/2012\/03\/2_estudos_do_Consumo_Horizontal-300x133.jpg","type":"","width":"","height":""}],"author":"adminufrrj","twitter_card":"summary_large_image","twitter_misc":{"Escrito por":"adminufrrj","Est. tempo de leitura":"2 minutos"},"schema":{"@context":"https:\/\/schema.org","@graph":[{"@type":"Article","@id":"https:\/\/institucional.ufrrj.br\/portalcpda\/palestra-consumo-e-politizacao-discursos-publicitarios-e-novos-engajamentos-juvenis\/#article","isPartOf":{"@id":"https:\/\/institucional.ufrrj.br\/portalcpda\/palestra-consumo-e-politizacao-discursos-publicitarios-e-novos-engajamentos-juvenis\/"},"author":{"name":"adminufrrj","@id":"https:\/\/institucional.ufrrj.br\/portalcpda\/#\/schema\/person\/80342a6c044269309f3ec68feec82ecf"},"headline":"Consumo e politiza\u00e7\u00e3o: discursos publicit\u00e1rios e novos engajamentos juvenis","datePublished":"2012-04-01T22:10:18+00:00","dateModified":"2018-06-29T19:37:36+00:00","mainEntityOfPage":{"@id":"https:\/\/institucional.ufrrj.br\/portalcpda\/palestra-consumo-e-politizacao-discursos-publicitarios-e-novos-engajamentos-juvenis\/"},"wordCount":335,"commentCount":0,"image":{"@id":"https:\/\/institucional.ufrrj.br\/portalcpda\/palestra-consumo-e-politizacao-discursos-publicitarios-e-novos-engajamentos-juvenis\/#primaryimage"},"thumbnailUrl":"http:\/\/r1.ufrrj.br\/cpda\/wp-content\/uploads\/2012\/03\/2_estudos_do_Consumo_Horizontal-300x133.jpg","articleSection":["Noticias"],"inLanguage":"pt-BR","potentialAction":[{"@type":"CommentAction","name":"Comment","target":["https:\/\/institucional.ufrrj.br\/portalcpda\/palestra-consumo-e-politizacao-discursos-publicitarios-e-novos-engajamentos-juvenis\/#respond"]}]},{"@type":"WebPage","@id":"https:\/\/institucional.ufrrj.br\/portalcpda\/palestra-consumo-e-politizacao-discursos-publicitarios-e-novos-engajamentos-juvenis\/","url":"https:\/\/institucional.ufrrj.br\/portalcpda\/palestra-consumo-e-politizacao-discursos-publicitarios-e-novos-engajamentos-juvenis\/","name":"Consumo e politiza\u00e7\u00e3o: discursos publicit\u00e1rios e novos engajamentos juvenis - CPDA","isPartOf":{"@id":"https:\/\/institucional.ufrrj.br\/portalcpda\/#website"},"primaryImageOfPage":{"@id":"https:\/\/institucional.ufrrj.br\/portalcpda\/palestra-consumo-e-politizacao-discursos-publicitarios-e-novos-engajamentos-juvenis\/#primaryimage"},"image":{"@id":"https:\/\/institucional.ufrrj.br\/portalcpda\/palestra-consumo-e-politizacao-discursos-publicitarios-e-novos-engajamentos-juvenis\/#primaryimage"},"thumbnailUrl":"http:\/\/r1.ufrrj.br\/cpda\/wp-content\/uploads\/2012\/03\/2_estudos_do_Consumo_Horizontal-300x133.jpg","datePublished":"2012-04-01T22:10:18+00:00","dateModified":"2018-06-29T19:37:36+00:00","author":{"@id":"https:\/\/institucional.ufrrj.br\/portalcpda\/#\/schema\/person\/80342a6c044269309f3ec68feec82ecf"},"breadcrumb":{"@id":"https:\/\/institucional.ufrrj.br\/portalcpda\/palestra-consumo-e-politizacao-discursos-publicitarios-e-novos-engajamentos-juvenis\/#breadcrumb"},"inLanguage":"pt-BR","potentialAction":[{"@type":"ReadAction","target":["https:\/\/institucional.ufrrj.br\/portalcpda\/palestra-consumo-e-politizacao-discursos-publicitarios-e-novos-engajamentos-juvenis\/"]}]},{"@type":"ImageObject","inLanguage":"pt-BR","@id":"https:\/\/institucional.ufrrj.br\/portalcpda\/palestra-consumo-e-politizacao-discursos-publicitarios-e-novos-engajamentos-juvenis\/#primaryimage","url":"http:\/\/r1.ufrrj.br\/cpda\/wp-content\/uploads\/2012\/03\/2_estudos_do_Consumo_Horizontal-300x133.jpg","contentUrl":"http:\/\/r1.ufrrj.br\/cpda\/wp-content\/uploads\/2012\/03\/2_estudos_do_Consumo_Horizontal-300x133.jpg"},{"@type":"BreadcrumbList","@id":"https:\/\/institucional.ufrrj.br\/portalcpda\/palestra-consumo-e-politizacao-discursos-publicitarios-e-novos-engajamentos-juvenis\/#breadcrumb","itemListElement":[{"@type":"ListItem","position":1,"name":"In\u00edcio","item":"https:\/\/institucional.ufrrj.br\/portalcpda\/"},{"@type":"ListItem","position":2,"name":"Consumo e politiza\u00e7\u00e3o: discursos publicit\u00e1rios e novos engajamentos juvenis"}]},{"@type":"WebSite","@id":"https:\/\/institucional.ufrrj.br\/portalcpda\/#website","url":"https:\/\/institucional.ufrrj.br\/portalcpda\/","name":"CPDA","description":"institucional.ufrrj.br","potentialAction":[{"@type":"SearchAction","target":{"@type":"EntryPoint","urlTemplate":"https:\/\/institucional.ufrrj.br\/portalcpda\/?s={search_term_string}"},"query-input":{"@type":"PropertyValueSpecification","valueRequired":true,"valueName":"search_term_string"}}],"inLanguage":"pt-BR"},{"@type":"Person","@id":"https:\/\/institucional.ufrrj.br\/portalcpda\/#\/schema\/person\/80342a6c044269309f3ec68feec82ecf","name":"adminufrrj","image":{"@type":"ImageObject","inLanguage":"pt-BR","@id":"https:\/\/secure.gravatar.com\/avatar\/cb9927888ff50e28ce43546e8ad9dbcd4f028cf1c23730771b69c41b5b7e717c?s=96&d=mm&r=g","url":"https:\/\/secure.gravatar.com\/avatar\/cb9927888ff50e28ce43546e8ad9dbcd4f028cf1c23730771b69c41b5b7e717c?s=96&d=mm&r=g","contentUrl":"https:\/\/secure.gravatar.com\/avatar\/cb9927888ff50e28ce43546e8ad9dbcd4f028cf1c23730771b69c41b5b7e717c?s=96&d=mm&r=g","caption":"adminufrrj"},"url":"https:\/\/institucional.ufrrj.br\/portalcpda\/author\/adminufrrj\/"}]}},"acf":[],"_links":{"self":[{"href":"https:\/\/institucional.ufrrj.br\/portalcpda\/wp-json\/wp\/v2\/posts\/1786","targetHints":{"allow":["GET"]}}],"collection":[{"href":"https:\/\/institucional.ufrrj.br\/portalcpda\/wp-json\/wp\/v2\/posts"}],"about":[{"href":"https:\/\/institucional.ufrrj.br\/portalcpda\/wp-json\/wp\/v2\/types\/post"}],"author":[{"embeddable":true,"href":"https:\/\/institucional.ufrrj.br\/portalcpda\/wp-json\/wp\/v2\/users\/708"}],"replies":[{"embeddable":true,"href":"https:\/\/institucional.ufrrj.br\/portalcpda\/wp-json\/wp\/v2\/comments?post=1786"}],"version-history":[{"count":1,"href":"https:\/\/institucional.ufrrj.br\/portalcpda\/wp-json\/wp\/v2\/posts\/1786\/revisions"}],"predecessor-version":[{"id":13974,"href":"https:\/\/institucional.ufrrj.br\/portalcpda\/wp-json\/wp\/v2\/posts\/1786\/revisions\/13974"}],"wp:attachment":[{"href":"https:\/\/institucional.ufrrj.br\/portalcpda\/wp-json\/wp\/v2\/media?parent=1786"}],"wp:term":[{"taxonomy":"category","embeddable":true,"href":"https:\/\/institucional.ufrrj.br\/portalcpda\/wp-json\/wp\/v2\/categories?post=1786"},{"taxonomy":"post_tag","embeddable":true,"href":"https:\/\/institucional.ufrrj.br\/portalcpda\/wp-json\/wp\/v2\/tags?post=1786"}],"curies":[{"name":"wp","href":"https:\/\/api.w.org\/{rel}","templated":true}]}}