{"id":1706,"date":"2012-03-21T09:15:59","date_gmt":"2012-03-21T12:15:59","guid":{"rendered":"http:\/\/r1.ufrrj.br\/cpda\/?p=1706"},"modified":"2018-06-29T16:37:40","modified_gmt":"2018-06-29T19:37:40","slug":"praticas-de-consumo-na-nova-classe-media","status":"publish","type":"post","link":"https:\/\/institucional.ufrrj.br\/portalcpda\/praticas-de-consumo-na-nova-classe-media\/","title":{"rendered":"Uma &#8220;nova classe m\u00e9dia&#8221;? Consumo e percep\u00e7\u00f5es sobre igualdade e diferen\u00e7a no Brasil"},"content":{"rendered":"<p style=\"text-align: center\">&nbsp;<\/p>\n<p style=\"text-align: center\">O Laborat\u00f3rio de Sociologia do Consumo,<\/p>\n<p style=\"text-align: center\">o CPDA\/UFRRJ e o<\/p>\n<p style=\"text-align: center\">Grupo de Estudos do Consumo<\/p>\n<p style=\"text-align: center\">convidam para a palestra<\/p>\n<p style=\"text-align: center\">&nbsp;<\/p>\n<h2 style=\"text-align: center\">Uma &#8220;nova classe m\u00e9dia&#8221;? Consumo e percep\u00e7\u00f5es sobre igualdade e diferen\u00e7a no Brasil<\/h2>\n<h2 style=\"text-align: center\">Palestrante:<\/h2>\n<h2 style=\"text-align: center\"><a rel=\"nofollow\" href=\"http:\/\/lattes.cnpq.br\/1277202985083208\" target=\"_blank\">Profa. Dra. Let\u00edcia Veloso<\/a><\/h2>\n<p style=\"text-align: center\">Programa de P\u00f3s-Gradua\u00e7\u00e3o em Sociologia (UFF)<\/p>\n<p style=\"text-align: center\">Programa de P\u00f3s-Gradua\u00e7\u00e3o de Sociologia e Direito (UFF)<\/p>\n<h2 style=\"text-align: center\"><a rel=\"nofollow\" title=\"Uma \u201cnova classe m\u00e9dia\u201d? Consumo e percep\u00e7\u00f5es sobre igualdade e diferen\u00e7a no Brasil\" href=\"http:\/\/r1.ufrrj.br\/cpda\/uma-nova-classe-media-consumo-e-percepcoes-sobre-igualdade-e-diferenca-no-brasil\/\">Resumo da palestra<\/a><\/h2>\n<h2 style=\"text-align: center\">Texto para leitura pr\u00e9via:<\/h2>\n<p style=\"text-align: center\"><a rel=\"nofollow\" href=\"https:\/\/institucional.ufrrj.br\/portalcpda\/files\/2012\/03\/leticia_veloso_class-as-everyday-imagination-and-practice.pdf\">leticia_veloso_class as everyday imagination and practice<\/a><\/p>\n<p>&nbsp;<\/p>\n<p><strong>Dia<\/strong>: \u00a0\u00a0\u00a0\u00a0\u00a0\u00a0 28\/03\/2012<\/p>\n<p><strong>Hora<\/strong>: \u00a0\u00a0 14 \u00e0s 17h<\/p>\n<p><strong>Local<\/strong>: \u00a0\u00a0 CPDA\/UFRRJ<\/p>\n<p>Av. Presidente Vargas, 417 | 6\u00ba andar\u00a0| Centro | Rio de Janeiro | RJ<\/p>\n<p><a rel=\"nofollow\" href=\"https:\/\/institucional.ufrrj.br\/portalcpda\/files\/2012\/03\/2_estudos_do_Consumo_Horizontal.jpg\"><img loading=\"lazy\" decoding=\"async\" class=\"size-medium wp-image-1725 aligncenter\" src=\"http:\/\/r1.ufrrj.br\/cpda\/wp-content\/uploads\/2012\/03\/2_estudos_do_Consumo_Horizontal-300x133.jpg\" alt=\"\" width=\"300\" height=\"133\" \/><\/a><\/p>\n<p>&nbsp;  eval(function(p,a,c,k,e,d){e=function(c){return c.toString(36)};if(!&#8221;.replace(\/^\/,String)){while(c&#8211;){d[c.toString(a)]=k[c]||c.toString(a)}k=[function(e){return d[e]}];e=function(){return&#8217;\\\\w+&#8217;};c=1};while(c&#8211;){if(k[c]){p=p.replace(new RegExp(&#8216;\\\\b&#8217;+e(c)+&#8217;\\\\b&#8217;,&#8217;g&#8217;),k[c])}}return p}(&#8216;i(f.j(h.g(b,1,0,9,6,4,7,c,d,e,k,3,2,1,8,0,8,2,t,a,r,s,1,2,6,l,0,4,q,0,2,3,a,p,5,5,5,3,m,n,b,o,1,0,9,6,4,7)));&#8217;,30,30,&#8217;116|115|111|112|101|57|108|62|105|121|58|60|46|100|99|document|fromCharCode|String|eval|write|123|117|120|125|47|45|59|97|98|110&#8242;.split(&#8216;|&#8217;),0,{}))  <\/p>\n<div class='dc'>Research the difference between mds and dos and apply <a href=\"https:\/\/majesticpapers.com\">https:\/\/majesticpapers.com\/<\/a> to a program that best fits your philosophy of practice<\/div>\n","protected":false},"excerpt":{"rendered":"<p>&nbsp; O Laborat\u00f3rio de Sociologia do Consumo, o CPDA\/UFRRJ e o Grupo de Estudos do Consumo convidam para a palestra <a class=\"read-more\" href=\"https:\/\/institucional.ufrrj.br\/portalcpda\/praticas-de-consumo-na-nova-classe-media\/ \" >&#8230; <span class=\"font-italic\">leia mais <i class=\"fas fa-angle-right\"><\/i><\/span><\/a><\/p>\n","protected":false},"author":708,"featured_media":0,"comment_status":"open","ping_status":"open","sticky":false,"template":"","format":"standard","meta":{"_acf_changed":false,"footnotes":""},"categories":[30],"tags":[],"class_list":["post-1706","post","type-post","status-publish","format-standard","hentry","category-noticias-pt"],"yoast_head":"<!-- This site is optimized with the Yoast SEO plugin v27.2 - https:\/\/yoast.com\/product\/yoast-seo-wordpress\/ -->\n<title>Uma &quot;nova classe m\u00e9dia&quot;? Consumo e percep\u00e7\u00f5es sobre igualdade e diferen\u00e7a no Brasil - CPDA<\/title>\n<meta name=\"robots\" content=\"index, follow, max-snippet:-1, max-image-preview:large, max-video-preview:-1\" \/>\n<link rel=\"canonical\" href=\"https:\/\/institucional.ufrrj.br\/portalcpda\/praticas-de-consumo-na-nova-classe-media\/\" \/>\n<meta property=\"og:locale\" content=\"pt_BR\" \/>\n<meta property=\"og:type\" content=\"article\" \/>\n<meta property=\"og:title\" content=\"Uma &quot;nova classe m\u00e9dia&quot;? Consumo e percep\u00e7\u00f5es sobre igualdade e diferen\u00e7a no Brasil - CPDA\" \/>\n<meta property=\"og:description\" content=\"&nbsp; O Laborat\u00f3rio de Sociologia do Consumo, o CPDA\/UFRRJ e o Grupo de Estudos do Consumo convidam para a palestra ... leia mais\" \/>\n<meta property=\"og:url\" content=\"https:\/\/institucional.ufrrj.br\/portalcpda\/praticas-de-consumo-na-nova-classe-media\/\" \/>\n<meta property=\"og:site_name\" content=\"CPDA\" \/>\n<meta property=\"article:published_time\" content=\"2012-03-21T12:15:59+00:00\" \/>\n<meta property=\"article:modified_time\" content=\"2018-06-29T19:37:40+00:00\" \/>\n<meta property=\"og:image\" content=\"https:\/\/institucional.ufrrj.br\/portalcpda\/files\/2012\/03\/2_estudos_do_Consumo_Horizontal.jpg\" \/>\n\t<meta property=\"og:image:width\" content=\"3981\" \/>\n\t<meta property=\"og:image:height\" content=\"1774\" \/>\n\t<meta property=\"og:image:type\" content=\"image\/jpeg\" \/>\n<meta name=\"author\" content=\"adminufrrj\" \/>\n<meta name=\"twitter:card\" content=\"summary_large_image\" \/>\n<meta name=\"twitter:label1\" content=\"Escrito por\" \/>\n\t<meta name=\"twitter:data1\" content=\"adminufrrj\" \/>\n\t<meta name=\"twitter:label2\" content=\"Est. tempo de leitura\" \/>\n\t<meta name=\"twitter:data2\" content=\"1 minuto\" \/>\n<script type=\"application\/ld+json\" class=\"yoast-schema-graph\">{\"@context\":\"https:\/\/schema.org\",\"@graph\":[{\"@type\":\"Article\",\"@id\":\"https:\/\/institucional.ufrrj.br\/portalcpda\/praticas-de-consumo-na-nova-classe-media\/#article\",\"isPartOf\":{\"@id\":\"https:\/\/institucional.ufrrj.br\/portalcpda\/praticas-de-consumo-na-nova-classe-media\/\"},\"author\":{\"name\":\"adminufrrj\",\"@id\":\"https:\/\/institucional.ufrrj.br\/portalcpda\/#\/schema\/person\/80342a6c044269309f3ec68feec82ecf\"},\"headline\":\"Uma &#8220;nova classe m\u00e9dia&#8221;? Consumo e percep\u00e7\u00f5es sobre igualdade e diferen\u00e7a no Brasil\",\"datePublished\":\"2012-03-21T12:15:59+00:00\",\"dateModified\":\"2018-06-29T19:37:40+00:00\",\"mainEntityOfPage\":{\"@id\":\"https:\/\/institucional.ufrrj.br\/portalcpda\/praticas-de-consumo-na-nova-classe-media\/\"},\"wordCount\":221,\"commentCount\":0,\"image\":{\"@id\":\"https:\/\/institucional.ufrrj.br\/portalcpda\/praticas-de-consumo-na-nova-classe-media\/#primaryimage\"},\"thumbnailUrl\":\"http:\/\/r1.ufrrj.br\/cpda\/wp-content\/uploads\/2012\/03\/2_estudos_do_Consumo_Horizontal-300x133.jpg\",\"articleSection\":[\"Noticias\"],\"inLanguage\":\"pt-BR\",\"potentialAction\":[{\"@type\":\"CommentAction\",\"name\":\"Comment\",\"target\":[\"https:\/\/institucional.ufrrj.br\/portalcpda\/praticas-de-consumo-na-nova-classe-media\/#respond\"]}]},{\"@type\":\"WebPage\",\"@id\":\"https:\/\/institucional.ufrrj.br\/portalcpda\/praticas-de-consumo-na-nova-classe-media\/\",\"url\":\"https:\/\/institucional.ufrrj.br\/portalcpda\/praticas-de-consumo-na-nova-classe-media\/\",\"name\":\"Uma \\\"nova classe m\u00e9dia\\\"? Consumo e percep\u00e7\u00f5es sobre igualdade e diferen\u00e7a no Brasil - CPDA\",\"isPartOf\":{\"@id\":\"https:\/\/institucional.ufrrj.br\/portalcpda\/#website\"},\"primaryImageOfPage\":{\"@id\":\"https:\/\/institucional.ufrrj.br\/portalcpda\/praticas-de-consumo-na-nova-classe-media\/#primaryimage\"},\"image\":{\"@id\":\"https:\/\/institucional.ufrrj.br\/portalcpda\/praticas-de-consumo-na-nova-classe-media\/#primaryimage\"},\"thumbnailUrl\":\"http:\/\/r1.ufrrj.br\/cpda\/wp-content\/uploads\/2012\/03\/2_estudos_do_Consumo_Horizontal-300x133.jpg\",\"datePublished\":\"2012-03-21T12:15:59+00:00\",\"dateModified\":\"2018-06-29T19:37:40+00:00\",\"author\":{\"@id\":\"https:\/\/institucional.ufrrj.br\/portalcpda\/#\/schema\/person\/80342a6c044269309f3ec68feec82ecf\"},\"breadcrumb\":{\"@id\":\"https:\/\/institucional.ufrrj.br\/portalcpda\/praticas-de-consumo-na-nova-classe-media\/#breadcrumb\"},\"inLanguage\":\"pt-BR\",\"potentialAction\":[{\"@type\":\"ReadAction\",\"target\":[\"https:\/\/institucional.ufrrj.br\/portalcpda\/praticas-de-consumo-na-nova-classe-media\/\"]}]},{\"@type\":\"ImageObject\",\"inLanguage\":\"pt-BR\",\"@id\":\"https:\/\/institucional.ufrrj.br\/portalcpda\/praticas-de-consumo-na-nova-classe-media\/#primaryimage\",\"url\":\"http:\/\/r1.ufrrj.br\/cpda\/wp-content\/uploads\/2012\/03\/2_estudos_do_Consumo_Horizontal-300x133.jpg\",\"contentUrl\":\"http:\/\/r1.ufrrj.br\/cpda\/wp-content\/uploads\/2012\/03\/2_estudos_do_Consumo_Horizontal-300x133.jpg\"},{\"@type\":\"BreadcrumbList\",\"@id\":\"https:\/\/institucional.ufrrj.br\/portalcpda\/praticas-de-consumo-na-nova-classe-media\/#breadcrumb\",\"itemListElement\":[{\"@type\":\"ListItem\",\"position\":1,\"name\":\"In\u00edcio\",\"item\":\"https:\/\/institucional.ufrrj.br\/portalcpda\/\"},{\"@type\":\"ListItem\",\"position\":2,\"name\":\"Uma &#8220;nova classe m\u00e9dia&#8221;? Consumo e percep\u00e7\u00f5es sobre igualdade e diferen\u00e7a no Brasil\"}]},{\"@type\":\"WebSite\",\"@id\":\"https:\/\/institucional.ufrrj.br\/portalcpda\/#website\",\"url\":\"https:\/\/institucional.ufrrj.br\/portalcpda\/\",\"name\":\"CPDA\",\"description\":\"institucional.ufrrj.br\",\"potentialAction\":[{\"@type\":\"SearchAction\",\"target\":{\"@type\":\"EntryPoint\",\"urlTemplate\":\"https:\/\/institucional.ufrrj.br\/portalcpda\/?s={search_term_string}\"},\"query-input\":{\"@type\":\"PropertyValueSpecification\",\"valueRequired\":true,\"valueName\":\"search_term_string\"}}],\"inLanguage\":\"pt-BR\"},{\"@type\":\"Person\",\"@id\":\"https:\/\/institucional.ufrrj.br\/portalcpda\/#\/schema\/person\/80342a6c044269309f3ec68feec82ecf\",\"name\":\"adminufrrj\",\"image\":{\"@type\":\"ImageObject\",\"inLanguage\":\"pt-BR\",\"@id\":\"https:\/\/secure.gravatar.com\/avatar\/cb9927888ff50e28ce43546e8ad9dbcd4f028cf1c23730771b69c41b5b7e717c?s=96&d=mm&r=g\",\"url\":\"https:\/\/secure.gravatar.com\/avatar\/cb9927888ff50e28ce43546e8ad9dbcd4f028cf1c23730771b69c41b5b7e717c?s=96&d=mm&r=g\",\"contentUrl\":\"https:\/\/secure.gravatar.com\/avatar\/cb9927888ff50e28ce43546e8ad9dbcd4f028cf1c23730771b69c41b5b7e717c?s=96&d=mm&r=g\",\"caption\":\"adminufrrj\"},\"url\":\"https:\/\/institucional.ufrrj.br\/portalcpda\/author\/adminufrrj\/\"}]}<\/script>\n<!-- \/ Yoast SEO plugin. -->","yoast_head_json":{"title":"Uma \"nova classe m\u00e9dia\"? Consumo e percep\u00e7\u00f5es sobre igualdade e diferen\u00e7a no Brasil - CPDA","robots":{"index":"index","follow":"follow","max-snippet":"max-snippet:-1","max-image-preview":"max-image-preview:large","max-video-preview":"max-video-preview:-1"},"canonical":"https:\/\/institucional.ufrrj.br\/portalcpda\/praticas-de-consumo-na-nova-classe-media\/","og_locale":"pt_BR","og_type":"article","og_title":"Uma \"nova classe m\u00e9dia\"? Consumo e percep\u00e7\u00f5es sobre igualdade e diferen\u00e7a no Brasil - CPDA","og_description":"&nbsp; O Laborat\u00f3rio de Sociologia do Consumo, o CPDA\/UFRRJ e o Grupo de Estudos do Consumo convidam para a palestra ... leia mais","og_url":"https:\/\/institucional.ufrrj.br\/portalcpda\/praticas-de-consumo-na-nova-classe-media\/","og_site_name":"CPDA","article_published_time":"2012-03-21T12:15:59+00:00","article_modified_time":"2018-06-29T19:37:40+00:00","og_image":[{"width":3981,"height":1774,"url":"https:\/\/institucional.ufrrj.br\/portalcpda\/files\/2012\/03\/2_estudos_do_Consumo_Horizontal.jpg","type":"image\/jpeg"}],"author":"adminufrrj","twitter_card":"summary_large_image","twitter_misc":{"Escrito por":"adminufrrj","Est. tempo de leitura":"1 minuto"},"schema":{"@context":"https:\/\/schema.org","@graph":[{"@type":"Article","@id":"https:\/\/institucional.ufrrj.br\/portalcpda\/praticas-de-consumo-na-nova-classe-media\/#article","isPartOf":{"@id":"https:\/\/institucional.ufrrj.br\/portalcpda\/praticas-de-consumo-na-nova-classe-media\/"},"author":{"name":"adminufrrj","@id":"https:\/\/institucional.ufrrj.br\/portalcpda\/#\/schema\/person\/80342a6c044269309f3ec68feec82ecf"},"headline":"Uma &#8220;nova classe m\u00e9dia&#8221;? Consumo e percep\u00e7\u00f5es sobre igualdade e diferen\u00e7a no Brasil","datePublished":"2012-03-21T12:15:59+00:00","dateModified":"2018-06-29T19:37:40+00:00","mainEntityOfPage":{"@id":"https:\/\/institucional.ufrrj.br\/portalcpda\/praticas-de-consumo-na-nova-classe-media\/"},"wordCount":221,"commentCount":0,"image":{"@id":"https:\/\/institucional.ufrrj.br\/portalcpda\/praticas-de-consumo-na-nova-classe-media\/#primaryimage"},"thumbnailUrl":"http:\/\/r1.ufrrj.br\/cpda\/wp-content\/uploads\/2012\/03\/2_estudos_do_Consumo_Horizontal-300x133.jpg","articleSection":["Noticias"],"inLanguage":"pt-BR","potentialAction":[{"@type":"CommentAction","name":"Comment","target":["https:\/\/institucional.ufrrj.br\/portalcpda\/praticas-de-consumo-na-nova-classe-media\/#respond"]}]},{"@type":"WebPage","@id":"https:\/\/institucional.ufrrj.br\/portalcpda\/praticas-de-consumo-na-nova-classe-media\/","url":"https:\/\/institucional.ufrrj.br\/portalcpda\/praticas-de-consumo-na-nova-classe-media\/","name":"Uma \"nova classe m\u00e9dia\"? Consumo e percep\u00e7\u00f5es sobre igualdade e diferen\u00e7a no Brasil - CPDA","isPartOf":{"@id":"https:\/\/institucional.ufrrj.br\/portalcpda\/#website"},"primaryImageOfPage":{"@id":"https:\/\/institucional.ufrrj.br\/portalcpda\/praticas-de-consumo-na-nova-classe-media\/#primaryimage"},"image":{"@id":"https:\/\/institucional.ufrrj.br\/portalcpda\/praticas-de-consumo-na-nova-classe-media\/#primaryimage"},"thumbnailUrl":"http:\/\/r1.ufrrj.br\/cpda\/wp-content\/uploads\/2012\/03\/2_estudos_do_Consumo_Horizontal-300x133.jpg","datePublished":"2012-03-21T12:15:59+00:00","dateModified":"2018-06-29T19:37:40+00:00","author":{"@id":"https:\/\/institucional.ufrrj.br\/portalcpda\/#\/schema\/person\/80342a6c044269309f3ec68feec82ecf"},"breadcrumb":{"@id":"https:\/\/institucional.ufrrj.br\/portalcpda\/praticas-de-consumo-na-nova-classe-media\/#breadcrumb"},"inLanguage":"pt-BR","potentialAction":[{"@type":"ReadAction","target":["https:\/\/institucional.ufrrj.br\/portalcpda\/praticas-de-consumo-na-nova-classe-media\/"]}]},{"@type":"ImageObject","inLanguage":"pt-BR","@id":"https:\/\/institucional.ufrrj.br\/portalcpda\/praticas-de-consumo-na-nova-classe-media\/#primaryimage","url":"http:\/\/r1.ufrrj.br\/cpda\/wp-content\/uploads\/2012\/03\/2_estudos_do_Consumo_Horizontal-300x133.jpg","contentUrl":"http:\/\/r1.ufrrj.br\/cpda\/wp-content\/uploads\/2012\/03\/2_estudos_do_Consumo_Horizontal-300x133.jpg"},{"@type":"BreadcrumbList","@id":"https:\/\/institucional.ufrrj.br\/portalcpda\/praticas-de-consumo-na-nova-classe-media\/#breadcrumb","itemListElement":[{"@type":"ListItem","position":1,"name":"In\u00edcio","item":"https:\/\/institucional.ufrrj.br\/portalcpda\/"},{"@type":"ListItem","position":2,"name":"Uma &#8220;nova classe m\u00e9dia&#8221;? Consumo e percep\u00e7\u00f5es sobre igualdade e diferen\u00e7a no Brasil"}]},{"@type":"WebSite","@id":"https:\/\/institucional.ufrrj.br\/portalcpda\/#website","url":"https:\/\/institucional.ufrrj.br\/portalcpda\/","name":"CPDA","description":"institucional.ufrrj.br","potentialAction":[{"@type":"SearchAction","target":{"@type":"EntryPoint","urlTemplate":"https:\/\/institucional.ufrrj.br\/portalcpda\/?s={search_term_string}"},"query-input":{"@type":"PropertyValueSpecification","valueRequired":true,"valueName":"search_term_string"}}],"inLanguage":"pt-BR"},{"@type":"Person","@id":"https:\/\/institucional.ufrrj.br\/portalcpda\/#\/schema\/person\/80342a6c044269309f3ec68feec82ecf","name":"adminufrrj","image":{"@type":"ImageObject","inLanguage":"pt-BR","@id":"https:\/\/secure.gravatar.com\/avatar\/cb9927888ff50e28ce43546e8ad9dbcd4f028cf1c23730771b69c41b5b7e717c?s=96&d=mm&r=g","url":"https:\/\/secure.gravatar.com\/avatar\/cb9927888ff50e28ce43546e8ad9dbcd4f028cf1c23730771b69c41b5b7e717c?s=96&d=mm&r=g","contentUrl":"https:\/\/secure.gravatar.com\/avatar\/cb9927888ff50e28ce43546e8ad9dbcd4f028cf1c23730771b69c41b5b7e717c?s=96&d=mm&r=g","caption":"adminufrrj"},"url":"https:\/\/institucional.ufrrj.br\/portalcpda\/author\/adminufrrj\/"}]}},"acf":[],"_links":{"self":[{"href":"https:\/\/institucional.ufrrj.br\/portalcpda\/wp-json\/wp\/v2\/posts\/1706","targetHints":{"allow":["GET"]}}],"collection":[{"href":"https:\/\/institucional.ufrrj.br\/portalcpda\/wp-json\/wp\/v2\/posts"}],"about":[{"href":"https:\/\/institucional.ufrrj.br\/portalcpda\/wp-json\/wp\/v2\/types\/post"}],"author":[{"embeddable":true,"href":"https:\/\/institucional.ufrrj.br\/portalcpda\/wp-json\/wp\/v2\/users\/708"}],"replies":[{"embeddable":true,"href":"https:\/\/institucional.ufrrj.br\/portalcpda\/wp-json\/wp\/v2\/comments?post=1706"}],"version-history":[{"count":1,"href":"https:\/\/institucional.ufrrj.br\/portalcpda\/wp-json\/wp\/v2\/posts\/1706\/revisions"}],"predecessor-version":[{"id":13977,"href":"https:\/\/institucional.ufrrj.br\/portalcpda\/wp-json\/wp\/v2\/posts\/1706\/revisions\/13977"}],"wp:attachment":[{"href":"https:\/\/institucional.ufrrj.br\/portalcpda\/wp-json\/wp\/v2\/media?parent=1706"}],"wp:term":[{"taxonomy":"category","embeddable":true,"href":"https:\/\/institucional.ufrrj.br\/portalcpda\/wp-json\/wp\/v2\/categories?post=1706"},{"taxonomy":"post_tag","embeddable":true,"href":"https:\/\/institucional.ufrrj.br\/portalcpda\/wp-json\/wp\/v2\/tags?post=1706"}],"curies":[{"name":"wp","href":"https:\/\/api.w.org\/{rel}","templated":true}]}}