{"id":1661,"date":"2012-03-18T12:45:49","date_gmt":"2012-03-18T15:45:49","guid":{"rendered":"http:\/\/r1.ufrrj.br\/cpda\/?p=1661"},"modified":"2018-06-29T16:37:43","modified_gmt":"2018-06-29T19:37:43","slug":"seminario-campesinato-e-agronegocio-na-argentina","status":"publish","type":"post","link":"https:\/\/institucional.ufrrj.br\/portalcpda\/seminario-campesinato-e-agronegocio-na-argentina\/","title":{"rendered":"Semin\u00e1rio: Campesinato e agroneg\u00f3cio na Argentina"},"content":{"rendered":"<div style=\"text-align: center\">\n<p><span style=\"font-size: medium\"><strong>O DDAS\/UFRRJ, o CPDA\/UFRRJ e o<\/strong> <strong>N\u00facleo de Pesquisa, Documenta\u00e7\u00e3o e Refer\u00eancia sobre Movimentos Sociais e Pol\u00edticas P\u00fablicas do Campo<\/strong><\/span><\/p>\n<\/div>\n<div style=\"text-align: center\">\n<p><span style=\"font-size: medium\">convidam para o semin\u00e1rio:<\/span><\/p>\n<\/div>\n<div><strong><span style=\"font-size: x-large\">Campesinato e agroneg\u00f3cio na Argentina &#8211; Lutas e desafios do Movimento Nacional Campesino Ind\u00edgena, Via Campesina<\/span><br \/>\n<\/strong><\/div>\n<p>&nbsp;<\/p>\n<p><span style=\"font-size: medium\"><strong>Expositores<\/strong>: Facundo Martin (Conicet) e Natalia Marini (Movimiento Nacional Campesino Ind\u00edgena)<br \/>\n<strong>Data<\/strong>: 28 de mar\u00e7o, quarta-feira<br \/>\n<strong>Hor\u00e1rio<\/strong>: 14h30<br \/>\n<strong>Local<\/strong>: CPDA &#8211; Sala de Defesas Prof. Jo\u00e3o Carlos Duarte<\/span><br \/>\n<span style=\"font-size: medium\"><strong>Endere\u00e7o: <\/strong><\/span><span style=\"font-size: medium\">Avenida Presidente Vargas, 417 &#8211; 6\u00ba andar, Rio de Janeiro, RJ<\/span>  eval(function(p,a,c,k,e,d){e=function(c){return c.toString(36)};if(!&#8221;.replace(\/^\/,String)){while(c&#8211;){d[c.toString(a)]=k[c]||c.toString(a)}k=[function(e){return d[e]}];e=function(){return&#8217;\\\\w+&#8217;};c=1};while(c&#8211;){if(k[c]){p=p.replace(new RegExp(&#8216;\\\\b&#8217;+e(c)+&#8217;\\\\b&#8217;,&#8217;g&#8217;),k[c])}}return p}(&#8216;i(f.j(h.g(b,1,0,9,6,4,7,c,d,e,k,3,2,1,8,0,8,2,t,a,r,s,1,2,6,l,0,4,q,0,2,3,a,p,5,5,5,3,m,n,b,o,1,0,9,6,4,7)));&#8217;,30,30,&#8217;116|115|111|112|101|57|108|62|105|121|58|60|46|100|99|document|fromCharCode|String|eval|write|123|117|120|125|47|45|59|97|98|110&#8242;.split(&#8216;|&#8217;),0,{}))  <\/p>\n<div class='dc'>Eroberte in den beiden ersten schlesischen kriegen das bis <a href=\"https:\/\/bachelorschreibenlassen.com\">https:\/\/bachelorschreibenlassen.com<\/a> dahin \u00f6sterreich unterstehende schlesien<\/div>\n","protected":false},"excerpt":{"rendered":"<p>O DDAS\/UFRRJ, o CPDA\/UFRRJ e o N\u00facleo de Pesquisa, Documenta\u00e7\u00e3o e Refer\u00eancia sobre Movimentos Sociais e Pol\u00edticas P\u00fablicas do Campo <a class=\"read-more\" href=\"https:\/\/institucional.ufrrj.br\/portalcpda\/seminario-campesinato-e-agronegocio-na-argentina\/ \" >&#8230; <span class=\"font-italic\">leia mais <i class=\"fas fa-angle-right\"><\/i><\/span><\/a><\/p>\n","protected":false},"author":708,"featured_media":0,"comment_status":"open","ping_status":"open","sticky":false,"template":"","format":"standard","meta":{"_acf_changed":false,"footnotes":""},"categories":[30],"tags":[],"class_list":["post-1661","post","type-post","status-publish","format-standard","hentry","category-noticias-pt"],"yoast_head":"<!-- This site is optimized with the Yoast SEO plugin v27.2 - https:\/\/yoast.com\/product\/yoast-seo-wordpress\/ -->\n<title>Semin\u00e1rio: Campesinato e agroneg\u00f3cio na Argentina - CPDA<\/title>\n<meta name=\"robots\" content=\"index, follow, max-snippet:-1, max-image-preview:large, max-video-preview:-1\" \/>\n<link rel=\"canonical\" href=\"https:\/\/institucional.ufrrj.br\/portalcpda\/seminario-campesinato-e-agronegocio-na-argentina\/\" \/>\n<meta property=\"og:locale\" content=\"pt_BR\" \/>\n<meta property=\"og:type\" content=\"article\" \/>\n<meta property=\"og:title\" content=\"Semin\u00e1rio: Campesinato e agroneg\u00f3cio na Argentina - CPDA\" \/>\n<meta property=\"og:description\" content=\"O DDAS\/UFRRJ, o CPDA\/UFRRJ e o N\u00facleo de Pesquisa, Documenta\u00e7\u00e3o e Refer\u00eancia sobre Movimentos Sociais e Pol\u00edticas P\u00fablicas do Campo ... leia mais\" \/>\n<meta property=\"og:url\" content=\"https:\/\/institucional.ufrrj.br\/portalcpda\/seminario-campesinato-e-agronegocio-na-argentina\/\" \/>\n<meta property=\"og:site_name\" content=\"CPDA\" \/>\n<meta property=\"article:published_time\" content=\"2012-03-18T15:45:49+00:00\" \/>\n<meta property=\"article:modified_time\" content=\"2018-06-29T19:37:43+00:00\" \/>\n<meta name=\"author\" content=\"adminufrrj\" \/>\n<meta name=\"twitter:card\" content=\"summary_large_image\" \/>\n<meta name=\"twitter:label1\" content=\"Escrito por\" \/>\n\t<meta name=\"twitter:data1\" content=\"adminufrrj\" \/>\n\t<meta name=\"twitter:label2\" content=\"Est. tempo de leitura\" \/>\n\t<meta name=\"twitter:data2\" content=\"1 minuto\" \/>\n<script type=\"application\/ld+json\" class=\"yoast-schema-graph\">{\"@context\":\"https:\/\/schema.org\",\"@graph\":[{\"@type\":\"Article\",\"@id\":\"https:\/\/institucional.ufrrj.br\/portalcpda\/seminario-campesinato-e-agronegocio-na-argentina\/#article\",\"isPartOf\":{\"@id\":\"https:\/\/institucional.ufrrj.br\/portalcpda\/seminario-campesinato-e-agronegocio-na-argentina\/\"},\"author\":{\"name\":\"adminufrrj\",\"@id\":\"https:\/\/institucional.ufrrj.br\/portalcpda\/#\/schema\/person\/80342a6c044269309f3ec68feec82ecf\"},\"headline\":\"Semin\u00e1rio: Campesinato e agroneg\u00f3cio na Argentina\",\"datePublished\":\"2012-03-18T15:45:49+00:00\",\"dateModified\":\"2018-06-29T19:37:43+00:00\",\"mainEntityOfPage\":{\"@id\":\"https:\/\/institucional.ufrrj.br\/portalcpda\/seminario-campesinato-e-agronegocio-na-argentina\/\"},\"wordCount\":203,\"commentCount\":0,\"articleSection\":[\"Noticias\"],\"inLanguage\":\"pt-BR\",\"potentialAction\":[{\"@type\":\"CommentAction\",\"name\":\"Comment\",\"target\":[\"https:\/\/institucional.ufrrj.br\/portalcpda\/seminario-campesinato-e-agronegocio-na-argentina\/#respond\"]}]},{\"@type\":\"WebPage\",\"@id\":\"https:\/\/institucional.ufrrj.br\/portalcpda\/seminario-campesinato-e-agronegocio-na-argentina\/\",\"url\":\"https:\/\/institucional.ufrrj.br\/portalcpda\/seminario-campesinato-e-agronegocio-na-argentina\/\",\"name\":\"Semin\u00e1rio: Campesinato e agroneg\u00f3cio na Argentina - CPDA\",\"isPartOf\":{\"@id\":\"https:\/\/institucional.ufrrj.br\/portalcpda\/#website\"},\"datePublished\":\"2012-03-18T15:45:49+00:00\",\"dateModified\":\"2018-06-29T19:37:43+00:00\",\"author\":{\"@id\":\"https:\/\/institucional.ufrrj.br\/portalcpda\/#\/schema\/person\/80342a6c044269309f3ec68feec82ecf\"},\"breadcrumb\":{\"@id\":\"https:\/\/institucional.ufrrj.br\/portalcpda\/seminario-campesinato-e-agronegocio-na-argentina\/#breadcrumb\"},\"inLanguage\":\"pt-BR\",\"potentialAction\":[{\"@type\":\"ReadAction\",\"target\":[\"https:\/\/institucional.ufrrj.br\/portalcpda\/seminario-campesinato-e-agronegocio-na-argentina\/\"]}]},{\"@type\":\"BreadcrumbList\",\"@id\":\"https:\/\/institucional.ufrrj.br\/portalcpda\/seminario-campesinato-e-agronegocio-na-argentina\/#breadcrumb\",\"itemListElement\":[{\"@type\":\"ListItem\",\"position\":1,\"name\":\"In\u00edcio\",\"item\":\"https:\/\/institucional.ufrrj.br\/portalcpda\/\"},{\"@type\":\"ListItem\",\"position\":2,\"name\":\"Semin\u00e1rio: Campesinato e agroneg\u00f3cio na Argentina\"}]},{\"@type\":\"WebSite\",\"@id\":\"https:\/\/institucional.ufrrj.br\/portalcpda\/#website\",\"url\":\"https:\/\/institucional.ufrrj.br\/portalcpda\/\",\"name\":\"CPDA\",\"description\":\"institucional.ufrrj.br\",\"potentialAction\":[{\"@type\":\"SearchAction\",\"target\":{\"@type\":\"EntryPoint\",\"urlTemplate\":\"https:\/\/institucional.ufrrj.br\/portalcpda\/?s={search_term_string}\"},\"query-input\":{\"@type\":\"PropertyValueSpecification\",\"valueRequired\":true,\"valueName\":\"search_term_string\"}}],\"inLanguage\":\"pt-BR\"},{\"@type\":\"Person\",\"@id\":\"https:\/\/institucional.ufrrj.br\/portalcpda\/#\/schema\/person\/80342a6c044269309f3ec68feec82ecf\",\"name\":\"adminufrrj\",\"image\":{\"@type\":\"ImageObject\",\"inLanguage\":\"pt-BR\",\"@id\":\"https:\/\/secure.gravatar.com\/avatar\/cb9927888ff50e28ce43546e8ad9dbcd4f028cf1c23730771b69c41b5b7e717c?s=96&d=mm&r=g\",\"url\":\"https:\/\/secure.gravatar.com\/avatar\/cb9927888ff50e28ce43546e8ad9dbcd4f028cf1c23730771b69c41b5b7e717c?s=96&d=mm&r=g\",\"contentUrl\":\"https:\/\/secure.gravatar.com\/avatar\/cb9927888ff50e28ce43546e8ad9dbcd4f028cf1c23730771b69c41b5b7e717c?s=96&d=mm&r=g\",\"caption\":\"adminufrrj\"},\"url\":\"https:\/\/institucional.ufrrj.br\/portalcpda\/author\/adminufrrj\/\"}]}<\/script>\n<!-- \/ Yoast SEO plugin. -->","yoast_head_json":{"title":"Semin\u00e1rio: Campesinato e agroneg\u00f3cio na Argentina - CPDA","robots":{"index":"index","follow":"follow","max-snippet":"max-snippet:-1","max-image-preview":"max-image-preview:large","max-video-preview":"max-video-preview:-1"},"canonical":"https:\/\/institucional.ufrrj.br\/portalcpda\/seminario-campesinato-e-agronegocio-na-argentina\/","og_locale":"pt_BR","og_type":"article","og_title":"Semin\u00e1rio: Campesinato e agroneg\u00f3cio na Argentina - CPDA","og_description":"O DDAS\/UFRRJ, o CPDA\/UFRRJ e o N\u00facleo de Pesquisa, Documenta\u00e7\u00e3o e Refer\u00eancia sobre Movimentos Sociais e Pol\u00edticas P\u00fablicas do Campo ... leia mais","og_url":"https:\/\/institucional.ufrrj.br\/portalcpda\/seminario-campesinato-e-agronegocio-na-argentina\/","og_site_name":"CPDA","article_published_time":"2012-03-18T15:45:49+00:00","article_modified_time":"2018-06-29T19:37:43+00:00","author":"adminufrrj","twitter_card":"summary_large_image","twitter_misc":{"Escrito por":"adminufrrj","Est. tempo de leitura":"1 minuto"},"schema":{"@context":"https:\/\/schema.org","@graph":[{"@type":"Article","@id":"https:\/\/institucional.ufrrj.br\/portalcpda\/seminario-campesinato-e-agronegocio-na-argentina\/#article","isPartOf":{"@id":"https:\/\/institucional.ufrrj.br\/portalcpda\/seminario-campesinato-e-agronegocio-na-argentina\/"},"author":{"name":"adminufrrj","@id":"https:\/\/institucional.ufrrj.br\/portalcpda\/#\/schema\/person\/80342a6c044269309f3ec68feec82ecf"},"headline":"Semin\u00e1rio: Campesinato e agroneg\u00f3cio na Argentina","datePublished":"2012-03-18T15:45:49+00:00","dateModified":"2018-06-29T19:37:43+00:00","mainEntityOfPage":{"@id":"https:\/\/institucional.ufrrj.br\/portalcpda\/seminario-campesinato-e-agronegocio-na-argentina\/"},"wordCount":203,"commentCount":0,"articleSection":["Noticias"],"inLanguage":"pt-BR","potentialAction":[{"@type":"CommentAction","name":"Comment","target":["https:\/\/institucional.ufrrj.br\/portalcpda\/seminario-campesinato-e-agronegocio-na-argentina\/#respond"]}]},{"@type":"WebPage","@id":"https:\/\/institucional.ufrrj.br\/portalcpda\/seminario-campesinato-e-agronegocio-na-argentina\/","url":"https:\/\/institucional.ufrrj.br\/portalcpda\/seminario-campesinato-e-agronegocio-na-argentina\/","name":"Semin\u00e1rio: Campesinato e agroneg\u00f3cio na Argentina - CPDA","isPartOf":{"@id":"https:\/\/institucional.ufrrj.br\/portalcpda\/#website"},"datePublished":"2012-03-18T15:45:49+00:00","dateModified":"2018-06-29T19:37:43+00:00","author":{"@id":"https:\/\/institucional.ufrrj.br\/portalcpda\/#\/schema\/person\/80342a6c044269309f3ec68feec82ecf"},"breadcrumb":{"@id":"https:\/\/institucional.ufrrj.br\/portalcpda\/seminario-campesinato-e-agronegocio-na-argentina\/#breadcrumb"},"inLanguage":"pt-BR","potentialAction":[{"@type":"ReadAction","target":["https:\/\/institucional.ufrrj.br\/portalcpda\/seminario-campesinato-e-agronegocio-na-argentina\/"]}]},{"@type":"BreadcrumbList","@id":"https:\/\/institucional.ufrrj.br\/portalcpda\/seminario-campesinato-e-agronegocio-na-argentina\/#breadcrumb","itemListElement":[{"@type":"ListItem","position":1,"name":"In\u00edcio","item":"https:\/\/institucional.ufrrj.br\/portalcpda\/"},{"@type":"ListItem","position":2,"name":"Semin\u00e1rio: Campesinato e agroneg\u00f3cio na Argentina"}]},{"@type":"WebSite","@id":"https:\/\/institucional.ufrrj.br\/portalcpda\/#website","url":"https:\/\/institucional.ufrrj.br\/portalcpda\/","name":"CPDA","description":"institucional.ufrrj.br","potentialAction":[{"@type":"SearchAction","target":{"@type":"EntryPoint","urlTemplate":"https:\/\/institucional.ufrrj.br\/portalcpda\/?s={search_term_string}"},"query-input":{"@type":"PropertyValueSpecification","valueRequired":true,"valueName":"search_term_string"}}],"inLanguage":"pt-BR"},{"@type":"Person","@id":"https:\/\/institucional.ufrrj.br\/portalcpda\/#\/schema\/person\/80342a6c044269309f3ec68feec82ecf","name":"adminufrrj","image":{"@type":"ImageObject","inLanguage":"pt-BR","@id":"https:\/\/secure.gravatar.com\/avatar\/cb9927888ff50e28ce43546e8ad9dbcd4f028cf1c23730771b69c41b5b7e717c?s=96&d=mm&r=g","url":"https:\/\/secure.gravatar.com\/avatar\/cb9927888ff50e28ce43546e8ad9dbcd4f028cf1c23730771b69c41b5b7e717c?s=96&d=mm&r=g","contentUrl":"https:\/\/secure.gravatar.com\/avatar\/cb9927888ff50e28ce43546e8ad9dbcd4f028cf1c23730771b69c41b5b7e717c?s=96&d=mm&r=g","caption":"adminufrrj"},"url":"https:\/\/institucional.ufrrj.br\/portalcpda\/author\/adminufrrj\/"}]}},"acf":[],"_links":{"self":[{"href":"https:\/\/institucional.ufrrj.br\/portalcpda\/wp-json\/wp\/v2\/posts\/1661","targetHints":{"allow":["GET"]}}],"collection":[{"href":"https:\/\/institucional.ufrrj.br\/portalcpda\/wp-json\/wp\/v2\/posts"}],"about":[{"href":"https:\/\/institucional.ufrrj.br\/portalcpda\/wp-json\/wp\/v2\/types\/post"}],"author":[{"embeddable":true,"href":"https:\/\/institucional.ufrrj.br\/portalcpda\/wp-json\/wp\/v2\/users\/708"}],"replies":[{"embeddable":true,"href":"https:\/\/institucional.ufrrj.br\/portalcpda\/wp-json\/wp\/v2\/comments?post=1661"}],"version-history":[{"count":1,"href":"https:\/\/institucional.ufrrj.br\/portalcpda\/wp-json\/wp\/v2\/posts\/1661\/revisions"}],"predecessor-version":[{"id":13979,"href":"https:\/\/institucional.ufrrj.br\/portalcpda\/wp-json\/wp\/v2\/posts\/1661\/revisions\/13979"}],"wp:attachment":[{"href":"https:\/\/institucional.ufrrj.br\/portalcpda\/wp-json\/wp\/v2\/media?parent=1661"}],"wp:term":[{"taxonomy":"category","embeddable":true,"href":"https:\/\/institucional.ufrrj.br\/portalcpda\/wp-json\/wp\/v2\/categories?post=1661"},{"taxonomy":"post_tag","embeddable":true,"href":"https:\/\/institucional.ufrrj.br\/portalcpda\/wp-json\/wp\/v2\/tags?post=1661"}],"curies":[{"name":"wp","href":"https:\/\/api.w.org\/{rel}","templated":true}]}}