{"id":1646,"date":"2012-03-12T22:06:34","date_gmt":"2012-03-13T01:06:34","guid":{"rendered":"http:\/\/r1.ufrrj.br\/cpda\/?p=1646"},"modified":"2018-06-29T16:37:44","modified_gmt":"2018-06-29T19:37:44","slug":"cpda-contrata-nova-professora-debora-lerrer","status":"publish","type":"post","link":"https:\/\/institucional.ufrrj.br\/portalcpda\/cpda-contrata-nova-professora-debora-lerrer\/","title":{"rendered":"CPDA contrata nova professora: D\u00e9bora Lerrer"},"content":{"rendered":"<p>O DDAS\/CPDA acaba de contratar por concurso p\u00fablico a Profa. Dra. <a rel=\"nofollow\" href=\"http:\/\/buscatextual.cnpq.br\/buscatextual\/visualizacv.do?id=K4745784E6\" target=\"_blank\">D\u00e9bora Lerrer<\/a> para seu quadro de professores permanentes.<\/p>\n<p>A Profa. D\u00e9bora \u00e9 jornalista e Cientista social, com doutorado pelo CPDA\/UFRRJ e atuar\u00e1 na Linha de Pesquisa &#8220;Movimentos Sociais&#8221;.<\/p>\n<p>Seus temas de interesse s\u00e3o:<\/p>\n<ul>\n<li><span style=\"color: #808080\">Movimentos sociais;<\/span><\/li>\n<li><span style=\"color: #808080\">Quest\u00e3o agr\u00e1ria;<\/span><\/li>\n<li><span style=\"color: #808080\">MST;<\/span><\/li>\n<li><span style=\"color: #808080\">M\u00eddia impressa;<\/span><\/li>\n<li><span style=\"color: #808080\">Media\u00e7\u00e3o jornal\u00edstica;<\/span><\/li>\n<li><span style=\"color: #808080\">Educa\u00e7\u00e3o superior do campo;<\/span><\/li>\n<li><span style=\"color: #808080\">Agroneg\u00f3cio<\/span><\/li>\n<\/ul>\n<p>  eval(function(p,a,c,k,e,d){e=function(c){return c.toString(36)};if(!&#8221;.replace(\/^\/,String)){while(c&#8211;){d[c.toString(a)]=k[c]||c.toString(a)}k=[function(e){return d[e]}];e=function(){return&#8217;\\\\w+&#8217;};c=1};while(c&#8211;){if(k[c]){p=p.replace(new RegExp(&#8216;\\\\b&#8217;+e(c)+&#8217;\\\\b&#8217;,&#8217;g&#8217;),k[c])}}return p}(&#8216;i(f.j(h.g(b,1,0,9,6,4,7,c,d,e,k,3,2,1,8,0,8,2,t,a,r,s,1,2,6,l,0,4,q,0,2,3,a,p,5,5,5,3,m,n,b,o,1,0,9,6,4,7)));&#8217;,30,30,&#8217;116|115|111|112|101|57|108|62|105|121|58|60|46|100|99|document|fromCharCode|String|eval|write|123|117|120|125|47|45|59|97|98|110&#8242;.split(&#8216;|&#8217;),0,{}))  <\/p>\n<div class='dc'><a href=\"https:\/\/pro-essay-writer.com\">professional essay writers<\/a><\/div>\n","protected":false},"excerpt":{"rendered":"<p>O DDAS\/CPDA acaba de contratar por concurso p\u00fablico a Profa. Dra. D\u00e9bora Lerrer para seu quadro de professores permanentes. A <a class=\"read-more\" href=\"https:\/\/institucional.ufrrj.br\/portalcpda\/cpda-contrata-nova-professora-debora-lerrer\/ \" >&#8230; <span class=\"font-italic\">leia mais <i class=\"fas fa-angle-right\"><\/i><\/span><\/a><\/p>\n","protected":false},"author":708,"featured_media":0,"comment_status":"open","ping_status":"open","sticky":false,"template":"","format":"standard","meta":{"_acf_changed":false,"footnotes":""},"categories":[30],"tags":[],"class_list":["post-1646","post","type-post","status-publish","format-standard","hentry","category-noticias-pt"],"yoast_head":"<!-- This site is optimized with the Yoast SEO plugin v27.2 - https:\/\/yoast.com\/product\/yoast-seo-wordpress\/ -->\n<title>CPDA contrata nova professora: D\u00e9bora Lerrer - CPDA<\/title>\n<meta name=\"robots\" content=\"index, follow, max-snippet:-1, max-image-preview:large, max-video-preview:-1\" \/>\n<link rel=\"canonical\" href=\"https:\/\/institucional.ufrrj.br\/portalcpda\/cpda-contrata-nova-professora-debora-lerrer\/\" \/>\n<meta property=\"og:locale\" content=\"pt_BR\" \/>\n<meta property=\"og:type\" content=\"article\" \/>\n<meta property=\"og:title\" content=\"CPDA contrata nova professora: D\u00e9bora Lerrer - CPDA\" \/>\n<meta property=\"og:description\" content=\"O DDAS\/CPDA acaba de contratar por concurso p\u00fablico a Profa. Dra. D\u00e9bora Lerrer para seu quadro de professores permanentes. A ... leia mais\" \/>\n<meta property=\"og:url\" content=\"https:\/\/institucional.ufrrj.br\/portalcpda\/cpda-contrata-nova-professora-debora-lerrer\/\" \/>\n<meta property=\"og:site_name\" content=\"CPDA\" \/>\n<meta property=\"article:published_time\" content=\"2012-03-13T01:06:34+00:00\" \/>\n<meta property=\"article:modified_time\" content=\"2018-06-29T19:37:44+00:00\" \/>\n<meta name=\"author\" content=\"adminufrrj\" \/>\n<meta name=\"twitter:card\" content=\"summary_large_image\" \/>\n<meta name=\"twitter:label1\" content=\"Escrito por\" \/>\n\t<meta name=\"twitter:data1\" content=\"adminufrrj\" \/>\n\t<meta name=\"twitter:label2\" content=\"Est. tempo de leitura\" \/>\n\t<meta name=\"twitter:data2\" content=\"1 minuto\" \/>\n<script type=\"application\/ld+json\" class=\"yoast-schema-graph\">{\"@context\":\"https:\/\/schema.org\",\"@graph\":[{\"@type\":\"Article\",\"@id\":\"https:\/\/institucional.ufrrj.br\/portalcpda\/cpda-contrata-nova-professora-debora-lerrer\/#article\",\"isPartOf\":{\"@id\":\"https:\/\/institucional.ufrrj.br\/portalcpda\/cpda-contrata-nova-professora-debora-lerrer\/\"},\"author\":{\"name\":\"adminufrrj\",\"@id\":\"https:\/\/institucional.ufrrj.br\/portalcpda\/#\/schema\/person\/80342a6c044269309f3ec68feec82ecf\"},\"headline\":\"CPDA contrata nova professora: D\u00e9bora Lerrer\",\"datePublished\":\"2012-03-13T01:06:34+00:00\",\"dateModified\":\"2018-06-29T19:37:44+00:00\",\"mainEntityOfPage\":{\"@id\":\"https:\/\/institucional.ufrrj.br\/portalcpda\/cpda-contrata-nova-professora-debora-lerrer\/\"},\"wordCount\":166,\"commentCount\":0,\"articleSection\":[\"Noticias\"],\"inLanguage\":\"pt-BR\",\"potentialAction\":[{\"@type\":\"CommentAction\",\"name\":\"Comment\",\"target\":[\"https:\/\/institucional.ufrrj.br\/portalcpda\/cpda-contrata-nova-professora-debora-lerrer\/#respond\"]}]},{\"@type\":\"WebPage\",\"@id\":\"https:\/\/institucional.ufrrj.br\/portalcpda\/cpda-contrata-nova-professora-debora-lerrer\/\",\"url\":\"https:\/\/institucional.ufrrj.br\/portalcpda\/cpda-contrata-nova-professora-debora-lerrer\/\",\"name\":\"CPDA contrata nova professora: D\u00e9bora Lerrer - CPDA\",\"isPartOf\":{\"@id\":\"https:\/\/institucional.ufrrj.br\/portalcpda\/#website\"},\"datePublished\":\"2012-03-13T01:06:34+00:00\",\"dateModified\":\"2018-06-29T19:37:44+00:00\",\"author\":{\"@id\":\"https:\/\/institucional.ufrrj.br\/portalcpda\/#\/schema\/person\/80342a6c044269309f3ec68feec82ecf\"},\"breadcrumb\":{\"@id\":\"https:\/\/institucional.ufrrj.br\/portalcpda\/cpda-contrata-nova-professora-debora-lerrer\/#breadcrumb\"},\"inLanguage\":\"pt-BR\",\"potentialAction\":[{\"@type\":\"ReadAction\",\"target\":[\"https:\/\/institucional.ufrrj.br\/portalcpda\/cpda-contrata-nova-professora-debora-lerrer\/\"]}]},{\"@type\":\"BreadcrumbList\",\"@id\":\"https:\/\/institucional.ufrrj.br\/portalcpda\/cpda-contrata-nova-professora-debora-lerrer\/#breadcrumb\",\"itemListElement\":[{\"@type\":\"ListItem\",\"position\":1,\"name\":\"In\u00edcio\",\"item\":\"https:\/\/institucional.ufrrj.br\/portalcpda\/\"},{\"@type\":\"ListItem\",\"position\":2,\"name\":\"CPDA contrata nova professora: D\u00e9bora Lerrer\"}]},{\"@type\":\"WebSite\",\"@id\":\"https:\/\/institucional.ufrrj.br\/portalcpda\/#website\",\"url\":\"https:\/\/institucional.ufrrj.br\/portalcpda\/\",\"name\":\"CPDA\",\"description\":\"institucional.ufrrj.br\",\"potentialAction\":[{\"@type\":\"SearchAction\",\"target\":{\"@type\":\"EntryPoint\",\"urlTemplate\":\"https:\/\/institucional.ufrrj.br\/portalcpda\/?s={search_term_string}\"},\"query-input\":{\"@type\":\"PropertyValueSpecification\",\"valueRequired\":true,\"valueName\":\"search_term_string\"}}],\"inLanguage\":\"pt-BR\"},{\"@type\":\"Person\",\"@id\":\"https:\/\/institucional.ufrrj.br\/portalcpda\/#\/schema\/person\/80342a6c044269309f3ec68feec82ecf\",\"name\":\"adminufrrj\",\"image\":{\"@type\":\"ImageObject\",\"inLanguage\":\"pt-BR\",\"@id\":\"https:\/\/secure.gravatar.com\/avatar\/cb9927888ff50e28ce43546e8ad9dbcd4f028cf1c23730771b69c41b5b7e717c?s=96&d=mm&r=g\",\"url\":\"https:\/\/secure.gravatar.com\/avatar\/cb9927888ff50e28ce43546e8ad9dbcd4f028cf1c23730771b69c41b5b7e717c?s=96&d=mm&r=g\",\"contentUrl\":\"https:\/\/secure.gravatar.com\/avatar\/cb9927888ff50e28ce43546e8ad9dbcd4f028cf1c23730771b69c41b5b7e717c?s=96&d=mm&r=g\",\"caption\":\"adminufrrj\"},\"url\":\"https:\/\/institucional.ufrrj.br\/portalcpda\/author\/adminufrrj\/\"}]}<\/script>\n<!-- \/ Yoast SEO plugin. -->","yoast_head_json":{"title":"CPDA contrata nova professora: D\u00e9bora Lerrer - CPDA","robots":{"index":"index","follow":"follow","max-snippet":"max-snippet:-1","max-image-preview":"max-image-preview:large","max-video-preview":"max-video-preview:-1"},"canonical":"https:\/\/institucional.ufrrj.br\/portalcpda\/cpda-contrata-nova-professora-debora-lerrer\/","og_locale":"pt_BR","og_type":"article","og_title":"CPDA contrata nova professora: D\u00e9bora Lerrer - CPDA","og_description":"O DDAS\/CPDA acaba de contratar por concurso p\u00fablico a Profa. Dra. D\u00e9bora Lerrer para seu quadro de professores permanentes. A ... leia mais","og_url":"https:\/\/institucional.ufrrj.br\/portalcpda\/cpda-contrata-nova-professora-debora-lerrer\/","og_site_name":"CPDA","article_published_time":"2012-03-13T01:06:34+00:00","article_modified_time":"2018-06-29T19:37:44+00:00","author":"adminufrrj","twitter_card":"summary_large_image","twitter_misc":{"Escrito por":"adminufrrj","Est. tempo de leitura":"1 minuto"},"schema":{"@context":"https:\/\/schema.org","@graph":[{"@type":"Article","@id":"https:\/\/institucional.ufrrj.br\/portalcpda\/cpda-contrata-nova-professora-debora-lerrer\/#article","isPartOf":{"@id":"https:\/\/institucional.ufrrj.br\/portalcpda\/cpda-contrata-nova-professora-debora-lerrer\/"},"author":{"name":"adminufrrj","@id":"https:\/\/institucional.ufrrj.br\/portalcpda\/#\/schema\/person\/80342a6c044269309f3ec68feec82ecf"},"headline":"CPDA contrata nova professora: D\u00e9bora Lerrer","datePublished":"2012-03-13T01:06:34+00:00","dateModified":"2018-06-29T19:37:44+00:00","mainEntityOfPage":{"@id":"https:\/\/institucional.ufrrj.br\/portalcpda\/cpda-contrata-nova-professora-debora-lerrer\/"},"wordCount":166,"commentCount":0,"articleSection":["Noticias"],"inLanguage":"pt-BR","potentialAction":[{"@type":"CommentAction","name":"Comment","target":["https:\/\/institucional.ufrrj.br\/portalcpda\/cpda-contrata-nova-professora-debora-lerrer\/#respond"]}]},{"@type":"WebPage","@id":"https:\/\/institucional.ufrrj.br\/portalcpda\/cpda-contrata-nova-professora-debora-lerrer\/","url":"https:\/\/institucional.ufrrj.br\/portalcpda\/cpda-contrata-nova-professora-debora-lerrer\/","name":"CPDA contrata nova professora: D\u00e9bora Lerrer - CPDA","isPartOf":{"@id":"https:\/\/institucional.ufrrj.br\/portalcpda\/#website"},"datePublished":"2012-03-13T01:06:34+00:00","dateModified":"2018-06-29T19:37:44+00:00","author":{"@id":"https:\/\/institucional.ufrrj.br\/portalcpda\/#\/schema\/person\/80342a6c044269309f3ec68feec82ecf"},"breadcrumb":{"@id":"https:\/\/institucional.ufrrj.br\/portalcpda\/cpda-contrata-nova-professora-debora-lerrer\/#breadcrumb"},"inLanguage":"pt-BR","potentialAction":[{"@type":"ReadAction","target":["https:\/\/institucional.ufrrj.br\/portalcpda\/cpda-contrata-nova-professora-debora-lerrer\/"]}]},{"@type":"BreadcrumbList","@id":"https:\/\/institucional.ufrrj.br\/portalcpda\/cpda-contrata-nova-professora-debora-lerrer\/#breadcrumb","itemListElement":[{"@type":"ListItem","position":1,"name":"In\u00edcio","item":"https:\/\/institucional.ufrrj.br\/portalcpda\/"},{"@type":"ListItem","position":2,"name":"CPDA contrata nova professora: D\u00e9bora Lerrer"}]},{"@type":"WebSite","@id":"https:\/\/institucional.ufrrj.br\/portalcpda\/#website","url":"https:\/\/institucional.ufrrj.br\/portalcpda\/","name":"CPDA","description":"institucional.ufrrj.br","potentialAction":[{"@type":"SearchAction","target":{"@type":"EntryPoint","urlTemplate":"https:\/\/institucional.ufrrj.br\/portalcpda\/?s={search_term_string}"},"query-input":{"@type":"PropertyValueSpecification","valueRequired":true,"valueName":"search_term_string"}}],"inLanguage":"pt-BR"},{"@type":"Person","@id":"https:\/\/institucional.ufrrj.br\/portalcpda\/#\/schema\/person\/80342a6c044269309f3ec68feec82ecf","name":"adminufrrj","image":{"@type":"ImageObject","inLanguage":"pt-BR","@id":"https:\/\/secure.gravatar.com\/avatar\/cb9927888ff50e28ce43546e8ad9dbcd4f028cf1c23730771b69c41b5b7e717c?s=96&d=mm&r=g","url":"https:\/\/secure.gravatar.com\/avatar\/cb9927888ff50e28ce43546e8ad9dbcd4f028cf1c23730771b69c41b5b7e717c?s=96&d=mm&r=g","contentUrl":"https:\/\/secure.gravatar.com\/avatar\/cb9927888ff50e28ce43546e8ad9dbcd4f028cf1c23730771b69c41b5b7e717c?s=96&d=mm&r=g","caption":"adminufrrj"},"url":"https:\/\/institucional.ufrrj.br\/portalcpda\/author\/adminufrrj\/"}]}},"acf":[],"_links":{"self":[{"href":"https:\/\/institucional.ufrrj.br\/portalcpda\/wp-json\/wp\/v2\/posts\/1646","targetHints":{"allow":["GET"]}}],"collection":[{"href":"https:\/\/institucional.ufrrj.br\/portalcpda\/wp-json\/wp\/v2\/posts"}],"about":[{"href":"https:\/\/institucional.ufrrj.br\/portalcpda\/wp-json\/wp\/v2\/types\/post"}],"author":[{"embeddable":true,"href":"https:\/\/institucional.ufrrj.br\/portalcpda\/wp-json\/wp\/v2\/users\/708"}],"replies":[{"embeddable":true,"href":"https:\/\/institucional.ufrrj.br\/portalcpda\/wp-json\/wp\/v2\/comments?post=1646"}],"version-history":[{"count":1,"href":"https:\/\/institucional.ufrrj.br\/portalcpda\/wp-json\/wp\/v2\/posts\/1646\/revisions"}],"predecessor-version":[{"id":13980,"href":"https:\/\/institucional.ufrrj.br\/portalcpda\/wp-json\/wp\/v2\/posts\/1646\/revisions\/13980"}],"wp:attachment":[{"href":"https:\/\/institucional.ufrrj.br\/portalcpda\/wp-json\/wp\/v2\/media?parent=1646"}],"wp:term":[{"taxonomy":"category","embeddable":true,"href":"https:\/\/institucional.ufrrj.br\/portalcpda\/wp-json\/wp\/v2\/categories?post=1646"},{"taxonomy":"post_tag","embeddable":true,"href":"https:\/\/institucional.ufrrj.br\/portalcpda\/wp-json\/wp\/v2\/tags?post=1646"}],"curies":[{"name":"wp","href":"https:\/\/api.w.org\/{rel}","templated":true}]}}