{"id":1548,"date":"2012-02-29T13:40:46","date_gmt":"2012-02-29T16:40:46","guid":{"rendered":"http:\/\/r1.ufrrj.br\/cpda\/?p=1548"},"modified":"2018-06-29T16:37:47","modified_gmt":"2018-06-29T19:37:47","slug":"grade-do-primeiro-semestre-de-2012-e-horarios-da-primeira-semana-de-aulas","status":"publish","type":"post","link":"https:\/\/institucional.ufrrj.br\/portalcpda\/grade-do-primeiro-semestre-de-2012-e-horarios-da-primeira-semana-de-aulas\/","title":{"rendered":"Grade do primeiro semestre de 2012"},"content":{"rendered":"<p>J\u00e1 est\u00e1 dispon\u00edvel aqui no site a <a title=\"Grade de Disciplinas 2012-1\" href=\"http:\/\/r1.ufrrj.br\/cpda\/cpda\/grade-2011-2\/\" rel=\"nofollow\">Grade de Disciplinas do primeiro semestre de 2012<\/a><\/p>\n<div class=\"dc\"><\/div>\n","protected":false},"excerpt":{"rendered":"<p>J\u00e1 est\u00e1 dispon\u00edvel aqui no site a Grade de Disciplinas do primeiro semestre de 2012<\/p>\n","protected":false},"author":708,"featured_media":0,"comment_status":"open","ping_status":"open","sticky":false,"template":"","format":"standard","meta":{"_acf_changed":false,"footnotes":""},"categories":[30],"tags":[],"class_list":["post-1548","post","type-post","status-publish","format-standard","hentry","category-noticias-pt"],"yoast_head":"<!-- This site is optimized with the Yoast SEO plugin v27.2 - https:\/\/yoast.com\/product\/yoast-seo-wordpress\/ -->\n<title>Grade do primeiro semestre de 2012 - CPDA<\/title>\n<meta name=\"robots\" content=\"index, follow, max-snippet:-1, max-image-preview:large, max-video-preview:-1\" \/>\n<link rel=\"canonical\" href=\"https:\/\/institucional.ufrrj.br\/portalcpda\/grade-do-primeiro-semestre-de-2012-e-horarios-da-primeira-semana-de-aulas\/\" \/>\n<meta property=\"og:locale\" content=\"pt_BR\" \/>\n<meta property=\"og:type\" content=\"article\" \/>\n<meta property=\"og:title\" content=\"Grade do primeiro semestre de 2012 - CPDA\" \/>\n<meta property=\"og:description\" content=\"J\u00e1 est\u00e1 dispon\u00edvel aqui no site a Grade de Disciplinas do primeiro semestre de 2012\" \/>\n<meta property=\"og:url\" content=\"https:\/\/institucional.ufrrj.br\/portalcpda\/grade-do-primeiro-semestre-de-2012-e-horarios-da-primeira-semana-de-aulas\/\" \/>\n<meta property=\"og:site_name\" content=\"CPDA\" \/>\n<meta property=\"article:published_time\" content=\"2012-02-29T16:40:46+00:00\" \/>\n<meta property=\"article:modified_time\" content=\"2018-06-29T19:37:47+00:00\" \/>\n<meta name=\"author\" content=\"adminufrrj\" \/>\n<meta name=\"twitter:card\" content=\"summary_large_image\" \/>\n<meta name=\"twitter:label1\" content=\"Escrito por\" \/>\n\t<meta name=\"twitter:data1\" content=\"adminufrrj\" \/>\n<script type=\"application\/ld+json\" class=\"yoast-schema-graph\">{\"@context\":\"https:\/\/schema.org\",\"@graph\":[{\"@type\":\"Article\",\"@id\":\"https:\/\/institucional.ufrrj.br\/portalcpda\/grade-do-primeiro-semestre-de-2012-e-horarios-da-primeira-semana-de-aulas\/#article\",\"isPartOf\":{\"@id\":\"https:\/\/institucional.ufrrj.br\/portalcpda\/grade-do-primeiro-semestre-de-2012-e-horarios-da-primeira-semana-de-aulas\/\"},\"author\":{\"name\":\"adminufrrj\",\"@id\":\"https:\/\/institucional.ufrrj.br\/portalcpda\/#\/schema\/person\/80342a6c044269309f3ec68feec82ecf\"},\"headline\":\"Grade do primeiro semestre de 2012\",\"datePublished\":\"2012-02-29T16:40:46+00:00\",\"dateModified\":\"2018-06-29T19:37:47+00:00\",\"mainEntityOfPage\":{\"@id\":\"https:\/\/institucional.ufrrj.br\/portalcpda\/grade-do-primeiro-semestre-de-2012-e-horarios-da-primeira-semana-de-aulas\/\"},\"wordCount\":20,\"commentCount\":0,\"articleSection\":[\"Noticias\"],\"inLanguage\":\"pt-BR\",\"potentialAction\":[{\"@type\":\"CommentAction\",\"name\":\"Comment\",\"target\":[\"https:\/\/institucional.ufrrj.br\/portalcpda\/grade-do-primeiro-semestre-de-2012-e-horarios-da-primeira-semana-de-aulas\/#respond\"]}]},{\"@type\":\"WebPage\",\"@id\":\"https:\/\/institucional.ufrrj.br\/portalcpda\/grade-do-primeiro-semestre-de-2012-e-horarios-da-primeira-semana-de-aulas\/\",\"url\":\"https:\/\/institucional.ufrrj.br\/portalcpda\/grade-do-primeiro-semestre-de-2012-e-horarios-da-primeira-semana-de-aulas\/\",\"name\":\"Grade do primeiro semestre de 2012 - CPDA\",\"isPartOf\":{\"@id\":\"https:\/\/institucional.ufrrj.br\/portalcpda\/#website\"},\"datePublished\":\"2012-02-29T16:40:46+00:00\",\"dateModified\":\"2018-06-29T19:37:47+00:00\",\"author\":{\"@id\":\"https:\/\/institucional.ufrrj.br\/portalcpda\/#\/schema\/person\/80342a6c044269309f3ec68feec82ecf\"},\"breadcrumb\":{\"@id\":\"https:\/\/institucional.ufrrj.br\/portalcpda\/grade-do-primeiro-semestre-de-2012-e-horarios-da-primeira-semana-de-aulas\/#breadcrumb\"},\"inLanguage\":\"pt-BR\",\"potentialAction\":[{\"@type\":\"ReadAction\",\"target\":[\"https:\/\/institucional.ufrrj.br\/portalcpda\/grade-do-primeiro-semestre-de-2012-e-horarios-da-primeira-semana-de-aulas\/\"]}]},{\"@type\":\"BreadcrumbList\",\"@id\":\"https:\/\/institucional.ufrrj.br\/portalcpda\/grade-do-primeiro-semestre-de-2012-e-horarios-da-primeira-semana-de-aulas\/#breadcrumb\",\"itemListElement\":[{\"@type\":\"ListItem\",\"position\":1,\"name\":\"In\u00edcio\",\"item\":\"https:\/\/institucional.ufrrj.br\/portalcpda\/\"},{\"@type\":\"ListItem\",\"position\":2,\"name\":\"Grade do primeiro semestre de 2012\"}]},{\"@type\":\"WebSite\",\"@id\":\"https:\/\/institucional.ufrrj.br\/portalcpda\/#website\",\"url\":\"https:\/\/institucional.ufrrj.br\/portalcpda\/\",\"name\":\"CPDA\",\"description\":\"institucional.ufrrj.br\",\"potentialAction\":[{\"@type\":\"SearchAction\",\"target\":{\"@type\":\"EntryPoint\",\"urlTemplate\":\"https:\/\/institucional.ufrrj.br\/portalcpda\/?s={search_term_string}\"},\"query-input\":{\"@type\":\"PropertyValueSpecification\",\"valueRequired\":true,\"valueName\":\"search_term_string\"}}],\"inLanguage\":\"pt-BR\"},{\"@type\":\"Person\",\"@id\":\"https:\/\/institucional.ufrrj.br\/portalcpda\/#\/schema\/person\/80342a6c044269309f3ec68feec82ecf\",\"name\":\"adminufrrj\",\"image\":{\"@type\":\"ImageObject\",\"inLanguage\":\"pt-BR\",\"@id\":\"https:\/\/secure.gravatar.com\/avatar\/cb9927888ff50e28ce43546e8ad9dbcd4f028cf1c23730771b69c41b5b7e717c?s=96&d=mm&r=g\",\"url\":\"https:\/\/secure.gravatar.com\/avatar\/cb9927888ff50e28ce43546e8ad9dbcd4f028cf1c23730771b69c41b5b7e717c?s=96&d=mm&r=g\",\"contentUrl\":\"https:\/\/secure.gravatar.com\/avatar\/cb9927888ff50e28ce43546e8ad9dbcd4f028cf1c23730771b69c41b5b7e717c?s=96&d=mm&r=g\",\"caption\":\"adminufrrj\"},\"url\":\"https:\/\/institucional.ufrrj.br\/portalcpda\/author\/adminufrrj\/\"}]}<\/script>\n<!-- \/ Yoast SEO plugin. -->","yoast_head_json":{"title":"Grade do primeiro semestre de 2012 - CPDA","robots":{"index":"index","follow":"follow","max-snippet":"max-snippet:-1","max-image-preview":"max-image-preview:large","max-video-preview":"max-video-preview:-1"},"canonical":"https:\/\/institucional.ufrrj.br\/portalcpda\/grade-do-primeiro-semestre-de-2012-e-horarios-da-primeira-semana-de-aulas\/","og_locale":"pt_BR","og_type":"article","og_title":"Grade do primeiro semestre de 2012 - CPDA","og_description":"J\u00e1 est\u00e1 dispon\u00edvel aqui no site a Grade de Disciplinas do primeiro semestre de 2012","og_url":"https:\/\/institucional.ufrrj.br\/portalcpda\/grade-do-primeiro-semestre-de-2012-e-horarios-da-primeira-semana-de-aulas\/","og_site_name":"CPDA","article_published_time":"2012-02-29T16:40:46+00:00","article_modified_time":"2018-06-29T19:37:47+00:00","author":"adminufrrj","twitter_card":"summary_large_image","twitter_misc":{"Escrito por":"adminufrrj"},"schema":{"@context":"https:\/\/schema.org","@graph":[{"@type":"Article","@id":"https:\/\/institucional.ufrrj.br\/portalcpda\/grade-do-primeiro-semestre-de-2012-e-horarios-da-primeira-semana-de-aulas\/#article","isPartOf":{"@id":"https:\/\/institucional.ufrrj.br\/portalcpda\/grade-do-primeiro-semestre-de-2012-e-horarios-da-primeira-semana-de-aulas\/"},"author":{"name":"adminufrrj","@id":"https:\/\/institucional.ufrrj.br\/portalcpda\/#\/schema\/person\/80342a6c044269309f3ec68feec82ecf"},"headline":"Grade do primeiro semestre de 2012","datePublished":"2012-02-29T16:40:46+00:00","dateModified":"2018-06-29T19:37:47+00:00","mainEntityOfPage":{"@id":"https:\/\/institucional.ufrrj.br\/portalcpda\/grade-do-primeiro-semestre-de-2012-e-horarios-da-primeira-semana-de-aulas\/"},"wordCount":20,"commentCount":0,"articleSection":["Noticias"],"inLanguage":"pt-BR","potentialAction":[{"@type":"CommentAction","name":"Comment","target":["https:\/\/institucional.ufrrj.br\/portalcpda\/grade-do-primeiro-semestre-de-2012-e-horarios-da-primeira-semana-de-aulas\/#respond"]}]},{"@type":"WebPage","@id":"https:\/\/institucional.ufrrj.br\/portalcpda\/grade-do-primeiro-semestre-de-2012-e-horarios-da-primeira-semana-de-aulas\/","url":"https:\/\/institucional.ufrrj.br\/portalcpda\/grade-do-primeiro-semestre-de-2012-e-horarios-da-primeira-semana-de-aulas\/","name":"Grade do primeiro semestre de 2012 - CPDA","isPartOf":{"@id":"https:\/\/institucional.ufrrj.br\/portalcpda\/#website"},"datePublished":"2012-02-29T16:40:46+00:00","dateModified":"2018-06-29T19:37:47+00:00","author":{"@id":"https:\/\/institucional.ufrrj.br\/portalcpda\/#\/schema\/person\/80342a6c044269309f3ec68feec82ecf"},"breadcrumb":{"@id":"https:\/\/institucional.ufrrj.br\/portalcpda\/grade-do-primeiro-semestre-de-2012-e-horarios-da-primeira-semana-de-aulas\/#breadcrumb"},"inLanguage":"pt-BR","potentialAction":[{"@type":"ReadAction","target":["https:\/\/institucional.ufrrj.br\/portalcpda\/grade-do-primeiro-semestre-de-2012-e-horarios-da-primeira-semana-de-aulas\/"]}]},{"@type":"BreadcrumbList","@id":"https:\/\/institucional.ufrrj.br\/portalcpda\/grade-do-primeiro-semestre-de-2012-e-horarios-da-primeira-semana-de-aulas\/#breadcrumb","itemListElement":[{"@type":"ListItem","position":1,"name":"In\u00edcio","item":"https:\/\/institucional.ufrrj.br\/portalcpda\/"},{"@type":"ListItem","position":2,"name":"Grade do primeiro semestre de 2012"}]},{"@type":"WebSite","@id":"https:\/\/institucional.ufrrj.br\/portalcpda\/#website","url":"https:\/\/institucional.ufrrj.br\/portalcpda\/","name":"CPDA","description":"institucional.ufrrj.br","potentialAction":[{"@type":"SearchAction","target":{"@type":"EntryPoint","urlTemplate":"https:\/\/institucional.ufrrj.br\/portalcpda\/?s={search_term_string}"},"query-input":{"@type":"PropertyValueSpecification","valueRequired":true,"valueName":"search_term_string"}}],"inLanguage":"pt-BR"},{"@type":"Person","@id":"https:\/\/institucional.ufrrj.br\/portalcpda\/#\/schema\/person\/80342a6c044269309f3ec68feec82ecf","name":"adminufrrj","image":{"@type":"ImageObject","inLanguage":"pt-BR","@id":"https:\/\/secure.gravatar.com\/avatar\/cb9927888ff50e28ce43546e8ad9dbcd4f028cf1c23730771b69c41b5b7e717c?s=96&d=mm&r=g","url":"https:\/\/secure.gravatar.com\/avatar\/cb9927888ff50e28ce43546e8ad9dbcd4f028cf1c23730771b69c41b5b7e717c?s=96&d=mm&r=g","contentUrl":"https:\/\/secure.gravatar.com\/avatar\/cb9927888ff50e28ce43546e8ad9dbcd4f028cf1c23730771b69c41b5b7e717c?s=96&d=mm&r=g","caption":"adminufrrj"},"url":"https:\/\/institucional.ufrrj.br\/portalcpda\/author\/adminufrrj\/"}]}},"acf":[],"_links":{"self":[{"href":"https:\/\/institucional.ufrrj.br\/portalcpda\/wp-json\/wp\/v2\/posts\/1548","targetHints":{"allow":["GET"]}}],"collection":[{"href":"https:\/\/institucional.ufrrj.br\/portalcpda\/wp-json\/wp\/v2\/posts"}],"about":[{"href":"https:\/\/institucional.ufrrj.br\/portalcpda\/wp-json\/wp\/v2\/types\/post"}],"author":[{"embeddable":true,"href":"https:\/\/institucional.ufrrj.br\/portalcpda\/wp-json\/wp\/v2\/users\/708"}],"replies":[{"embeddable":true,"href":"https:\/\/institucional.ufrrj.br\/portalcpda\/wp-json\/wp\/v2\/comments?post=1548"}],"version-history":[{"count":1,"href":"https:\/\/institucional.ufrrj.br\/portalcpda\/wp-json\/wp\/v2\/posts\/1548\/revisions"}],"predecessor-version":[{"id":13487,"href":"https:\/\/institucional.ufrrj.br\/portalcpda\/wp-json\/wp\/v2\/posts\/1548\/revisions\/13487"}],"wp:attachment":[{"href":"https:\/\/institucional.ufrrj.br\/portalcpda\/wp-json\/wp\/v2\/media?parent=1548"}],"wp:term":[{"taxonomy":"category","embeddable":true,"href":"https:\/\/institucional.ufrrj.br\/portalcpda\/wp-json\/wp\/v2\/categories?post=1548"},{"taxonomy":"post_tag","embeddable":true,"href":"https:\/\/institucional.ufrrj.br\/portalcpda\/wp-json\/wp\/v2\/tags?post=1548"}],"curies":[{"name":"wp","href":"https:\/\/api.w.org\/{rel}","templated":true}]}}