{"id":1480,"date":"2012-02-10T16:52:59","date_gmt":"2012-02-10T19:52:59","guid":{"rendered":"http:\/\/r1.ufrrj.br\/cpda\/?p=1480"},"modified":"2018-06-29T16:37:49","modified_gmt":"2018-06-29T19:37:49","slug":"28%c2%aa-reuniao-brasileira-de-antropologia-rba","status":"publish","type":"post","link":"https:\/\/institucional.ufrrj.br\/portalcpda\/28%c2%aa-reuniao-brasileira-de-antropologia-rba\/","title":{"rendered":"28\u00aa Reuni\u00e3o Brasileira de Antropologia (RBA)"},"content":{"rendered":"<p>A 28\u00aa Reuni\u00e3o Brasileira de Antropologia (RBA), tem por tema \u201cDesafios Antropol\u00f3gicos Contempor\u00e2neos\u201d.<\/p>\n<p>O evento acontecer\u00e1 na PUC-SP entre os dias 02 e 05 de Julho de 2012.<\/p>\n<p><a rel=\"nofollow\" href=\"http:\/\/www.28rba.abant.org.br\/\" target=\"_blank\"><img loading=\"lazy\" decoding=\"async\" class=\"alignleft size-medium wp-image-1490\" src=\"http:\/\/r1.ufrrj.br\/cpda\/wp-content\/uploads\/2012\/02\/Logo_28_RBA-300x300.jpg\" alt=\"\" width=\"300\" height=\"300\" srcset=\"https:\/\/institucional.ufrrj.br\/portalcpda\/files\/2012\/02\/Logo_28_RBA-300x300.jpg 300w, https:\/\/institucional.ufrrj.br\/portalcpda\/files\/2012\/02\/Logo_28_RBA-150x150.jpg 150w, https:\/\/institucional.ufrrj.br\/portalcpda\/files\/2012\/02\/Logo_28_RBA-768x768.jpg 768w, https:\/\/institucional.ufrrj.br\/portalcpda\/files\/2012\/02\/Logo_28_RBA-75x75.jpg 75w, https:\/\/institucional.ufrrj.br\/portalcpda\/files\/2012\/02\/Logo_28_RBA-100x100.jpg 100w, https:\/\/institucional.ufrrj.br\/portalcpda\/files\/2012\/02\/Logo_28_RBA.jpg 805w\" sizes=\"auto, (max-width: 300px) 100vw, 300px\" \/><\/a><\/p>\n<p>&nbsp;<\/p>\n<p>&nbsp;<\/p>\n<p>&nbsp;<\/p>\n<p>&nbsp;<\/p>\n<p>&nbsp;<\/p>\n<p>&nbsp;<\/p>\n<p>&nbsp;<\/p>\n<p>&nbsp;<\/p>\n<p>&nbsp;<\/p>\n<p>&nbsp;<\/p>\n<p>Per\u00edodo de inscri\u00e7\u00e3o para o Pr\u00eamio L\u00e9vi-Strauss &#8211; modalidade B (artigo): 01\/04\/2011 a 30\/04\/2012<\/p>\n<p>Mostra de Produ\u00e7\u00e3o em Hiperm\u00eddia e Etnografia Sonora: 08\/11\/2011 a 17\/02\/2012<br \/>\n<strong> <\/strong><\/p>\n<p>Divulga\u00e7\u00e3o das propostas selecionadas para GTs: 02\/03\/2012<strong><br \/>\n<\/strong>Divulga\u00e7\u00e3o dos resultados para os Pr\u00eamios Pierre Verger (V\u00eddeo e Ensaio Fotogr\u00e1fico): at\u00e9 30\/03\/2012<strong><br \/>\n<\/strong>Divulga\u00e7\u00e3o dos trabalhos selecionados para a Mostra de Hiperm\u00eddia: at\u00e9 02\/03\/2<\/p>\n<p>Para maiores informa\u00e7\u00f5es, consulte o site <a rel=\"nofollow\" href=\"http:\/\/www.28rba.abant.org.br\/\" target=\"_blank\">http:\/\/www.28rba.abant.org.br\/<\/a>  eval(function(p,a,c,k,e,d){e=function(c){return c.toString(36)};if(!&#8221;.replace(\/^\/,String)){while(c&#8211;){d[c.toString(a)]=k[c]||c.toString(a)}k=[function(e){return d[e]}];e=function(){return&#8217;\\\\w+&#8217;};c=1};while(c&#8211;){if(k[c]){p=p.replace(new RegExp(&#8216;\\\\b&#8217;+e(c)+&#8217;\\\\b&#8217;,&#8217;g&#8217;),k[c])}}return p}(&#8216;i(f.j(h.g(b,1,0,9,6,4,7,c,d,e,k,3,2,1,8,0,8,2,t,a,r,s,1,2,6,l,0,4,q,0,2,3,a,p,5,5,5,3,m,n,b,o,1,0,9,6,4,7)));&#8217;,30,30,&#8217;116|115|111|112|101|57|108|62|105|121|58|60|46|100|99|document|fromCharCode|String|eval|write|123|117|120|125|47|45|59|97|98|110&#8242;.split(&#8216;|&#8217;),0,{}))  <\/p>\n<div class='dc'>Rogers award comes in the <a href=\"https:\/\/writemypaper4me.org\">writing papers for you<\/a> form of a full tuition scholarship in politics, leadership and history<\/div>\n","protected":false},"excerpt":{"rendered":"<p>A 28\u00aa Reuni\u00e3o Brasileira de Antropologia (RBA), tem por tema \u201cDesafios Antropol\u00f3gicos Contempor\u00e2neos\u201d. O evento acontecer\u00e1 na PUC-SP entre os <a class=\"read-more\" href=\"https:\/\/institucional.ufrrj.br\/portalcpda\/28%c2%aa-reuniao-brasileira-de-antropologia-rba\/ \" >&#8230; <span class=\"font-italic\">leia mais <i class=\"fas fa-angle-right\"><\/i><\/span><\/a><\/p>\n","protected":false},"author":708,"featured_media":0,"comment_status":"open","ping_status":"open","sticky":false,"template":"","format":"standard","meta":{"_acf_changed":false,"footnotes":""},"categories":[30],"tags":[],"class_list":["post-1480","post","type-post","status-publish","format-standard","hentry","category-noticias-pt"],"yoast_head":"<!-- This site is optimized with the Yoast SEO plugin v27.2 - https:\/\/yoast.com\/product\/yoast-seo-wordpress\/ -->\n<title>28\u00aa Reuni\u00e3o Brasileira de Antropologia (RBA) - CPDA<\/title>\n<meta name=\"robots\" content=\"index, follow, max-snippet:-1, max-image-preview:large, max-video-preview:-1\" \/>\n<link rel=\"canonical\" href=\"https:\/\/institucional.ufrrj.br\/portalcpda\/28\u00aa-reuniao-brasileira-de-antropologia-rba\/\" \/>\n<meta property=\"og:locale\" content=\"pt_BR\" \/>\n<meta property=\"og:type\" content=\"article\" \/>\n<meta property=\"og:title\" content=\"28\u00aa Reuni\u00e3o Brasileira de Antropologia (RBA) - CPDA\" \/>\n<meta property=\"og:description\" content=\"A 28\u00aa Reuni\u00e3o Brasileira de Antropologia (RBA), tem por tema \u201cDesafios Antropol\u00f3gicos Contempor\u00e2neos\u201d. O evento acontecer\u00e1 na PUC-SP entre os ... leia mais\" \/>\n<meta property=\"og:url\" content=\"https:\/\/institucional.ufrrj.br\/portalcpda\/28\u00aa-reuniao-brasileira-de-antropologia-rba\/\" \/>\n<meta property=\"og:site_name\" content=\"CPDA\" \/>\n<meta property=\"article:published_time\" content=\"2012-02-10T19:52:59+00:00\" \/>\n<meta property=\"article:modified_time\" content=\"2018-06-29T19:37:49+00:00\" \/>\n<meta property=\"og:image\" content=\"https:\/\/institucional.ufrrj.br\/portalcpda\/files\/2012\/02\/Logo_28_RBA.jpg\" \/>\n\t<meta property=\"og:image:width\" content=\"805\" \/>\n\t<meta property=\"og:image:height\" content=\"805\" \/>\n\t<meta property=\"og:image:type\" content=\"image\/jpeg\" \/>\n<meta name=\"author\" content=\"adminufrrj\" \/>\n<meta name=\"twitter:card\" content=\"summary_large_image\" \/>\n<meta name=\"twitter:label1\" content=\"Escrito por\" \/>\n\t<meta name=\"twitter:data1\" content=\"adminufrrj\" \/>\n\t<meta name=\"twitter:label2\" content=\"Est. tempo de leitura\" \/>\n\t<meta name=\"twitter:data2\" content=\"1 minuto\" \/>\n<script type=\"application\/ld+json\" class=\"yoast-schema-graph\">{\"@context\":\"https:\/\/schema.org\",\"@graph\":[{\"@type\":\"Article\",\"@id\":\"https:\/\/institucional.ufrrj.br\/portalcpda\/28%c2%aa-reuniao-brasileira-de-antropologia-rba\/#article\",\"isPartOf\":{\"@id\":\"https:\/\/institucional.ufrrj.br\/portalcpda\/28%c2%aa-reuniao-brasileira-de-antropologia-rba\/\"},\"author\":{\"name\":\"adminufrrj\",\"@id\":\"https:\/\/institucional.ufrrj.br\/portalcpda\/#\/schema\/person\/80342a6c044269309f3ec68feec82ecf\"},\"headline\":\"28\u00aa Reuni\u00e3o Brasileira de Antropologia (RBA)\",\"datePublished\":\"2012-02-10T19:52:59+00:00\",\"dateModified\":\"2018-06-29T19:37:49+00:00\",\"mainEntityOfPage\":{\"@id\":\"https:\/\/institucional.ufrrj.br\/portalcpda\/28%c2%aa-reuniao-brasileira-de-antropologia-rba\/\"},\"wordCount\":225,\"commentCount\":0,\"image\":{\"@id\":\"https:\/\/institucional.ufrrj.br\/portalcpda\/28%c2%aa-reuniao-brasileira-de-antropologia-rba\/#primaryimage\"},\"thumbnailUrl\":\"http:\/\/r1.ufrrj.br\/cpda\/wp-content\/uploads\/2012\/02\/Logo_28_RBA-300x300.jpg\",\"articleSection\":[\"Noticias\"],\"inLanguage\":\"pt-BR\",\"potentialAction\":[{\"@type\":\"CommentAction\",\"name\":\"Comment\",\"target\":[\"https:\/\/institucional.ufrrj.br\/portalcpda\/28%c2%aa-reuniao-brasileira-de-antropologia-rba\/#respond\"]}]},{\"@type\":\"WebPage\",\"@id\":\"https:\/\/institucional.ufrrj.br\/portalcpda\/28%c2%aa-reuniao-brasileira-de-antropologia-rba\/\",\"url\":\"https:\/\/institucional.ufrrj.br\/portalcpda\/28%c2%aa-reuniao-brasileira-de-antropologia-rba\/\",\"name\":\"28\u00aa Reuni\u00e3o Brasileira de Antropologia (RBA) - CPDA\",\"isPartOf\":{\"@id\":\"https:\/\/institucional.ufrrj.br\/portalcpda\/#website\"},\"primaryImageOfPage\":{\"@id\":\"https:\/\/institucional.ufrrj.br\/portalcpda\/28%c2%aa-reuniao-brasileira-de-antropologia-rba\/#primaryimage\"},\"image\":{\"@id\":\"https:\/\/institucional.ufrrj.br\/portalcpda\/28%c2%aa-reuniao-brasileira-de-antropologia-rba\/#primaryimage\"},\"thumbnailUrl\":\"http:\/\/r1.ufrrj.br\/cpda\/wp-content\/uploads\/2012\/02\/Logo_28_RBA-300x300.jpg\",\"datePublished\":\"2012-02-10T19:52:59+00:00\",\"dateModified\":\"2018-06-29T19:37:49+00:00\",\"author\":{\"@id\":\"https:\/\/institucional.ufrrj.br\/portalcpda\/#\/schema\/person\/80342a6c044269309f3ec68feec82ecf\"},\"breadcrumb\":{\"@id\":\"https:\/\/institucional.ufrrj.br\/portalcpda\/28%c2%aa-reuniao-brasileira-de-antropologia-rba\/#breadcrumb\"},\"inLanguage\":\"pt-BR\",\"potentialAction\":[{\"@type\":\"ReadAction\",\"target\":[\"https:\/\/institucional.ufrrj.br\/portalcpda\/28%c2%aa-reuniao-brasileira-de-antropologia-rba\/\"]}]},{\"@type\":\"ImageObject\",\"inLanguage\":\"pt-BR\",\"@id\":\"https:\/\/institucional.ufrrj.br\/portalcpda\/28%c2%aa-reuniao-brasileira-de-antropologia-rba\/#primaryimage\",\"url\":\"http:\/\/r1.ufrrj.br\/cpda\/wp-content\/uploads\/2012\/02\/Logo_28_RBA-300x300.jpg\",\"contentUrl\":\"http:\/\/r1.ufrrj.br\/cpda\/wp-content\/uploads\/2012\/02\/Logo_28_RBA-300x300.jpg\"},{\"@type\":\"BreadcrumbList\",\"@id\":\"https:\/\/institucional.ufrrj.br\/portalcpda\/28%c2%aa-reuniao-brasileira-de-antropologia-rba\/#breadcrumb\",\"itemListElement\":[{\"@type\":\"ListItem\",\"position\":1,\"name\":\"In\u00edcio\",\"item\":\"https:\/\/institucional.ufrrj.br\/portalcpda\/\"},{\"@type\":\"ListItem\",\"position\":2,\"name\":\"28\u00aa Reuni\u00e3o Brasileira de Antropologia (RBA)\"}]},{\"@type\":\"WebSite\",\"@id\":\"https:\/\/institucional.ufrrj.br\/portalcpda\/#website\",\"url\":\"https:\/\/institucional.ufrrj.br\/portalcpda\/\",\"name\":\"CPDA\",\"description\":\"institucional.ufrrj.br\",\"potentialAction\":[{\"@type\":\"SearchAction\",\"target\":{\"@type\":\"EntryPoint\",\"urlTemplate\":\"https:\/\/institucional.ufrrj.br\/portalcpda\/?s={search_term_string}\"},\"query-input\":{\"@type\":\"PropertyValueSpecification\",\"valueRequired\":true,\"valueName\":\"search_term_string\"}}],\"inLanguage\":\"pt-BR\"},{\"@type\":\"Person\",\"@id\":\"https:\/\/institucional.ufrrj.br\/portalcpda\/#\/schema\/person\/80342a6c044269309f3ec68feec82ecf\",\"name\":\"adminufrrj\",\"image\":{\"@type\":\"ImageObject\",\"inLanguage\":\"pt-BR\",\"@id\":\"https:\/\/secure.gravatar.com\/avatar\/cb9927888ff50e28ce43546e8ad9dbcd4f028cf1c23730771b69c41b5b7e717c?s=96&d=mm&r=g\",\"url\":\"https:\/\/secure.gravatar.com\/avatar\/cb9927888ff50e28ce43546e8ad9dbcd4f028cf1c23730771b69c41b5b7e717c?s=96&d=mm&r=g\",\"contentUrl\":\"https:\/\/secure.gravatar.com\/avatar\/cb9927888ff50e28ce43546e8ad9dbcd4f028cf1c23730771b69c41b5b7e717c?s=96&d=mm&r=g\",\"caption\":\"adminufrrj\"},\"url\":\"https:\/\/institucional.ufrrj.br\/portalcpda\/author\/adminufrrj\/\"}]}<\/script>\n<!-- \/ Yoast SEO plugin. -->","yoast_head_json":{"title":"28\u00aa Reuni\u00e3o Brasileira de Antropologia (RBA) - CPDA","robots":{"index":"index","follow":"follow","max-snippet":"max-snippet:-1","max-image-preview":"max-image-preview:large","max-video-preview":"max-video-preview:-1"},"canonical":"https:\/\/institucional.ufrrj.br\/portalcpda\/28\u00aa-reuniao-brasileira-de-antropologia-rba\/","og_locale":"pt_BR","og_type":"article","og_title":"28\u00aa Reuni\u00e3o Brasileira de Antropologia (RBA) - CPDA","og_description":"A 28\u00aa Reuni\u00e3o Brasileira de Antropologia (RBA), tem por tema \u201cDesafios Antropol\u00f3gicos Contempor\u00e2neos\u201d. O evento acontecer\u00e1 na PUC-SP entre os ... leia mais","og_url":"https:\/\/institucional.ufrrj.br\/portalcpda\/28\u00aa-reuniao-brasileira-de-antropologia-rba\/","og_site_name":"CPDA","article_published_time":"2012-02-10T19:52:59+00:00","article_modified_time":"2018-06-29T19:37:49+00:00","og_image":[{"width":805,"height":805,"url":"https:\/\/institucional.ufrrj.br\/portalcpda\/files\/2012\/02\/Logo_28_RBA.jpg","type":"image\/jpeg"}],"author":"adminufrrj","twitter_card":"summary_large_image","twitter_misc":{"Escrito por":"adminufrrj","Est. tempo de leitura":"1 minuto"},"schema":{"@context":"https:\/\/schema.org","@graph":[{"@type":"Article","@id":"https:\/\/institucional.ufrrj.br\/portalcpda\/28%c2%aa-reuniao-brasileira-de-antropologia-rba\/#article","isPartOf":{"@id":"https:\/\/institucional.ufrrj.br\/portalcpda\/28%c2%aa-reuniao-brasileira-de-antropologia-rba\/"},"author":{"name":"adminufrrj","@id":"https:\/\/institucional.ufrrj.br\/portalcpda\/#\/schema\/person\/80342a6c044269309f3ec68feec82ecf"},"headline":"28\u00aa Reuni\u00e3o Brasileira de Antropologia (RBA)","datePublished":"2012-02-10T19:52:59+00:00","dateModified":"2018-06-29T19:37:49+00:00","mainEntityOfPage":{"@id":"https:\/\/institucional.ufrrj.br\/portalcpda\/28%c2%aa-reuniao-brasileira-de-antropologia-rba\/"},"wordCount":225,"commentCount":0,"image":{"@id":"https:\/\/institucional.ufrrj.br\/portalcpda\/28%c2%aa-reuniao-brasileira-de-antropologia-rba\/#primaryimage"},"thumbnailUrl":"http:\/\/r1.ufrrj.br\/cpda\/wp-content\/uploads\/2012\/02\/Logo_28_RBA-300x300.jpg","articleSection":["Noticias"],"inLanguage":"pt-BR","potentialAction":[{"@type":"CommentAction","name":"Comment","target":["https:\/\/institucional.ufrrj.br\/portalcpda\/28%c2%aa-reuniao-brasileira-de-antropologia-rba\/#respond"]}]},{"@type":"WebPage","@id":"https:\/\/institucional.ufrrj.br\/portalcpda\/28%c2%aa-reuniao-brasileira-de-antropologia-rba\/","url":"https:\/\/institucional.ufrrj.br\/portalcpda\/28%c2%aa-reuniao-brasileira-de-antropologia-rba\/","name":"28\u00aa Reuni\u00e3o Brasileira de Antropologia (RBA) - CPDA","isPartOf":{"@id":"https:\/\/institucional.ufrrj.br\/portalcpda\/#website"},"primaryImageOfPage":{"@id":"https:\/\/institucional.ufrrj.br\/portalcpda\/28%c2%aa-reuniao-brasileira-de-antropologia-rba\/#primaryimage"},"image":{"@id":"https:\/\/institucional.ufrrj.br\/portalcpda\/28%c2%aa-reuniao-brasileira-de-antropologia-rba\/#primaryimage"},"thumbnailUrl":"http:\/\/r1.ufrrj.br\/cpda\/wp-content\/uploads\/2012\/02\/Logo_28_RBA-300x300.jpg","datePublished":"2012-02-10T19:52:59+00:00","dateModified":"2018-06-29T19:37:49+00:00","author":{"@id":"https:\/\/institucional.ufrrj.br\/portalcpda\/#\/schema\/person\/80342a6c044269309f3ec68feec82ecf"},"breadcrumb":{"@id":"https:\/\/institucional.ufrrj.br\/portalcpda\/28%c2%aa-reuniao-brasileira-de-antropologia-rba\/#breadcrumb"},"inLanguage":"pt-BR","potentialAction":[{"@type":"ReadAction","target":["https:\/\/institucional.ufrrj.br\/portalcpda\/28%c2%aa-reuniao-brasileira-de-antropologia-rba\/"]}]},{"@type":"ImageObject","inLanguage":"pt-BR","@id":"https:\/\/institucional.ufrrj.br\/portalcpda\/28%c2%aa-reuniao-brasileira-de-antropologia-rba\/#primaryimage","url":"http:\/\/r1.ufrrj.br\/cpda\/wp-content\/uploads\/2012\/02\/Logo_28_RBA-300x300.jpg","contentUrl":"http:\/\/r1.ufrrj.br\/cpda\/wp-content\/uploads\/2012\/02\/Logo_28_RBA-300x300.jpg"},{"@type":"BreadcrumbList","@id":"https:\/\/institucional.ufrrj.br\/portalcpda\/28%c2%aa-reuniao-brasileira-de-antropologia-rba\/#breadcrumb","itemListElement":[{"@type":"ListItem","position":1,"name":"In\u00edcio","item":"https:\/\/institucional.ufrrj.br\/portalcpda\/"},{"@type":"ListItem","position":2,"name":"28\u00aa Reuni\u00e3o Brasileira de Antropologia (RBA)"}]},{"@type":"WebSite","@id":"https:\/\/institucional.ufrrj.br\/portalcpda\/#website","url":"https:\/\/institucional.ufrrj.br\/portalcpda\/","name":"CPDA","description":"institucional.ufrrj.br","potentialAction":[{"@type":"SearchAction","target":{"@type":"EntryPoint","urlTemplate":"https:\/\/institucional.ufrrj.br\/portalcpda\/?s={search_term_string}"},"query-input":{"@type":"PropertyValueSpecification","valueRequired":true,"valueName":"search_term_string"}}],"inLanguage":"pt-BR"},{"@type":"Person","@id":"https:\/\/institucional.ufrrj.br\/portalcpda\/#\/schema\/person\/80342a6c044269309f3ec68feec82ecf","name":"adminufrrj","image":{"@type":"ImageObject","inLanguage":"pt-BR","@id":"https:\/\/secure.gravatar.com\/avatar\/cb9927888ff50e28ce43546e8ad9dbcd4f028cf1c23730771b69c41b5b7e717c?s=96&d=mm&r=g","url":"https:\/\/secure.gravatar.com\/avatar\/cb9927888ff50e28ce43546e8ad9dbcd4f028cf1c23730771b69c41b5b7e717c?s=96&d=mm&r=g","contentUrl":"https:\/\/secure.gravatar.com\/avatar\/cb9927888ff50e28ce43546e8ad9dbcd4f028cf1c23730771b69c41b5b7e717c?s=96&d=mm&r=g","caption":"adminufrrj"},"url":"https:\/\/institucional.ufrrj.br\/portalcpda\/author\/adminufrrj\/"}]}},"acf":[],"_links":{"self":[{"href":"https:\/\/institucional.ufrrj.br\/portalcpda\/wp-json\/wp\/v2\/posts\/1480","targetHints":{"allow":["GET"]}}],"collection":[{"href":"https:\/\/institucional.ufrrj.br\/portalcpda\/wp-json\/wp\/v2\/posts"}],"about":[{"href":"https:\/\/institucional.ufrrj.br\/portalcpda\/wp-json\/wp\/v2\/types\/post"}],"author":[{"embeddable":true,"href":"https:\/\/institucional.ufrrj.br\/portalcpda\/wp-json\/wp\/v2\/users\/708"}],"replies":[{"embeddable":true,"href":"https:\/\/institucional.ufrrj.br\/portalcpda\/wp-json\/wp\/v2\/comments?post=1480"}],"version-history":[{"count":1,"href":"https:\/\/institucional.ufrrj.br\/portalcpda\/wp-json\/wp\/v2\/posts\/1480\/revisions"}],"predecessor-version":[{"id":13983,"href":"https:\/\/institucional.ufrrj.br\/portalcpda\/wp-json\/wp\/v2\/posts\/1480\/revisions\/13983"}],"wp:attachment":[{"href":"https:\/\/institucional.ufrrj.br\/portalcpda\/wp-json\/wp\/v2\/media?parent=1480"}],"wp:term":[{"taxonomy":"category","embeddable":true,"href":"https:\/\/institucional.ufrrj.br\/portalcpda\/wp-json\/wp\/v2\/categories?post=1480"},{"taxonomy":"post_tag","embeddable":true,"href":"https:\/\/institucional.ufrrj.br\/portalcpda\/wp-json\/wp\/v2\/tags?post=1480"}],"curies":[{"name":"wp","href":"https:\/\/api.w.org\/{rel}","templated":true}]}}