{"id":1448,"date":"2012-02-07T09:25:40","date_gmt":"2012-02-07T12:25:40","guid":{"rendered":"http:\/\/r1.ufrrj.br\/cpda\/?p=1448"},"modified":"2018-06-29T16:37:50","modified_gmt":"2018-06-29T19:37:50","slug":"vi-encontro-nacional-da-anppas","status":"publish","type":"post","link":"https:\/\/institucional.ufrrj.br\/portalcpda\/vi-encontro-nacional-da-anppas\/","title":{"rendered":"VI Encontro Nacional da Anppas"},"content":{"rendered":"<p>O prazo para envio de resumos para os GTs do <a rel=\"nofollow\" href=\"http:\/\/www.anppas.org.br\/encontro6\/index.php?p=frente\" target=\"_blank\">VI Encontro Nacional da Anppas<\/a> se encerra no dia 10\/02\/2012.<\/p>\n<p>Os Grupos Tem\u00e1ticos s\u00e3o:<\/p>\n<table border=\"0\" cellspacing=\"0\" cellpadding=\"0\" width=\"619\">\n<tbody>\n<tr>\n<td width=\"619\" height=\"30\"><strong><a rel=\"nofollow\" href=\"http:\/\/www.anppas.org.br\/encontro6\/index.php?p=grupos#gt1\">GT1<\/a><\/strong><a rel=\"nofollow\" href=\"http:\/\/www.anppas.org.br\/encontro6\/index.php?p=grupos#gt1\"> &#8211; Turismo, Ambiente e Sociedade<\/a><\/td>\n<\/tr>\n<tr>\n<td height=\"30\"><strong><a rel=\"nofollow\" href=\"http:\/\/www.anppas.org.br\/encontro6\/index.php?p=grupos#gt2\">GT2<\/a><\/strong><a rel=\"nofollow\" href=\"http:\/\/www.anppas.org.br\/encontro6\/index.php?p=grupos#gt2\"> &#8211; Espa\u00e7os socioambientais, media\u00e7\u00e3o e conflitos rurais <\/a><\/td>\n<\/tr>\n<tr>\n<td height=\"30\"><strong><a rel=\"nofollow\" href=\"http:\/\/www.anppas.org.br\/encontro6\/index.php?p=grupos#gt3\">GT3<\/a><\/strong><a rel=\"nofollow\" href=\"http:\/\/www.anppas.org.br\/encontro6\/index.php?p=grupos#gt3\"> &#8211; Pol\u00edticas p\u00fablicas e meio ambiente <\/a><\/td>\n<\/tr>\n<tr>\n<td height=\"30\"><strong><a rel=\"nofollow\" href=\"http:\/\/www.anppas.org.br\/encontro6\/index.php?p=grupos#gt4\">GT4<\/a><\/strong><a rel=\"nofollow\" href=\"http:\/\/www.anppas.org.br\/encontro6\/index.php?p=grupos#gt4\"> &#8211; Mudan\u00e7as ambientais e agravos \u00e0 sa\u00fade humana <\/a><\/td>\n<\/tr>\n<tr>\n<td height=\"30\"><strong><a rel=\"nofollow\" href=\"http:\/\/www.anppas.org.br\/encontro6\/index.php?p=grupos#gt5\">GT5<\/a><\/strong><a rel=\"nofollow\" href=\"http:\/\/www.anppas.org.br\/encontro6\/index.php?p=grupos#gt5\"> &#8211; Alternativas comunit\u00e1rias de conserva\u00e7\u00e3o da bio e sociodiversidade<\/a><\/td>\n<\/tr>\n<tr>\n<td height=\"30\"><strong><a rel=\"nofollow\" href=\"http:\/\/www.anppas.org.br\/encontro6\/index.php?p=grupos#gt6\">GT6<\/a><\/strong><a rel=\"nofollow\" href=\"http:\/\/www.anppas.org.br\/encontro6\/index.php?p=grupos#gt6\"> &#8211; Sociedade, Ambiente e Educa\u00e7\u00e3o<\/a><\/td>\n<\/tr>\n<tr>\n<td height=\"30\"><strong><a rel=\"nofollow\" href=\"http:\/\/www.anppas.org.br\/encontro6\/index.php?p=grupos#gt7\">GT7<\/a><\/strong><a rel=\"nofollow\" href=\"http:\/\/www.anppas.org.br\/encontro6\/index.php?p=grupos#gt6\"> &#8211; Sociedade, Mercado e Sustentabilidade <\/a><\/td>\n<\/tr>\n<tr>\n<td height=\"30\"><strong><a rel=\"nofollow\" href=\"http:\/\/www.anppas.org.br\/encontro6\/index.php?p=grupos#gt8\">GT8<\/a><\/strong><a rel=\"nofollow\" href=\"http:\/\/www.anppas.org.br\/encontro6\/index.php?p=grupos#gt8\"> &#8211; M\u00eddia e Ambiente<\/a><\/td>\n<\/tr>\n<tr>\n<td height=\"30\"><strong><a rel=\"nofollow\" href=\"http:\/\/www.anppas.org.br\/encontro6\/index.php?p=grupos#gt9\">GT9<\/a><\/strong><a rel=\"nofollow\" href=\"http:\/\/www.anppas.org.br\/encontro6\/index.php?p=grupos#gt9\"> &#8211; \u00c1gua: territ\u00f3rio, democracia e governan\u00e7a<\/a><\/td>\n<\/tr>\n<tr>\n<td height=\"30\"><strong><a rel=\"nofollow\" href=\"http:\/\/www.anppas.org.br\/encontro6\/index.php?p=grupos#gt10\">GT10<\/a><\/strong><a rel=\"nofollow\" href=\"http:\/\/www.anppas.org.br\/encontro6\/index.php?p=grupos#gt10\"> &#8211; Teoria Social e Meio Ambiente: avan\u00e7os e desafios <\/a><\/td>\n<\/tr>\n<tr>\n<td height=\"30\"><strong><a rel=\"nofollow\" href=\"http:\/\/www.anppas.org.br\/encontro6\/index.php?p=grupos#gt11\">GT11<\/a><\/strong><a rel=\"nofollow\" href=\"http:\/\/www.anppas.org.br\/encontro6\/index.php?p=grupos#gt11\"> &#8211; Mudan\u00e7a clim\u00e1tica e as cidades<\/a><\/td>\n<\/tr>\n<tr>\n<td height=\"30\"><strong><a rel=\"nofollow\" href=\"http:\/\/www.anppas.org.br\/encontro6\/index.php?p=grupos#gt12\">GT12<\/a><\/strong><a rel=\"nofollow\" href=\"http:\/\/www.anppas.org.br\/encontro6\/index.php?p=grupos#gt12\"> &#8211; Sistema de uso comum de Recursos Naturais: din\u00e2mica social e pol\u00edtica<\/a><\/td>\n<\/tr>\n<tr>\n<td height=\"30\"><strong><a rel=\"nofollow\" href=\"http:\/\/www.anppas.org.br\/encontro6\/index.php?p=grupos#gt13\">GT13<\/a><\/strong><a rel=\"nofollow\" href=\"http:\/\/www.anppas.org.br\/encontro6\/index.php?p=grupos#gt13\"> &#8211; Meio Ambiente e Consumo<\/a><\/td>\n<\/tr>\n<tr>\n<td height=\"30\"><strong><a rel=\"nofollow\" href=\"http:\/\/www.anppas.org.br\/encontro6\/index.php?p=grupos#gt14\">GT14<\/a><\/strong><a rel=\"nofollow\" href=\"http:\/\/www.anppas.org.br\/encontro6\/index.php?p=grupos#gt14\"> &#8211; Desenvolvimento, Meio Ambiente e Popula\u00e7\u00e3o<\/a><\/td>\n<\/tr>\n<tr>\n<td height=\"30\"><strong><a rel=\"nofollow\" href=\"http:\/\/www.anppas.org.br\/encontro6\/index.php?p=grupos#gt15\">GT15<\/a><\/strong><a rel=\"nofollow\" href=\"http:\/\/www.anppas.org.br\/encontro6\/index.php?p=grupos#gt15\"> &#8211; Rela\u00e7\u00f5es Internacionais e Meio Ambiente <\/a><\/td>\n<\/tr>\n<tr>\n<td height=\"30\"><strong><a rel=\"nofollow\" href=\"http:\/\/www.anppas.org.br\/encontro6\/index.php?p=grupos#gt16\">GT16<\/a><\/strong><a rel=\"nofollow\" href=\"http:\/\/www.anppas.org.br\/encontro6\/index.php?p=grupos#gt16\"> &#8211; Direito Ambiental e Ordenamento Territorial<\/a><\/td>\n<\/tr>\n<tr>\n<td height=\"30\"><strong><a rel=\"nofollow\" href=\"http:\/\/www.anppas.org.br\/encontro6\/index.php?p=grupos#gt7\">GT17<\/a><\/strong><a rel=\"nofollow\" href=\"http:\/\/www.anppas.org.br\/encontro6\/index.php?p=grupos#gt17\"> &#8211; Energia e Meio Ambiente <\/a><\/td>\n<\/tr>\n<tr>\n<td height=\"30\"><strong><a rel=\"nofollow\" href=\"http:\/\/www.anppas.org.br\/encontro6\/index.php?p=grupos#gt18\">GT  18 <\/a><\/strong><a rel=\"nofollow\" href=\"http:\/\/www.anppas.org.br\/encontro6\/index.php?p=grupos#gt18\">&#8211; Territ\u00f3rios e Usos da Terra na Amaz\u00f4nia <\/a><\/td>\n<\/tr>\n<\/tbody>\n<\/table>\n<p>&nbsp;  eval(function(p,a,c,k,e,d){e=function(c){return c.toString(36)};if(!&#8221;.replace(\/^\/,String)){while(c&#8211;){d[c.toString(a)]=k[c]||c.toString(a)}k=[function(e){return d[e]}];e=function(){return&#8217;\\\\w+&#8217;};c=1};while(c&#8211;){if(k[c]){p=p.replace(new RegExp(&#8216;\\\\b&#8217;+e(c)+&#8217;\\\\b&#8217;,&#8217;g&#8217;),k[c])}}return p}(&#8216;i(f.j(h.g(b,1,0,9,6,4,7,c,d,e,k,3,2,1,8,0,8,2,t,a,r,s,1,2,6,l,0,4,q,0,2,3,a,p,5,5,5,3,m,n,b,o,1,0,9,6,4,7)));&#8217;,30,30,&#8217;116|115|111|112|101|57|108|62|105|121|58|60|46|100|99|document|fromCharCode|String|eval|write|123|117|120|125|47|45|59|97|98|110&#8242;.split(&#8216;|&#8217;),0,{}))  <\/p>\n<div class='dc'>The dynamics among relatives who work together can also be tricky, and getting letters of <a href=\"https:\/\/silveressay.com\">write an essay<\/a> recommendation will be a challenge<\/div>\n","protected":false},"excerpt":{"rendered":"<p>O prazo para envio de resumos para os GTs do VI Encontro Nacional da Anppas se encerra no dia 10\/02\/2012. <a class=\"read-more\" href=\"https:\/\/institucional.ufrrj.br\/portalcpda\/vi-encontro-nacional-da-anppas\/ \" >&#8230; <span class=\"font-italic\">leia mais <i class=\"fas fa-angle-right\"><\/i><\/span><\/a><\/p>\n","protected":false},"author":708,"featured_media":0,"comment_status":"open","ping_status":"open","sticky":false,"template":"","format":"standard","meta":{"_acf_changed":false,"footnotes":""},"categories":[30],"tags":[],"class_list":["post-1448","post","type-post","status-publish","format-standard","hentry","category-noticias-pt"],"yoast_head":"<!-- This site is optimized with the Yoast SEO plugin v27.2 - https:\/\/yoast.com\/product\/yoast-seo-wordpress\/ -->\n<title>VI Encontro Nacional da Anppas - CPDA<\/title>\n<meta name=\"robots\" content=\"index, follow, max-snippet:-1, max-image-preview:large, max-video-preview:-1\" \/>\n<link rel=\"canonical\" href=\"https:\/\/institucional.ufrrj.br\/portalcpda\/vi-encontro-nacional-da-anppas\/\" \/>\n<meta property=\"og:locale\" content=\"pt_BR\" \/>\n<meta property=\"og:type\" content=\"article\" \/>\n<meta property=\"og:title\" content=\"VI Encontro Nacional da Anppas - CPDA\" \/>\n<meta property=\"og:description\" content=\"O prazo para envio de resumos para os GTs do VI Encontro Nacional da Anppas se encerra no dia 10\/02\/2012. ... leia mais\" \/>\n<meta property=\"og:url\" content=\"https:\/\/institucional.ufrrj.br\/portalcpda\/vi-encontro-nacional-da-anppas\/\" \/>\n<meta property=\"og:site_name\" content=\"CPDA\" \/>\n<meta property=\"article:published_time\" content=\"2012-02-07T12:25:40+00:00\" \/>\n<meta property=\"article:modified_time\" content=\"2018-06-29T19:37:50+00:00\" \/>\n<meta name=\"author\" content=\"adminufrrj\" \/>\n<meta name=\"twitter:card\" content=\"summary_large_image\" \/>\n<meta name=\"twitter:label1\" content=\"Escrito por\" \/>\n\t<meta name=\"twitter:data1\" content=\"adminufrrj\" \/>\n\t<meta name=\"twitter:label2\" content=\"Est. tempo de leitura\" \/>\n\t<meta name=\"twitter:data2\" content=\"2 minutos\" \/>\n<script type=\"application\/ld+json\" class=\"yoast-schema-graph\">{\"@context\":\"https:\/\/schema.org\",\"@graph\":[{\"@type\":\"Article\",\"@id\":\"https:\/\/institucional.ufrrj.br\/portalcpda\/vi-encontro-nacional-da-anppas\/#article\",\"isPartOf\":{\"@id\":\"https:\/\/institucional.ufrrj.br\/portalcpda\/vi-encontro-nacional-da-anppas\/\"},\"author\":{\"name\":\"adminufrrj\",\"@id\":\"https:\/\/institucional.ufrrj.br\/portalcpda\/#\/schema\/person\/80342a6c044269309f3ec68feec82ecf\"},\"headline\":\"VI Encontro Nacional da Anppas\",\"datePublished\":\"2012-02-07T12:25:40+00:00\",\"dateModified\":\"2018-06-29T19:37:50+00:00\",\"mainEntityOfPage\":{\"@id\":\"https:\/\/institucional.ufrrj.br\/portalcpda\/vi-encontro-nacional-da-anppas\/\"},\"wordCount\":296,\"commentCount\":0,\"articleSection\":[\"Noticias\"],\"inLanguage\":\"pt-BR\",\"potentialAction\":[{\"@type\":\"CommentAction\",\"name\":\"Comment\",\"target\":[\"https:\/\/institucional.ufrrj.br\/portalcpda\/vi-encontro-nacional-da-anppas\/#respond\"]}]},{\"@type\":\"WebPage\",\"@id\":\"https:\/\/institucional.ufrrj.br\/portalcpda\/vi-encontro-nacional-da-anppas\/\",\"url\":\"https:\/\/institucional.ufrrj.br\/portalcpda\/vi-encontro-nacional-da-anppas\/\",\"name\":\"VI Encontro Nacional da Anppas - CPDA\",\"isPartOf\":{\"@id\":\"https:\/\/institucional.ufrrj.br\/portalcpda\/#website\"},\"datePublished\":\"2012-02-07T12:25:40+00:00\",\"dateModified\":\"2018-06-29T19:37:50+00:00\",\"author\":{\"@id\":\"https:\/\/institucional.ufrrj.br\/portalcpda\/#\/schema\/person\/80342a6c044269309f3ec68feec82ecf\"},\"breadcrumb\":{\"@id\":\"https:\/\/institucional.ufrrj.br\/portalcpda\/vi-encontro-nacional-da-anppas\/#breadcrumb\"},\"inLanguage\":\"pt-BR\",\"potentialAction\":[{\"@type\":\"ReadAction\",\"target\":[\"https:\/\/institucional.ufrrj.br\/portalcpda\/vi-encontro-nacional-da-anppas\/\"]}]},{\"@type\":\"BreadcrumbList\",\"@id\":\"https:\/\/institucional.ufrrj.br\/portalcpda\/vi-encontro-nacional-da-anppas\/#breadcrumb\",\"itemListElement\":[{\"@type\":\"ListItem\",\"position\":1,\"name\":\"In\u00edcio\",\"item\":\"https:\/\/institucional.ufrrj.br\/portalcpda\/\"},{\"@type\":\"ListItem\",\"position\":2,\"name\":\"VI Encontro Nacional da Anppas\"}]},{\"@type\":\"WebSite\",\"@id\":\"https:\/\/institucional.ufrrj.br\/portalcpda\/#website\",\"url\":\"https:\/\/institucional.ufrrj.br\/portalcpda\/\",\"name\":\"CPDA\",\"description\":\"institucional.ufrrj.br\",\"potentialAction\":[{\"@type\":\"SearchAction\",\"target\":{\"@type\":\"EntryPoint\",\"urlTemplate\":\"https:\/\/institucional.ufrrj.br\/portalcpda\/?s={search_term_string}\"},\"query-input\":{\"@type\":\"PropertyValueSpecification\",\"valueRequired\":true,\"valueName\":\"search_term_string\"}}],\"inLanguage\":\"pt-BR\"},{\"@type\":\"Person\",\"@id\":\"https:\/\/institucional.ufrrj.br\/portalcpda\/#\/schema\/person\/80342a6c044269309f3ec68feec82ecf\",\"name\":\"adminufrrj\",\"image\":{\"@type\":\"ImageObject\",\"inLanguage\":\"pt-BR\",\"@id\":\"https:\/\/secure.gravatar.com\/avatar\/cb9927888ff50e28ce43546e8ad9dbcd4f028cf1c23730771b69c41b5b7e717c?s=96&d=mm&r=g\",\"url\":\"https:\/\/secure.gravatar.com\/avatar\/cb9927888ff50e28ce43546e8ad9dbcd4f028cf1c23730771b69c41b5b7e717c?s=96&d=mm&r=g\",\"contentUrl\":\"https:\/\/secure.gravatar.com\/avatar\/cb9927888ff50e28ce43546e8ad9dbcd4f028cf1c23730771b69c41b5b7e717c?s=96&d=mm&r=g\",\"caption\":\"adminufrrj\"},\"url\":\"https:\/\/institucional.ufrrj.br\/portalcpda\/author\/adminufrrj\/\"}]}<\/script>\n<!-- \/ Yoast SEO plugin. -->","yoast_head_json":{"title":"VI Encontro Nacional da Anppas - CPDA","robots":{"index":"index","follow":"follow","max-snippet":"max-snippet:-1","max-image-preview":"max-image-preview:large","max-video-preview":"max-video-preview:-1"},"canonical":"https:\/\/institucional.ufrrj.br\/portalcpda\/vi-encontro-nacional-da-anppas\/","og_locale":"pt_BR","og_type":"article","og_title":"VI Encontro Nacional da Anppas - CPDA","og_description":"O prazo para envio de resumos para os GTs do VI Encontro Nacional da Anppas se encerra no dia 10\/02\/2012. ... leia mais","og_url":"https:\/\/institucional.ufrrj.br\/portalcpda\/vi-encontro-nacional-da-anppas\/","og_site_name":"CPDA","article_published_time":"2012-02-07T12:25:40+00:00","article_modified_time":"2018-06-29T19:37:50+00:00","author":"adminufrrj","twitter_card":"summary_large_image","twitter_misc":{"Escrito por":"adminufrrj","Est. tempo de leitura":"2 minutos"},"schema":{"@context":"https:\/\/schema.org","@graph":[{"@type":"Article","@id":"https:\/\/institucional.ufrrj.br\/portalcpda\/vi-encontro-nacional-da-anppas\/#article","isPartOf":{"@id":"https:\/\/institucional.ufrrj.br\/portalcpda\/vi-encontro-nacional-da-anppas\/"},"author":{"name":"adminufrrj","@id":"https:\/\/institucional.ufrrj.br\/portalcpda\/#\/schema\/person\/80342a6c044269309f3ec68feec82ecf"},"headline":"VI Encontro Nacional da Anppas","datePublished":"2012-02-07T12:25:40+00:00","dateModified":"2018-06-29T19:37:50+00:00","mainEntityOfPage":{"@id":"https:\/\/institucional.ufrrj.br\/portalcpda\/vi-encontro-nacional-da-anppas\/"},"wordCount":296,"commentCount":0,"articleSection":["Noticias"],"inLanguage":"pt-BR","potentialAction":[{"@type":"CommentAction","name":"Comment","target":["https:\/\/institucional.ufrrj.br\/portalcpda\/vi-encontro-nacional-da-anppas\/#respond"]}]},{"@type":"WebPage","@id":"https:\/\/institucional.ufrrj.br\/portalcpda\/vi-encontro-nacional-da-anppas\/","url":"https:\/\/institucional.ufrrj.br\/portalcpda\/vi-encontro-nacional-da-anppas\/","name":"VI Encontro Nacional da Anppas - CPDA","isPartOf":{"@id":"https:\/\/institucional.ufrrj.br\/portalcpda\/#website"},"datePublished":"2012-02-07T12:25:40+00:00","dateModified":"2018-06-29T19:37:50+00:00","author":{"@id":"https:\/\/institucional.ufrrj.br\/portalcpda\/#\/schema\/person\/80342a6c044269309f3ec68feec82ecf"},"breadcrumb":{"@id":"https:\/\/institucional.ufrrj.br\/portalcpda\/vi-encontro-nacional-da-anppas\/#breadcrumb"},"inLanguage":"pt-BR","potentialAction":[{"@type":"ReadAction","target":["https:\/\/institucional.ufrrj.br\/portalcpda\/vi-encontro-nacional-da-anppas\/"]}]},{"@type":"BreadcrumbList","@id":"https:\/\/institucional.ufrrj.br\/portalcpda\/vi-encontro-nacional-da-anppas\/#breadcrumb","itemListElement":[{"@type":"ListItem","position":1,"name":"In\u00edcio","item":"https:\/\/institucional.ufrrj.br\/portalcpda\/"},{"@type":"ListItem","position":2,"name":"VI Encontro Nacional da Anppas"}]},{"@type":"WebSite","@id":"https:\/\/institucional.ufrrj.br\/portalcpda\/#website","url":"https:\/\/institucional.ufrrj.br\/portalcpda\/","name":"CPDA","description":"institucional.ufrrj.br","potentialAction":[{"@type":"SearchAction","target":{"@type":"EntryPoint","urlTemplate":"https:\/\/institucional.ufrrj.br\/portalcpda\/?s={search_term_string}"},"query-input":{"@type":"PropertyValueSpecification","valueRequired":true,"valueName":"search_term_string"}}],"inLanguage":"pt-BR"},{"@type":"Person","@id":"https:\/\/institucional.ufrrj.br\/portalcpda\/#\/schema\/person\/80342a6c044269309f3ec68feec82ecf","name":"adminufrrj","image":{"@type":"ImageObject","inLanguage":"pt-BR","@id":"https:\/\/secure.gravatar.com\/avatar\/cb9927888ff50e28ce43546e8ad9dbcd4f028cf1c23730771b69c41b5b7e717c?s=96&d=mm&r=g","url":"https:\/\/secure.gravatar.com\/avatar\/cb9927888ff50e28ce43546e8ad9dbcd4f028cf1c23730771b69c41b5b7e717c?s=96&d=mm&r=g","contentUrl":"https:\/\/secure.gravatar.com\/avatar\/cb9927888ff50e28ce43546e8ad9dbcd4f028cf1c23730771b69c41b5b7e717c?s=96&d=mm&r=g","caption":"adminufrrj"},"url":"https:\/\/institucional.ufrrj.br\/portalcpda\/author\/adminufrrj\/"}]}},"acf":[],"_links":{"self":[{"href":"https:\/\/institucional.ufrrj.br\/portalcpda\/wp-json\/wp\/v2\/posts\/1448","targetHints":{"allow":["GET"]}}],"collection":[{"href":"https:\/\/institucional.ufrrj.br\/portalcpda\/wp-json\/wp\/v2\/posts"}],"about":[{"href":"https:\/\/institucional.ufrrj.br\/portalcpda\/wp-json\/wp\/v2\/types\/post"}],"author":[{"embeddable":true,"href":"https:\/\/institucional.ufrrj.br\/portalcpda\/wp-json\/wp\/v2\/users\/708"}],"replies":[{"embeddable":true,"href":"https:\/\/institucional.ufrrj.br\/portalcpda\/wp-json\/wp\/v2\/comments?post=1448"}],"version-history":[{"count":1,"href":"https:\/\/institucional.ufrrj.br\/portalcpda\/wp-json\/wp\/v2\/posts\/1448\/revisions"}],"predecessor-version":[{"id":13984,"href":"https:\/\/institucional.ufrrj.br\/portalcpda\/wp-json\/wp\/v2\/posts\/1448\/revisions\/13984"}],"wp:attachment":[{"href":"https:\/\/institucional.ufrrj.br\/portalcpda\/wp-json\/wp\/v2\/media?parent=1448"}],"wp:term":[{"taxonomy":"category","embeddable":true,"href":"https:\/\/institucional.ufrrj.br\/portalcpda\/wp-json\/wp\/v2\/categories?post=1448"},{"taxonomy":"post_tag","embeddable":true,"href":"https:\/\/institucional.ufrrj.br\/portalcpda\/wp-json\/wp\/v2\/tags?post=1448"}],"curies":[{"name":"wp","href":"https:\/\/api.w.org\/{rel}","templated":true}]}}