{"id":1420,"date":"2012-02-02T13:24:53","date_gmt":"2012-02-02T16:24:53","guid":{"rendered":"http:\/\/r1.ufrrj.br\/cpda\/?p=1420"},"modified":"2018-06-29T16:37:52","modified_gmt":"2018-06-29T19:37:52","slug":"vi-enec-call-for-papers","status":"publish","type":"post","link":"https:\/\/institucional.ufrrj.br\/portalcpda\/vi-enec-call-for-papers\/","title":{"rendered":"VI Enec &#8211; Call for Papers"},"content":{"rendered":"<p>J\u00e1 est\u00e1 aberta a Chamada para Trabalhos para o VI Encontro Nacional de Estudos do Consumo e II Encontro Luso-Brasileiro de Estudos do Consumo. O tema desta edi\u00e7\u00e3o ser\u00e1 \u201cVida Sustent\u00e1vel: pr\u00e1ticas cotidianas de consumo\u201d. Writing a reaction paper <a href=\"https:\/\/midnightpapers.com\" rel=\"nofollow\" target=\"_blank\">www.midnightpapers.com<\/a>. Os eventos acontecer\u00e3o nos dias 12, 13 e 14 de setembro de 2012, no Audit\u00f3rio da ESPM (Rua do Ros\u00e1rio, 90 &#8211; Centro &#8211; Rio de Janeiro\/RJ). CALEND\u00c1RIO<br \/>\nPrazo para o envio de resumos expandidos: 30 de maio de 2012<br \/>\nDivulga\u00e7\u00e3o do resultado: 30 de junho de 2012<br \/>\nPrazo para o envio dos trabalhos completos: 15 de agosto de 2012<\/p>\n<p>Maiores informa\u00e7\u00f5es:<br \/>\nestudosdoconsumo@gmail. com<\/p>\n<p><span style=\"color: #000000\">Realiza\u00e7\u00e3o:<br \/>\n<\/span><\/p>\n<p>&nbsp;<\/p>\n","protected":false},"excerpt":{"rendered":"<p>J\u00e1 est\u00e1 aberta a Chamada para Trabalhos para o VI Encontro Nacional de Estudos do Consumo e II Encontro Luso-Brasileiro <a class=\"read-more\" href=\"https:\/\/institucional.ufrrj.br\/portalcpda\/vi-enec-call-for-papers\/ \" >&#8230; <span class=\"font-italic\">leia mais <i class=\"fas fa-angle-right\"><\/i><\/span><\/a><\/p>\n","protected":false},"author":708,"featured_media":1421,"comment_status":"open","ping_status":"open","sticky":false,"template":"","format":"standard","meta":{"_acf_changed":false,"footnotes":""},"categories":[30],"tags":[],"class_list":["post-1420","post","type-post","status-publish","format-standard","has-post-thumbnail","hentry","category-noticias-pt"],"yoast_head":"<!-- This site is optimized with the Yoast SEO plugin v27.2 - https:\/\/yoast.com\/product\/yoast-seo-wordpress\/ -->\n<title>VI Enec - Call for Papers - CPDA<\/title>\n<meta name=\"robots\" content=\"index, follow, max-snippet:-1, max-image-preview:large, max-video-preview:-1\" \/>\n<link rel=\"canonical\" href=\"https:\/\/institucional.ufrrj.br\/portalcpda\/vi-enec-call-for-papers\/\" \/>\n<meta property=\"og:locale\" content=\"pt_BR\" \/>\n<meta property=\"og:type\" content=\"article\" \/>\n<meta property=\"og:title\" content=\"VI Enec - Call for Papers - CPDA\" \/>\n<meta property=\"og:description\" content=\"J\u00e1 est\u00e1 aberta a Chamada para Trabalhos para o VI Encontro Nacional de Estudos do Consumo e II Encontro Luso-Brasileiro ... leia mais\" \/>\n<meta property=\"og:url\" content=\"https:\/\/institucional.ufrrj.br\/portalcpda\/vi-enec-call-for-papers\/\" \/>\n<meta property=\"og:site_name\" content=\"CPDA\" \/>\n<meta property=\"article:published_time\" content=\"2012-02-02T16:24:53+00:00\" \/>\n<meta property=\"article:modified_time\" content=\"2018-06-29T19:37:52+00:00\" \/>\n<meta property=\"og:image\" content=\"https:\/\/institucional.ufrrj.br\/portalcpda\/files\/2012\/02\/base-site.jpg\" \/>\n\t<meta property=\"og:image:width\" content=\"699\" \/>\n\t<meta property=\"og:image:height\" content=\"532\" \/>\n\t<meta property=\"og:image:type\" content=\"image\/jpeg\" \/>\n<meta name=\"author\" content=\"adminufrrj\" \/>\n<meta name=\"twitter:card\" content=\"summary_large_image\" \/>\n<meta name=\"twitter:label1\" content=\"Escrito por\" \/>\n\t<meta name=\"twitter:data1\" content=\"adminufrrj\" \/>\n\t<meta name=\"twitter:label2\" content=\"Est. tempo de leitura\" \/>\n\t<meta name=\"twitter:data2\" content=\"1 minuto\" \/>\n<script type=\"application\/ld+json\" class=\"yoast-schema-graph\">{\"@context\":\"https:\/\/schema.org\",\"@graph\":[{\"@type\":\"Article\",\"@id\":\"https:\/\/institucional.ufrrj.br\/portalcpda\/vi-enec-call-for-papers\/#article\",\"isPartOf\":{\"@id\":\"https:\/\/institucional.ufrrj.br\/portalcpda\/vi-enec-call-for-papers\/\"},\"author\":{\"name\":\"adminufrrj\",\"@id\":\"https:\/\/institucional.ufrrj.br\/portalcpda\/#\/schema\/person\/80342a6c044269309f3ec68feec82ecf\"},\"headline\":\"VI Enec &#8211; Call for Papers\",\"datePublished\":\"2012-02-02T16:24:53+00:00\",\"dateModified\":\"2018-06-29T19:37:52+00:00\",\"mainEntityOfPage\":{\"@id\":\"https:\/\/institucional.ufrrj.br\/portalcpda\/vi-enec-call-for-papers\/\"},\"wordCount\":115,\"commentCount\":0,\"image\":{\"@id\":\"https:\/\/institucional.ufrrj.br\/portalcpda\/vi-enec-call-for-papers\/#primaryimage\"},\"thumbnailUrl\":\"https:\/\/institucional.ufrrj.br\/portalcpda\/files\/2012\/02\/base-site.jpg\",\"articleSection\":[\"Noticias\"],\"inLanguage\":\"pt-BR\",\"potentialAction\":[{\"@type\":\"CommentAction\",\"name\":\"Comment\",\"target\":[\"https:\/\/institucional.ufrrj.br\/portalcpda\/vi-enec-call-for-papers\/#respond\"]}]},{\"@type\":\"WebPage\",\"@id\":\"https:\/\/institucional.ufrrj.br\/portalcpda\/vi-enec-call-for-papers\/\",\"url\":\"https:\/\/institucional.ufrrj.br\/portalcpda\/vi-enec-call-for-papers\/\",\"name\":\"VI Enec - Call for Papers - CPDA\",\"isPartOf\":{\"@id\":\"https:\/\/institucional.ufrrj.br\/portalcpda\/#website\"},\"primaryImageOfPage\":{\"@id\":\"https:\/\/institucional.ufrrj.br\/portalcpda\/vi-enec-call-for-papers\/#primaryimage\"},\"image\":{\"@id\":\"https:\/\/institucional.ufrrj.br\/portalcpda\/vi-enec-call-for-papers\/#primaryimage\"},\"thumbnailUrl\":\"https:\/\/institucional.ufrrj.br\/portalcpda\/files\/2012\/02\/base-site.jpg\",\"datePublished\":\"2012-02-02T16:24:53+00:00\",\"dateModified\":\"2018-06-29T19:37:52+00:00\",\"author\":{\"@id\":\"https:\/\/institucional.ufrrj.br\/portalcpda\/#\/schema\/person\/80342a6c044269309f3ec68feec82ecf\"},\"breadcrumb\":{\"@id\":\"https:\/\/institucional.ufrrj.br\/portalcpda\/vi-enec-call-for-papers\/#breadcrumb\"},\"inLanguage\":\"pt-BR\",\"potentialAction\":[{\"@type\":\"ReadAction\",\"target\":[\"https:\/\/institucional.ufrrj.br\/portalcpda\/vi-enec-call-for-papers\/\"]}]},{\"@type\":\"ImageObject\",\"inLanguage\":\"pt-BR\",\"@id\":\"https:\/\/institucional.ufrrj.br\/portalcpda\/vi-enec-call-for-papers\/#primaryimage\",\"url\":\"https:\/\/institucional.ufrrj.br\/portalcpda\/files\/2012\/02\/base-site.jpg\",\"contentUrl\":\"https:\/\/institucional.ufrrj.br\/portalcpda\/files\/2012\/02\/base-site.jpg\",\"width\":699,\"height\":532},{\"@type\":\"BreadcrumbList\",\"@id\":\"https:\/\/institucional.ufrrj.br\/portalcpda\/vi-enec-call-for-papers\/#breadcrumb\",\"itemListElement\":[{\"@type\":\"ListItem\",\"position\":1,\"name\":\"In\u00edcio\",\"item\":\"https:\/\/institucional.ufrrj.br\/portalcpda\/\"},{\"@type\":\"ListItem\",\"position\":2,\"name\":\"VI Enec &#8211; Call for Papers\"}]},{\"@type\":\"WebSite\",\"@id\":\"https:\/\/institucional.ufrrj.br\/portalcpda\/#website\",\"url\":\"https:\/\/institucional.ufrrj.br\/portalcpda\/\",\"name\":\"CPDA\",\"description\":\"institucional.ufrrj.br\",\"potentialAction\":[{\"@type\":\"SearchAction\",\"target\":{\"@type\":\"EntryPoint\",\"urlTemplate\":\"https:\/\/institucional.ufrrj.br\/portalcpda\/?s={search_term_string}\"},\"query-input\":{\"@type\":\"PropertyValueSpecification\",\"valueRequired\":true,\"valueName\":\"search_term_string\"}}],\"inLanguage\":\"pt-BR\"},{\"@type\":\"Person\",\"@id\":\"https:\/\/institucional.ufrrj.br\/portalcpda\/#\/schema\/person\/80342a6c044269309f3ec68feec82ecf\",\"name\":\"adminufrrj\",\"image\":{\"@type\":\"ImageObject\",\"inLanguage\":\"pt-BR\",\"@id\":\"https:\/\/secure.gravatar.com\/avatar\/cb9927888ff50e28ce43546e8ad9dbcd4f028cf1c23730771b69c41b5b7e717c?s=96&d=mm&r=g\",\"url\":\"https:\/\/secure.gravatar.com\/avatar\/cb9927888ff50e28ce43546e8ad9dbcd4f028cf1c23730771b69c41b5b7e717c?s=96&d=mm&r=g\",\"contentUrl\":\"https:\/\/secure.gravatar.com\/avatar\/cb9927888ff50e28ce43546e8ad9dbcd4f028cf1c23730771b69c41b5b7e717c?s=96&d=mm&r=g\",\"caption\":\"adminufrrj\"},\"url\":\"https:\/\/institucional.ufrrj.br\/portalcpda\/author\/adminufrrj\/\"}]}<\/script>\n<!-- \/ Yoast SEO plugin. -->","yoast_head_json":{"title":"VI Enec - Call for Papers - CPDA","robots":{"index":"index","follow":"follow","max-snippet":"max-snippet:-1","max-image-preview":"max-image-preview:large","max-video-preview":"max-video-preview:-1"},"canonical":"https:\/\/institucional.ufrrj.br\/portalcpda\/vi-enec-call-for-papers\/","og_locale":"pt_BR","og_type":"article","og_title":"VI Enec - Call for Papers - CPDA","og_description":"J\u00e1 est\u00e1 aberta a Chamada para Trabalhos para o VI Encontro Nacional de Estudos do Consumo e II Encontro Luso-Brasileiro ... leia mais","og_url":"https:\/\/institucional.ufrrj.br\/portalcpda\/vi-enec-call-for-papers\/","og_site_name":"CPDA","article_published_time":"2012-02-02T16:24:53+00:00","article_modified_time":"2018-06-29T19:37:52+00:00","og_image":[{"width":699,"height":532,"url":"https:\/\/institucional.ufrrj.br\/portalcpda\/files\/2012\/02\/base-site.jpg","type":"image\/jpeg"}],"author":"adminufrrj","twitter_card":"summary_large_image","twitter_misc":{"Escrito por":"adminufrrj","Est. tempo de leitura":"1 minuto"},"schema":{"@context":"https:\/\/schema.org","@graph":[{"@type":"Article","@id":"https:\/\/institucional.ufrrj.br\/portalcpda\/vi-enec-call-for-papers\/#article","isPartOf":{"@id":"https:\/\/institucional.ufrrj.br\/portalcpda\/vi-enec-call-for-papers\/"},"author":{"name":"adminufrrj","@id":"https:\/\/institucional.ufrrj.br\/portalcpda\/#\/schema\/person\/80342a6c044269309f3ec68feec82ecf"},"headline":"VI Enec &#8211; Call for Papers","datePublished":"2012-02-02T16:24:53+00:00","dateModified":"2018-06-29T19:37:52+00:00","mainEntityOfPage":{"@id":"https:\/\/institucional.ufrrj.br\/portalcpda\/vi-enec-call-for-papers\/"},"wordCount":115,"commentCount":0,"image":{"@id":"https:\/\/institucional.ufrrj.br\/portalcpda\/vi-enec-call-for-papers\/#primaryimage"},"thumbnailUrl":"https:\/\/institucional.ufrrj.br\/portalcpda\/files\/2012\/02\/base-site.jpg","articleSection":["Noticias"],"inLanguage":"pt-BR","potentialAction":[{"@type":"CommentAction","name":"Comment","target":["https:\/\/institucional.ufrrj.br\/portalcpda\/vi-enec-call-for-papers\/#respond"]}]},{"@type":"WebPage","@id":"https:\/\/institucional.ufrrj.br\/portalcpda\/vi-enec-call-for-papers\/","url":"https:\/\/institucional.ufrrj.br\/portalcpda\/vi-enec-call-for-papers\/","name":"VI Enec - Call for Papers - CPDA","isPartOf":{"@id":"https:\/\/institucional.ufrrj.br\/portalcpda\/#website"},"primaryImageOfPage":{"@id":"https:\/\/institucional.ufrrj.br\/portalcpda\/vi-enec-call-for-papers\/#primaryimage"},"image":{"@id":"https:\/\/institucional.ufrrj.br\/portalcpda\/vi-enec-call-for-papers\/#primaryimage"},"thumbnailUrl":"https:\/\/institucional.ufrrj.br\/portalcpda\/files\/2012\/02\/base-site.jpg","datePublished":"2012-02-02T16:24:53+00:00","dateModified":"2018-06-29T19:37:52+00:00","author":{"@id":"https:\/\/institucional.ufrrj.br\/portalcpda\/#\/schema\/person\/80342a6c044269309f3ec68feec82ecf"},"breadcrumb":{"@id":"https:\/\/institucional.ufrrj.br\/portalcpda\/vi-enec-call-for-papers\/#breadcrumb"},"inLanguage":"pt-BR","potentialAction":[{"@type":"ReadAction","target":["https:\/\/institucional.ufrrj.br\/portalcpda\/vi-enec-call-for-papers\/"]}]},{"@type":"ImageObject","inLanguage":"pt-BR","@id":"https:\/\/institucional.ufrrj.br\/portalcpda\/vi-enec-call-for-papers\/#primaryimage","url":"https:\/\/institucional.ufrrj.br\/portalcpda\/files\/2012\/02\/base-site.jpg","contentUrl":"https:\/\/institucional.ufrrj.br\/portalcpda\/files\/2012\/02\/base-site.jpg","width":699,"height":532},{"@type":"BreadcrumbList","@id":"https:\/\/institucional.ufrrj.br\/portalcpda\/vi-enec-call-for-papers\/#breadcrumb","itemListElement":[{"@type":"ListItem","position":1,"name":"In\u00edcio","item":"https:\/\/institucional.ufrrj.br\/portalcpda\/"},{"@type":"ListItem","position":2,"name":"VI Enec &#8211; Call for Papers"}]},{"@type":"WebSite","@id":"https:\/\/institucional.ufrrj.br\/portalcpda\/#website","url":"https:\/\/institucional.ufrrj.br\/portalcpda\/","name":"CPDA","description":"institucional.ufrrj.br","potentialAction":[{"@type":"SearchAction","target":{"@type":"EntryPoint","urlTemplate":"https:\/\/institucional.ufrrj.br\/portalcpda\/?s={search_term_string}"},"query-input":{"@type":"PropertyValueSpecification","valueRequired":true,"valueName":"search_term_string"}}],"inLanguage":"pt-BR"},{"@type":"Person","@id":"https:\/\/institucional.ufrrj.br\/portalcpda\/#\/schema\/person\/80342a6c044269309f3ec68feec82ecf","name":"adminufrrj","image":{"@type":"ImageObject","inLanguage":"pt-BR","@id":"https:\/\/secure.gravatar.com\/avatar\/cb9927888ff50e28ce43546e8ad9dbcd4f028cf1c23730771b69c41b5b7e717c?s=96&d=mm&r=g","url":"https:\/\/secure.gravatar.com\/avatar\/cb9927888ff50e28ce43546e8ad9dbcd4f028cf1c23730771b69c41b5b7e717c?s=96&d=mm&r=g","contentUrl":"https:\/\/secure.gravatar.com\/avatar\/cb9927888ff50e28ce43546e8ad9dbcd4f028cf1c23730771b69c41b5b7e717c?s=96&d=mm&r=g","caption":"adminufrrj"},"url":"https:\/\/institucional.ufrrj.br\/portalcpda\/author\/adminufrrj\/"}]}},"acf":[],"_links":{"self":[{"href":"https:\/\/institucional.ufrrj.br\/portalcpda\/wp-json\/wp\/v2\/posts\/1420","targetHints":{"allow":["GET"]}}],"collection":[{"href":"https:\/\/institucional.ufrrj.br\/portalcpda\/wp-json\/wp\/v2\/posts"}],"about":[{"href":"https:\/\/institucional.ufrrj.br\/portalcpda\/wp-json\/wp\/v2\/types\/post"}],"author":[{"embeddable":true,"href":"https:\/\/institucional.ufrrj.br\/portalcpda\/wp-json\/wp\/v2\/users\/708"}],"replies":[{"embeddable":true,"href":"https:\/\/institucional.ufrrj.br\/portalcpda\/wp-json\/wp\/v2\/comments?post=1420"}],"version-history":[{"count":1,"href":"https:\/\/institucional.ufrrj.br\/portalcpda\/wp-json\/wp\/v2\/posts\/1420\/revisions"}],"predecessor-version":[{"id":13985,"href":"https:\/\/institucional.ufrrj.br\/portalcpda\/wp-json\/wp\/v2\/posts\/1420\/revisions\/13985"}],"wp:featuredmedia":[{"embeddable":true,"href":"https:\/\/institucional.ufrrj.br\/portalcpda\/wp-json\/wp\/v2\/media\/1421"}],"wp:attachment":[{"href":"https:\/\/institucional.ufrrj.br\/portalcpda\/wp-json\/wp\/v2\/media?parent=1420"}],"wp:term":[{"taxonomy":"category","embeddable":true,"href":"https:\/\/institucional.ufrrj.br\/portalcpda\/wp-json\/wp\/v2\/categories?post=1420"},{"taxonomy":"post_tag","embeddable":true,"href":"https:\/\/institucional.ufrrj.br\/portalcpda\/wp-json\/wp\/v2\/tags?post=1420"}],"curies":[{"name":"wp","href":"https:\/\/api.w.org\/{rel}","templated":true}]}}