{"id":13430,"date":"2018-04-16T13:24:49","date_gmt":"2018-04-16T16:24:49","guid":{"rendered":"http:\/\/institucional.ufrrj.br\/portalcpda\/?p=13430"},"modified":"2023-09-26T13:45:22","modified_gmt":"2023-09-26T16:45:22","slug":"elisa-guarana-de-castro","status":"publish","type":"post","link":"https:\/\/institucional.ufrrj.br\/portalcpda\/elisa-guarana-de-castro\/","title":{"rendered":"Elisa Guaran\u00e1 de Castro (TITULAR)"},"content":{"rendered":"<p><img loading=\"lazy\" decoding=\"async\" class=\"alignleft size-full wp-image-13905\" src=\"https:\/\/institucional.ufrrj.br\/portalcpda\/files\/2018\/04\/guarana.jpg\" alt=\"\" width=\"194\" height=\"143\" \/><\/p>\n<p><a href=\"mailto:elisaguarana@ufrrj.br\" target=\"_blank\" rel=\"noopener\">elisaguarana@ufrrj.br<\/a><\/p>\n<p>Graduada em Ci\u00eancias Sociais (IFCS\/UFRJ), mestre em Sociologia e Antropologia (PPGSA\/UFRJ) e doutora em Antropologia Social (PPGAS\/MN\/UFRJ), tendo defendido tese &#8220;intitulada Entre o Rural e o Urbano \u2013 uma etnografia da categoria juventude rural&#8221;, sob orienta\u00e7\u00e3o do Prof. Dr. Moacir Palmeira, publicada em 2013 pela editora Contra Capa com apoio da Faperj.<\/p>\n<p>\u00c9 Professora Titular da UFRRJ, atuando na gradua\u00e7\u00e3o de Ci\u00eancias Sociais, no PPGCS e no CPDA. De 09\/2011 a 06\/2015 foi cedida para exercer a Coordenadora-Geral de Pol\u00edticas Transversais da Secretaria Nacional de Juventude (SNJ\/SG\/Presid\u00eancia da Rep\u00fablica). De 07\/2015 a 06\/2016 foi cedida para exercer a Coordenadora-Geral de Apoio a \u00d3rg\u00e3os Colegiados (SDT\/MDA), atuando na coordena\u00e7\u00e3o do programa dos N\u00facleos de Extens\u00e3o em Desenvolvimento Territorial e na articula\u00e7\u00e3o com movimentos sociais e gestores para a gest\u00e3o dos territ\u00f3rios rurais.<\/p>\n<p>Integra o Grupo de Trabalho Inf\u00e2ncias y juventudes da Clacso. Co-coordena o Grupo de Trabalho do CNPq em G\u00eanero e Ruralidades. Atua com os seguintes temas: marcadores sociais, juventude, participa\u00e7\u00e3o pol\u00edtica, quest\u00e3o agr\u00e1ria, juventude rural, pol\u00edticas p\u00fablicas e g\u00eanero e identidade pol\u00edtica.<\/p>\n<p>&nbsp;<\/p>\n<p>&nbsp;<\/p>\n","protected":false},"excerpt":{"rendered":"<p>elisaguarana@ufrrj.br Graduada em Ci\u00eancias Sociais (IFCS\/UFRJ), mestre em Sociologia e Antropologia (PPGSA\/UFRJ) e doutora em Antropologia Social (PPGAS\/MN\/UFRJ), tendo defendido <a class=\"read-more\" href=\"https:\/\/institucional.ufrrj.br\/portalcpda\/elisa-guarana-de-castro\/ \" >&#8230; <span class=\"font-italic\">leia mais <i class=\"fas fa-angle-right\"><\/i><\/span><\/a><\/p>\n","protected":false},"author":634,"featured_media":13897,"comment_status":"open","ping_status":"open","sticky":false,"template":"","format":"standard","meta":{"_acf_changed":false,"footnotes":""},"categories":[24],"tags":[],"class_list":["post-13430","post","type-post","status-publish","format-standard","has-post-thumbnail","hentry","category-corpo-docente-pt"],"yoast_head":"<!-- This site is optimized with the Yoast SEO plugin v27.2 - https:\/\/yoast.com\/product\/yoast-seo-wordpress\/ -->\n<title>Elisa Guaran\u00e1 de Castro (TITULAR) - CPDA<\/title>\n<meta name=\"robots\" content=\"index, follow, max-snippet:-1, max-image-preview:large, max-video-preview:-1\" \/>\n<link rel=\"canonical\" href=\"https:\/\/institucional.ufrrj.br\/portalcpda\/elisa-guarana-de-castro\/\" \/>\n<meta property=\"og:locale\" content=\"pt_BR\" \/>\n<meta property=\"og:type\" content=\"article\" \/>\n<meta property=\"og:title\" content=\"Elisa Guaran\u00e1 de Castro (TITULAR) - CPDA\" \/>\n<meta property=\"og:description\" content=\"elisaguarana@ufrrj.br Graduada em Ci\u00eancias Sociais (IFCS\/UFRJ), mestre em Sociologia e Antropologia (PPGSA\/UFRJ) e doutora em Antropologia Social (PPGAS\/MN\/UFRJ), tendo defendido ... leia mais\" \/>\n<meta property=\"og:url\" content=\"https:\/\/institucional.ufrrj.br\/portalcpda\/elisa-guarana-de-castro\/\" \/>\n<meta property=\"og:site_name\" content=\"CPDA\" \/>\n<meta property=\"article:published_time\" content=\"2018-04-16T16:24:49+00:00\" \/>\n<meta property=\"article:modified_time\" content=\"2023-09-26T16:45:22+00:00\" \/>\n<meta property=\"og:image\" content=\"https:\/\/institucional.ufrrj.br\/portalcpda\/files\/2018\/04\/guarana.jpg\" \/>\n\t<meta property=\"og:image:width\" content=\"583\" \/>\n\t<meta property=\"og:image:height\" content=\"428\" \/>\n\t<meta property=\"og:image:type\" content=\"image\/jpeg\" \/>\n<meta name=\"author\" content=\"admin\" \/>\n<meta name=\"twitter:card\" content=\"summary_large_image\" \/>\n<meta name=\"twitter:label1\" content=\"Escrito por\" \/>\n\t<meta name=\"twitter:data1\" content=\"admin\" \/>\n\t<meta name=\"twitter:label2\" content=\"Est. tempo de leitura\" \/>\n\t<meta name=\"twitter:data2\" content=\"1 minuto\" \/>\n<script type=\"application\/ld+json\" class=\"yoast-schema-graph\">{\"@context\":\"https:\/\/schema.org\",\"@graph\":[{\"@type\":\"Article\",\"@id\":\"https:\/\/institucional.ufrrj.br\/portalcpda\/elisa-guarana-de-castro\/#article\",\"isPartOf\":{\"@id\":\"https:\/\/institucional.ufrrj.br\/portalcpda\/elisa-guarana-de-castro\/\"},\"author\":{\"name\":\"admin\",\"@id\":\"https:\/\/institucional.ufrrj.br\/portalcpda\/#\/schema\/person\/fdf8548cd8566148efb17b2b65f2c7b8\"},\"headline\":\"Elisa Guaran\u00e1 de Castro (TITULAR)\",\"datePublished\":\"2018-04-16T16:24:49+00:00\",\"dateModified\":\"2023-09-26T16:45:22+00:00\",\"mainEntityOfPage\":{\"@id\":\"https:\/\/institucional.ufrrj.br\/portalcpda\/elisa-guarana-de-castro\/\"},\"wordCount\":207,\"commentCount\":0,\"image\":{\"@id\":\"https:\/\/institucional.ufrrj.br\/portalcpda\/elisa-guarana-de-castro\/#primaryimage\"},\"thumbnailUrl\":\"https:\/\/institucional.ufrrj.br\/portalcpda\/files\/2018\/04\/guarana.jpg\",\"articleSection\":[\"Corpo Docente\"],\"inLanguage\":\"pt-BR\",\"potentialAction\":[{\"@type\":\"CommentAction\",\"name\":\"Comment\",\"target\":[\"https:\/\/institucional.ufrrj.br\/portalcpda\/elisa-guarana-de-castro\/#respond\"]}]},{\"@type\":\"WebPage\",\"@id\":\"https:\/\/institucional.ufrrj.br\/portalcpda\/elisa-guarana-de-castro\/\",\"url\":\"https:\/\/institucional.ufrrj.br\/portalcpda\/elisa-guarana-de-castro\/\",\"name\":\"Elisa Guaran\u00e1 de Castro (TITULAR) - CPDA\",\"isPartOf\":{\"@id\":\"https:\/\/institucional.ufrrj.br\/portalcpda\/#website\"},\"primaryImageOfPage\":{\"@id\":\"https:\/\/institucional.ufrrj.br\/portalcpda\/elisa-guarana-de-castro\/#primaryimage\"},\"image\":{\"@id\":\"https:\/\/institucional.ufrrj.br\/portalcpda\/elisa-guarana-de-castro\/#primaryimage\"},\"thumbnailUrl\":\"https:\/\/institucional.ufrrj.br\/portalcpda\/files\/2018\/04\/guarana.jpg\",\"datePublished\":\"2018-04-16T16:24:49+00:00\",\"dateModified\":\"2023-09-26T16:45:22+00:00\",\"author\":{\"@id\":\"https:\/\/institucional.ufrrj.br\/portalcpda\/#\/schema\/person\/fdf8548cd8566148efb17b2b65f2c7b8\"},\"breadcrumb\":{\"@id\":\"https:\/\/institucional.ufrrj.br\/portalcpda\/elisa-guarana-de-castro\/#breadcrumb\"},\"inLanguage\":\"pt-BR\",\"potentialAction\":[{\"@type\":\"ReadAction\",\"target\":[\"https:\/\/institucional.ufrrj.br\/portalcpda\/elisa-guarana-de-castro\/\"]}]},{\"@type\":\"ImageObject\",\"inLanguage\":\"pt-BR\",\"@id\":\"https:\/\/institucional.ufrrj.br\/portalcpda\/elisa-guarana-de-castro\/#primaryimage\",\"url\":\"https:\/\/institucional.ufrrj.br\/portalcpda\/files\/2018\/04\/guarana.jpg\",\"contentUrl\":\"https:\/\/institucional.ufrrj.br\/portalcpda\/files\/2018\/04\/guarana.jpg\",\"width\":583,\"height\":428},{\"@type\":\"BreadcrumbList\",\"@id\":\"https:\/\/institucional.ufrrj.br\/portalcpda\/elisa-guarana-de-castro\/#breadcrumb\",\"itemListElement\":[{\"@type\":\"ListItem\",\"position\":1,\"name\":\"In\u00edcio\",\"item\":\"https:\/\/institucional.ufrrj.br\/portalcpda\/\"},{\"@type\":\"ListItem\",\"position\":2,\"name\":\"Elisa Guaran\u00e1 de Castro (TITULAR)\"}]},{\"@type\":\"WebSite\",\"@id\":\"https:\/\/institucional.ufrrj.br\/portalcpda\/#website\",\"url\":\"https:\/\/institucional.ufrrj.br\/portalcpda\/\",\"name\":\"CPDA\",\"description\":\"institucional.ufrrj.br\",\"potentialAction\":[{\"@type\":\"SearchAction\",\"target\":{\"@type\":\"EntryPoint\",\"urlTemplate\":\"https:\/\/institucional.ufrrj.br\/portalcpda\/?s={search_term_string}\"},\"query-input\":{\"@type\":\"PropertyValueSpecification\",\"valueRequired\":true,\"valueName\":\"search_term_string\"}}],\"inLanguage\":\"pt-BR\"},{\"@type\":\"Person\",\"@id\":\"https:\/\/institucional.ufrrj.br\/portalcpda\/#\/schema\/person\/fdf8548cd8566148efb17b2b65f2c7b8\",\"name\":\"admin\",\"image\":{\"@type\":\"ImageObject\",\"inLanguage\":\"pt-BR\",\"@id\":\"https:\/\/secure.gravatar.com\/avatar\/f193e07796826f6166a442020f4f314b432bae257aad4de7199dd1c314007c3d?s=96&d=mm&r=g\",\"url\":\"https:\/\/secure.gravatar.com\/avatar\/f193e07796826f6166a442020f4f314b432bae257aad4de7199dd1c314007c3d?s=96&d=mm&r=g\",\"contentUrl\":\"https:\/\/secure.gravatar.com\/avatar\/f193e07796826f6166a442020f4f314b432bae257aad4de7199dd1c314007c3d?s=96&d=mm&r=g\",\"caption\":\"admin\"},\"url\":\"https:\/\/institucional.ufrrj.br\/portalcpda\/author\/admin\/\"}]}<\/script>\n<!-- \/ Yoast SEO plugin. -->","yoast_head_json":{"title":"Elisa Guaran\u00e1 de Castro (TITULAR) - CPDA","robots":{"index":"index","follow":"follow","max-snippet":"max-snippet:-1","max-image-preview":"max-image-preview:large","max-video-preview":"max-video-preview:-1"},"canonical":"https:\/\/institucional.ufrrj.br\/portalcpda\/elisa-guarana-de-castro\/","og_locale":"pt_BR","og_type":"article","og_title":"Elisa Guaran\u00e1 de Castro (TITULAR) - CPDA","og_description":"elisaguarana@ufrrj.br Graduada em Ci\u00eancias Sociais (IFCS\/UFRJ), mestre em Sociologia e Antropologia (PPGSA\/UFRJ) e doutora em Antropologia Social (PPGAS\/MN\/UFRJ), tendo defendido ... leia mais","og_url":"https:\/\/institucional.ufrrj.br\/portalcpda\/elisa-guarana-de-castro\/","og_site_name":"CPDA","article_published_time":"2018-04-16T16:24:49+00:00","article_modified_time":"2023-09-26T16:45:22+00:00","og_image":[{"width":583,"height":428,"url":"https:\/\/institucional.ufrrj.br\/portalcpda\/files\/2018\/04\/guarana.jpg","type":"image\/jpeg"}],"author":"admin","twitter_card":"summary_large_image","twitter_misc":{"Escrito por":"admin","Est. tempo de leitura":"1 minuto"},"schema":{"@context":"https:\/\/schema.org","@graph":[{"@type":"Article","@id":"https:\/\/institucional.ufrrj.br\/portalcpda\/elisa-guarana-de-castro\/#article","isPartOf":{"@id":"https:\/\/institucional.ufrrj.br\/portalcpda\/elisa-guarana-de-castro\/"},"author":{"name":"admin","@id":"https:\/\/institucional.ufrrj.br\/portalcpda\/#\/schema\/person\/fdf8548cd8566148efb17b2b65f2c7b8"},"headline":"Elisa Guaran\u00e1 de Castro (TITULAR)","datePublished":"2018-04-16T16:24:49+00:00","dateModified":"2023-09-26T16:45:22+00:00","mainEntityOfPage":{"@id":"https:\/\/institucional.ufrrj.br\/portalcpda\/elisa-guarana-de-castro\/"},"wordCount":207,"commentCount":0,"image":{"@id":"https:\/\/institucional.ufrrj.br\/portalcpda\/elisa-guarana-de-castro\/#primaryimage"},"thumbnailUrl":"https:\/\/institucional.ufrrj.br\/portalcpda\/files\/2018\/04\/guarana.jpg","articleSection":["Corpo Docente"],"inLanguage":"pt-BR","potentialAction":[{"@type":"CommentAction","name":"Comment","target":["https:\/\/institucional.ufrrj.br\/portalcpda\/elisa-guarana-de-castro\/#respond"]}]},{"@type":"WebPage","@id":"https:\/\/institucional.ufrrj.br\/portalcpda\/elisa-guarana-de-castro\/","url":"https:\/\/institucional.ufrrj.br\/portalcpda\/elisa-guarana-de-castro\/","name":"Elisa Guaran\u00e1 de Castro (TITULAR) - CPDA","isPartOf":{"@id":"https:\/\/institucional.ufrrj.br\/portalcpda\/#website"},"primaryImageOfPage":{"@id":"https:\/\/institucional.ufrrj.br\/portalcpda\/elisa-guarana-de-castro\/#primaryimage"},"image":{"@id":"https:\/\/institucional.ufrrj.br\/portalcpda\/elisa-guarana-de-castro\/#primaryimage"},"thumbnailUrl":"https:\/\/institucional.ufrrj.br\/portalcpda\/files\/2018\/04\/guarana.jpg","datePublished":"2018-04-16T16:24:49+00:00","dateModified":"2023-09-26T16:45:22+00:00","author":{"@id":"https:\/\/institucional.ufrrj.br\/portalcpda\/#\/schema\/person\/fdf8548cd8566148efb17b2b65f2c7b8"},"breadcrumb":{"@id":"https:\/\/institucional.ufrrj.br\/portalcpda\/elisa-guarana-de-castro\/#breadcrumb"},"inLanguage":"pt-BR","potentialAction":[{"@type":"ReadAction","target":["https:\/\/institucional.ufrrj.br\/portalcpda\/elisa-guarana-de-castro\/"]}]},{"@type":"ImageObject","inLanguage":"pt-BR","@id":"https:\/\/institucional.ufrrj.br\/portalcpda\/elisa-guarana-de-castro\/#primaryimage","url":"https:\/\/institucional.ufrrj.br\/portalcpda\/files\/2018\/04\/guarana.jpg","contentUrl":"https:\/\/institucional.ufrrj.br\/portalcpda\/files\/2018\/04\/guarana.jpg","width":583,"height":428},{"@type":"BreadcrumbList","@id":"https:\/\/institucional.ufrrj.br\/portalcpda\/elisa-guarana-de-castro\/#breadcrumb","itemListElement":[{"@type":"ListItem","position":1,"name":"In\u00edcio","item":"https:\/\/institucional.ufrrj.br\/portalcpda\/"},{"@type":"ListItem","position":2,"name":"Elisa Guaran\u00e1 de Castro (TITULAR)"}]},{"@type":"WebSite","@id":"https:\/\/institucional.ufrrj.br\/portalcpda\/#website","url":"https:\/\/institucional.ufrrj.br\/portalcpda\/","name":"CPDA","description":"institucional.ufrrj.br","potentialAction":[{"@type":"SearchAction","target":{"@type":"EntryPoint","urlTemplate":"https:\/\/institucional.ufrrj.br\/portalcpda\/?s={search_term_string}"},"query-input":{"@type":"PropertyValueSpecification","valueRequired":true,"valueName":"search_term_string"}}],"inLanguage":"pt-BR"},{"@type":"Person","@id":"https:\/\/institucional.ufrrj.br\/portalcpda\/#\/schema\/person\/fdf8548cd8566148efb17b2b65f2c7b8","name":"admin","image":{"@type":"ImageObject","inLanguage":"pt-BR","@id":"https:\/\/secure.gravatar.com\/avatar\/f193e07796826f6166a442020f4f314b432bae257aad4de7199dd1c314007c3d?s=96&d=mm&r=g","url":"https:\/\/secure.gravatar.com\/avatar\/f193e07796826f6166a442020f4f314b432bae257aad4de7199dd1c314007c3d?s=96&d=mm&r=g","contentUrl":"https:\/\/secure.gravatar.com\/avatar\/f193e07796826f6166a442020f4f314b432bae257aad4de7199dd1c314007c3d?s=96&d=mm&r=g","caption":"admin"},"url":"https:\/\/institucional.ufrrj.br\/portalcpda\/author\/admin\/"}]}},"acf":[],"_links":{"self":[{"href":"https:\/\/institucional.ufrrj.br\/portalcpda\/wp-json\/wp\/v2\/posts\/13430","targetHints":{"allow":["GET"]}}],"collection":[{"href":"https:\/\/institucional.ufrrj.br\/portalcpda\/wp-json\/wp\/v2\/posts"}],"about":[{"href":"https:\/\/institucional.ufrrj.br\/portalcpda\/wp-json\/wp\/v2\/types\/post"}],"author":[{"embeddable":true,"href":"https:\/\/institucional.ufrrj.br\/portalcpda\/wp-json\/wp\/v2\/users\/634"}],"replies":[{"embeddable":true,"href":"https:\/\/institucional.ufrrj.br\/portalcpda\/wp-json\/wp\/v2\/comments?post=13430"}],"version-history":[{"count":9,"href":"https:\/\/institucional.ufrrj.br\/portalcpda\/wp-json\/wp\/v2\/posts\/13430\/revisions"}],"predecessor-version":[{"id":25094,"href":"https:\/\/institucional.ufrrj.br\/portalcpda\/wp-json\/wp\/v2\/posts\/13430\/revisions\/25094"}],"wp:featuredmedia":[{"embeddable":true,"href":"https:\/\/institucional.ufrrj.br\/portalcpda\/wp-json\/wp\/v2\/media\/13897"}],"wp:attachment":[{"href":"https:\/\/institucional.ufrrj.br\/portalcpda\/wp-json\/wp\/v2\/media?parent=13430"}],"wp:term":[{"taxonomy":"category","embeddable":true,"href":"https:\/\/institucional.ufrrj.br\/portalcpda\/wp-json\/wp\/v2\/categories?post=13430"},{"taxonomy":"post_tag","embeddable":true,"href":"https:\/\/institucional.ufrrj.br\/portalcpda\/wp-json\/wp\/v2\/tags?post=13430"}],"curies":[{"name":"wp","href":"https:\/\/api.w.org\/{rel}","templated":true}]}}