{"id":246,"date":"2019-02-05T16:31:45","date_gmt":"2019-02-05T16:31:45","guid":{"rendered":"http:\/\/institucional.ufrrj.br\/jardimbotanico\/?p=246"},"modified":"2019-02-05T16:31:45","modified_gmt":"2019-02-05T16:31:45","slug":"revitalizacao-do-horto-medicinal-da-ufrrj-projetos-do-proverde","status":"publish","type":"post","link":"https:\/\/institucional.ufrrj.br\/jardimbotanico\/revitalizacao-do-horto-medicinal-da-ufrrj-projetos-do-proverde\/","title":{"rendered":"Revitaliza\u00e7\u00e3o do Horto Medicinal da UFRRJ &#8211; PROJETOS DO PROVERDE"},"content":{"rendered":"<p style=\"text-align: left\">O <strong>Proverde<\/strong> \u00e9 um programa do Jardim Bot\u00e2nico voltado para os alunos de gradua\u00e7\u00e3o da UFRRJ e tem como objetivo incentivar a participa\u00e7\u00e3o da comunidade acad\u00eamica em projetos de pesquisa em temas e a\u00e7\u00f5es do JB. Visando o desenvolvimento cient\u00edfico-acad\u00eamico-estrutural do Jardim o projeto realiza tamb\u00e9m trabalhos em educa\u00e7\u00e3o e extens\u00e3o. Nos pr\u00f3ximos meses iremos apresentar aqui no site cada um dos projetos aprovados em 2018 para que voc\u00ea possa estar por dentro de tudo que acontece no nosso espa\u00e7o.<\/p>\n<p style=\"text-align: left\">O projeto apresentado hoje \u00e9 orientado pela professora de farmacobot\u00e2nica da UFRRJ, a <strong>doutora Sharon Santos de Lima<\/strong>, do Departamento de Farm\u00e1cia, do Instituto de Ci\u00eancias Biol\u00f3gicas e da Sa\u00fade, e ser\u00e1 realizado pelo aluno bolsista, <strong>Marcelo Perell\u00f3 de Andrade<\/strong>, discente do curso de Engenharia Florestal. O projeto visa a revitaliza\u00e7\u00e3o do Horto Medicinal do Jardim Bot\u00e2nico e \u00e9 sub-intitulado:\u00a0<strong>Resgate das m\u00faltiplas possibilidades de uso do Horto de Plantas Medicinais do Jardim Bot\u00e2nico da UFRRJ<\/strong>.<\/p>\n<p style=\"text-align: left\">Com a descoberta dos antibi\u00f3ticos, ap\u00f3s a Segunda Guerra Mundial, houve uma relativa diminui\u00e7\u00e3o do uso, e um crescente ceticismo, a respeito das drogas naturais. Entretanto, o uso das plantas medicinais remonta aos prim\u00f3rdios da civiliza\u00e7\u00e3o humana e desde a d\u00e9cada de 80 h\u00e1 um esfor\u00e7o para a valoriza\u00e7\u00e3o dessas plantas como fonte de propriedades curativas de baixo custo. Obviamente, mesmo com uma horta medicinal n\u00e3o deve-se eliminar, de forma alguma, a orienta\u00e7\u00e3o m\u00e9dica em caso de doen\u00e7a, at\u00e9 porque o diagn\u00f3stico profissional \u00e9 insubstitu\u00edvel.<\/p>\n<p style=\"text-align: left\">O Jardim Bot\u00e2nico da UFRRJ possui um horto de plantas medicinais que atualmente encontra-se com os canteiros quase esvaziados. O projeto prop\u00f5e revitalizar esses canteiros fazendo, inicialmente, um levantamento das plantas presentes atualmente, e ap\u00f3s isso melhorar a qualidade do solo e preencher novamente os canteiros, aumentando a diversidade de esp\u00e9cies, para isso haver\u00e1 a produ\u00e7\u00e3o de mudas de plantas medicinais.<\/p>\n<p style=\"text-align: left\">Outra meta do projeto \u00e9 produzir um mapa dos canteiros, que contenha a distribui\u00e7\u00e3o das planta s, e auxiliar as visitas guiadas, que j\u00e1 ocorrem no Jardim, demonstrando no trajeto a import\u00e2ncia da manuten\u00e7\u00e3o da flora usando diretamente a quest\u00e3o da sa\u00fade humana. O mapa dos canteiros conter\u00e1 a localiza\u00e7\u00e3o e identifica\u00e7\u00e3o das plantas, com informa\u00e7\u00f5es adicionais, para que os visitantes possam, de forma aut\u00f4noma, localizar as esp\u00e9cies.<\/p>\n<p style=\"text-align: left\">O viveiro do Jardim Bot\u00e2nico est\u00e1 sendo utilizado para a produ\u00e7\u00e3o de novas mudas a partir de sementes, como, por exemplo, Rosmarinus officinalis (alecrim) Matricaria recutita (camomila) e Calendula officinalis (cal\u00eandula), ou a partir de estacas, por exemplo Lippia alba (erva-cidreira\/melissa). Ap\u00f3s a germina\u00e7\u00e3o e crescimento nas sementeiras, as plantas ser\u00e3o transferidas aos canteiros do horto ou aos sacos de mudas e ficar\u00e3o \u00e0 disposi\u00e7\u00e3o para doa\u00e7\u00e3o para visitantes e outras institui\u00e7\u00f5es.<\/p>\n<p style=\"text-align: left\">Gostou do projeto? Logo logo voc\u00ea vai poder colher os frutos dele, assim como de todos os outros aprovados pelo Proverde, ent\u00e3o fique de olho que atualizaremos tudo pelas nossas redes sociais.<\/p>\n<p>\u00a0<a href=\"https:\/\/institucional.ufrrj.br\/jardimbotanico\/files\/2019\/02\/chamomile-3811506_.jpg\" rel=\"lightbox[246]\"><img loading=\"lazy\" decoding=\"async\" class=\"alignnone wp-image-250 size-medium\" src=\"https:\/\/institucional.ufrrj.br\/jardimbotanico\/files\/2019\/02\/chamomile-3811506_-300x200.jpg\" alt=\"\" width=\"300\" height=\"200\" srcset=\"https:\/\/institucional.ufrrj.br\/jardimbotanico\/files\/2019\/02\/chamomile-3811506_-300x200.jpg 300w, https:\/\/institucional.ufrrj.br\/jardimbotanico\/files\/2019\/02\/chamomile-3811506_-768x512.jpg 768w, https:\/\/institucional.ufrrj.br\/jardimbotanico\/files\/2019\/02\/chamomile-3811506_-1024x683.jpg 1024w, https:\/\/institucional.ufrrj.br\/jardimbotanico\/files\/2019\/02\/chamomile-3811506_.jpg 1500w\" sizes=\"auto, (max-width: 300px) 100vw, 300px\" \/><\/a>\u00a0\u00a0<a href=\"https:\/\/institucional.ufrrj.br\/jardimbotanico\/files\/2019\/02\/lemon-balm-787626_1920.jpg\" rel=\"lightbox[246]\"><img loading=\"lazy\" decoding=\"async\" class=\"alignnone  wp-image-251\" src=\"https:\/\/institucional.ufrrj.br\/jardimbotanico\/files\/2019\/02\/lemon-balm-787626_1920-300x200.jpg\" alt=\"\" width=\"300\" height=\"200\" srcset=\"https:\/\/institucional.ufrrj.br\/jardimbotanico\/files\/2019\/02\/lemon-balm-787626_1920-300x200.jpg 300w, https:\/\/institucional.ufrrj.br\/jardimbotanico\/files\/2019\/02\/lemon-balm-787626_1920-768x512.jpg 768w, https:\/\/institucional.ufrrj.br\/jardimbotanico\/files\/2019\/02\/lemon-balm-787626_1920-1024x683.jpg 1024w, https:\/\/institucional.ufrrj.br\/jardimbotanico\/files\/2019\/02\/lemon-balm-787626_1920.jpg 1500w\" sizes=\"auto, (max-width: 300px) 100vw, 300px\" \/>\u00a0<\/a><a href=\"https:\/\/institucional.ufrrj.br\/jardimbotanico\/files\/2019\/02\/calendula-3513356_1920.jpg\" rel=\"lightbox[246]\">\u00a0<img loading=\"lazy\" decoding=\"async\" class=\"alignnone size-medium wp-image-249\" src=\"https:\/\/institucional.ufrrj.br\/jardimbotanico\/files\/2019\/02\/calendula-3513356_1920-300x199.jpg\" alt=\"\" width=\"300\" height=\"199\" srcset=\"https:\/\/institucional.ufrrj.br\/jardimbotanico\/files\/2019\/02\/calendula-3513356_1920-300x199.jpg 300w, https:\/\/institucional.ufrrj.br\/jardimbotanico\/files\/2019\/02\/calendula-3513356_1920-768x510.jpg 768w, https:\/\/institucional.ufrrj.br\/jardimbotanico\/files\/2019\/02\/calendula-3513356_1920-1024x681.jpg 1024w, https:\/\/institucional.ufrrj.br\/jardimbotanico\/files\/2019\/02\/calendula-3513356_1920.jpg 1500w\" sizes=\"auto, (max-width: 300px) 100vw, 300px\" \/>\u00a0\u00a0<\/a><a href=\"https:\/\/institucional.ufrrj.br\/jardimbotanico\/files\/2019\/02\/herbs-1140763_1920.jpg\" rel=\"lightbox[246]\"><img loading=\"lazy\" decoding=\"async\" class=\"alignnone size-medium wp-image-248\" src=\"https:\/\/institucional.ufrrj.br\/jardimbotanico\/files\/2019\/02\/herbs-1140763_1920-300x225.jpg\" alt=\"\" width=\"300\" height=\"225\" srcset=\"https:\/\/institucional.ufrrj.br\/jardimbotanico\/files\/2019\/02\/herbs-1140763_1920-300x225.jpg 300w, https:\/\/institucional.ufrrj.br\/jardimbotanico\/files\/2019\/02\/herbs-1140763_1920-768x576.jpg 768w, https:\/\/institucional.ufrrj.br\/jardimbotanico\/files\/2019\/02\/herbs-1140763_1920-1024x768.jpg 1024w, https:\/\/institucional.ufrrj.br\/jardimbotanico\/files\/2019\/02\/herbs-1140763_1920-150x113.jpg 150w, https:\/\/institucional.ufrrj.br\/jardimbotanico\/files\/2019\/02\/herbs-1140763_1920-100x75.jpg 100w, https:\/\/institucional.ufrrj.br\/jardimbotanico\/files\/2019\/02\/herbs-1140763_1920.jpg 1500w\" sizes=\"auto, (max-width: 300px) 100vw, 300px\" \/><\/a><\/p>\n","protected":false},"excerpt":{"rendered":"<p>O Proverde \u00e9 um programa do Jardim Bot\u00e2nico voltado para os alunos de gradua\u00e7\u00e3o da UFRRJ e tem como objetivo <a class=\"read-more\" href=\"https:\/\/institucional.ufrrj.br\/jardimbotanico\/revitalizacao-do-horto-medicinal-da-ufrrj-projetos-do-proverde\/ \" >&#8230; <span class=\"font-italic\">leia mais <i class=\"fas fa-angle-right\"><\/i><\/span><\/a><\/p>\n","protected":false},"author":625,"featured_media":0,"comment_status":"open","ping_status":"open","sticky":false,"template":"","format":"standard","meta":{"_acf_changed":false,"footnotes":""},"categories":[7],"tags":[9,12,11,8,10,13],"class_list":["post-246","post","type-post","status-publish","format-standard","hentry","category-proverde","tag-horto-medicinal","tag-jardim-botanico","tag-projetos","tag-proverde","tag-revitalizacao","tag-ufrrj"],"yoast_head":"<!-- This site is optimized with the Yoast SEO plugin v27.2 - https:\/\/yoast.com\/product\/yoast-seo-wordpress\/ -->\n<title>Revitaliza\u00e7\u00e3o do Horto Medicinal da UFRRJ - PROJETOS DO PROVERDE - Jardim Bot\u00e2nico da UFRRJ<\/title>\n<meta name=\"robots\" content=\"index, follow, max-snippet:-1, max-image-preview:large, max-video-preview:-1\" \/>\n<link rel=\"canonical\" href=\"https:\/\/institucional.ufrrj.br\/jardimbotanico\/revitalizacao-do-horto-medicinal-da-ufrrj-projetos-do-proverde\/\" \/>\n<meta property=\"og:locale\" content=\"pt_BR\" \/>\n<meta property=\"og:type\" content=\"article\" \/>\n<meta property=\"og:title\" content=\"Revitaliza\u00e7\u00e3o do Horto Medicinal da UFRRJ - PROJETOS DO PROVERDE - Jardim Bot\u00e2nico da UFRRJ\" \/>\n<meta property=\"og:description\" content=\"O Proverde \u00e9 um programa do Jardim Bot\u00e2nico voltado para os alunos de gradua\u00e7\u00e3o da UFRRJ e tem como objetivo ... leia mais\" \/>\n<meta property=\"og:url\" content=\"https:\/\/institucional.ufrrj.br\/jardimbotanico\/revitalizacao-do-horto-medicinal-da-ufrrj-projetos-do-proverde\/\" \/>\n<meta property=\"og:site_name\" content=\"Jardim Bot\u00e2nico da UFRRJ\" \/>\n<meta property=\"article:published_time\" content=\"2019-02-05T16:31:45+00:00\" \/>\n<meta property=\"og:image\" content=\"http:\/\/institucional.ufrrj.br\/jardimbotanico\/files\/2019\/02\/chamomile-3811506_-300x200.jpg\" \/>\n<meta name=\"author\" content=\"Equipe Jardim Bot\u00e2nico UFRRJ\" \/>\n<meta name=\"twitter:card\" content=\"summary_large_image\" \/>\n<meta name=\"twitter:label1\" content=\"Escrito por\" \/>\n\t<meta name=\"twitter:data1\" content=\"Equipe Jardim Bot\u00e2nico UFRRJ\" \/>\n\t<meta name=\"twitter:label2\" content=\"Est. tempo de leitura\" \/>\n\t<meta name=\"twitter:data2\" content=\"3 minutos\" \/>\n<script type=\"application\/ld+json\" class=\"yoast-schema-graph\">{\"@context\":\"https:\/\/schema.org\",\"@graph\":[{\"@type\":\"Article\",\"@id\":\"https:\/\/institucional.ufrrj.br\/jardimbotanico\/revitalizacao-do-horto-medicinal-da-ufrrj-projetos-do-proverde\/#article\",\"isPartOf\":{\"@id\":\"https:\/\/institucional.ufrrj.br\/jardimbotanico\/revitalizacao-do-horto-medicinal-da-ufrrj-projetos-do-proverde\/\"},\"author\":{\"name\":\"Equipe Jardim Bot\u00e2nico UFRRJ\",\"@id\":\"https:\/\/institucional.ufrrj.br\/jardimbotanico\/#\/schema\/person\/0514103c2fc9f68285024bdeaf8bed12\"},\"headline\":\"Revitaliza\u00e7\u00e3o do Horto Medicinal da UFRRJ &#8211; PROJETOS DO PROVERDE\",\"datePublished\":\"2019-02-05T16:31:45+00:00\",\"mainEntityOfPage\":{\"@id\":\"https:\/\/institucional.ufrrj.br\/jardimbotanico\/revitalizacao-do-horto-medicinal-da-ufrrj-projetos-do-proverde\/\"},\"wordCount\":539,\"commentCount\":0,\"image\":{\"@id\":\"https:\/\/institucional.ufrrj.br\/jardimbotanico\/revitalizacao-do-horto-medicinal-da-ufrrj-projetos-do-proverde\/#primaryimage\"},\"thumbnailUrl\":\"http:\/\/institucional.ufrrj.br\/jardimbotanico\/files\/2019\/02\/chamomile-3811506_-300x200.jpg\",\"keywords\":[\"Horto Medicinal\",\"Jardim Bot\u00e2nico\",\"Projetos\",\"Proverde\",\"Revitaliza\u00e7\u00e3o\",\"UFRRJ\"],\"articleSection\":[\"PROVERDE\"],\"inLanguage\":\"pt-BR\",\"potentialAction\":[{\"@type\":\"CommentAction\",\"name\":\"Comment\",\"target\":[\"https:\/\/institucional.ufrrj.br\/jardimbotanico\/revitalizacao-do-horto-medicinal-da-ufrrj-projetos-do-proverde\/#respond\"]}]},{\"@type\":\"WebPage\",\"@id\":\"https:\/\/institucional.ufrrj.br\/jardimbotanico\/revitalizacao-do-horto-medicinal-da-ufrrj-projetos-do-proverde\/\",\"url\":\"https:\/\/institucional.ufrrj.br\/jardimbotanico\/revitalizacao-do-horto-medicinal-da-ufrrj-projetos-do-proverde\/\",\"name\":\"Revitaliza\u00e7\u00e3o do Horto Medicinal da UFRRJ - PROJETOS DO PROVERDE - Jardim Bot\u00e2nico da UFRRJ\",\"isPartOf\":{\"@id\":\"https:\/\/institucional.ufrrj.br\/jardimbotanico\/#website\"},\"primaryImageOfPage\":{\"@id\":\"https:\/\/institucional.ufrrj.br\/jardimbotanico\/revitalizacao-do-horto-medicinal-da-ufrrj-projetos-do-proverde\/#primaryimage\"},\"image\":{\"@id\":\"https:\/\/institucional.ufrrj.br\/jardimbotanico\/revitalizacao-do-horto-medicinal-da-ufrrj-projetos-do-proverde\/#primaryimage\"},\"thumbnailUrl\":\"http:\/\/institucional.ufrrj.br\/jardimbotanico\/files\/2019\/02\/chamomile-3811506_-300x200.jpg\",\"datePublished\":\"2019-02-05T16:31:45+00:00\",\"author\":{\"@id\":\"https:\/\/institucional.ufrrj.br\/jardimbotanico\/#\/schema\/person\/0514103c2fc9f68285024bdeaf8bed12\"},\"breadcrumb\":{\"@id\":\"https:\/\/institucional.ufrrj.br\/jardimbotanico\/revitalizacao-do-horto-medicinal-da-ufrrj-projetos-do-proverde\/#breadcrumb\"},\"inLanguage\":\"pt-BR\",\"potentialAction\":[{\"@type\":\"ReadAction\",\"target\":[\"https:\/\/institucional.ufrrj.br\/jardimbotanico\/revitalizacao-do-horto-medicinal-da-ufrrj-projetos-do-proverde\/\"]}]},{\"@type\":\"ImageObject\",\"inLanguage\":\"pt-BR\",\"@id\":\"https:\/\/institucional.ufrrj.br\/jardimbotanico\/revitalizacao-do-horto-medicinal-da-ufrrj-projetos-do-proverde\/#primaryimage\",\"url\":\"http:\/\/institucional.ufrrj.br\/jardimbotanico\/files\/2019\/02\/chamomile-3811506_-300x200.jpg\",\"contentUrl\":\"http:\/\/institucional.ufrrj.br\/jardimbotanico\/files\/2019\/02\/chamomile-3811506_-300x200.jpg\"},{\"@type\":\"BreadcrumbList\",\"@id\":\"https:\/\/institucional.ufrrj.br\/jardimbotanico\/revitalizacao-do-horto-medicinal-da-ufrrj-projetos-do-proverde\/#breadcrumb\",\"itemListElement\":[{\"@type\":\"ListItem\",\"position\":1,\"name\":\"In\u00edcio\",\"item\":\"https:\/\/institucional.ufrrj.br\/jardimbotanico\/\"},{\"@type\":\"ListItem\",\"position\":2,\"name\":\"Revitaliza\u00e7\u00e3o do Horto Medicinal da UFRRJ &#8211; PROJETOS DO PROVERDE\"}]},{\"@type\":\"WebSite\",\"@id\":\"https:\/\/institucional.ufrrj.br\/jardimbotanico\/#website\",\"url\":\"https:\/\/institucional.ufrrj.br\/jardimbotanico\/\",\"name\":\"Jardim Bot\u00e2nico da UFRRJ\",\"description\":\"Universidade Federal Rural do Rio de Janeiro - UFRRJ\",\"potentialAction\":[{\"@type\":\"SearchAction\",\"target\":{\"@type\":\"EntryPoint\",\"urlTemplate\":\"https:\/\/institucional.ufrrj.br\/jardimbotanico\/?s={search_term_string}\"},\"query-input\":{\"@type\":\"PropertyValueSpecification\",\"valueRequired\":true,\"valueName\":\"search_term_string\"}}],\"inLanguage\":\"pt-BR\"},{\"@type\":\"Person\",\"@id\":\"https:\/\/institucional.ufrrj.br\/jardimbotanico\/#\/schema\/person\/0514103c2fc9f68285024bdeaf8bed12\",\"name\":\"Equipe Jardim Bot\u00e2nico UFRRJ\",\"image\":{\"@type\":\"ImageObject\",\"inLanguage\":\"pt-BR\",\"@id\":\"https:\/\/secure.gravatar.com\/avatar\/b9688bec0aeaa933f2d87a9314861c14d8d1ba90e1d2a64f7d842f342b3af920?s=96&d=mm&r=g\",\"url\":\"https:\/\/secure.gravatar.com\/avatar\/b9688bec0aeaa933f2d87a9314861c14d8d1ba90e1d2a64f7d842f342b3af920?s=96&d=mm&r=g\",\"contentUrl\":\"https:\/\/secure.gravatar.com\/avatar\/b9688bec0aeaa933f2d87a9314861c14d8d1ba90e1d2a64f7d842f342b3af920?s=96&d=mm&r=g\",\"caption\":\"Equipe Jardim Bot\u00e2nico UFRRJ\"},\"url\":\"https:\/\/institucional.ufrrj.br\/jardimbotanico\/author\/equipe-jardim-botanico-ufrrj\/\"}]}<\/script>\n<!-- \/ Yoast SEO plugin. -->","yoast_head_json":{"title":"Revitaliza\u00e7\u00e3o do Horto Medicinal da UFRRJ - PROJETOS DO PROVERDE - Jardim Bot\u00e2nico da UFRRJ","robots":{"index":"index","follow":"follow","max-snippet":"max-snippet:-1","max-image-preview":"max-image-preview:large","max-video-preview":"max-video-preview:-1"},"canonical":"https:\/\/institucional.ufrrj.br\/jardimbotanico\/revitalizacao-do-horto-medicinal-da-ufrrj-projetos-do-proverde\/","og_locale":"pt_BR","og_type":"article","og_title":"Revitaliza\u00e7\u00e3o do Horto Medicinal da UFRRJ - PROJETOS DO PROVERDE - Jardim Bot\u00e2nico da UFRRJ","og_description":"O Proverde \u00e9 um programa do Jardim Bot\u00e2nico voltado para os alunos de gradua\u00e7\u00e3o da UFRRJ e tem como objetivo ... leia mais","og_url":"https:\/\/institucional.ufrrj.br\/jardimbotanico\/revitalizacao-do-horto-medicinal-da-ufrrj-projetos-do-proverde\/","og_site_name":"Jardim Bot\u00e2nico da UFRRJ","article_published_time":"2019-02-05T16:31:45+00:00","og_image":[{"url":"http:\/\/institucional.ufrrj.br\/jardimbotanico\/files\/2019\/02\/chamomile-3811506_-300x200.jpg","type":"","width":"","height":""}],"author":"Equipe Jardim Bot\u00e2nico UFRRJ","twitter_card":"summary_large_image","twitter_misc":{"Escrito por":"Equipe Jardim Bot\u00e2nico UFRRJ","Est. tempo de leitura":"3 minutos"},"schema":{"@context":"https:\/\/schema.org","@graph":[{"@type":"Article","@id":"https:\/\/institucional.ufrrj.br\/jardimbotanico\/revitalizacao-do-horto-medicinal-da-ufrrj-projetos-do-proverde\/#article","isPartOf":{"@id":"https:\/\/institucional.ufrrj.br\/jardimbotanico\/revitalizacao-do-horto-medicinal-da-ufrrj-projetos-do-proverde\/"},"author":{"name":"Equipe Jardim Bot\u00e2nico UFRRJ","@id":"https:\/\/institucional.ufrrj.br\/jardimbotanico\/#\/schema\/person\/0514103c2fc9f68285024bdeaf8bed12"},"headline":"Revitaliza\u00e7\u00e3o do Horto Medicinal da UFRRJ &#8211; PROJETOS DO PROVERDE","datePublished":"2019-02-05T16:31:45+00:00","mainEntityOfPage":{"@id":"https:\/\/institucional.ufrrj.br\/jardimbotanico\/revitalizacao-do-horto-medicinal-da-ufrrj-projetos-do-proverde\/"},"wordCount":539,"commentCount":0,"image":{"@id":"https:\/\/institucional.ufrrj.br\/jardimbotanico\/revitalizacao-do-horto-medicinal-da-ufrrj-projetos-do-proverde\/#primaryimage"},"thumbnailUrl":"http:\/\/institucional.ufrrj.br\/jardimbotanico\/files\/2019\/02\/chamomile-3811506_-300x200.jpg","keywords":["Horto Medicinal","Jardim Bot\u00e2nico","Projetos","Proverde","Revitaliza\u00e7\u00e3o","UFRRJ"],"articleSection":["PROVERDE"],"inLanguage":"pt-BR","potentialAction":[{"@type":"CommentAction","name":"Comment","target":["https:\/\/institucional.ufrrj.br\/jardimbotanico\/revitalizacao-do-horto-medicinal-da-ufrrj-projetos-do-proverde\/#respond"]}]},{"@type":"WebPage","@id":"https:\/\/institucional.ufrrj.br\/jardimbotanico\/revitalizacao-do-horto-medicinal-da-ufrrj-projetos-do-proverde\/","url":"https:\/\/institucional.ufrrj.br\/jardimbotanico\/revitalizacao-do-horto-medicinal-da-ufrrj-projetos-do-proverde\/","name":"Revitaliza\u00e7\u00e3o do Horto Medicinal da UFRRJ - PROJETOS DO PROVERDE - Jardim Bot\u00e2nico da UFRRJ","isPartOf":{"@id":"https:\/\/institucional.ufrrj.br\/jardimbotanico\/#website"},"primaryImageOfPage":{"@id":"https:\/\/institucional.ufrrj.br\/jardimbotanico\/revitalizacao-do-horto-medicinal-da-ufrrj-projetos-do-proverde\/#primaryimage"},"image":{"@id":"https:\/\/institucional.ufrrj.br\/jardimbotanico\/revitalizacao-do-horto-medicinal-da-ufrrj-projetos-do-proverde\/#primaryimage"},"thumbnailUrl":"http:\/\/institucional.ufrrj.br\/jardimbotanico\/files\/2019\/02\/chamomile-3811506_-300x200.jpg","datePublished":"2019-02-05T16:31:45+00:00","author":{"@id":"https:\/\/institucional.ufrrj.br\/jardimbotanico\/#\/schema\/person\/0514103c2fc9f68285024bdeaf8bed12"},"breadcrumb":{"@id":"https:\/\/institucional.ufrrj.br\/jardimbotanico\/revitalizacao-do-horto-medicinal-da-ufrrj-projetos-do-proverde\/#breadcrumb"},"inLanguage":"pt-BR","potentialAction":[{"@type":"ReadAction","target":["https:\/\/institucional.ufrrj.br\/jardimbotanico\/revitalizacao-do-horto-medicinal-da-ufrrj-projetos-do-proverde\/"]}]},{"@type":"ImageObject","inLanguage":"pt-BR","@id":"https:\/\/institucional.ufrrj.br\/jardimbotanico\/revitalizacao-do-horto-medicinal-da-ufrrj-projetos-do-proverde\/#primaryimage","url":"http:\/\/institucional.ufrrj.br\/jardimbotanico\/files\/2019\/02\/chamomile-3811506_-300x200.jpg","contentUrl":"http:\/\/institucional.ufrrj.br\/jardimbotanico\/files\/2019\/02\/chamomile-3811506_-300x200.jpg"},{"@type":"BreadcrumbList","@id":"https:\/\/institucional.ufrrj.br\/jardimbotanico\/revitalizacao-do-horto-medicinal-da-ufrrj-projetos-do-proverde\/#breadcrumb","itemListElement":[{"@type":"ListItem","position":1,"name":"In\u00edcio","item":"https:\/\/institucional.ufrrj.br\/jardimbotanico\/"},{"@type":"ListItem","position":2,"name":"Revitaliza\u00e7\u00e3o do Horto Medicinal da UFRRJ &#8211; PROJETOS DO PROVERDE"}]},{"@type":"WebSite","@id":"https:\/\/institucional.ufrrj.br\/jardimbotanico\/#website","url":"https:\/\/institucional.ufrrj.br\/jardimbotanico\/","name":"Jardim Bot\u00e2nico da UFRRJ","description":"Universidade Federal Rural do Rio de Janeiro - UFRRJ","potentialAction":[{"@type":"SearchAction","target":{"@type":"EntryPoint","urlTemplate":"https:\/\/institucional.ufrrj.br\/jardimbotanico\/?s={search_term_string}"},"query-input":{"@type":"PropertyValueSpecification","valueRequired":true,"valueName":"search_term_string"}}],"inLanguage":"pt-BR"},{"@type":"Person","@id":"https:\/\/institucional.ufrrj.br\/jardimbotanico\/#\/schema\/person\/0514103c2fc9f68285024bdeaf8bed12","name":"Equipe Jardim Bot\u00e2nico UFRRJ","image":{"@type":"ImageObject","inLanguage":"pt-BR","@id":"https:\/\/secure.gravatar.com\/avatar\/b9688bec0aeaa933f2d87a9314861c14d8d1ba90e1d2a64f7d842f342b3af920?s=96&d=mm&r=g","url":"https:\/\/secure.gravatar.com\/avatar\/b9688bec0aeaa933f2d87a9314861c14d8d1ba90e1d2a64f7d842f342b3af920?s=96&d=mm&r=g","contentUrl":"https:\/\/secure.gravatar.com\/avatar\/b9688bec0aeaa933f2d87a9314861c14d8d1ba90e1d2a64f7d842f342b3af920?s=96&d=mm&r=g","caption":"Equipe Jardim Bot\u00e2nico UFRRJ"},"url":"https:\/\/institucional.ufrrj.br\/jardimbotanico\/author\/equipe-jardim-botanico-ufrrj\/"}]}},"acf":[],"_links":{"self":[{"href":"https:\/\/institucional.ufrrj.br\/jardimbotanico\/wp-json\/wp\/v2\/posts\/246","targetHints":{"allow":["GET"]}}],"collection":[{"href":"https:\/\/institucional.ufrrj.br\/jardimbotanico\/wp-json\/wp\/v2\/posts"}],"about":[{"href":"https:\/\/institucional.ufrrj.br\/jardimbotanico\/wp-json\/wp\/v2\/types\/post"}],"author":[{"embeddable":true,"href":"https:\/\/institucional.ufrrj.br\/jardimbotanico\/wp-json\/wp\/v2\/users\/625"}],"replies":[{"embeddable":true,"href":"https:\/\/institucional.ufrrj.br\/jardimbotanico\/wp-json\/wp\/v2\/comments?post=246"}],"version-history":[{"count":8,"href":"https:\/\/institucional.ufrrj.br\/jardimbotanico\/wp-json\/wp\/v2\/posts\/246\/revisions"}],"predecessor-version":[{"id":258,"href":"https:\/\/institucional.ufrrj.br\/jardimbotanico\/wp-json\/wp\/v2\/posts\/246\/revisions\/258"}],"wp:attachment":[{"href":"https:\/\/institucional.ufrrj.br\/jardimbotanico\/wp-json\/wp\/v2\/media?parent=246"}],"wp:term":[{"taxonomy":"category","embeddable":true,"href":"https:\/\/institucional.ufrrj.br\/jardimbotanico\/wp-json\/wp\/v2\/categories?post=246"},{"taxonomy":"post_tag","embeddable":true,"href":"https:\/\/institucional.ufrrj.br\/jardimbotanico\/wp-json\/wp\/v2\/tags?post=246"}],"curies":[{"name":"wp","href":"https:\/\/api.w.org\/{rel}","templated":true}]}}