{"id":1522,"date":"2026-04-29T02:16:36","date_gmt":"2026-04-29T02:16:36","guid":{"rendered":"https:\/\/institucional.ufrrj.br\/jardimbotanico\/?p=1522"},"modified":"2026-04-29T02:16:38","modified_gmt":"2026-04-29T02:16:38","slug":"cronograma-atualizado-do-edital-proverde-e-divulgado","status":"publish","type":"post","link":"https:\/\/institucional.ufrrj.br\/jardimbotanico\/cronograma-atualizado-do-edital-proverde-e-divulgado\/","title":{"rendered":"Cronograma atualizado do Edital PROVERDE \u00e9 divulgado"},"content":{"rendered":"\n<p>A coordena\u00e7\u00e3o do JB UFRRJ informa que foi publicado o cronograma retificado do Edital PROVERDE 2026-2027. As altera\u00e7\u00f5es contemplam as etapas de avalia\u00e7\u00e3o das propostas, divulga\u00e7\u00e3o dos resultados e indica\u00e7\u00e3o dos bolsistas.<\/p>\n\n\n\n<p>Os(as) interessados(as) devem consultar o documento atualizado para verificar as novas datas e se atentar aos prazos estabelecidos.<\/p>\n\n\n\n<p>Para acessar o cronograma atualizado, <a href=\"https:\/\/institucional.ufrrj.br\/jardimbotanico\/edital-proverde-2026-2027-do-jardim-botanico-da-ufrrj\/\" id=\"https:\/\/institucional.ufrrj.br\/jardimbotanico\/edital-proverde-2026-2027-do-jardim-botanico-da-ufrrj\/\">clique aqui<\/a>.<\/p>\n","protected":false},"excerpt":{"rendered":"<p>A coordena\u00e7\u00e3o do JB UFRRJ informa que foi publicado o cronograma retificado do Edital PROVERDE 2026-2027. As altera\u00e7\u00f5es contemplam as <a class=\"read-more\" href=\"https:\/\/institucional.ufrrj.br\/jardimbotanico\/cronograma-atualizado-do-edital-proverde-e-divulgado\/ \" >&#8230; <span class=\"font-italic\">leia mais <i class=\"fas fa-angle-right\"><\/i><\/span><\/a><\/p>\n","protected":false},"author":625,"featured_media":1493,"comment_status":"open","ping_status":"open","sticky":false,"template":"","format":"standard","meta":{"_acf_changed":false,"footnotes":""},"categories":[14,3],"tags":[],"class_list":["post-1522","post","type-post","status-publish","format-standard","has-post-thumbnail","hentry","category-noticias-2","category-noticias"],"yoast_head":"<!-- This site is optimized with the Yoast SEO plugin v27.2 - https:\/\/yoast.com\/product\/yoast-seo-wordpress\/ -->\n<title>Cronograma atualizado do Edital PROVERDE \u00e9 divulgado - Jardim Bot\u00e2nico da UFRRJ<\/title>\n<meta name=\"robots\" content=\"index, follow, max-snippet:-1, max-image-preview:large, max-video-preview:-1\" \/>\n<link rel=\"canonical\" href=\"https:\/\/institucional.ufrrj.br\/jardimbotanico\/cronograma-atualizado-do-edital-proverde-e-divulgado\/\" \/>\n<meta property=\"og:locale\" content=\"pt_BR\" \/>\n<meta property=\"og:type\" content=\"article\" \/>\n<meta property=\"og:title\" content=\"Cronograma atualizado do Edital PROVERDE \u00e9 divulgado - Jardim Bot\u00e2nico da UFRRJ\" \/>\n<meta property=\"og:description\" content=\"A coordena\u00e7\u00e3o do JB UFRRJ informa que foi publicado o cronograma retificado do Edital PROVERDE 2026-2027. As altera\u00e7\u00f5es contemplam as ... leia mais\" \/>\n<meta property=\"og:url\" content=\"https:\/\/institucional.ufrrj.br\/jardimbotanico\/cronograma-atualizado-do-edital-proverde-e-divulgado\/\" \/>\n<meta property=\"og:site_name\" content=\"Jardim Bot\u00e2nico da UFRRJ\" \/>\n<meta property=\"article:published_time\" content=\"2026-04-29T02:16:36+00:00\" \/>\n<meta property=\"article:modified_time\" content=\"2026-04-29T02:16:38+00:00\" \/>\n<meta property=\"og:image\" content=\"https:\/\/institucional.ufrrj.br\/jardimbotanico\/files\/2026\/03\/Proverde.jpg\" \/>\n\t<meta property=\"og:image:width\" content=\"225\" \/>\n\t<meta property=\"og:image:height\" content=\"225\" \/>\n\t<meta property=\"og:image:type\" content=\"image\/jpeg\" \/>\n<meta name=\"author\" content=\"Equipe Jardim Bot\u00e2nico UFRRJ\" \/>\n<meta name=\"twitter:card\" content=\"summary_large_image\" \/>\n<meta name=\"twitter:label1\" content=\"Escrito por\" \/>\n\t<meta name=\"twitter:data1\" content=\"Equipe Jardim Bot\u00e2nico UFRRJ\" \/>\n\t<meta name=\"twitter:label2\" content=\"Est. tempo de leitura\" \/>\n\t<meta name=\"twitter:data2\" content=\"1 minuto\" \/>\n<script type=\"application\/ld+json\" class=\"yoast-schema-graph\">{\"@context\":\"https:\/\/schema.org\",\"@graph\":[{\"@type\":\"Article\",\"@id\":\"https:\/\/institucional.ufrrj.br\/jardimbotanico\/cronograma-atualizado-do-edital-proverde-e-divulgado\/#article\",\"isPartOf\":{\"@id\":\"https:\/\/institucional.ufrrj.br\/jardimbotanico\/cronograma-atualizado-do-edital-proverde-e-divulgado\/\"},\"author\":{\"name\":\"Equipe Jardim Bot\u00e2nico UFRRJ\",\"@id\":\"https:\/\/institucional.ufrrj.br\/jardimbotanico\/#\/schema\/person\/0514103c2fc9f68285024bdeaf8bed12\"},\"headline\":\"Cronograma atualizado do Edital PROVERDE \u00e9 divulgado\",\"datePublished\":\"2026-04-29T02:16:36+00:00\",\"dateModified\":\"2026-04-29T02:16:38+00:00\",\"mainEntityOfPage\":{\"@id\":\"https:\/\/institucional.ufrrj.br\/jardimbotanico\/cronograma-atualizado-do-edital-proverde-e-divulgado\/\"},\"wordCount\":70,\"commentCount\":0,\"image\":{\"@id\":\"https:\/\/institucional.ufrrj.br\/jardimbotanico\/cronograma-atualizado-do-edital-proverde-e-divulgado\/#primaryimage\"},\"thumbnailUrl\":\"https:\/\/institucional.ufrrj.br\/jardimbotanico\/files\/2026\/03\/Proverde.jpg\",\"articleSection\":[\"Not\u00edcias\",\"Not\u00edcias em Destaque\"],\"inLanguage\":\"pt-BR\",\"potentialAction\":[{\"@type\":\"CommentAction\",\"name\":\"Comment\",\"target\":[\"https:\/\/institucional.ufrrj.br\/jardimbotanico\/cronograma-atualizado-do-edital-proverde-e-divulgado\/#respond\"]}]},{\"@type\":\"WebPage\",\"@id\":\"https:\/\/institucional.ufrrj.br\/jardimbotanico\/cronograma-atualizado-do-edital-proverde-e-divulgado\/\",\"url\":\"https:\/\/institucional.ufrrj.br\/jardimbotanico\/cronograma-atualizado-do-edital-proverde-e-divulgado\/\",\"name\":\"Cronograma atualizado do Edital PROVERDE \u00e9 divulgado - Jardim Bot\u00e2nico da UFRRJ\",\"isPartOf\":{\"@id\":\"https:\/\/institucional.ufrrj.br\/jardimbotanico\/#website\"},\"primaryImageOfPage\":{\"@id\":\"https:\/\/institucional.ufrrj.br\/jardimbotanico\/cronograma-atualizado-do-edital-proverde-e-divulgado\/#primaryimage\"},\"image\":{\"@id\":\"https:\/\/institucional.ufrrj.br\/jardimbotanico\/cronograma-atualizado-do-edital-proverde-e-divulgado\/#primaryimage\"},\"thumbnailUrl\":\"https:\/\/institucional.ufrrj.br\/jardimbotanico\/files\/2026\/03\/Proverde.jpg\",\"datePublished\":\"2026-04-29T02:16:36+00:00\",\"dateModified\":\"2026-04-29T02:16:38+00:00\",\"author\":{\"@id\":\"https:\/\/institucional.ufrrj.br\/jardimbotanico\/#\/schema\/person\/0514103c2fc9f68285024bdeaf8bed12\"},\"breadcrumb\":{\"@id\":\"https:\/\/institucional.ufrrj.br\/jardimbotanico\/cronograma-atualizado-do-edital-proverde-e-divulgado\/#breadcrumb\"},\"inLanguage\":\"pt-BR\",\"potentialAction\":[{\"@type\":\"ReadAction\",\"target\":[\"https:\/\/institucional.ufrrj.br\/jardimbotanico\/cronograma-atualizado-do-edital-proverde-e-divulgado\/\"]}]},{\"@type\":\"ImageObject\",\"inLanguage\":\"pt-BR\",\"@id\":\"https:\/\/institucional.ufrrj.br\/jardimbotanico\/cronograma-atualizado-do-edital-proverde-e-divulgado\/#primaryimage\",\"url\":\"https:\/\/institucional.ufrrj.br\/jardimbotanico\/files\/2026\/03\/Proverde.jpg\",\"contentUrl\":\"https:\/\/institucional.ufrrj.br\/jardimbotanico\/files\/2026\/03\/Proverde.jpg\",\"width\":225,\"height\":225},{\"@type\":\"BreadcrumbList\",\"@id\":\"https:\/\/institucional.ufrrj.br\/jardimbotanico\/cronograma-atualizado-do-edital-proverde-e-divulgado\/#breadcrumb\",\"itemListElement\":[{\"@type\":\"ListItem\",\"position\":1,\"name\":\"In\u00edcio\",\"item\":\"https:\/\/institucional.ufrrj.br\/jardimbotanico\/\"},{\"@type\":\"ListItem\",\"position\":2,\"name\":\"Cronograma atualizado do Edital PROVERDE \u00e9 divulgado\"}]},{\"@type\":\"WebSite\",\"@id\":\"https:\/\/institucional.ufrrj.br\/jardimbotanico\/#website\",\"url\":\"https:\/\/institucional.ufrrj.br\/jardimbotanico\/\",\"name\":\"Jardim Bot\u00e2nico da UFRRJ\",\"description\":\"Universidade Federal Rural do Rio de Janeiro - UFRRJ\",\"potentialAction\":[{\"@type\":\"SearchAction\",\"target\":{\"@type\":\"EntryPoint\",\"urlTemplate\":\"https:\/\/institucional.ufrrj.br\/jardimbotanico\/?s={search_term_string}\"},\"query-input\":{\"@type\":\"PropertyValueSpecification\",\"valueRequired\":true,\"valueName\":\"search_term_string\"}}],\"inLanguage\":\"pt-BR\"},{\"@type\":\"Person\",\"@id\":\"https:\/\/institucional.ufrrj.br\/jardimbotanico\/#\/schema\/person\/0514103c2fc9f68285024bdeaf8bed12\",\"name\":\"Equipe Jardim Bot\u00e2nico UFRRJ\",\"image\":{\"@type\":\"ImageObject\",\"inLanguage\":\"pt-BR\",\"@id\":\"https:\/\/secure.gravatar.com\/avatar\/b9688bec0aeaa933f2d87a9314861c14d8d1ba90e1d2a64f7d842f342b3af920?s=96&d=mm&r=g\",\"url\":\"https:\/\/secure.gravatar.com\/avatar\/b9688bec0aeaa933f2d87a9314861c14d8d1ba90e1d2a64f7d842f342b3af920?s=96&d=mm&r=g\",\"contentUrl\":\"https:\/\/secure.gravatar.com\/avatar\/b9688bec0aeaa933f2d87a9314861c14d8d1ba90e1d2a64f7d842f342b3af920?s=96&d=mm&r=g\",\"caption\":\"Equipe Jardim Bot\u00e2nico UFRRJ\"},\"url\":\"https:\/\/institucional.ufrrj.br\/jardimbotanico\/author\/equipe-jardim-botanico-ufrrj\/\"}]}<\/script>\n<!-- \/ Yoast SEO plugin. -->","yoast_head_json":{"title":"Cronograma atualizado do Edital PROVERDE \u00e9 divulgado - Jardim Bot\u00e2nico da UFRRJ","robots":{"index":"index","follow":"follow","max-snippet":"max-snippet:-1","max-image-preview":"max-image-preview:large","max-video-preview":"max-video-preview:-1"},"canonical":"https:\/\/institucional.ufrrj.br\/jardimbotanico\/cronograma-atualizado-do-edital-proverde-e-divulgado\/","og_locale":"pt_BR","og_type":"article","og_title":"Cronograma atualizado do Edital PROVERDE \u00e9 divulgado - Jardim Bot\u00e2nico da UFRRJ","og_description":"A coordena\u00e7\u00e3o do JB UFRRJ informa que foi publicado o cronograma retificado do Edital PROVERDE 2026-2027. As altera\u00e7\u00f5es contemplam as ... leia mais","og_url":"https:\/\/institucional.ufrrj.br\/jardimbotanico\/cronograma-atualizado-do-edital-proverde-e-divulgado\/","og_site_name":"Jardim Bot\u00e2nico da UFRRJ","article_published_time":"2026-04-29T02:16:36+00:00","article_modified_time":"2026-04-29T02:16:38+00:00","og_image":[{"width":225,"height":225,"url":"https:\/\/institucional.ufrrj.br\/jardimbotanico\/files\/2026\/03\/Proverde.jpg","type":"image\/jpeg"}],"author":"Equipe Jardim Bot\u00e2nico UFRRJ","twitter_card":"summary_large_image","twitter_misc":{"Escrito por":"Equipe Jardim Bot\u00e2nico UFRRJ","Est. tempo de leitura":"1 minuto"},"schema":{"@context":"https:\/\/schema.org","@graph":[{"@type":"Article","@id":"https:\/\/institucional.ufrrj.br\/jardimbotanico\/cronograma-atualizado-do-edital-proverde-e-divulgado\/#article","isPartOf":{"@id":"https:\/\/institucional.ufrrj.br\/jardimbotanico\/cronograma-atualizado-do-edital-proverde-e-divulgado\/"},"author":{"name":"Equipe Jardim Bot\u00e2nico UFRRJ","@id":"https:\/\/institucional.ufrrj.br\/jardimbotanico\/#\/schema\/person\/0514103c2fc9f68285024bdeaf8bed12"},"headline":"Cronograma atualizado do Edital PROVERDE \u00e9 divulgado","datePublished":"2026-04-29T02:16:36+00:00","dateModified":"2026-04-29T02:16:38+00:00","mainEntityOfPage":{"@id":"https:\/\/institucional.ufrrj.br\/jardimbotanico\/cronograma-atualizado-do-edital-proverde-e-divulgado\/"},"wordCount":70,"commentCount":0,"image":{"@id":"https:\/\/institucional.ufrrj.br\/jardimbotanico\/cronograma-atualizado-do-edital-proverde-e-divulgado\/#primaryimage"},"thumbnailUrl":"https:\/\/institucional.ufrrj.br\/jardimbotanico\/files\/2026\/03\/Proverde.jpg","articleSection":["Not\u00edcias","Not\u00edcias em Destaque"],"inLanguage":"pt-BR","potentialAction":[{"@type":"CommentAction","name":"Comment","target":["https:\/\/institucional.ufrrj.br\/jardimbotanico\/cronograma-atualizado-do-edital-proverde-e-divulgado\/#respond"]}]},{"@type":"WebPage","@id":"https:\/\/institucional.ufrrj.br\/jardimbotanico\/cronograma-atualizado-do-edital-proverde-e-divulgado\/","url":"https:\/\/institucional.ufrrj.br\/jardimbotanico\/cronograma-atualizado-do-edital-proverde-e-divulgado\/","name":"Cronograma atualizado do Edital PROVERDE \u00e9 divulgado - Jardim Bot\u00e2nico da UFRRJ","isPartOf":{"@id":"https:\/\/institucional.ufrrj.br\/jardimbotanico\/#website"},"primaryImageOfPage":{"@id":"https:\/\/institucional.ufrrj.br\/jardimbotanico\/cronograma-atualizado-do-edital-proverde-e-divulgado\/#primaryimage"},"image":{"@id":"https:\/\/institucional.ufrrj.br\/jardimbotanico\/cronograma-atualizado-do-edital-proverde-e-divulgado\/#primaryimage"},"thumbnailUrl":"https:\/\/institucional.ufrrj.br\/jardimbotanico\/files\/2026\/03\/Proverde.jpg","datePublished":"2026-04-29T02:16:36+00:00","dateModified":"2026-04-29T02:16:38+00:00","author":{"@id":"https:\/\/institucional.ufrrj.br\/jardimbotanico\/#\/schema\/person\/0514103c2fc9f68285024bdeaf8bed12"},"breadcrumb":{"@id":"https:\/\/institucional.ufrrj.br\/jardimbotanico\/cronograma-atualizado-do-edital-proverde-e-divulgado\/#breadcrumb"},"inLanguage":"pt-BR","potentialAction":[{"@type":"ReadAction","target":["https:\/\/institucional.ufrrj.br\/jardimbotanico\/cronograma-atualizado-do-edital-proverde-e-divulgado\/"]}]},{"@type":"ImageObject","inLanguage":"pt-BR","@id":"https:\/\/institucional.ufrrj.br\/jardimbotanico\/cronograma-atualizado-do-edital-proverde-e-divulgado\/#primaryimage","url":"https:\/\/institucional.ufrrj.br\/jardimbotanico\/files\/2026\/03\/Proverde.jpg","contentUrl":"https:\/\/institucional.ufrrj.br\/jardimbotanico\/files\/2026\/03\/Proverde.jpg","width":225,"height":225},{"@type":"BreadcrumbList","@id":"https:\/\/institucional.ufrrj.br\/jardimbotanico\/cronograma-atualizado-do-edital-proverde-e-divulgado\/#breadcrumb","itemListElement":[{"@type":"ListItem","position":1,"name":"In\u00edcio","item":"https:\/\/institucional.ufrrj.br\/jardimbotanico\/"},{"@type":"ListItem","position":2,"name":"Cronograma atualizado do Edital PROVERDE \u00e9 divulgado"}]},{"@type":"WebSite","@id":"https:\/\/institucional.ufrrj.br\/jardimbotanico\/#website","url":"https:\/\/institucional.ufrrj.br\/jardimbotanico\/","name":"Jardim Bot\u00e2nico da UFRRJ","description":"Universidade Federal Rural do Rio de Janeiro - UFRRJ","potentialAction":[{"@type":"SearchAction","target":{"@type":"EntryPoint","urlTemplate":"https:\/\/institucional.ufrrj.br\/jardimbotanico\/?s={search_term_string}"},"query-input":{"@type":"PropertyValueSpecification","valueRequired":true,"valueName":"search_term_string"}}],"inLanguage":"pt-BR"},{"@type":"Person","@id":"https:\/\/institucional.ufrrj.br\/jardimbotanico\/#\/schema\/person\/0514103c2fc9f68285024bdeaf8bed12","name":"Equipe Jardim Bot\u00e2nico UFRRJ","image":{"@type":"ImageObject","inLanguage":"pt-BR","@id":"https:\/\/secure.gravatar.com\/avatar\/b9688bec0aeaa933f2d87a9314861c14d8d1ba90e1d2a64f7d842f342b3af920?s=96&d=mm&r=g","url":"https:\/\/secure.gravatar.com\/avatar\/b9688bec0aeaa933f2d87a9314861c14d8d1ba90e1d2a64f7d842f342b3af920?s=96&d=mm&r=g","contentUrl":"https:\/\/secure.gravatar.com\/avatar\/b9688bec0aeaa933f2d87a9314861c14d8d1ba90e1d2a64f7d842f342b3af920?s=96&d=mm&r=g","caption":"Equipe Jardim Bot\u00e2nico UFRRJ"},"url":"https:\/\/institucional.ufrrj.br\/jardimbotanico\/author\/equipe-jardim-botanico-ufrrj\/"}]}},"acf":[],"_links":{"self":[{"href":"https:\/\/institucional.ufrrj.br\/jardimbotanico\/wp-json\/wp\/v2\/posts\/1522","targetHints":{"allow":["GET"]}}],"collection":[{"href":"https:\/\/institucional.ufrrj.br\/jardimbotanico\/wp-json\/wp\/v2\/posts"}],"about":[{"href":"https:\/\/institucional.ufrrj.br\/jardimbotanico\/wp-json\/wp\/v2\/types\/post"}],"author":[{"embeddable":true,"href":"https:\/\/institucional.ufrrj.br\/jardimbotanico\/wp-json\/wp\/v2\/users\/625"}],"replies":[{"embeddable":true,"href":"https:\/\/institucional.ufrrj.br\/jardimbotanico\/wp-json\/wp\/v2\/comments?post=1522"}],"version-history":[{"count":1,"href":"https:\/\/institucional.ufrrj.br\/jardimbotanico\/wp-json\/wp\/v2\/posts\/1522\/revisions"}],"predecessor-version":[{"id":1523,"href":"https:\/\/institucional.ufrrj.br\/jardimbotanico\/wp-json\/wp\/v2\/posts\/1522\/revisions\/1523"}],"wp:featuredmedia":[{"embeddable":true,"href":"https:\/\/institucional.ufrrj.br\/jardimbotanico\/wp-json\/wp\/v2\/media\/1493"}],"wp:attachment":[{"href":"https:\/\/institucional.ufrrj.br\/jardimbotanico\/wp-json\/wp\/v2\/media?parent=1522"}],"wp:term":[{"taxonomy":"category","embeddable":true,"href":"https:\/\/institucional.ufrrj.br\/jardimbotanico\/wp-json\/wp\/v2\/categories?post=1522"},{"taxonomy":"post_tag","embeddable":true,"href":"https:\/\/institucional.ufrrj.br\/jardimbotanico\/wp-json\/wp\/v2\/tags?post=1522"}],"curies":[{"name":"wp","href":"https:\/\/api.w.org\/{rel}","templated":true}]}}