{"id":676,"date":"2019-06-28T13:31:33","date_gmt":"2019-06-28T16:31:33","guid":{"rendered":"http:\/\/institucional.ufrrj.br\/fazendinha\/?p=676"},"modified":"2019-09-26T21:35:25","modified_gmt":"2019-09-27T00:35:25","slug":"vivencia-de-alunos-do-curso-de-geografia","status":"publish","type":"post","link":"https:\/\/institucional.ufrrj.br\/fazendinha\/2019\/06\/28\/vivencia-de-alunos-do-curso-de-geografia\/","title":{"rendered":"Alunos do curso de Geografia da UFRRJ Campus Nova Igua\u00e7u participam de viv\u00eancia na Fazendinha Agroecol\u00f3gica"},"content":{"rendered":"<div id=\"attachment_813\" style=\"width: 310px\" class=\"wp-caption alignleft\"><img loading=\"lazy\" decoding=\"async\" aria-describedby=\"caption-attachment-813\" class=\"wp-image-813 size-medium\" src=\"https:\/\/institucional.ufrrj.br\/fazendinha\/files\/2019\/06\/IMG-20190513-WA0020-300x225.jpg\" alt=\"\" width=\"300\" height=\"225\" srcset=\"https:\/\/institucional.ufrrj.br\/fazendinha\/files\/2019\/06\/IMG-20190513-WA0020-300x225.jpg 300w, https:\/\/institucional.ufrrj.br\/fazendinha\/files\/2019\/06\/IMG-20190513-WA0020-768x576.jpg 768w, https:\/\/institucional.ufrrj.br\/fazendinha\/files\/2019\/06\/IMG-20190513-WA0020-1024x768.jpg 1024w, https:\/\/institucional.ufrrj.br\/fazendinha\/files\/2019\/06\/IMG-20190513-WA0020.jpg 1040w\" sizes=\"auto, (max-width: 300px) 100vw, 300px\" \/><p id=\"caption-attachment-813\" class=\"wp-caption-text\">Graduandos em Geografia observando o sistema de vermecompostagem.<\/p><\/div>\n<p>A Fazendinha Agroecol\u00f3gica recebeu no dia 13\/05\/2019, alunos da disciplina geografia agr\u00e1ria do curso Geografia. A viv\u00eancia foi conduzida pela professora Roberta Carvalho e pelo residente em agronomia Enok Donato. O objetivo da viv\u00eancia foi proporcionar aos alunos uma vis\u00e3o das t\u00e9cnicas com bases agroecol\u00f3gicas utilizadas na fazendinha.<\/p>\n<p>Na viv\u00eancia foi apresentado aos alunos a maquete expositora da Fazendinha no Centro de Forma\u00e7\u00e3o de Agroecologia e Produ\u00e7\u00e3o Org\u00e2nica &#8211; CFAAO e foi salientado do trip\u00e9 da sustentabilidade no modelos de produ\u00e7\u00e3o: Integra\u00e7\u00e3o de produ\u00e7\u00e3o animal com a produ\u00e7\u00e3o vegetal; biodiversidade e aduba\u00e7\u00e3o org\u00e2nica (adubos verdes, bokashi, compostagem, vermecomposto e gongocompostagem).<\/p>\n<p>Durante o curso, os alunos visitaram o setor de produ\u00e7\u00e3o de mudas e participaram da confec\u00e7\u00e3o do substrato com h\u00famus de minhoca. Posteriormente, visitaram a esta\u00e7\u00e3o de tratamento de \u00e1gua residu\u00e1ria para fertirriga\u00e7\u00e3o de canteiros e pastagem, onde puderam observar o manejo correto para os res\u00edduos da produ\u00e7\u00e3o animal.<\/p>\n<div id=\"attachment_814\" style=\"width: 310px\" class=\"wp-caption alignright\"><img loading=\"lazy\" decoding=\"async\" aria-describedby=\"caption-attachment-814\" class=\"wp-image-814 size-medium\" src=\"https:\/\/institucional.ufrrj.br\/fazendinha\/files\/2019\/06\/IMG-20190513-WA0015-300x225.jpg\" alt=\"\" width=\"300\" height=\"225\" srcset=\"https:\/\/institucional.ufrrj.br\/fazendinha\/files\/2019\/06\/IMG-20190513-WA0015-300x225.jpg 300w, https:\/\/institucional.ufrrj.br\/fazendinha\/files\/2019\/06\/IMG-20190513-WA0015-768x576.jpg 768w, https:\/\/institucional.ufrrj.br\/fazendinha\/files\/2019\/06\/IMG-20190513-WA0015-1024x768.jpg 1024w, https:\/\/institucional.ufrrj.br\/fazendinha\/files\/2019\/06\/IMG-20190513-WA0015.jpg 1040w\" sizes=\"auto, (max-width: 300px) 100vw, 300px\" \/><p id=\"caption-attachment-814\" class=\"wp-caption-text\">Graduandos em Geografia em \u00e1rea de cultivo de caf\u00e9 conilon (<em>Coffea canephora<\/em>) consorciado com <em>Gliricidia sepium<\/em>.<\/p><\/div>\n<p>No percurso da viv\u00eancia, foi apresentado o setor de caf\u00e9 <em>Coffea canephora<\/em>\u00a0consorciado com a leguminosa <em>gliric\u00eddia sepium. Salientou-se <\/em>as caracter\u00edsticas morfol\u00f3gicas e fisiol\u00f3gicas da cultura e de esp\u00e9cies de adubos verdes, sua import\u00e2ncia econ\u00f4mica, nutri\u00e7\u00e3o, ciclagem de nutrientes, controle fitossanit\u00e1rio e cobertura do solo. Ao finalizar, houve foi explanado os setores do Sistema Agroflorestal e setores produtivos de cultivo intensivo de hortali\u00e7as.<\/p>\n<p>&nbsp;<\/p>\n<p>&nbsp;<\/p>\n<p>&nbsp;<\/p>\n<p>&nbsp;<\/p>\n<h6 style=\"text-align: right\"><em>Por Enok P. Donato J\u00fanior, Residente em Agronomia\/UFRRJ<\/em><\/h6>\n","protected":false},"excerpt":{"rendered":"<p>A Fazendinha Agroecol\u00f3gica recebeu no dia 13\/05\/2019, alunos da disciplina geografia agr\u00e1ria do curso Geografia. A viv\u00eancia foi conduzida pela <a class=\"read-more\" href=\"https:\/\/institucional.ufrrj.br\/fazendinha\/2019\/06\/28\/vivencia-de-alunos-do-curso-de-geografia\/ \" >&#8230; <span class=\"font-italic\">leia mais <i class=\"fas fa-angle-right\"><\/i><\/span><\/a><\/p>\n","protected":false},"author":743,"featured_media":0,"comment_status":"open","ping_status":"open","sticky":false,"template":"","format":"standard","meta":{"_acf_changed":false,"footnotes":""},"categories":[9],"tags":[],"class_list":["post-676","post","type-post","status-publish","format-standard","hentry","category-livro-de-visitas"],"yoast_head":"<!-- This site is optimized with the Yoast SEO plugin v27.2 - https:\/\/yoast.com\/product\/yoast-seo-wordpress\/ -->\n<title>Alunos do curso de Geografia da UFRRJ Campus Nova Igua\u00e7u participam de viv\u00eancia na Fazendinha Agroecol\u00f3gica - Fazendinha<\/title>\n<meta name=\"robots\" content=\"index, follow, max-snippet:-1, max-image-preview:large, max-video-preview:-1\" \/>\n<link rel=\"canonical\" href=\"https:\/\/institucional.ufrrj.br\/fazendinha\/2019\/06\/28\/vivencia-de-alunos-do-curso-de-geografia\/\" \/>\n<meta property=\"og:locale\" content=\"pt_BR\" \/>\n<meta property=\"og:type\" content=\"article\" \/>\n<meta property=\"og:title\" content=\"Alunos do curso de Geografia da UFRRJ Campus Nova Igua\u00e7u participam de viv\u00eancia na Fazendinha Agroecol\u00f3gica - Fazendinha\" \/>\n<meta property=\"og:description\" content=\"A Fazendinha Agroecol\u00f3gica recebeu no dia 13\/05\/2019, alunos da disciplina geografia agr\u00e1ria do curso Geografia. A viv\u00eancia foi conduzida pela ... leia mais\" \/>\n<meta property=\"og:url\" content=\"https:\/\/institucional.ufrrj.br\/fazendinha\/2019\/06\/28\/vivencia-de-alunos-do-curso-de-geografia\/\" \/>\n<meta property=\"og:site_name\" content=\"Fazendinha\" \/>\n<meta property=\"article:published_time\" content=\"2019-06-28T16:31:33+00:00\" \/>\n<meta property=\"article:modified_time\" content=\"2019-09-27T00:35:25+00:00\" \/>\n<meta property=\"og:image\" content=\"http:\/\/institucional.ufrrj.br\/fazendinha\/files\/2019\/06\/IMG-20190513-WA0020-300x225.jpg\" \/>\n<meta name=\"author\" content=\"enokdonato\" \/>\n<meta name=\"twitter:card\" content=\"summary_large_image\" \/>\n<meta name=\"twitter:label1\" content=\"Escrito por\" \/>\n\t<meta name=\"twitter:data1\" content=\"enokdonato\" \/>\n\t<meta name=\"twitter:label2\" content=\"Est. tempo de leitura\" \/>\n\t<meta name=\"twitter:data2\" content=\"1 minuto\" \/>\n<script type=\"application\/ld+json\" class=\"yoast-schema-graph\">{\"@context\":\"https:\/\/schema.org\",\"@graph\":[{\"@type\":\"Article\",\"@id\":\"https:\/\/institucional.ufrrj.br\/fazendinha\/2019\/06\/28\/vivencia-de-alunos-do-curso-de-geografia\/#article\",\"isPartOf\":{\"@id\":\"https:\/\/institucional.ufrrj.br\/fazendinha\/2019\/06\/28\/vivencia-de-alunos-do-curso-de-geografia\/\"},\"author\":{\"name\":\"enokdonato\",\"@id\":\"https:\/\/institucional.ufrrj.br\/fazendinha\/#\/schema\/person\/effec9aebf995bbd8e58e26a06d6a3b4\"},\"headline\":\"Alunos do curso de Geografia da UFRRJ Campus Nova Igua\u00e7u participam de viv\u00eancia na Fazendinha Agroecol\u00f3gica\",\"datePublished\":\"2019-06-28T16:31:33+00:00\",\"dateModified\":\"2019-09-27T00:35:25+00:00\",\"mainEntityOfPage\":{\"@id\":\"https:\/\/institucional.ufrrj.br\/fazendinha\/2019\/06\/28\/vivencia-de-alunos-do-curso-de-geografia\/\"},\"wordCount\":318,\"commentCount\":0,\"image\":{\"@id\":\"https:\/\/institucional.ufrrj.br\/fazendinha\/2019\/06\/28\/vivencia-de-alunos-do-curso-de-geografia\/#primaryimage\"},\"thumbnailUrl\":\"http:\/\/institucional.ufrrj.br\/fazendinha\/files\/2019\/06\/IMG-20190513-WA0020-300x225.jpg\",\"articleSection\":[\"Livro de visitas\"],\"inLanguage\":\"pt-BR\",\"potentialAction\":[{\"@type\":\"CommentAction\",\"name\":\"Comment\",\"target\":[\"https:\/\/institucional.ufrrj.br\/fazendinha\/2019\/06\/28\/vivencia-de-alunos-do-curso-de-geografia\/#respond\"]}]},{\"@type\":\"WebPage\",\"@id\":\"https:\/\/institucional.ufrrj.br\/fazendinha\/2019\/06\/28\/vivencia-de-alunos-do-curso-de-geografia\/\",\"url\":\"https:\/\/institucional.ufrrj.br\/fazendinha\/2019\/06\/28\/vivencia-de-alunos-do-curso-de-geografia\/\",\"name\":\"Alunos do curso de Geografia da UFRRJ Campus Nova Igua\u00e7u participam de viv\u00eancia na Fazendinha Agroecol\u00f3gica - Fazendinha\",\"isPartOf\":{\"@id\":\"https:\/\/institucional.ufrrj.br\/fazendinha\/#website\"},\"primaryImageOfPage\":{\"@id\":\"https:\/\/institucional.ufrrj.br\/fazendinha\/2019\/06\/28\/vivencia-de-alunos-do-curso-de-geografia\/#primaryimage\"},\"image\":{\"@id\":\"https:\/\/institucional.ufrrj.br\/fazendinha\/2019\/06\/28\/vivencia-de-alunos-do-curso-de-geografia\/#primaryimage\"},\"thumbnailUrl\":\"http:\/\/institucional.ufrrj.br\/fazendinha\/files\/2019\/06\/IMG-20190513-WA0020-300x225.jpg\",\"datePublished\":\"2019-06-28T16:31:33+00:00\",\"dateModified\":\"2019-09-27T00:35:25+00:00\",\"author\":{\"@id\":\"https:\/\/institucional.ufrrj.br\/fazendinha\/#\/schema\/person\/effec9aebf995bbd8e58e26a06d6a3b4\"},\"breadcrumb\":{\"@id\":\"https:\/\/institucional.ufrrj.br\/fazendinha\/2019\/06\/28\/vivencia-de-alunos-do-curso-de-geografia\/#breadcrumb\"},\"inLanguage\":\"pt-BR\",\"potentialAction\":[{\"@type\":\"ReadAction\",\"target\":[\"https:\/\/institucional.ufrrj.br\/fazendinha\/2019\/06\/28\/vivencia-de-alunos-do-curso-de-geografia\/\"]}]},{\"@type\":\"ImageObject\",\"inLanguage\":\"pt-BR\",\"@id\":\"https:\/\/institucional.ufrrj.br\/fazendinha\/2019\/06\/28\/vivencia-de-alunos-do-curso-de-geografia\/#primaryimage\",\"url\":\"http:\/\/institucional.ufrrj.br\/fazendinha\/files\/2019\/06\/IMG-20190513-WA0020-300x225.jpg\",\"contentUrl\":\"http:\/\/institucional.ufrrj.br\/fazendinha\/files\/2019\/06\/IMG-20190513-WA0020-300x225.jpg\"},{\"@type\":\"BreadcrumbList\",\"@id\":\"https:\/\/institucional.ufrrj.br\/fazendinha\/2019\/06\/28\/vivencia-de-alunos-do-curso-de-geografia\/#breadcrumb\",\"itemListElement\":[{\"@type\":\"ListItem\",\"position\":1,\"name\":\"In\u00edcio\",\"item\":\"https:\/\/institucional.ufrrj.br\/fazendinha\/\"},{\"@type\":\"ListItem\",\"position\":2,\"name\":\"Alunos do curso de Geografia da UFRRJ Campus Nova Igua\u00e7u participam de viv\u00eancia na Fazendinha Agroecol\u00f3gica\"}]},{\"@type\":\"WebSite\",\"@id\":\"https:\/\/institucional.ufrrj.br\/fazendinha\/#website\",\"url\":\"https:\/\/institucional.ufrrj.br\/fazendinha\/\",\"name\":\"Fazendinha\",\"description\":\"S\u00f3 mais um site institucional.ufrrj.br\",\"potentialAction\":[{\"@type\":\"SearchAction\",\"target\":{\"@type\":\"EntryPoint\",\"urlTemplate\":\"https:\/\/institucional.ufrrj.br\/fazendinha\/?s={search_term_string}\"},\"query-input\":{\"@type\":\"PropertyValueSpecification\",\"valueRequired\":true,\"valueName\":\"search_term_string\"}}],\"inLanguage\":\"pt-BR\"},{\"@type\":\"Person\",\"@id\":\"https:\/\/institucional.ufrrj.br\/fazendinha\/#\/schema\/person\/effec9aebf995bbd8e58e26a06d6a3b4\",\"name\":\"enokdonato\",\"image\":{\"@type\":\"ImageObject\",\"inLanguage\":\"pt-BR\",\"@id\":\"https:\/\/secure.gravatar.com\/avatar\/1e132eadd2db0b69e088729a21d26314131c84ccab7a69d6b516699a85532025?s=96&d=mm&r=g\",\"url\":\"https:\/\/secure.gravatar.com\/avatar\/1e132eadd2db0b69e088729a21d26314131c84ccab7a69d6b516699a85532025?s=96&d=mm&r=g\",\"contentUrl\":\"https:\/\/secure.gravatar.com\/avatar\/1e132eadd2db0b69e088729a21d26314131c84ccab7a69d6b516699a85532025?s=96&d=mm&r=g\",\"caption\":\"enokdonato\"},\"description\":\"Chamado - ID: 15783 (Rural - Seropedica)\",\"url\":\"https:\/\/institucional.ufrrj.br\/fazendinha\/author\/enokdonato1\/\"}]}<\/script>\n<!-- \/ Yoast SEO plugin. -->","yoast_head_json":{"title":"Alunos do curso de Geografia da UFRRJ Campus Nova Igua\u00e7u participam de viv\u00eancia na Fazendinha Agroecol\u00f3gica - Fazendinha","robots":{"index":"index","follow":"follow","max-snippet":"max-snippet:-1","max-image-preview":"max-image-preview:large","max-video-preview":"max-video-preview:-1"},"canonical":"https:\/\/institucional.ufrrj.br\/fazendinha\/2019\/06\/28\/vivencia-de-alunos-do-curso-de-geografia\/","og_locale":"pt_BR","og_type":"article","og_title":"Alunos do curso de Geografia da UFRRJ Campus Nova Igua\u00e7u participam de viv\u00eancia na Fazendinha Agroecol\u00f3gica - Fazendinha","og_description":"A Fazendinha Agroecol\u00f3gica recebeu no dia 13\/05\/2019, alunos da disciplina geografia agr\u00e1ria do curso Geografia. A viv\u00eancia foi conduzida pela ... leia mais","og_url":"https:\/\/institucional.ufrrj.br\/fazendinha\/2019\/06\/28\/vivencia-de-alunos-do-curso-de-geografia\/","og_site_name":"Fazendinha","article_published_time":"2019-06-28T16:31:33+00:00","article_modified_time":"2019-09-27T00:35:25+00:00","og_image":[{"url":"http:\/\/institucional.ufrrj.br\/fazendinha\/files\/2019\/06\/IMG-20190513-WA0020-300x225.jpg","type":"","width":"","height":""}],"author":"enokdonato","twitter_card":"summary_large_image","twitter_misc":{"Escrito por":"enokdonato","Est. tempo de leitura":"1 minuto"},"schema":{"@context":"https:\/\/schema.org","@graph":[{"@type":"Article","@id":"https:\/\/institucional.ufrrj.br\/fazendinha\/2019\/06\/28\/vivencia-de-alunos-do-curso-de-geografia\/#article","isPartOf":{"@id":"https:\/\/institucional.ufrrj.br\/fazendinha\/2019\/06\/28\/vivencia-de-alunos-do-curso-de-geografia\/"},"author":{"name":"enokdonato","@id":"https:\/\/institucional.ufrrj.br\/fazendinha\/#\/schema\/person\/effec9aebf995bbd8e58e26a06d6a3b4"},"headline":"Alunos do curso de Geografia da UFRRJ Campus Nova Igua\u00e7u participam de viv\u00eancia na Fazendinha Agroecol\u00f3gica","datePublished":"2019-06-28T16:31:33+00:00","dateModified":"2019-09-27T00:35:25+00:00","mainEntityOfPage":{"@id":"https:\/\/institucional.ufrrj.br\/fazendinha\/2019\/06\/28\/vivencia-de-alunos-do-curso-de-geografia\/"},"wordCount":318,"commentCount":0,"image":{"@id":"https:\/\/institucional.ufrrj.br\/fazendinha\/2019\/06\/28\/vivencia-de-alunos-do-curso-de-geografia\/#primaryimage"},"thumbnailUrl":"http:\/\/institucional.ufrrj.br\/fazendinha\/files\/2019\/06\/IMG-20190513-WA0020-300x225.jpg","articleSection":["Livro de visitas"],"inLanguage":"pt-BR","potentialAction":[{"@type":"CommentAction","name":"Comment","target":["https:\/\/institucional.ufrrj.br\/fazendinha\/2019\/06\/28\/vivencia-de-alunos-do-curso-de-geografia\/#respond"]}]},{"@type":"WebPage","@id":"https:\/\/institucional.ufrrj.br\/fazendinha\/2019\/06\/28\/vivencia-de-alunos-do-curso-de-geografia\/","url":"https:\/\/institucional.ufrrj.br\/fazendinha\/2019\/06\/28\/vivencia-de-alunos-do-curso-de-geografia\/","name":"Alunos do curso de Geografia da UFRRJ Campus Nova Igua\u00e7u participam de viv\u00eancia na Fazendinha Agroecol\u00f3gica - Fazendinha","isPartOf":{"@id":"https:\/\/institucional.ufrrj.br\/fazendinha\/#website"},"primaryImageOfPage":{"@id":"https:\/\/institucional.ufrrj.br\/fazendinha\/2019\/06\/28\/vivencia-de-alunos-do-curso-de-geografia\/#primaryimage"},"image":{"@id":"https:\/\/institucional.ufrrj.br\/fazendinha\/2019\/06\/28\/vivencia-de-alunos-do-curso-de-geografia\/#primaryimage"},"thumbnailUrl":"http:\/\/institucional.ufrrj.br\/fazendinha\/files\/2019\/06\/IMG-20190513-WA0020-300x225.jpg","datePublished":"2019-06-28T16:31:33+00:00","dateModified":"2019-09-27T00:35:25+00:00","author":{"@id":"https:\/\/institucional.ufrrj.br\/fazendinha\/#\/schema\/person\/effec9aebf995bbd8e58e26a06d6a3b4"},"breadcrumb":{"@id":"https:\/\/institucional.ufrrj.br\/fazendinha\/2019\/06\/28\/vivencia-de-alunos-do-curso-de-geografia\/#breadcrumb"},"inLanguage":"pt-BR","potentialAction":[{"@type":"ReadAction","target":["https:\/\/institucional.ufrrj.br\/fazendinha\/2019\/06\/28\/vivencia-de-alunos-do-curso-de-geografia\/"]}]},{"@type":"ImageObject","inLanguage":"pt-BR","@id":"https:\/\/institucional.ufrrj.br\/fazendinha\/2019\/06\/28\/vivencia-de-alunos-do-curso-de-geografia\/#primaryimage","url":"http:\/\/institucional.ufrrj.br\/fazendinha\/files\/2019\/06\/IMG-20190513-WA0020-300x225.jpg","contentUrl":"http:\/\/institucional.ufrrj.br\/fazendinha\/files\/2019\/06\/IMG-20190513-WA0020-300x225.jpg"},{"@type":"BreadcrumbList","@id":"https:\/\/institucional.ufrrj.br\/fazendinha\/2019\/06\/28\/vivencia-de-alunos-do-curso-de-geografia\/#breadcrumb","itemListElement":[{"@type":"ListItem","position":1,"name":"In\u00edcio","item":"https:\/\/institucional.ufrrj.br\/fazendinha\/"},{"@type":"ListItem","position":2,"name":"Alunos do curso de Geografia da UFRRJ Campus Nova Igua\u00e7u participam de viv\u00eancia na Fazendinha Agroecol\u00f3gica"}]},{"@type":"WebSite","@id":"https:\/\/institucional.ufrrj.br\/fazendinha\/#website","url":"https:\/\/institucional.ufrrj.br\/fazendinha\/","name":"Fazendinha","description":"S\u00f3 mais um site institucional.ufrrj.br","potentialAction":[{"@type":"SearchAction","target":{"@type":"EntryPoint","urlTemplate":"https:\/\/institucional.ufrrj.br\/fazendinha\/?s={search_term_string}"},"query-input":{"@type":"PropertyValueSpecification","valueRequired":true,"valueName":"search_term_string"}}],"inLanguage":"pt-BR"},{"@type":"Person","@id":"https:\/\/institucional.ufrrj.br\/fazendinha\/#\/schema\/person\/effec9aebf995bbd8e58e26a06d6a3b4","name":"enokdonato","image":{"@type":"ImageObject","inLanguage":"pt-BR","@id":"https:\/\/secure.gravatar.com\/avatar\/1e132eadd2db0b69e088729a21d26314131c84ccab7a69d6b516699a85532025?s=96&d=mm&r=g","url":"https:\/\/secure.gravatar.com\/avatar\/1e132eadd2db0b69e088729a21d26314131c84ccab7a69d6b516699a85532025?s=96&d=mm&r=g","contentUrl":"https:\/\/secure.gravatar.com\/avatar\/1e132eadd2db0b69e088729a21d26314131c84ccab7a69d6b516699a85532025?s=96&d=mm&r=g","caption":"enokdonato"},"description":"Chamado - ID: 15783 (Rural - Seropedica)","url":"https:\/\/institucional.ufrrj.br\/fazendinha\/author\/enokdonato1\/"}]}},"acf":[],"_links":{"self":[{"href":"https:\/\/institucional.ufrrj.br\/fazendinha\/wp-json\/wp\/v2\/posts\/676","targetHints":{"allow":["GET"]}}],"collection":[{"href":"https:\/\/institucional.ufrrj.br\/fazendinha\/wp-json\/wp\/v2\/posts"}],"about":[{"href":"https:\/\/institucional.ufrrj.br\/fazendinha\/wp-json\/wp\/v2\/types\/post"}],"author":[{"embeddable":true,"href":"https:\/\/institucional.ufrrj.br\/fazendinha\/wp-json\/wp\/v2\/users\/743"}],"replies":[{"embeddable":true,"href":"https:\/\/institucional.ufrrj.br\/fazendinha\/wp-json\/wp\/v2\/comments?post=676"}],"version-history":[{"count":14,"href":"https:\/\/institucional.ufrrj.br\/fazendinha\/wp-json\/wp\/v2\/posts\/676\/revisions"}],"predecessor-version":[{"id":1316,"href":"https:\/\/institucional.ufrrj.br\/fazendinha\/wp-json\/wp\/v2\/posts\/676\/revisions\/1316"}],"wp:attachment":[{"href":"https:\/\/institucional.ufrrj.br\/fazendinha\/wp-json\/wp\/v2\/media?parent=676"}],"wp:term":[{"taxonomy":"category","embeddable":true,"href":"https:\/\/institucional.ufrrj.br\/fazendinha\/wp-json\/wp\/v2\/categories?post=676"},{"taxonomy":"post_tag","embeddable":true,"href":"https:\/\/institucional.ufrrj.br\/fazendinha\/wp-json\/wp\/v2\/tags?post=676"}],"curies":[{"name":"wp","href":"https:\/\/api.w.org\/{rel}","templated":true}]}}