{"id":674,"date":"2019-06-28T13:25:20","date_gmt":"2019-06-28T16:25:20","guid":{"rendered":"http:\/\/institucional.ufrrj.br\/fazendinha\/?p=674"},"modified":"2019-09-26T21:35:37","modified_gmt":"2019-09-27T00:35:37","slug":"vivencia-de-alunos-do-curso-tecnico-em-agroecologia-do-ctur","status":"publish","type":"post","link":"https:\/\/institucional.ufrrj.br\/fazendinha\/2019\/06\/28\/vivencia-de-alunos-do-curso-tecnico-em-agroecologia-do-ctur\/","title":{"rendered":"Alunos do curso t\u00e9cnico em agroecologia do CTUR participam de viv\u00eancia na Fazendinha Agroecol\u00f3gica"},"content":{"rendered":"<div id=\"attachment_587\" style=\"width: 310px\" class=\"wp-caption alignleft\"><img loading=\"lazy\" decoding=\"async\" aria-describedby=\"caption-attachment-587\" class=\"wp-image-587 size-medium\" src=\"https:\/\/institucional.ufrrj.br\/fazendinha\/files\/2019\/05\/IMG-20190509-WA0027-300x225.jpg\" alt=\"\" width=\"300\" height=\"225\" srcset=\"https:\/\/institucional.ufrrj.br\/fazendinha\/files\/2019\/05\/IMG-20190509-WA0027-300x225.jpg 300w, https:\/\/institucional.ufrrj.br\/fazendinha\/files\/2019\/05\/IMG-20190509-WA0027-768x576.jpg 768w, https:\/\/institucional.ufrrj.br\/fazendinha\/files\/2019\/05\/IMG-20190509-WA0027-1024x768.jpg 1024w, https:\/\/institucional.ufrrj.br\/fazendinha\/files\/2019\/05\/IMG-20190509-WA0027.jpg 1032w\" sizes=\"auto, (max-width: 300px) 100vw, 300px\" \/><p id=\"caption-attachment-587\" class=\"wp-caption-text\">Estudantes do curso t\u00e9cnico e o residente em agronomia em volta da maquete da Fazendinha Agroecol\u00f3gica.<\/p><\/div>\n<p>A Fazendinha Agroecol\u00f3gica recebeu nos dias 08 e 09\/05\/2019, estudantes para as turmas 13, 14 e 15 do curso t\u00e9cnico em agroecologia do Col\u00e9gio T\u00e9cnico CTUR. A viv\u00eancia foi conduzida pelo professor Robledo Mendes e o residente em agronomia Enok Donato.<\/p>\n<p>O objetivo da viv\u00eancia foi proporcionar aos alunos uma vis\u00e3o das t\u00e9cnicas com bases agroecol\u00f3gicas utilizadas na fazendinha. Na viv\u00eancia foi apresentado aos alunos a maquete expositora da Fazendinha no Centro de Forma\u00e7\u00e3o de Agroecologia e Produ\u00e7\u00e3o Org\u00e2nica &#8211; CFAAO, onde s\u00e3o ministrados cursos para alunos, agricultores e visitantes.<\/p>\n<p>&nbsp;<\/p>\n<p>Durante a viv\u00eancia foi salientado a origem da fazendinha e seus pilares de ensino, pesquisa e extens\u00e3o rural. No percurso os alunos puderam observar os experimentos acad\u00eamicos de estudantes de mestrado e doutorado e t\u00e9cnicas utilizadas no sistema de produ\u00e7\u00e3o. No setor de bovinocultura leiteria org\u00e2nica com terapia homeop\u00e1tica, foi explanado o sistema de produ\u00e7\u00e3o animal e a sua import\u00e2ncia na integra\u00e7\u00e3o com a produ\u00e7\u00e3o animal. Posteriormente, visitaram o banco de sementes crioulas.<\/p>\n<p>No percurso da viv\u00eancia, foi abordado as caracter\u00edsticas fisiol\u00f3gicas e morfol\u00f3gicas de esp\u00e9cies de adubos verdes utilizados como cons\u00f3rcios com outras plantas e como rota\u00e7\u00e3o de cultura.\u00a0 Ao finalizar a viv\u00eancia, os alunos se juntaram em roda de conversa e discutiram sobre a import\u00e2ncia da aduba\u00e7\u00e3o org\u00e2nica e da biodiversidade nos setores de produ\u00e7\u00e3o.<\/p>\n<p>&nbsp;<\/p>\n<p>&nbsp;<\/p>\n<p style=\"text-align: right\"><em>Por Enok P. Donato J\u00fanior, Residente em Agronomia\/UFRRJ<\/em><\/p>\n","protected":false},"excerpt":{"rendered":"<p>A Fazendinha Agroecol\u00f3gica recebeu nos dias 08 e 09\/05\/2019, estudantes para as turmas 13, 14 e 15 do curso t\u00e9cnico <a class=\"read-more\" href=\"https:\/\/institucional.ufrrj.br\/fazendinha\/2019\/06\/28\/vivencia-de-alunos-do-curso-tecnico-em-agroecologia-do-ctur\/ \" >&#8230; <span class=\"font-italic\">leia mais <i class=\"fas fa-angle-right\"><\/i><\/span><\/a><\/p>\n","protected":false},"author":743,"featured_media":587,"comment_status":"open","ping_status":"open","sticky":false,"template":"","format":"standard","meta":{"_acf_changed":false,"footnotes":""},"categories":[9],"tags":[],"class_list":["post-674","post","type-post","status-publish","format-standard","has-post-thumbnail","hentry","category-livro-de-visitas"],"yoast_head":"<!-- This site is optimized with the Yoast SEO plugin v27.2 - https:\/\/yoast.com\/product\/yoast-seo-wordpress\/ -->\n<title>Alunos do curso t\u00e9cnico em agroecologia do CTUR participam de viv\u00eancia na Fazendinha Agroecol\u00f3gica - Fazendinha<\/title>\n<meta name=\"robots\" content=\"index, follow, max-snippet:-1, max-image-preview:large, max-video-preview:-1\" \/>\n<link rel=\"canonical\" href=\"https:\/\/institucional.ufrrj.br\/fazendinha\/2019\/06\/28\/vivencia-de-alunos-do-curso-tecnico-em-agroecologia-do-ctur\/\" \/>\n<meta property=\"og:locale\" content=\"pt_BR\" \/>\n<meta property=\"og:type\" content=\"article\" \/>\n<meta property=\"og:title\" content=\"Alunos do curso t\u00e9cnico em agroecologia do CTUR participam de viv\u00eancia na Fazendinha Agroecol\u00f3gica - Fazendinha\" \/>\n<meta property=\"og:description\" content=\"A Fazendinha Agroecol\u00f3gica recebeu nos dias 08 e 09\/05\/2019, estudantes para as turmas 13, 14 e 15 do curso t\u00e9cnico ... leia mais\" \/>\n<meta property=\"og:url\" content=\"https:\/\/institucional.ufrrj.br\/fazendinha\/2019\/06\/28\/vivencia-de-alunos-do-curso-tecnico-em-agroecologia-do-ctur\/\" \/>\n<meta property=\"og:site_name\" content=\"Fazendinha\" \/>\n<meta property=\"article:published_time\" content=\"2019-06-28T16:25:20+00:00\" \/>\n<meta property=\"article:modified_time\" content=\"2019-09-27T00:35:37+00:00\" \/>\n<meta property=\"og:image\" content=\"https:\/\/institucional.ufrrj.br\/fazendinha\/files\/2019\/05\/IMG-20190509-WA0027.jpg\" \/>\n\t<meta property=\"og:image:width\" content=\"1032\" \/>\n\t<meta property=\"og:image:height\" content=\"774\" \/>\n\t<meta property=\"og:image:type\" content=\"image\/jpeg\" \/>\n<meta name=\"author\" content=\"enokdonato\" \/>\n<meta name=\"twitter:card\" content=\"summary_large_image\" \/>\n<meta name=\"twitter:label1\" content=\"Escrito por\" \/>\n\t<meta name=\"twitter:data1\" content=\"enokdonato\" \/>\n\t<meta name=\"twitter:label2\" content=\"Est. tempo de leitura\" \/>\n\t<meta name=\"twitter:data2\" content=\"1 minuto\" \/>\n<script type=\"application\/ld+json\" class=\"yoast-schema-graph\">{\"@context\":\"https:\/\/schema.org\",\"@graph\":[{\"@type\":\"Article\",\"@id\":\"https:\/\/institucional.ufrrj.br\/fazendinha\/2019\/06\/28\/vivencia-de-alunos-do-curso-tecnico-em-agroecologia-do-ctur\/#article\",\"isPartOf\":{\"@id\":\"https:\/\/institucional.ufrrj.br\/fazendinha\/2019\/06\/28\/vivencia-de-alunos-do-curso-tecnico-em-agroecologia-do-ctur\/\"},\"author\":{\"name\":\"enokdonato\",\"@id\":\"https:\/\/institucional.ufrrj.br\/fazendinha\/#\/schema\/person\/effec9aebf995bbd8e58e26a06d6a3b4\"},\"headline\":\"Alunos do curso t\u00e9cnico em agroecologia do CTUR participam de viv\u00eancia na Fazendinha Agroecol\u00f3gica\",\"datePublished\":\"2019-06-28T16:25:20+00:00\",\"dateModified\":\"2019-09-27T00:35:37+00:00\",\"mainEntityOfPage\":{\"@id\":\"https:\/\/institucional.ufrrj.br\/fazendinha\/2019\/06\/28\/vivencia-de-alunos-do-curso-tecnico-em-agroecologia-do-ctur\/\"},\"wordCount\":304,\"commentCount\":0,\"image\":{\"@id\":\"https:\/\/institucional.ufrrj.br\/fazendinha\/2019\/06\/28\/vivencia-de-alunos-do-curso-tecnico-em-agroecologia-do-ctur\/#primaryimage\"},\"thumbnailUrl\":\"https:\/\/institucional.ufrrj.br\/fazendinha\/files\/2019\/05\/IMG-20190509-WA0027.jpg\",\"articleSection\":[\"Livro de visitas\"],\"inLanguage\":\"pt-BR\",\"potentialAction\":[{\"@type\":\"CommentAction\",\"name\":\"Comment\",\"target\":[\"https:\/\/institucional.ufrrj.br\/fazendinha\/2019\/06\/28\/vivencia-de-alunos-do-curso-tecnico-em-agroecologia-do-ctur\/#respond\"]}]},{\"@type\":\"WebPage\",\"@id\":\"https:\/\/institucional.ufrrj.br\/fazendinha\/2019\/06\/28\/vivencia-de-alunos-do-curso-tecnico-em-agroecologia-do-ctur\/\",\"url\":\"https:\/\/institucional.ufrrj.br\/fazendinha\/2019\/06\/28\/vivencia-de-alunos-do-curso-tecnico-em-agroecologia-do-ctur\/\",\"name\":\"Alunos do curso t\u00e9cnico em agroecologia do CTUR participam de viv\u00eancia na Fazendinha Agroecol\u00f3gica - Fazendinha\",\"isPartOf\":{\"@id\":\"https:\/\/institucional.ufrrj.br\/fazendinha\/#website\"},\"primaryImageOfPage\":{\"@id\":\"https:\/\/institucional.ufrrj.br\/fazendinha\/2019\/06\/28\/vivencia-de-alunos-do-curso-tecnico-em-agroecologia-do-ctur\/#primaryimage\"},\"image\":{\"@id\":\"https:\/\/institucional.ufrrj.br\/fazendinha\/2019\/06\/28\/vivencia-de-alunos-do-curso-tecnico-em-agroecologia-do-ctur\/#primaryimage\"},\"thumbnailUrl\":\"https:\/\/institucional.ufrrj.br\/fazendinha\/files\/2019\/05\/IMG-20190509-WA0027.jpg\",\"datePublished\":\"2019-06-28T16:25:20+00:00\",\"dateModified\":\"2019-09-27T00:35:37+00:00\",\"author\":{\"@id\":\"https:\/\/institucional.ufrrj.br\/fazendinha\/#\/schema\/person\/effec9aebf995bbd8e58e26a06d6a3b4\"},\"breadcrumb\":{\"@id\":\"https:\/\/institucional.ufrrj.br\/fazendinha\/2019\/06\/28\/vivencia-de-alunos-do-curso-tecnico-em-agroecologia-do-ctur\/#breadcrumb\"},\"inLanguage\":\"pt-BR\",\"potentialAction\":[{\"@type\":\"ReadAction\",\"target\":[\"https:\/\/institucional.ufrrj.br\/fazendinha\/2019\/06\/28\/vivencia-de-alunos-do-curso-tecnico-em-agroecologia-do-ctur\/\"]}]},{\"@type\":\"ImageObject\",\"inLanguage\":\"pt-BR\",\"@id\":\"https:\/\/institucional.ufrrj.br\/fazendinha\/2019\/06\/28\/vivencia-de-alunos-do-curso-tecnico-em-agroecologia-do-ctur\/#primaryimage\",\"url\":\"https:\/\/institucional.ufrrj.br\/fazendinha\/files\/2019\/05\/IMG-20190509-WA0027.jpg\",\"contentUrl\":\"https:\/\/institucional.ufrrj.br\/fazendinha\/files\/2019\/05\/IMG-20190509-WA0027.jpg\",\"width\":1032,\"height\":774},{\"@type\":\"BreadcrumbList\",\"@id\":\"https:\/\/institucional.ufrrj.br\/fazendinha\/2019\/06\/28\/vivencia-de-alunos-do-curso-tecnico-em-agroecologia-do-ctur\/#breadcrumb\",\"itemListElement\":[{\"@type\":\"ListItem\",\"position\":1,\"name\":\"In\u00edcio\",\"item\":\"https:\/\/institucional.ufrrj.br\/fazendinha\/\"},{\"@type\":\"ListItem\",\"position\":2,\"name\":\"Alunos do curso t\u00e9cnico em agroecologia do CTUR participam de viv\u00eancia na Fazendinha Agroecol\u00f3gica\"}]},{\"@type\":\"WebSite\",\"@id\":\"https:\/\/institucional.ufrrj.br\/fazendinha\/#website\",\"url\":\"https:\/\/institucional.ufrrj.br\/fazendinha\/\",\"name\":\"Fazendinha\",\"description\":\"S\u00f3 mais um site institucional.ufrrj.br\",\"potentialAction\":[{\"@type\":\"SearchAction\",\"target\":{\"@type\":\"EntryPoint\",\"urlTemplate\":\"https:\/\/institucional.ufrrj.br\/fazendinha\/?s={search_term_string}\"},\"query-input\":{\"@type\":\"PropertyValueSpecification\",\"valueRequired\":true,\"valueName\":\"search_term_string\"}}],\"inLanguage\":\"pt-BR\"},{\"@type\":\"Person\",\"@id\":\"https:\/\/institucional.ufrrj.br\/fazendinha\/#\/schema\/person\/effec9aebf995bbd8e58e26a06d6a3b4\",\"name\":\"enokdonato\",\"image\":{\"@type\":\"ImageObject\",\"inLanguage\":\"pt-BR\",\"@id\":\"https:\/\/secure.gravatar.com\/avatar\/1e132eadd2db0b69e088729a21d26314131c84ccab7a69d6b516699a85532025?s=96&d=mm&r=g\",\"url\":\"https:\/\/secure.gravatar.com\/avatar\/1e132eadd2db0b69e088729a21d26314131c84ccab7a69d6b516699a85532025?s=96&d=mm&r=g\",\"contentUrl\":\"https:\/\/secure.gravatar.com\/avatar\/1e132eadd2db0b69e088729a21d26314131c84ccab7a69d6b516699a85532025?s=96&d=mm&r=g\",\"caption\":\"enokdonato\"},\"description\":\"Chamado - ID: 15783 (Rural - Seropedica)\",\"url\":\"https:\/\/institucional.ufrrj.br\/fazendinha\/author\/enokdonato1\/\"}]}<\/script>\n<!-- \/ Yoast SEO plugin. -->","yoast_head_json":{"title":"Alunos do curso t\u00e9cnico em agroecologia do CTUR participam de viv\u00eancia na Fazendinha Agroecol\u00f3gica - Fazendinha","robots":{"index":"index","follow":"follow","max-snippet":"max-snippet:-1","max-image-preview":"max-image-preview:large","max-video-preview":"max-video-preview:-1"},"canonical":"https:\/\/institucional.ufrrj.br\/fazendinha\/2019\/06\/28\/vivencia-de-alunos-do-curso-tecnico-em-agroecologia-do-ctur\/","og_locale":"pt_BR","og_type":"article","og_title":"Alunos do curso t\u00e9cnico em agroecologia do CTUR participam de viv\u00eancia na Fazendinha Agroecol\u00f3gica - Fazendinha","og_description":"A Fazendinha Agroecol\u00f3gica recebeu nos dias 08 e 09\/05\/2019, estudantes para as turmas 13, 14 e 15 do curso t\u00e9cnico ... leia mais","og_url":"https:\/\/institucional.ufrrj.br\/fazendinha\/2019\/06\/28\/vivencia-de-alunos-do-curso-tecnico-em-agroecologia-do-ctur\/","og_site_name":"Fazendinha","article_published_time":"2019-06-28T16:25:20+00:00","article_modified_time":"2019-09-27T00:35:37+00:00","og_image":[{"width":1032,"height":774,"url":"https:\/\/institucional.ufrrj.br\/fazendinha\/files\/2019\/05\/IMG-20190509-WA0027.jpg","type":"image\/jpeg"}],"author":"enokdonato","twitter_card":"summary_large_image","twitter_misc":{"Escrito por":"enokdonato","Est. tempo de leitura":"1 minuto"},"schema":{"@context":"https:\/\/schema.org","@graph":[{"@type":"Article","@id":"https:\/\/institucional.ufrrj.br\/fazendinha\/2019\/06\/28\/vivencia-de-alunos-do-curso-tecnico-em-agroecologia-do-ctur\/#article","isPartOf":{"@id":"https:\/\/institucional.ufrrj.br\/fazendinha\/2019\/06\/28\/vivencia-de-alunos-do-curso-tecnico-em-agroecologia-do-ctur\/"},"author":{"name":"enokdonato","@id":"https:\/\/institucional.ufrrj.br\/fazendinha\/#\/schema\/person\/effec9aebf995bbd8e58e26a06d6a3b4"},"headline":"Alunos do curso t\u00e9cnico em agroecologia do CTUR participam de viv\u00eancia na Fazendinha Agroecol\u00f3gica","datePublished":"2019-06-28T16:25:20+00:00","dateModified":"2019-09-27T00:35:37+00:00","mainEntityOfPage":{"@id":"https:\/\/institucional.ufrrj.br\/fazendinha\/2019\/06\/28\/vivencia-de-alunos-do-curso-tecnico-em-agroecologia-do-ctur\/"},"wordCount":304,"commentCount":0,"image":{"@id":"https:\/\/institucional.ufrrj.br\/fazendinha\/2019\/06\/28\/vivencia-de-alunos-do-curso-tecnico-em-agroecologia-do-ctur\/#primaryimage"},"thumbnailUrl":"https:\/\/institucional.ufrrj.br\/fazendinha\/files\/2019\/05\/IMG-20190509-WA0027.jpg","articleSection":["Livro de visitas"],"inLanguage":"pt-BR","potentialAction":[{"@type":"CommentAction","name":"Comment","target":["https:\/\/institucional.ufrrj.br\/fazendinha\/2019\/06\/28\/vivencia-de-alunos-do-curso-tecnico-em-agroecologia-do-ctur\/#respond"]}]},{"@type":"WebPage","@id":"https:\/\/institucional.ufrrj.br\/fazendinha\/2019\/06\/28\/vivencia-de-alunos-do-curso-tecnico-em-agroecologia-do-ctur\/","url":"https:\/\/institucional.ufrrj.br\/fazendinha\/2019\/06\/28\/vivencia-de-alunos-do-curso-tecnico-em-agroecologia-do-ctur\/","name":"Alunos do curso t\u00e9cnico em agroecologia do CTUR participam de viv\u00eancia na Fazendinha Agroecol\u00f3gica - Fazendinha","isPartOf":{"@id":"https:\/\/institucional.ufrrj.br\/fazendinha\/#website"},"primaryImageOfPage":{"@id":"https:\/\/institucional.ufrrj.br\/fazendinha\/2019\/06\/28\/vivencia-de-alunos-do-curso-tecnico-em-agroecologia-do-ctur\/#primaryimage"},"image":{"@id":"https:\/\/institucional.ufrrj.br\/fazendinha\/2019\/06\/28\/vivencia-de-alunos-do-curso-tecnico-em-agroecologia-do-ctur\/#primaryimage"},"thumbnailUrl":"https:\/\/institucional.ufrrj.br\/fazendinha\/files\/2019\/05\/IMG-20190509-WA0027.jpg","datePublished":"2019-06-28T16:25:20+00:00","dateModified":"2019-09-27T00:35:37+00:00","author":{"@id":"https:\/\/institucional.ufrrj.br\/fazendinha\/#\/schema\/person\/effec9aebf995bbd8e58e26a06d6a3b4"},"breadcrumb":{"@id":"https:\/\/institucional.ufrrj.br\/fazendinha\/2019\/06\/28\/vivencia-de-alunos-do-curso-tecnico-em-agroecologia-do-ctur\/#breadcrumb"},"inLanguage":"pt-BR","potentialAction":[{"@type":"ReadAction","target":["https:\/\/institucional.ufrrj.br\/fazendinha\/2019\/06\/28\/vivencia-de-alunos-do-curso-tecnico-em-agroecologia-do-ctur\/"]}]},{"@type":"ImageObject","inLanguage":"pt-BR","@id":"https:\/\/institucional.ufrrj.br\/fazendinha\/2019\/06\/28\/vivencia-de-alunos-do-curso-tecnico-em-agroecologia-do-ctur\/#primaryimage","url":"https:\/\/institucional.ufrrj.br\/fazendinha\/files\/2019\/05\/IMG-20190509-WA0027.jpg","contentUrl":"https:\/\/institucional.ufrrj.br\/fazendinha\/files\/2019\/05\/IMG-20190509-WA0027.jpg","width":1032,"height":774},{"@type":"BreadcrumbList","@id":"https:\/\/institucional.ufrrj.br\/fazendinha\/2019\/06\/28\/vivencia-de-alunos-do-curso-tecnico-em-agroecologia-do-ctur\/#breadcrumb","itemListElement":[{"@type":"ListItem","position":1,"name":"In\u00edcio","item":"https:\/\/institucional.ufrrj.br\/fazendinha\/"},{"@type":"ListItem","position":2,"name":"Alunos do curso t\u00e9cnico em agroecologia do CTUR participam de viv\u00eancia na Fazendinha Agroecol\u00f3gica"}]},{"@type":"WebSite","@id":"https:\/\/institucional.ufrrj.br\/fazendinha\/#website","url":"https:\/\/institucional.ufrrj.br\/fazendinha\/","name":"Fazendinha","description":"S\u00f3 mais um site institucional.ufrrj.br","potentialAction":[{"@type":"SearchAction","target":{"@type":"EntryPoint","urlTemplate":"https:\/\/institucional.ufrrj.br\/fazendinha\/?s={search_term_string}"},"query-input":{"@type":"PropertyValueSpecification","valueRequired":true,"valueName":"search_term_string"}}],"inLanguage":"pt-BR"},{"@type":"Person","@id":"https:\/\/institucional.ufrrj.br\/fazendinha\/#\/schema\/person\/effec9aebf995bbd8e58e26a06d6a3b4","name":"enokdonato","image":{"@type":"ImageObject","inLanguage":"pt-BR","@id":"https:\/\/secure.gravatar.com\/avatar\/1e132eadd2db0b69e088729a21d26314131c84ccab7a69d6b516699a85532025?s=96&d=mm&r=g","url":"https:\/\/secure.gravatar.com\/avatar\/1e132eadd2db0b69e088729a21d26314131c84ccab7a69d6b516699a85532025?s=96&d=mm&r=g","contentUrl":"https:\/\/secure.gravatar.com\/avatar\/1e132eadd2db0b69e088729a21d26314131c84ccab7a69d6b516699a85532025?s=96&d=mm&r=g","caption":"enokdonato"},"description":"Chamado - ID: 15783 (Rural - Seropedica)","url":"https:\/\/institucional.ufrrj.br\/fazendinha\/author\/enokdonato1\/"}]}},"acf":[],"_links":{"self":[{"href":"https:\/\/institucional.ufrrj.br\/fazendinha\/wp-json\/wp\/v2\/posts\/674","targetHints":{"allow":["GET"]}}],"collection":[{"href":"https:\/\/institucional.ufrrj.br\/fazendinha\/wp-json\/wp\/v2\/posts"}],"about":[{"href":"https:\/\/institucional.ufrrj.br\/fazendinha\/wp-json\/wp\/v2\/types\/post"}],"author":[{"embeddable":true,"href":"https:\/\/institucional.ufrrj.br\/fazendinha\/wp-json\/wp\/v2\/users\/743"}],"replies":[{"embeddable":true,"href":"https:\/\/institucional.ufrrj.br\/fazendinha\/wp-json\/wp\/v2\/comments?post=674"}],"version-history":[{"count":13,"href":"https:\/\/institucional.ufrrj.br\/fazendinha\/wp-json\/wp\/v2\/posts\/674\/revisions"}],"predecessor-version":[{"id":1317,"href":"https:\/\/institucional.ufrrj.br\/fazendinha\/wp-json\/wp\/v2\/posts\/674\/revisions\/1317"}],"wp:featuredmedia":[{"embeddable":true,"href":"https:\/\/institucional.ufrrj.br\/fazendinha\/wp-json\/wp\/v2\/media\/587"}],"wp:attachment":[{"href":"https:\/\/institucional.ufrrj.br\/fazendinha\/wp-json\/wp\/v2\/media?parent=674"}],"wp:term":[{"taxonomy":"category","embeddable":true,"href":"https:\/\/institucional.ufrrj.br\/fazendinha\/wp-json\/wp\/v2\/categories?post=674"},{"taxonomy":"post_tag","embeddable":true,"href":"https:\/\/institucional.ufrrj.br\/fazendinha\/wp-json\/wp\/v2\/tags?post=674"}],"curies":[{"name":"wp","href":"https:\/\/api.w.org\/{rel}","templated":true}]}}