{"id":2013,"date":"2023-04-18T08:55:11","date_gmt":"2023-04-18T11:55:11","guid":{"rendered":"https:\/\/institucional.ufrrj.br\/fazendinha\/?p=2013"},"modified":"2023-04-18T08:55:11","modified_gmt":"2023-04-18T11:55:11","slug":"dia-do-campo-na-pesagro-seropedica","status":"publish","type":"post","link":"https:\/\/institucional.ufrrj.br\/fazendinha\/2023\/04\/18\/dia-do-campo-na-pesagro-seropedica\/","title":{"rendered":"Dia do Campo na Pesagro Seropedica"},"content":{"rendered":"<p><a href=\"https:\/\/institucional.ufrrj.br\/fazendinha\/files\/2023\/04\/dia-de-campo.jpg\"><img loading=\"lazy\" decoding=\"async\" class=\"aligncenter size-medium wp-image-2014\" src=\"https:\/\/institucional.ufrrj.br\/fazendinha\/files\/2023\/04\/dia-de-campo-300x300.jpg\" alt=\"\" width=\"300\" height=\"300\" srcset=\"https:\/\/institucional.ufrrj.br\/fazendinha\/files\/2023\/04\/dia-de-campo-300x300.jpg 300w, https:\/\/institucional.ufrrj.br\/fazendinha\/files\/2023\/04\/dia-de-campo-1024x1024.jpg 1024w, https:\/\/institucional.ufrrj.br\/fazendinha\/files\/2023\/04\/dia-de-campo-150x150.jpg 150w, https:\/\/institucional.ufrrj.br\/fazendinha\/files\/2023\/04\/dia-de-campo-768x768.jpg 768w, https:\/\/institucional.ufrrj.br\/fazendinha\/files\/2023\/04\/dia-de-campo-75x75.jpg 75w, https:\/\/institucional.ufrrj.br\/fazendinha\/files\/2023\/04\/dia-de-campo-100x100.jpg 100w, https:\/\/institucional.ufrrj.br\/fazendinha\/files\/2023\/04\/dia-de-campo.jpg 1080w\" sizes=\"auto, (max-width: 300px) 100vw, 300px\" \/><\/a><\/p>\n<p>No dia 26\/04, a Pesagro-Rio, localizada em Serop\u00e9dica, realizar\u00e1 um dia de campo que abordar\u00e1 a Bovinocultura e a Integra\u00e7\u00e3o Lavoura Pecu\u00e1ria, com seguintes temas: 1. <strong>Acasalamento corretivo em gado Girolando<\/strong>. Reginaldo Santos, Alta Gen\u00e9tica; 2. <strong>Gest\u00e3o em Propriedades Leiteiras<\/strong>. Magno Roza, Emater Rio;3. <strong>Uso de drone em Agricultura e Pecu\u00e1ria<\/strong>. Tiago Ferreira, TP Drone.<\/p>\n<p>A inscri\u00e7\u00e3o \u00e9 gratuita e realizada pela internet, no seguinte link: <a href=\"https:\/\/forms.gle\/DVVZ38RNhwiVZDm49\">https:\/\/forms.gle\/DVVZ38RNhwiVZDm49<\/a><\/p>\n","protected":false},"excerpt":{"rendered":"<p>No dia 26\/04, a Pesagro-Rio, localizada em Serop\u00e9dica, realizar\u00e1 um dia de campo que abordar\u00e1 a Bovinocultura e a Integra\u00e7\u00e3o <a class=\"read-more\" href=\"https:\/\/institucional.ufrrj.br\/fazendinha\/2023\/04\/18\/dia-do-campo-na-pesagro-seropedica\/ \" >&#8230; <span class=\"font-italic\">leia mais <i class=\"fas fa-angle-right\"><\/i><\/span><\/a><\/p>\n","protected":false},"author":804,"featured_media":2014,"comment_status":"open","ping_status":"open","sticky":false,"template":"","format":"standard","meta":{"_acf_changed":false,"footnotes":""},"categories":[2],"tags":[],"class_list":["post-2013","post","type-post","status-publish","format-standard","has-post-thumbnail","hentry","category-noticias"],"yoast_head":"<!-- This site is optimized with the Yoast SEO plugin v27.2 - https:\/\/yoast.com\/product\/yoast-seo-wordpress\/ -->\n<title>Dia do Campo na Pesagro Seropedica - Fazendinha<\/title>\n<meta name=\"robots\" content=\"index, follow, max-snippet:-1, max-image-preview:large, max-video-preview:-1\" \/>\n<link rel=\"canonical\" href=\"https:\/\/institucional.ufrrj.br\/fazendinha\/2023\/04\/18\/dia-do-campo-na-pesagro-seropedica\/\" \/>\n<meta property=\"og:locale\" content=\"pt_BR\" \/>\n<meta property=\"og:type\" content=\"article\" \/>\n<meta property=\"og:title\" content=\"Dia do Campo na Pesagro Seropedica - Fazendinha\" \/>\n<meta property=\"og:description\" content=\"No dia 26\/04, a Pesagro-Rio, localizada em Serop\u00e9dica, realizar\u00e1 um dia de campo que abordar\u00e1 a Bovinocultura e a Integra\u00e7\u00e3o ... leia mais\" \/>\n<meta property=\"og:url\" content=\"https:\/\/institucional.ufrrj.br\/fazendinha\/2023\/04\/18\/dia-do-campo-na-pesagro-seropedica\/\" \/>\n<meta property=\"og:site_name\" content=\"Fazendinha\" \/>\n<meta property=\"article:published_time\" content=\"2023-04-18T11:55:11+00:00\" \/>\n<meta property=\"og:image\" content=\"https:\/\/institucional.ufrrj.br\/fazendinha\/files\/2023\/04\/dia-de-campo.jpg\" \/>\n\t<meta property=\"og:image:width\" content=\"1080\" \/>\n\t<meta property=\"og:image:height\" content=\"1080\" \/>\n\t<meta property=\"og:image:type\" content=\"image\/jpeg\" \/>\n<meta name=\"author\" content=\"larissa\" \/>\n<meta name=\"twitter:card\" content=\"summary_large_image\" \/>\n<meta name=\"twitter:label1\" content=\"Escrito por\" \/>\n\t<meta name=\"twitter:data1\" content=\"larissa\" \/>\n<script type=\"application\/ld+json\" class=\"yoast-schema-graph\">{\"@context\":\"https:\/\/schema.org\",\"@graph\":[{\"@type\":\"Article\",\"@id\":\"https:\/\/institucional.ufrrj.br\/fazendinha\/2023\/04\/18\/dia-do-campo-na-pesagro-seropedica\/#article\",\"isPartOf\":{\"@id\":\"https:\/\/institucional.ufrrj.br\/fazendinha\/2023\/04\/18\/dia-do-campo-na-pesagro-seropedica\/\"},\"author\":{\"name\":\"larissa\",\"@id\":\"https:\/\/institucional.ufrrj.br\/fazendinha\/#\/schema\/person\/96efb270ac307ebefed17ccab7acbfd1\"},\"headline\":\"Dia do Campo na Pesagro Seropedica\",\"datePublished\":\"2023-04-18T11:55:11+00:00\",\"mainEntityOfPage\":{\"@id\":\"https:\/\/institucional.ufrrj.br\/fazendinha\/2023\/04\/18\/dia-do-campo-na-pesagro-seropedica\/\"},\"wordCount\":80,\"commentCount\":0,\"image\":{\"@id\":\"https:\/\/institucional.ufrrj.br\/fazendinha\/2023\/04\/18\/dia-do-campo-na-pesagro-seropedica\/#primaryimage\"},\"thumbnailUrl\":\"https:\/\/institucional.ufrrj.br\/fazendinha\/files\/2023\/04\/dia-de-campo.jpg\",\"articleSection\":[\"Noticias\"],\"inLanguage\":\"pt-BR\",\"potentialAction\":[{\"@type\":\"CommentAction\",\"name\":\"Comment\",\"target\":[\"https:\/\/institucional.ufrrj.br\/fazendinha\/2023\/04\/18\/dia-do-campo-na-pesagro-seropedica\/#respond\"]}]},{\"@type\":\"WebPage\",\"@id\":\"https:\/\/institucional.ufrrj.br\/fazendinha\/2023\/04\/18\/dia-do-campo-na-pesagro-seropedica\/\",\"url\":\"https:\/\/institucional.ufrrj.br\/fazendinha\/2023\/04\/18\/dia-do-campo-na-pesagro-seropedica\/\",\"name\":\"Dia do Campo na Pesagro Seropedica - Fazendinha\",\"isPartOf\":{\"@id\":\"https:\/\/institucional.ufrrj.br\/fazendinha\/#website\"},\"primaryImageOfPage\":{\"@id\":\"https:\/\/institucional.ufrrj.br\/fazendinha\/2023\/04\/18\/dia-do-campo-na-pesagro-seropedica\/#primaryimage\"},\"image\":{\"@id\":\"https:\/\/institucional.ufrrj.br\/fazendinha\/2023\/04\/18\/dia-do-campo-na-pesagro-seropedica\/#primaryimage\"},\"thumbnailUrl\":\"https:\/\/institucional.ufrrj.br\/fazendinha\/files\/2023\/04\/dia-de-campo.jpg\",\"datePublished\":\"2023-04-18T11:55:11+00:00\",\"author\":{\"@id\":\"https:\/\/institucional.ufrrj.br\/fazendinha\/#\/schema\/person\/96efb270ac307ebefed17ccab7acbfd1\"},\"breadcrumb\":{\"@id\":\"https:\/\/institucional.ufrrj.br\/fazendinha\/2023\/04\/18\/dia-do-campo-na-pesagro-seropedica\/#breadcrumb\"},\"inLanguage\":\"pt-BR\",\"potentialAction\":[{\"@type\":\"ReadAction\",\"target\":[\"https:\/\/institucional.ufrrj.br\/fazendinha\/2023\/04\/18\/dia-do-campo-na-pesagro-seropedica\/\"]}]},{\"@type\":\"ImageObject\",\"inLanguage\":\"pt-BR\",\"@id\":\"https:\/\/institucional.ufrrj.br\/fazendinha\/2023\/04\/18\/dia-do-campo-na-pesagro-seropedica\/#primaryimage\",\"url\":\"https:\/\/institucional.ufrrj.br\/fazendinha\/files\/2023\/04\/dia-de-campo.jpg\",\"contentUrl\":\"https:\/\/institucional.ufrrj.br\/fazendinha\/files\/2023\/04\/dia-de-campo.jpg\",\"width\":1080,\"height\":1080},{\"@type\":\"BreadcrumbList\",\"@id\":\"https:\/\/institucional.ufrrj.br\/fazendinha\/2023\/04\/18\/dia-do-campo-na-pesagro-seropedica\/#breadcrumb\",\"itemListElement\":[{\"@type\":\"ListItem\",\"position\":1,\"name\":\"In\u00edcio\",\"item\":\"https:\/\/institucional.ufrrj.br\/fazendinha\/\"},{\"@type\":\"ListItem\",\"position\":2,\"name\":\"Dia do Campo na Pesagro Seropedica\"}]},{\"@type\":\"WebSite\",\"@id\":\"https:\/\/institucional.ufrrj.br\/fazendinha\/#website\",\"url\":\"https:\/\/institucional.ufrrj.br\/fazendinha\/\",\"name\":\"Fazendinha\",\"description\":\"S\u00f3 mais um site institucional.ufrrj.br\",\"potentialAction\":[{\"@type\":\"SearchAction\",\"target\":{\"@type\":\"EntryPoint\",\"urlTemplate\":\"https:\/\/institucional.ufrrj.br\/fazendinha\/?s={search_term_string}\"},\"query-input\":{\"@type\":\"PropertyValueSpecification\",\"valueRequired\":true,\"valueName\":\"search_term_string\"}}],\"inLanguage\":\"pt-BR\"},{\"@type\":\"Person\",\"@id\":\"https:\/\/institucional.ufrrj.br\/fazendinha\/#\/schema\/person\/96efb270ac307ebefed17ccab7acbfd1\",\"name\":\"larissa\",\"image\":{\"@type\":\"ImageObject\",\"inLanguage\":\"pt-BR\",\"@id\":\"https:\/\/secure.gravatar.com\/avatar\/261bafc6a4320a96a7f7ccea46235c87b7233de89ba16195352673712036a4dc?s=96&d=mm&r=g\",\"url\":\"https:\/\/secure.gravatar.com\/avatar\/261bafc6a4320a96a7f7ccea46235c87b7233de89ba16195352673712036a4dc?s=96&d=mm&r=g\",\"contentUrl\":\"https:\/\/secure.gravatar.com\/avatar\/261bafc6a4320a96a7f7ccea46235c87b7233de89ba16195352673712036a4dc?s=96&d=mm&r=g\",\"caption\":\"larissa\"},\"url\":\"https:\/\/institucional.ufrrj.br\/fazendinha\/author\/larissavital\/\"}]}<\/script>\n<!-- \/ Yoast SEO plugin. -->","yoast_head_json":{"title":"Dia do Campo na Pesagro Seropedica - Fazendinha","robots":{"index":"index","follow":"follow","max-snippet":"max-snippet:-1","max-image-preview":"max-image-preview:large","max-video-preview":"max-video-preview:-1"},"canonical":"https:\/\/institucional.ufrrj.br\/fazendinha\/2023\/04\/18\/dia-do-campo-na-pesagro-seropedica\/","og_locale":"pt_BR","og_type":"article","og_title":"Dia do Campo na Pesagro Seropedica - Fazendinha","og_description":"No dia 26\/04, a Pesagro-Rio, localizada em Serop\u00e9dica, realizar\u00e1 um dia de campo que abordar\u00e1 a Bovinocultura e a Integra\u00e7\u00e3o ... leia mais","og_url":"https:\/\/institucional.ufrrj.br\/fazendinha\/2023\/04\/18\/dia-do-campo-na-pesagro-seropedica\/","og_site_name":"Fazendinha","article_published_time":"2023-04-18T11:55:11+00:00","og_image":[{"width":1080,"height":1080,"url":"https:\/\/institucional.ufrrj.br\/fazendinha\/files\/2023\/04\/dia-de-campo.jpg","type":"image\/jpeg"}],"author":"larissa","twitter_card":"summary_large_image","twitter_misc":{"Escrito por":"larissa"},"schema":{"@context":"https:\/\/schema.org","@graph":[{"@type":"Article","@id":"https:\/\/institucional.ufrrj.br\/fazendinha\/2023\/04\/18\/dia-do-campo-na-pesagro-seropedica\/#article","isPartOf":{"@id":"https:\/\/institucional.ufrrj.br\/fazendinha\/2023\/04\/18\/dia-do-campo-na-pesagro-seropedica\/"},"author":{"name":"larissa","@id":"https:\/\/institucional.ufrrj.br\/fazendinha\/#\/schema\/person\/96efb270ac307ebefed17ccab7acbfd1"},"headline":"Dia do Campo na Pesagro Seropedica","datePublished":"2023-04-18T11:55:11+00:00","mainEntityOfPage":{"@id":"https:\/\/institucional.ufrrj.br\/fazendinha\/2023\/04\/18\/dia-do-campo-na-pesagro-seropedica\/"},"wordCount":80,"commentCount":0,"image":{"@id":"https:\/\/institucional.ufrrj.br\/fazendinha\/2023\/04\/18\/dia-do-campo-na-pesagro-seropedica\/#primaryimage"},"thumbnailUrl":"https:\/\/institucional.ufrrj.br\/fazendinha\/files\/2023\/04\/dia-de-campo.jpg","articleSection":["Noticias"],"inLanguage":"pt-BR","potentialAction":[{"@type":"CommentAction","name":"Comment","target":["https:\/\/institucional.ufrrj.br\/fazendinha\/2023\/04\/18\/dia-do-campo-na-pesagro-seropedica\/#respond"]}]},{"@type":"WebPage","@id":"https:\/\/institucional.ufrrj.br\/fazendinha\/2023\/04\/18\/dia-do-campo-na-pesagro-seropedica\/","url":"https:\/\/institucional.ufrrj.br\/fazendinha\/2023\/04\/18\/dia-do-campo-na-pesagro-seropedica\/","name":"Dia do Campo na Pesagro Seropedica - Fazendinha","isPartOf":{"@id":"https:\/\/institucional.ufrrj.br\/fazendinha\/#website"},"primaryImageOfPage":{"@id":"https:\/\/institucional.ufrrj.br\/fazendinha\/2023\/04\/18\/dia-do-campo-na-pesagro-seropedica\/#primaryimage"},"image":{"@id":"https:\/\/institucional.ufrrj.br\/fazendinha\/2023\/04\/18\/dia-do-campo-na-pesagro-seropedica\/#primaryimage"},"thumbnailUrl":"https:\/\/institucional.ufrrj.br\/fazendinha\/files\/2023\/04\/dia-de-campo.jpg","datePublished":"2023-04-18T11:55:11+00:00","author":{"@id":"https:\/\/institucional.ufrrj.br\/fazendinha\/#\/schema\/person\/96efb270ac307ebefed17ccab7acbfd1"},"breadcrumb":{"@id":"https:\/\/institucional.ufrrj.br\/fazendinha\/2023\/04\/18\/dia-do-campo-na-pesagro-seropedica\/#breadcrumb"},"inLanguage":"pt-BR","potentialAction":[{"@type":"ReadAction","target":["https:\/\/institucional.ufrrj.br\/fazendinha\/2023\/04\/18\/dia-do-campo-na-pesagro-seropedica\/"]}]},{"@type":"ImageObject","inLanguage":"pt-BR","@id":"https:\/\/institucional.ufrrj.br\/fazendinha\/2023\/04\/18\/dia-do-campo-na-pesagro-seropedica\/#primaryimage","url":"https:\/\/institucional.ufrrj.br\/fazendinha\/files\/2023\/04\/dia-de-campo.jpg","contentUrl":"https:\/\/institucional.ufrrj.br\/fazendinha\/files\/2023\/04\/dia-de-campo.jpg","width":1080,"height":1080},{"@type":"BreadcrumbList","@id":"https:\/\/institucional.ufrrj.br\/fazendinha\/2023\/04\/18\/dia-do-campo-na-pesagro-seropedica\/#breadcrumb","itemListElement":[{"@type":"ListItem","position":1,"name":"In\u00edcio","item":"https:\/\/institucional.ufrrj.br\/fazendinha\/"},{"@type":"ListItem","position":2,"name":"Dia do Campo na Pesagro Seropedica"}]},{"@type":"WebSite","@id":"https:\/\/institucional.ufrrj.br\/fazendinha\/#website","url":"https:\/\/institucional.ufrrj.br\/fazendinha\/","name":"Fazendinha","description":"S\u00f3 mais um site institucional.ufrrj.br","potentialAction":[{"@type":"SearchAction","target":{"@type":"EntryPoint","urlTemplate":"https:\/\/institucional.ufrrj.br\/fazendinha\/?s={search_term_string}"},"query-input":{"@type":"PropertyValueSpecification","valueRequired":true,"valueName":"search_term_string"}}],"inLanguage":"pt-BR"},{"@type":"Person","@id":"https:\/\/institucional.ufrrj.br\/fazendinha\/#\/schema\/person\/96efb270ac307ebefed17ccab7acbfd1","name":"larissa","image":{"@type":"ImageObject","inLanguage":"pt-BR","@id":"https:\/\/secure.gravatar.com\/avatar\/261bafc6a4320a96a7f7ccea46235c87b7233de89ba16195352673712036a4dc?s=96&d=mm&r=g","url":"https:\/\/secure.gravatar.com\/avatar\/261bafc6a4320a96a7f7ccea46235c87b7233de89ba16195352673712036a4dc?s=96&d=mm&r=g","contentUrl":"https:\/\/secure.gravatar.com\/avatar\/261bafc6a4320a96a7f7ccea46235c87b7233de89ba16195352673712036a4dc?s=96&d=mm&r=g","caption":"larissa"},"url":"https:\/\/institucional.ufrrj.br\/fazendinha\/author\/larissavital\/"}]}},"acf":[],"_links":{"self":[{"href":"https:\/\/institucional.ufrrj.br\/fazendinha\/wp-json\/wp\/v2\/posts\/2013","targetHints":{"allow":["GET"]}}],"collection":[{"href":"https:\/\/institucional.ufrrj.br\/fazendinha\/wp-json\/wp\/v2\/posts"}],"about":[{"href":"https:\/\/institucional.ufrrj.br\/fazendinha\/wp-json\/wp\/v2\/types\/post"}],"author":[{"embeddable":true,"href":"https:\/\/institucional.ufrrj.br\/fazendinha\/wp-json\/wp\/v2\/users\/804"}],"replies":[{"embeddable":true,"href":"https:\/\/institucional.ufrrj.br\/fazendinha\/wp-json\/wp\/v2\/comments?post=2013"}],"version-history":[{"count":1,"href":"https:\/\/institucional.ufrrj.br\/fazendinha\/wp-json\/wp\/v2\/posts\/2013\/revisions"}],"predecessor-version":[{"id":2015,"href":"https:\/\/institucional.ufrrj.br\/fazendinha\/wp-json\/wp\/v2\/posts\/2013\/revisions\/2015"}],"wp:featuredmedia":[{"embeddable":true,"href":"https:\/\/institucional.ufrrj.br\/fazendinha\/wp-json\/wp\/v2\/media\/2014"}],"wp:attachment":[{"href":"https:\/\/institucional.ufrrj.br\/fazendinha\/wp-json\/wp\/v2\/media?parent=2013"}],"wp:term":[{"taxonomy":"category","embeddable":true,"href":"https:\/\/institucional.ufrrj.br\/fazendinha\/wp-json\/wp\/v2\/categories?post=2013"},{"taxonomy":"post_tag","embeddable":true,"href":"https:\/\/institucional.ufrrj.br\/fazendinha\/wp-json\/wp\/v2\/tags?post=2013"}],"curies":[{"name":"wp","href":"https:\/\/api.w.org\/{rel}","templated":true}]}}