{"id":1999,"date":"2023-04-03T08:29:12","date_gmt":"2023-04-03T11:29:12","guid":{"rendered":"https:\/\/institucional.ufrrj.br\/fazendinha\/?p=1999"},"modified":"2023-04-03T08:29:12","modified_gmt":"2023-04-03T11:29:12","slug":"fazendinha-agroecologica-km-47-conquista-o-trofeu-seriema","status":"publish","type":"post","link":"https:\/\/institucional.ufrrj.br\/fazendinha\/2023\/04\/03\/fazendinha-agroecologica-km-47-conquista-o-trofeu-seriema\/","title":{"rendered":"Fazendinha Agroecol\u00f3gica Km 47 conquista o Tr\u00f3feu Seriema"},"content":{"rendered":"<p><a href=\"https:\/\/institucional.ufrrj.br\/fazendinha\/files\/2023\/04\/trofeu_seriema.png\"><img loading=\"lazy\" decoding=\"async\" class=\"aligncenter size-medium wp-image-2000\" src=\"https:\/\/institucional.ufrrj.br\/fazendinha\/files\/2023\/04\/trofeu_seriema-300x223.png\" alt=\"\" width=\"300\" height=\"223\" srcset=\"https:\/\/institucional.ufrrj.br\/fazendinha\/files\/2023\/04\/trofeu_seriema-300x223.png 300w, https:\/\/institucional.ufrrj.br\/fazendinha\/files\/2023\/04\/trofeu_seriema.png 666w\" sizes=\"auto, (max-width: 300px) 100vw, 300px\" \/><\/a><\/p>\n<p><span data-contrast=\"auto\">No dia 9 de novembro de 2022, foi realizado o 20\u00ba Pr\u00eamio CREA de Meio Ambiente, em Goi\u00e2nia. Finalista, com submiss\u00e3o e defesa sustentada pelo professor Jo\u00e3o Sebasti\u00e3o de Paula Araujo, do Departamento de Agrotecnologias e Sustentabilidade (Instituto de Agronomia), que representou as institui\u00e7\u00f5es parceiras (UFRRJ\/Embrapa Agrobiologia\/Pesagro Rio), a Fazendinha Agroecol\u00f3gica Km 47 consagrou-se vencedora na modalidade &#8220;Sociedade Sustent\u00e1vel&#8221;.<\/span><span data-ccp-props=\"{&quot;201341983&quot;:0,&quot;335551550&quot;:6,&quot;335551620&quot;:6,&quot;335559739&quot;:160,&quot;335559740&quot;:259}\">\u00a0<\/span><\/p>\n<p><strong>O Trof\u00e9u Seriema\u00a0<\/strong><\/p>\n<p><span data-contrast=\"auto\">A Seriema, ave da regi\u00e3o central do Brasil, destaca-se por sua capacidade de adapta\u00e7\u00e3o e sobreviv\u00eancia. Com seu canto peculiar a Seriema encanta por sua capacidade de transpor e romper com o processo natural do progn\u00f3stico sombrio e se restaurar, mostrando o caminho de solu\u00e7\u00f5es \u00e0s mudan\u00e7as, como quer mostrar o Pr\u00eamio.\u00a0<\/span><span data-ccp-props=\"{&quot;201341983&quot;:0,&quot;335551550&quot;:6,&quot;335551620&quot;:6,&quot;335559739&quot;:160,&quot;335559740&quot;:259}\">\u00a0<\/span><\/p>\n<p><span data-contrast=\"auto\">Este conceito foi traduzido artisticamente e deu forma de tra\u00e7os lisos e harmoniosos da estatueta que se tornou a identidade da premia\u00e7\u00e3o: O Trof\u00e9u Seriema.<\/span><span data-ccp-props=\"{&quot;201341983&quot;:0,&quot;335551550&quot;:6,&quot;335551620&quot;:6,&quot;335559739&quot;:160,&quot;335559740&quot;:259}\">\u00a0<\/span><\/p>\n<p><span data-contrast=\"auto\">O Trof\u00e9u Seriema \u00e9 um reconhecimento do m\u00e9rito de a\u00e7\u00f5es que se destacam pela excel\u00eancia de contribui\u00e7\u00f5es na preserva\u00e7\u00e3o, recupera\u00e7\u00e3o, defesa e conserva\u00e7\u00e3o do meio ambiente na melhoria da qualidade de vida, estimulando a consci\u00eancia socioambiental para a constru\u00e7\u00e3o de uma sociedade mais justa, pr\u00f3spera e sustent\u00e1vel.<\/span><span data-ccp-props=\"{&quot;201341983&quot;:0,&quot;335551550&quot;:6,&quot;335551620&quot;:6,&quot;335559739&quot;:160,&quot;335559740&quot;:259}\">\u00a0<\/span><\/p>\n<p>&nbsp;<\/p>\n<p>&nbsp;<\/p>\n","protected":false},"excerpt":{"rendered":"<p>No dia 9 de novembro de 2022, foi realizado o 20\u00ba Pr\u00eamio CREA de Meio Ambiente, em Goi\u00e2nia. Finalista, com <a class=\"read-more\" href=\"https:\/\/institucional.ufrrj.br\/fazendinha\/2023\/04\/03\/fazendinha-agroecologica-km-47-conquista-o-trofeu-seriema\/ \" >&#8230; <span class=\"font-italic\">leia mais <i class=\"fas fa-angle-right\"><\/i><\/span><\/a><\/p>\n","protected":false},"author":804,"featured_media":2000,"comment_status":"open","ping_status":"open","sticky":false,"template":"","format":"standard","meta":{"_acf_changed":false,"footnotes":""},"categories":[2],"tags":[],"class_list":["post-1999","post","type-post","status-publish","format-standard","has-post-thumbnail","hentry","category-noticias"],"yoast_head":"<!-- This site is optimized with the Yoast SEO plugin v27.2 - https:\/\/yoast.com\/product\/yoast-seo-wordpress\/ -->\n<title>Fazendinha Agroecol\u00f3gica Km 47 conquista o Tr\u00f3feu Seriema - Fazendinha<\/title>\n<meta name=\"robots\" content=\"index, follow, max-snippet:-1, max-image-preview:large, max-video-preview:-1\" \/>\n<link rel=\"canonical\" href=\"https:\/\/institucional.ufrrj.br\/fazendinha\/2023\/04\/03\/fazendinha-agroecologica-km-47-conquista-o-trofeu-seriema\/\" \/>\n<meta property=\"og:locale\" content=\"pt_BR\" \/>\n<meta property=\"og:type\" content=\"article\" \/>\n<meta property=\"og:title\" content=\"Fazendinha Agroecol\u00f3gica Km 47 conquista o Tr\u00f3feu Seriema - Fazendinha\" \/>\n<meta property=\"og:description\" content=\"No dia 9 de novembro de 2022, foi realizado o 20\u00ba Pr\u00eamio CREA de Meio Ambiente, em Goi\u00e2nia. Finalista, com ... leia mais\" \/>\n<meta property=\"og:url\" content=\"https:\/\/institucional.ufrrj.br\/fazendinha\/2023\/04\/03\/fazendinha-agroecologica-km-47-conquista-o-trofeu-seriema\/\" \/>\n<meta property=\"og:site_name\" content=\"Fazendinha\" \/>\n<meta property=\"article:published_time\" content=\"2023-04-03T11:29:12+00:00\" \/>\n<meta property=\"og:image\" content=\"https:\/\/institucional.ufrrj.br\/fazendinha\/files\/2023\/04\/trofeu_seriema.png\" \/>\n\t<meta property=\"og:image:width\" content=\"666\" \/>\n\t<meta property=\"og:image:height\" content=\"495\" \/>\n\t<meta property=\"og:image:type\" content=\"image\/png\" \/>\n<meta name=\"author\" content=\"larissa\" \/>\n<meta name=\"twitter:card\" content=\"summary_large_image\" \/>\n<meta name=\"twitter:label1\" content=\"Escrito por\" \/>\n\t<meta name=\"twitter:data1\" content=\"larissa\" \/>\n\t<meta name=\"twitter:label2\" content=\"Est. tempo de leitura\" \/>\n\t<meta name=\"twitter:data2\" content=\"1 minuto\" \/>\n<script type=\"application\/ld+json\" class=\"yoast-schema-graph\">{\"@context\":\"https:\/\/schema.org\",\"@graph\":[{\"@type\":\"Article\",\"@id\":\"https:\/\/institucional.ufrrj.br\/fazendinha\/2023\/04\/03\/fazendinha-agroecologica-km-47-conquista-o-trofeu-seriema\/#article\",\"isPartOf\":{\"@id\":\"https:\/\/institucional.ufrrj.br\/fazendinha\/2023\/04\/03\/fazendinha-agroecologica-km-47-conquista-o-trofeu-seriema\/\"},\"author\":{\"name\":\"larissa\",\"@id\":\"https:\/\/institucional.ufrrj.br\/fazendinha\/#\/schema\/person\/96efb270ac307ebefed17ccab7acbfd1\"},\"headline\":\"Fazendinha Agroecol\u00f3gica Km 47 conquista o Tr\u00f3feu Seriema\",\"datePublished\":\"2023-04-03T11:29:12+00:00\",\"mainEntityOfPage\":{\"@id\":\"https:\/\/institucional.ufrrj.br\/fazendinha\/2023\/04\/03\/fazendinha-agroecologica-km-47-conquista-o-trofeu-seriema\/\"},\"wordCount\":225,\"commentCount\":0,\"image\":{\"@id\":\"https:\/\/institucional.ufrrj.br\/fazendinha\/2023\/04\/03\/fazendinha-agroecologica-km-47-conquista-o-trofeu-seriema\/#primaryimage\"},\"thumbnailUrl\":\"https:\/\/institucional.ufrrj.br\/fazendinha\/files\/2023\/04\/trofeu_seriema.png\",\"articleSection\":[\"Noticias\"],\"inLanguage\":\"pt-BR\",\"potentialAction\":[{\"@type\":\"CommentAction\",\"name\":\"Comment\",\"target\":[\"https:\/\/institucional.ufrrj.br\/fazendinha\/2023\/04\/03\/fazendinha-agroecologica-km-47-conquista-o-trofeu-seriema\/#respond\"]}]},{\"@type\":\"WebPage\",\"@id\":\"https:\/\/institucional.ufrrj.br\/fazendinha\/2023\/04\/03\/fazendinha-agroecologica-km-47-conquista-o-trofeu-seriema\/\",\"url\":\"https:\/\/institucional.ufrrj.br\/fazendinha\/2023\/04\/03\/fazendinha-agroecologica-km-47-conquista-o-trofeu-seriema\/\",\"name\":\"Fazendinha Agroecol\u00f3gica Km 47 conquista o Tr\u00f3feu Seriema - Fazendinha\",\"isPartOf\":{\"@id\":\"https:\/\/institucional.ufrrj.br\/fazendinha\/#website\"},\"primaryImageOfPage\":{\"@id\":\"https:\/\/institucional.ufrrj.br\/fazendinha\/2023\/04\/03\/fazendinha-agroecologica-km-47-conquista-o-trofeu-seriema\/#primaryimage\"},\"image\":{\"@id\":\"https:\/\/institucional.ufrrj.br\/fazendinha\/2023\/04\/03\/fazendinha-agroecologica-km-47-conquista-o-trofeu-seriema\/#primaryimage\"},\"thumbnailUrl\":\"https:\/\/institucional.ufrrj.br\/fazendinha\/files\/2023\/04\/trofeu_seriema.png\",\"datePublished\":\"2023-04-03T11:29:12+00:00\",\"author\":{\"@id\":\"https:\/\/institucional.ufrrj.br\/fazendinha\/#\/schema\/person\/96efb270ac307ebefed17ccab7acbfd1\"},\"breadcrumb\":{\"@id\":\"https:\/\/institucional.ufrrj.br\/fazendinha\/2023\/04\/03\/fazendinha-agroecologica-km-47-conquista-o-trofeu-seriema\/#breadcrumb\"},\"inLanguage\":\"pt-BR\",\"potentialAction\":[{\"@type\":\"ReadAction\",\"target\":[\"https:\/\/institucional.ufrrj.br\/fazendinha\/2023\/04\/03\/fazendinha-agroecologica-km-47-conquista-o-trofeu-seriema\/\"]}]},{\"@type\":\"ImageObject\",\"inLanguage\":\"pt-BR\",\"@id\":\"https:\/\/institucional.ufrrj.br\/fazendinha\/2023\/04\/03\/fazendinha-agroecologica-km-47-conquista-o-trofeu-seriema\/#primaryimage\",\"url\":\"https:\/\/institucional.ufrrj.br\/fazendinha\/files\/2023\/04\/trofeu_seriema.png\",\"contentUrl\":\"https:\/\/institucional.ufrrj.br\/fazendinha\/files\/2023\/04\/trofeu_seriema.png\",\"width\":666,\"height\":495},{\"@type\":\"BreadcrumbList\",\"@id\":\"https:\/\/institucional.ufrrj.br\/fazendinha\/2023\/04\/03\/fazendinha-agroecologica-km-47-conquista-o-trofeu-seriema\/#breadcrumb\",\"itemListElement\":[{\"@type\":\"ListItem\",\"position\":1,\"name\":\"In\u00edcio\",\"item\":\"https:\/\/institucional.ufrrj.br\/fazendinha\/\"},{\"@type\":\"ListItem\",\"position\":2,\"name\":\"Fazendinha Agroecol\u00f3gica Km 47 conquista o Tr\u00f3feu Seriema\"}]},{\"@type\":\"WebSite\",\"@id\":\"https:\/\/institucional.ufrrj.br\/fazendinha\/#website\",\"url\":\"https:\/\/institucional.ufrrj.br\/fazendinha\/\",\"name\":\"Fazendinha\",\"description\":\"S\u00f3 mais um site institucional.ufrrj.br\",\"potentialAction\":[{\"@type\":\"SearchAction\",\"target\":{\"@type\":\"EntryPoint\",\"urlTemplate\":\"https:\/\/institucional.ufrrj.br\/fazendinha\/?s={search_term_string}\"},\"query-input\":{\"@type\":\"PropertyValueSpecification\",\"valueRequired\":true,\"valueName\":\"search_term_string\"}}],\"inLanguage\":\"pt-BR\"},{\"@type\":\"Person\",\"@id\":\"https:\/\/institucional.ufrrj.br\/fazendinha\/#\/schema\/person\/96efb270ac307ebefed17ccab7acbfd1\",\"name\":\"larissa\",\"image\":{\"@type\":\"ImageObject\",\"inLanguage\":\"pt-BR\",\"@id\":\"https:\/\/secure.gravatar.com\/avatar\/261bafc6a4320a96a7f7ccea46235c87b7233de89ba16195352673712036a4dc?s=96&d=mm&r=g\",\"url\":\"https:\/\/secure.gravatar.com\/avatar\/261bafc6a4320a96a7f7ccea46235c87b7233de89ba16195352673712036a4dc?s=96&d=mm&r=g\",\"contentUrl\":\"https:\/\/secure.gravatar.com\/avatar\/261bafc6a4320a96a7f7ccea46235c87b7233de89ba16195352673712036a4dc?s=96&d=mm&r=g\",\"caption\":\"larissa\"},\"url\":\"https:\/\/institucional.ufrrj.br\/fazendinha\/author\/larissavital\/\"}]}<\/script>\n<!-- \/ Yoast SEO plugin. -->","yoast_head_json":{"title":"Fazendinha Agroecol\u00f3gica Km 47 conquista o Tr\u00f3feu Seriema - Fazendinha","robots":{"index":"index","follow":"follow","max-snippet":"max-snippet:-1","max-image-preview":"max-image-preview:large","max-video-preview":"max-video-preview:-1"},"canonical":"https:\/\/institucional.ufrrj.br\/fazendinha\/2023\/04\/03\/fazendinha-agroecologica-km-47-conquista-o-trofeu-seriema\/","og_locale":"pt_BR","og_type":"article","og_title":"Fazendinha Agroecol\u00f3gica Km 47 conquista o Tr\u00f3feu Seriema - Fazendinha","og_description":"No dia 9 de novembro de 2022, foi realizado o 20\u00ba Pr\u00eamio CREA de Meio Ambiente, em Goi\u00e2nia. Finalista, com ... leia mais","og_url":"https:\/\/institucional.ufrrj.br\/fazendinha\/2023\/04\/03\/fazendinha-agroecologica-km-47-conquista-o-trofeu-seriema\/","og_site_name":"Fazendinha","article_published_time":"2023-04-03T11:29:12+00:00","og_image":[{"width":666,"height":495,"url":"https:\/\/institucional.ufrrj.br\/fazendinha\/files\/2023\/04\/trofeu_seriema.png","type":"image\/png"}],"author":"larissa","twitter_card":"summary_large_image","twitter_misc":{"Escrito por":"larissa","Est. tempo de leitura":"1 minuto"},"schema":{"@context":"https:\/\/schema.org","@graph":[{"@type":"Article","@id":"https:\/\/institucional.ufrrj.br\/fazendinha\/2023\/04\/03\/fazendinha-agroecologica-km-47-conquista-o-trofeu-seriema\/#article","isPartOf":{"@id":"https:\/\/institucional.ufrrj.br\/fazendinha\/2023\/04\/03\/fazendinha-agroecologica-km-47-conquista-o-trofeu-seriema\/"},"author":{"name":"larissa","@id":"https:\/\/institucional.ufrrj.br\/fazendinha\/#\/schema\/person\/96efb270ac307ebefed17ccab7acbfd1"},"headline":"Fazendinha Agroecol\u00f3gica Km 47 conquista o Tr\u00f3feu Seriema","datePublished":"2023-04-03T11:29:12+00:00","mainEntityOfPage":{"@id":"https:\/\/institucional.ufrrj.br\/fazendinha\/2023\/04\/03\/fazendinha-agroecologica-km-47-conquista-o-trofeu-seriema\/"},"wordCount":225,"commentCount":0,"image":{"@id":"https:\/\/institucional.ufrrj.br\/fazendinha\/2023\/04\/03\/fazendinha-agroecologica-km-47-conquista-o-trofeu-seriema\/#primaryimage"},"thumbnailUrl":"https:\/\/institucional.ufrrj.br\/fazendinha\/files\/2023\/04\/trofeu_seriema.png","articleSection":["Noticias"],"inLanguage":"pt-BR","potentialAction":[{"@type":"CommentAction","name":"Comment","target":["https:\/\/institucional.ufrrj.br\/fazendinha\/2023\/04\/03\/fazendinha-agroecologica-km-47-conquista-o-trofeu-seriema\/#respond"]}]},{"@type":"WebPage","@id":"https:\/\/institucional.ufrrj.br\/fazendinha\/2023\/04\/03\/fazendinha-agroecologica-km-47-conquista-o-trofeu-seriema\/","url":"https:\/\/institucional.ufrrj.br\/fazendinha\/2023\/04\/03\/fazendinha-agroecologica-km-47-conquista-o-trofeu-seriema\/","name":"Fazendinha Agroecol\u00f3gica Km 47 conquista o Tr\u00f3feu Seriema - Fazendinha","isPartOf":{"@id":"https:\/\/institucional.ufrrj.br\/fazendinha\/#website"},"primaryImageOfPage":{"@id":"https:\/\/institucional.ufrrj.br\/fazendinha\/2023\/04\/03\/fazendinha-agroecologica-km-47-conquista-o-trofeu-seriema\/#primaryimage"},"image":{"@id":"https:\/\/institucional.ufrrj.br\/fazendinha\/2023\/04\/03\/fazendinha-agroecologica-km-47-conquista-o-trofeu-seriema\/#primaryimage"},"thumbnailUrl":"https:\/\/institucional.ufrrj.br\/fazendinha\/files\/2023\/04\/trofeu_seriema.png","datePublished":"2023-04-03T11:29:12+00:00","author":{"@id":"https:\/\/institucional.ufrrj.br\/fazendinha\/#\/schema\/person\/96efb270ac307ebefed17ccab7acbfd1"},"breadcrumb":{"@id":"https:\/\/institucional.ufrrj.br\/fazendinha\/2023\/04\/03\/fazendinha-agroecologica-km-47-conquista-o-trofeu-seriema\/#breadcrumb"},"inLanguage":"pt-BR","potentialAction":[{"@type":"ReadAction","target":["https:\/\/institucional.ufrrj.br\/fazendinha\/2023\/04\/03\/fazendinha-agroecologica-km-47-conquista-o-trofeu-seriema\/"]}]},{"@type":"ImageObject","inLanguage":"pt-BR","@id":"https:\/\/institucional.ufrrj.br\/fazendinha\/2023\/04\/03\/fazendinha-agroecologica-km-47-conquista-o-trofeu-seriema\/#primaryimage","url":"https:\/\/institucional.ufrrj.br\/fazendinha\/files\/2023\/04\/trofeu_seriema.png","contentUrl":"https:\/\/institucional.ufrrj.br\/fazendinha\/files\/2023\/04\/trofeu_seriema.png","width":666,"height":495},{"@type":"BreadcrumbList","@id":"https:\/\/institucional.ufrrj.br\/fazendinha\/2023\/04\/03\/fazendinha-agroecologica-km-47-conquista-o-trofeu-seriema\/#breadcrumb","itemListElement":[{"@type":"ListItem","position":1,"name":"In\u00edcio","item":"https:\/\/institucional.ufrrj.br\/fazendinha\/"},{"@type":"ListItem","position":2,"name":"Fazendinha Agroecol\u00f3gica Km 47 conquista o Tr\u00f3feu Seriema"}]},{"@type":"WebSite","@id":"https:\/\/institucional.ufrrj.br\/fazendinha\/#website","url":"https:\/\/institucional.ufrrj.br\/fazendinha\/","name":"Fazendinha","description":"S\u00f3 mais um site institucional.ufrrj.br","potentialAction":[{"@type":"SearchAction","target":{"@type":"EntryPoint","urlTemplate":"https:\/\/institucional.ufrrj.br\/fazendinha\/?s={search_term_string}"},"query-input":{"@type":"PropertyValueSpecification","valueRequired":true,"valueName":"search_term_string"}}],"inLanguage":"pt-BR"},{"@type":"Person","@id":"https:\/\/institucional.ufrrj.br\/fazendinha\/#\/schema\/person\/96efb270ac307ebefed17ccab7acbfd1","name":"larissa","image":{"@type":"ImageObject","inLanguage":"pt-BR","@id":"https:\/\/secure.gravatar.com\/avatar\/261bafc6a4320a96a7f7ccea46235c87b7233de89ba16195352673712036a4dc?s=96&d=mm&r=g","url":"https:\/\/secure.gravatar.com\/avatar\/261bafc6a4320a96a7f7ccea46235c87b7233de89ba16195352673712036a4dc?s=96&d=mm&r=g","contentUrl":"https:\/\/secure.gravatar.com\/avatar\/261bafc6a4320a96a7f7ccea46235c87b7233de89ba16195352673712036a4dc?s=96&d=mm&r=g","caption":"larissa"},"url":"https:\/\/institucional.ufrrj.br\/fazendinha\/author\/larissavital\/"}]}},"acf":[],"_links":{"self":[{"href":"https:\/\/institucional.ufrrj.br\/fazendinha\/wp-json\/wp\/v2\/posts\/1999","targetHints":{"allow":["GET"]}}],"collection":[{"href":"https:\/\/institucional.ufrrj.br\/fazendinha\/wp-json\/wp\/v2\/posts"}],"about":[{"href":"https:\/\/institucional.ufrrj.br\/fazendinha\/wp-json\/wp\/v2\/types\/post"}],"author":[{"embeddable":true,"href":"https:\/\/institucional.ufrrj.br\/fazendinha\/wp-json\/wp\/v2\/users\/804"}],"replies":[{"embeddable":true,"href":"https:\/\/institucional.ufrrj.br\/fazendinha\/wp-json\/wp\/v2\/comments?post=1999"}],"version-history":[{"count":1,"href":"https:\/\/institucional.ufrrj.br\/fazendinha\/wp-json\/wp\/v2\/posts\/1999\/revisions"}],"predecessor-version":[{"id":2001,"href":"https:\/\/institucional.ufrrj.br\/fazendinha\/wp-json\/wp\/v2\/posts\/1999\/revisions\/2001"}],"wp:featuredmedia":[{"embeddable":true,"href":"https:\/\/institucional.ufrrj.br\/fazendinha\/wp-json\/wp\/v2\/media\/2000"}],"wp:attachment":[{"href":"https:\/\/institucional.ufrrj.br\/fazendinha\/wp-json\/wp\/v2\/media?parent=1999"}],"wp:term":[{"taxonomy":"category","embeddable":true,"href":"https:\/\/institucional.ufrrj.br\/fazendinha\/wp-json\/wp\/v2\/categories?post=1999"},{"taxonomy":"post_tag","embeddable":true,"href":"https:\/\/institucional.ufrrj.br\/fazendinha\/wp-json\/wp\/v2\/tags?post=1999"}],"curies":[{"name":"wp","href":"https:\/\/api.w.org\/{rel}","templated":true}]}}