{"id":1874,"date":"2020-05-26T10:23:28","date_gmt":"2020-05-26T13:23:28","guid":{"rendered":"http:\/\/institucional.ufrrj.br\/fazendinha\/?p=1874"},"modified":"2020-07-16T20:16:05","modified_gmt":"2020-07-16T23:16:05","slug":"campanha-de-doacao-de-alimentos-para-familias-em-vulnerabilidade-socioeconomica-de-seropedica-rj","status":"publish","type":"post","link":"https:\/\/institucional.ufrrj.br\/fazendinha\/2020\/05\/26\/campanha-de-doacao-de-alimentos-para-familias-em-vulnerabilidade-socioeconomica-de-seropedica-rj\/","title":{"rendered":"Campanha de doa\u00e7\u00e3o de alimentos para fam\u00edlias em vulnerabilidade socioecon\u00f4mica de Serop\u00e9dica &#8211; RJ"},"content":{"rendered":"<p>Em 2020, o mundo foi surpreendido pela pandemia do COVID-19. Devido \u00e0s medidas de restri\u00e7\u00f5es tomadas \u00e0 n\u00edvel mundial, houve uma diminui\u00e7\u00e3o de v\u00e1rias atividades durante o per\u00edodo de isolamento social. Com o objetivo de oferecer assist\u00eancia para fam\u00edlias em vulnerabilidade socioecon\u00f4mica foi realizado uma articula\u00e7\u00e3o com Projeto Rede IntegraA\u00c7\u00c3O, Projeto A\u00e7\u00e3o Solid\u00e1ria, Projeto social Unidos pelo Reino, Casa de Repouso Leal Reis e para Casa de Repouso Amor Eterno.<\/p>\n<p>Est\u00e3o sendo doados alimentos frescos, nutritivos, livres de agrot\u00f3xicos, produzidos com base agroecol\u00f3gica para estas fam\u00edlias. Entre os alimentos doados est\u00e3o: Batata doce, tangerina, chic\u00f3ria, alface lisa, alface crespa, alface americana, bertalha, pepino, salsa, cebolinha, r\u00facula, coentro, rabanete, entre outros.<\/p>\n<p>https:\/\/www.instagram.com\/p\/CCCCHDvjgug\/<\/p>\n<p>\u2764\ufe0f<\/p>\n<p>https:\/\/www.instagram.com\/p\/CAWETF2n0x3\/<\/p>\n<p>https:\/\/www.instagram.com\/p\/CAVcOhnHsYy\/<\/p>\n<p>https:\/\/www.instagram.com\/p\/CBv314gD04C\/<\/p>\n<p>https:\/\/www.instagram.com\/p\/CAoaEounlon\/<\/p>\n<p>https:\/\/www.instagram.com\/p\/CA8oprzjErR\/<\/p>\n<p>https:\/\/www.instagram.com\/p\/CAgXjBwnzfV\/<\/p>\n<p>https:\/\/www.instagram.com\/p\/CA8tdrcDIet\/<\/p>\n<p>https:\/\/www.instagram.com\/p\/CA_X47ZD5Ai\/<\/p>\n<p>https:\/\/www.instagram.com\/p\/CAbKKISDZgT\/<\/p>\n<p>https:\/\/www.instagram.com\/p\/CBv3GXZjhSW\/<\/p>\n<p>https:\/\/www.instagram.com\/p\/CBwDf_4D8zJ\/<\/p>\n<p>https:\/\/www.instagram.com\/p\/CBv8VF-DfZC\/<\/p>\n<p>&nbsp;<\/p>\n","protected":false},"excerpt":{"rendered":"<p>Em 2020, o mundo foi surpreendido pela pandemia do COVID-19. Devido \u00e0s medidas de restri\u00e7\u00f5es tomadas \u00e0 n\u00edvel mundial, houve <a class=\"read-more\" href=\"https:\/\/institucional.ufrrj.br\/fazendinha\/2020\/05\/26\/campanha-de-doacao-de-alimentos-para-familias-em-vulnerabilidade-socioeconomica-de-seropedica-rj\/ \" >&#8230; <span class=\"font-italic\">leia mais <i class=\"fas fa-angle-right\"><\/i><\/span><\/a><\/p>\n","protected":false},"author":743,"featured_media":1876,"comment_status":"open","ping_status":"open","sticky":false,"template":"","format":"standard","meta":{"_acf_changed":false,"footnotes":""},"categories":[2],"tags":[],"class_list":["post-1874","post","type-post","status-publish","format-standard","has-post-thumbnail","hentry","category-noticias"],"yoast_head":"<!-- This site is optimized with the Yoast SEO plugin v27.2 - https:\/\/yoast.com\/product\/yoast-seo-wordpress\/ -->\n<title>Campanha de doa\u00e7\u00e3o de alimentos para fam\u00edlias em vulnerabilidade socioecon\u00f4mica de Serop\u00e9dica - RJ - Fazendinha<\/title>\n<meta name=\"robots\" content=\"index, follow, max-snippet:-1, max-image-preview:large, max-video-preview:-1\" \/>\n<link rel=\"canonical\" href=\"https:\/\/institucional.ufrrj.br\/fazendinha\/2020\/05\/26\/campanha-de-doacao-de-alimentos-para-familias-em-vulnerabilidade-socioeconomica-de-seropedica-rj\/\" \/>\n<meta property=\"og:locale\" content=\"pt_BR\" \/>\n<meta property=\"og:type\" content=\"article\" \/>\n<meta property=\"og:title\" content=\"Campanha de doa\u00e7\u00e3o de alimentos para fam\u00edlias em vulnerabilidade socioecon\u00f4mica de Serop\u00e9dica - RJ - Fazendinha\" \/>\n<meta property=\"og:description\" content=\"Em 2020, o mundo foi surpreendido pela pandemia do COVID-19. Devido \u00e0s medidas de restri\u00e7\u00f5es tomadas \u00e0 n\u00edvel mundial, houve ... leia mais\" \/>\n<meta property=\"og:url\" content=\"https:\/\/institucional.ufrrj.br\/fazendinha\/2020\/05\/26\/campanha-de-doacao-de-alimentos-para-familias-em-vulnerabilidade-socioeconomica-de-seropedica-rj\/\" \/>\n<meta property=\"og:site_name\" content=\"Fazendinha\" \/>\n<meta property=\"article:published_time\" content=\"2020-05-26T13:23:28+00:00\" \/>\n<meta property=\"article:modified_time\" content=\"2020-07-16T23:16:05+00:00\" \/>\n<meta property=\"og:image\" content=\"https:\/\/institucional.ufrrj.br\/fazendinha\/files\/2020\/05\/IMG_20200518_112636736.jpg\" \/>\n\t<meta property=\"og:image:width\" content=\"2000\" \/>\n\t<meta property=\"og:image:height\" content=\"1500\" \/>\n\t<meta property=\"og:image:type\" content=\"image\/jpeg\" \/>\n<meta name=\"author\" content=\"enokdonato\" \/>\n<meta name=\"twitter:card\" content=\"summary_large_image\" \/>\n<meta name=\"twitter:label1\" content=\"Escrito por\" \/>\n\t<meta name=\"twitter:data1\" content=\"enokdonato\" \/>\n\t<meta name=\"twitter:label2\" content=\"Est. tempo de leitura\" \/>\n\t<meta name=\"twitter:data2\" content=\"1 minuto\" \/>\n<script type=\"application\/ld+json\" class=\"yoast-schema-graph\">{\"@context\":\"https:\/\/schema.org\",\"@graph\":[{\"@type\":\"Article\",\"@id\":\"https:\/\/institucional.ufrrj.br\/fazendinha\/2020\/05\/26\/campanha-de-doacao-de-alimentos-para-familias-em-vulnerabilidade-socioeconomica-de-seropedica-rj\/#article\",\"isPartOf\":{\"@id\":\"https:\/\/institucional.ufrrj.br\/fazendinha\/2020\/05\/26\/campanha-de-doacao-de-alimentos-para-familias-em-vulnerabilidade-socioeconomica-de-seropedica-rj\/\"},\"author\":{\"name\":\"enokdonato\",\"@id\":\"https:\/\/institucional.ufrrj.br\/fazendinha\/#\/schema\/person\/effec9aebf995bbd8e58e26a06d6a3b4\"},\"headline\":\"Campanha de doa\u00e7\u00e3o de alimentos para fam\u00edlias em vulnerabilidade socioecon\u00f4mica de Serop\u00e9dica &#8211; RJ\",\"datePublished\":\"2020-05-26T13:23:28+00:00\",\"dateModified\":\"2020-07-16T23:16:05+00:00\",\"mainEntityOfPage\":{\"@id\":\"https:\/\/institucional.ufrrj.br\/fazendinha\/2020\/05\/26\/campanha-de-doacao-de-alimentos-para-familias-em-vulnerabilidade-socioeconomica-de-seropedica-rj\/\"},\"wordCount\":237,\"commentCount\":0,\"image\":{\"@id\":\"https:\/\/institucional.ufrrj.br\/fazendinha\/2020\/05\/26\/campanha-de-doacao-de-alimentos-para-familias-em-vulnerabilidade-socioeconomica-de-seropedica-rj\/#primaryimage\"},\"thumbnailUrl\":\"https:\/\/institucional.ufrrj.br\/fazendinha\/files\/2020\/05\/IMG_20200518_112636736.jpg\",\"articleSection\":[\"Noticias\"],\"inLanguage\":\"pt-BR\",\"potentialAction\":[{\"@type\":\"CommentAction\",\"name\":\"Comment\",\"target\":[\"https:\/\/institucional.ufrrj.br\/fazendinha\/2020\/05\/26\/campanha-de-doacao-de-alimentos-para-familias-em-vulnerabilidade-socioeconomica-de-seropedica-rj\/#respond\"]}]},{\"@type\":\"WebPage\",\"@id\":\"https:\/\/institucional.ufrrj.br\/fazendinha\/2020\/05\/26\/campanha-de-doacao-de-alimentos-para-familias-em-vulnerabilidade-socioeconomica-de-seropedica-rj\/\",\"url\":\"https:\/\/institucional.ufrrj.br\/fazendinha\/2020\/05\/26\/campanha-de-doacao-de-alimentos-para-familias-em-vulnerabilidade-socioeconomica-de-seropedica-rj\/\",\"name\":\"Campanha de doa\u00e7\u00e3o de alimentos para fam\u00edlias em vulnerabilidade socioecon\u00f4mica de Serop\u00e9dica - RJ - Fazendinha\",\"isPartOf\":{\"@id\":\"https:\/\/institucional.ufrrj.br\/fazendinha\/#website\"},\"primaryImageOfPage\":{\"@id\":\"https:\/\/institucional.ufrrj.br\/fazendinha\/2020\/05\/26\/campanha-de-doacao-de-alimentos-para-familias-em-vulnerabilidade-socioeconomica-de-seropedica-rj\/#primaryimage\"},\"image\":{\"@id\":\"https:\/\/institucional.ufrrj.br\/fazendinha\/2020\/05\/26\/campanha-de-doacao-de-alimentos-para-familias-em-vulnerabilidade-socioeconomica-de-seropedica-rj\/#primaryimage\"},\"thumbnailUrl\":\"https:\/\/institucional.ufrrj.br\/fazendinha\/files\/2020\/05\/IMG_20200518_112636736.jpg\",\"datePublished\":\"2020-05-26T13:23:28+00:00\",\"dateModified\":\"2020-07-16T23:16:05+00:00\",\"author\":{\"@id\":\"https:\/\/institucional.ufrrj.br\/fazendinha\/#\/schema\/person\/effec9aebf995bbd8e58e26a06d6a3b4\"},\"breadcrumb\":{\"@id\":\"https:\/\/institucional.ufrrj.br\/fazendinha\/2020\/05\/26\/campanha-de-doacao-de-alimentos-para-familias-em-vulnerabilidade-socioeconomica-de-seropedica-rj\/#breadcrumb\"},\"inLanguage\":\"pt-BR\",\"potentialAction\":[{\"@type\":\"ReadAction\",\"target\":[\"https:\/\/institucional.ufrrj.br\/fazendinha\/2020\/05\/26\/campanha-de-doacao-de-alimentos-para-familias-em-vulnerabilidade-socioeconomica-de-seropedica-rj\/\"]}]},{\"@type\":\"ImageObject\",\"inLanguage\":\"pt-BR\",\"@id\":\"https:\/\/institucional.ufrrj.br\/fazendinha\/2020\/05\/26\/campanha-de-doacao-de-alimentos-para-familias-em-vulnerabilidade-socioeconomica-de-seropedica-rj\/#primaryimage\",\"url\":\"https:\/\/institucional.ufrrj.br\/fazendinha\/files\/2020\/05\/IMG_20200518_112636736.jpg\",\"contentUrl\":\"https:\/\/institucional.ufrrj.br\/fazendinha\/files\/2020\/05\/IMG_20200518_112636736.jpg\",\"width\":2000,\"height\":1500},{\"@type\":\"BreadcrumbList\",\"@id\":\"https:\/\/institucional.ufrrj.br\/fazendinha\/2020\/05\/26\/campanha-de-doacao-de-alimentos-para-familias-em-vulnerabilidade-socioeconomica-de-seropedica-rj\/#breadcrumb\",\"itemListElement\":[{\"@type\":\"ListItem\",\"position\":1,\"name\":\"In\u00edcio\",\"item\":\"https:\/\/institucional.ufrrj.br\/fazendinha\/\"},{\"@type\":\"ListItem\",\"position\":2,\"name\":\"Campanha de doa\u00e7\u00e3o de alimentos para fam\u00edlias em vulnerabilidade socioecon\u00f4mica de Serop\u00e9dica &#8211; RJ\"}]},{\"@type\":\"WebSite\",\"@id\":\"https:\/\/institucional.ufrrj.br\/fazendinha\/#website\",\"url\":\"https:\/\/institucional.ufrrj.br\/fazendinha\/\",\"name\":\"Fazendinha\",\"description\":\"S\u00f3 mais um site institucional.ufrrj.br\",\"potentialAction\":[{\"@type\":\"SearchAction\",\"target\":{\"@type\":\"EntryPoint\",\"urlTemplate\":\"https:\/\/institucional.ufrrj.br\/fazendinha\/?s={search_term_string}\"},\"query-input\":{\"@type\":\"PropertyValueSpecification\",\"valueRequired\":true,\"valueName\":\"search_term_string\"}}],\"inLanguage\":\"pt-BR\"},{\"@type\":\"Person\",\"@id\":\"https:\/\/institucional.ufrrj.br\/fazendinha\/#\/schema\/person\/effec9aebf995bbd8e58e26a06d6a3b4\",\"name\":\"enokdonato\",\"image\":{\"@type\":\"ImageObject\",\"inLanguage\":\"pt-BR\",\"@id\":\"https:\/\/secure.gravatar.com\/avatar\/1e132eadd2db0b69e088729a21d26314131c84ccab7a69d6b516699a85532025?s=96&d=mm&r=g\",\"url\":\"https:\/\/secure.gravatar.com\/avatar\/1e132eadd2db0b69e088729a21d26314131c84ccab7a69d6b516699a85532025?s=96&d=mm&r=g\",\"contentUrl\":\"https:\/\/secure.gravatar.com\/avatar\/1e132eadd2db0b69e088729a21d26314131c84ccab7a69d6b516699a85532025?s=96&d=mm&r=g\",\"caption\":\"enokdonato\"},\"description\":\"Chamado - ID: 15783 (Rural - Seropedica)\",\"url\":\"https:\/\/institucional.ufrrj.br\/fazendinha\/author\/enokdonato1\/\"}]}<\/script>\n<!-- \/ Yoast SEO plugin. -->","yoast_head_json":{"title":"Campanha de doa\u00e7\u00e3o de alimentos para fam\u00edlias em vulnerabilidade socioecon\u00f4mica de Serop\u00e9dica - RJ - Fazendinha","robots":{"index":"index","follow":"follow","max-snippet":"max-snippet:-1","max-image-preview":"max-image-preview:large","max-video-preview":"max-video-preview:-1"},"canonical":"https:\/\/institucional.ufrrj.br\/fazendinha\/2020\/05\/26\/campanha-de-doacao-de-alimentos-para-familias-em-vulnerabilidade-socioeconomica-de-seropedica-rj\/","og_locale":"pt_BR","og_type":"article","og_title":"Campanha de doa\u00e7\u00e3o de alimentos para fam\u00edlias em vulnerabilidade socioecon\u00f4mica de Serop\u00e9dica - RJ - Fazendinha","og_description":"Em 2020, o mundo foi surpreendido pela pandemia do COVID-19. Devido \u00e0s medidas de restri\u00e7\u00f5es tomadas \u00e0 n\u00edvel mundial, houve ... leia mais","og_url":"https:\/\/institucional.ufrrj.br\/fazendinha\/2020\/05\/26\/campanha-de-doacao-de-alimentos-para-familias-em-vulnerabilidade-socioeconomica-de-seropedica-rj\/","og_site_name":"Fazendinha","article_published_time":"2020-05-26T13:23:28+00:00","article_modified_time":"2020-07-16T23:16:05+00:00","og_image":[{"width":2000,"height":1500,"url":"https:\/\/institucional.ufrrj.br\/fazendinha\/files\/2020\/05\/IMG_20200518_112636736.jpg","type":"image\/jpeg"}],"author":"enokdonato","twitter_card":"summary_large_image","twitter_misc":{"Escrito por":"enokdonato","Est. tempo de leitura":"1 minuto"},"schema":{"@context":"https:\/\/schema.org","@graph":[{"@type":"Article","@id":"https:\/\/institucional.ufrrj.br\/fazendinha\/2020\/05\/26\/campanha-de-doacao-de-alimentos-para-familias-em-vulnerabilidade-socioeconomica-de-seropedica-rj\/#article","isPartOf":{"@id":"https:\/\/institucional.ufrrj.br\/fazendinha\/2020\/05\/26\/campanha-de-doacao-de-alimentos-para-familias-em-vulnerabilidade-socioeconomica-de-seropedica-rj\/"},"author":{"name":"enokdonato","@id":"https:\/\/institucional.ufrrj.br\/fazendinha\/#\/schema\/person\/effec9aebf995bbd8e58e26a06d6a3b4"},"headline":"Campanha de doa\u00e7\u00e3o de alimentos para fam\u00edlias em vulnerabilidade socioecon\u00f4mica de Serop\u00e9dica &#8211; RJ","datePublished":"2020-05-26T13:23:28+00:00","dateModified":"2020-07-16T23:16:05+00:00","mainEntityOfPage":{"@id":"https:\/\/institucional.ufrrj.br\/fazendinha\/2020\/05\/26\/campanha-de-doacao-de-alimentos-para-familias-em-vulnerabilidade-socioeconomica-de-seropedica-rj\/"},"wordCount":237,"commentCount":0,"image":{"@id":"https:\/\/institucional.ufrrj.br\/fazendinha\/2020\/05\/26\/campanha-de-doacao-de-alimentos-para-familias-em-vulnerabilidade-socioeconomica-de-seropedica-rj\/#primaryimage"},"thumbnailUrl":"https:\/\/institucional.ufrrj.br\/fazendinha\/files\/2020\/05\/IMG_20200518_112636736.jpg","articleSection":["Noticias"],"inLanguage":"pt-BR","potentialAction":[{"@type":"CommentAction","name":"Comment","target":["https:\/\/institucional.ufrrj.br\/fazendinha\/2020\/05\/26\/campanha-de-doacao-de-alimentos-para-familias-em-vulnerabilidade-socioeconomica-de-seropedica-rj\/#respond"]}]},{"@type":"WebPage","@id":"https:\/\/institucional.ufrrj.br\/fazendinha\/2020\/05\/26\/campanha-de-doacao-de-alimentos-para-familias-em-vulnerabilidade-socioeconomica-de-seropedica-rj\/","url":"https:\/\/institucional.ufrrj.br\/fazendinha\/2020\/05\/26\/campanha-de-doacao-de-alimentos-para-familias-em-vulnerabilidade-socioeconomica-de-seropedica-rj\/","name":"Campanha de doa\u00e7\u00e3o de alimentos para fam\u00edlias em vulnerabilidade socioecon\u00f4mica de Serop\u00e9dica - RJ - Fazendinha","isPartOf":{"@id":"https:\/\/institucional.ufrrj.br\/fazendinha\/#website"},"primaryImageOfPage":{"@id":"https:\/\/institucional.ufrrj.br\/fazendinha\/2020\/05\/26\/campanha-de-doacao-de-alimentos-para-familias-em-vulnerabilidade-socioeconomica-de-seropedica-rj\/#primaryimage"},"image":{"@id":"https:\/\/institucional.ufrrj.br\/fazendinha\/2020\/05\/26\/campanha-de-doacao-de-alimentos-para-familias-em-vulnerabilidade-socioeconomica-de-seropedica-rj\/#primaryimage"},"thumbnailUrl":"https:\/\/institucional.ufrrj.br\/fazendinha\/files\/2020\/05\/IMG_20200518_112636736.jpg","datePublished":"2020-05-26T13:23:28+00:00","dateModified":"2020-07-16T23:16:05+00:00","author":{"@id":"https:\/\/institucional.ufrrj.br\/fazendinha\/#\/schema\/person\/effec9aebf995bbd8e58e26a06d6a3b4"},"breadcrumb":{"@id":"https:\/\/institucional.ufrrj.br\/fazendinha\/2020\/05\/26\/campanha-de-doacao-de-alimentos-para-familias-em-vulnerabilidade-socioeconomica-de-seropedica-rj\/#breadcrumb"},"inLanguage":"pt-BR","potentialAction":[{"@type":"ReadAction","target":["https:\/\/institucional.ufrrj.br\/fazendinha\/2020\/05\/26\/campanha-de-doacao-de-alimentos-para-familias-em-vulnerabilidade-socioeconomica-de-seropedica-rj\/"]}]},{"@type":"ImageObject","inLanguage":"pt-BR","@id":"https:\/\/institucional.ufrrj.br\/fazendinha\/2020\/05\/26\/campanha-de-doacao-de-alimentos-para-familias-em-vulnerabilidade-socioeconomica-de-seropedica-rj\/#primaryimage","url":"https:\/\/institucional.ufrrj.br\/fazendinha\/files\/2020\/05\/IMG_20200518_112636736.jpg","contentUrl":"https:\/\/institucional.ufrrj.br\/fazendinha\/files\/2020\/05\/IMG_20200518_112636736.jpg","width":2000,"height":1500},{"@type":"BreadcrumbList","@id":"https:\/\/institucional.ufrrj.br\/fazendinha\/2020\/05\/26\/campanha-de-doacao-de-alimentos-para-familias-em-vulnerabilidade-socioeconomica-de-seropedica-rj\/#breadcrumb","itemListElement":[{"@type":"ListItem","position":1,"name":"In\u00edcio","item":"https:\/\/institucional.ufrrj.br\/fazendinha\/"},{"@type":"ListItem","position":2,"name":"Campanha de doa\u00e7\u00e3o de alimentos para fam\u00edlias em vulnerabilidade socioecon\u00f4mica de Serop\u00e9dica &#8211; RJ"}]},{"@type":"WebSite","@id":"https:\/\/institucional.ufrrj.br\/fazendinha\/#website","url":"https:\/\/institucional.ufrrj.br\/fazendinha\/","name":"Fazendinha","description":"S\u00f3 mais um site institucional.ufrrj.br","potentialAction":[{"@type":"SearchAction","target":{"@type":"EntryPoint","urlTemplate":"https:\/\/institucional.ufrrj.br\/fazendinha\/?s={search_term_string}"},"query-input":{"@type":"PropertyValueSpecification","valueRequired":true,"valueName":"search_term_string"}}],"inLanguage":"pt-BR"},{"@type":"Person","@id":"https:\/\/institucional.ufrrj.br\/fazendinha\/#\/schema\/person\/effec9aebf995bbd8e58e26a06d6a3b4","name":"enokdonato","image":{"@type":"ImageObject","inLanguage":"pt-BR","@id":"https:\/\/secure.gravatar.com\/avatar\/1e132eadd2db0b69e088729a21d26314131c84ccab7a69d6b516699a85532025?s=96&d=mm&r=g","url":"https:\/\/secure.gravatar.com\/avatar\/1e132eadd2db0b69e088729a21d26314131c84ccab7a69d6b516699a85532025?s=96&d=mm&r=g","contentUrl":"https:\/\/secure.gravatar.com\/avatar\/1e132eadd2db0b69e088729a21d26314131c84ccab7a69d6b516699a85532025?s=96&d=mm&r=g","caption":"enokdonato"},"description":"Chamado - ID: 15783 (Rural - Seropedica)","url":"https:\/\/institucional.ufrrj.br\/fazendinha\/author\/enokdonato1\/"}]}},"acf":[],"_links":{"self":[{"href":"https:\/\/institucional.ufrrj.br\/fazendinha\/wp-json\/wp\/v2\/posts\/1874","targetHints":{"allow":["GET"]}}],"collection":[{"href":"https:\/\/institucional.ufrrj.br\/fazendinha\/wp-json\/wp\/v2\/posts"}],"about":[{"href":"https:\/\/institucional.ufrrj.br\/fazendinha\/wp-json\/wp\/v2\/types\/post"}],"author":[{"embeddable":true,"href":"https:\/\/institucional.ufrrj.br\/fazendinha\/wp-json\/wp\/v2\/users\/743"}],"replies":[{"embeddable":true,"href":"https:\/\/institucional.ufrrj.br\/fazendinha\/wp-json\/wp\/v2\/comments?post=1874"}],"version-history":[{"count":8,"href":"https:\/\/institucional.ufrrj.br\/fazendinha\/wp-json\/wp\/v2\/posts\/1874\/revisions"}],"predecessor-version":[{"id":1892,"href":"https:\/\/institucional.ufrrj.br\/fazendinha\/wp-json\/wp\/v2\/posts\/1874\/revisions\/1892"}],"wp:featuredmedia":[{"embeddable":true,"href":"https:\/\/institucional.ufrrj.br\/fazendinha\/wp-json\/wp\/v2\/media\/1876"}],"wp:attachment":[{"href":"https:\/\/institucional.ufrrj.br\/fazendinha\/wp-json\/wp\/v2\/media?parent=1874"}],"wp:term":[{"taxonomy":"category","embeddable":true,"href":"https:\/\/institucional.ufrrj.br\/fazendinha\/wp-json\/wp\/v2\/categories?post=1874"},{"taxonomy":"post_tag","embeddable":true,"href":"https:\/\/institucional.ufrrj.br\/fazendinha\/wp-json\/wp\/v2\/tags?post=1874"}],"curies":[{"name":"wp","href":"https:\/\/api.w.org\/{rel}","templated":true}]}}