{"id":1064,"date":"2019-08-27T12:50:52","date_gmt":"2019-08-27T15:50:52","guid":{"rendered":"http:\/\/institucional.ufrrj.br\/fazendinha\/?p=1064"},"modified":"2019-09-26T17:59:50","modified_gmt":"2019-09-26T20:59:50","slug":"alunos-da-partcipam-da-semana-academica-do-curso-de-engenharia-agronomica-na-fazendinha-agroecologica","status":"publish","type":"post","link":"https:\/\/institucional.ufrrj.br\/fazendinha\/2019\/08\/27\/alunos-da-partcipam-da-semana-academica-do-curso-de-engenharia-agronomica-na-fazendinha-agroecologica\/","title":{"rendered":"Alunos do curso de Engenharia Agron\u00f4mica da UFRRJ participam da Semana de Integra\u00e7\u00e3o na Fazendinha Agroecol\u00f3gica"},"content":{"rendered":"<div id=\"attachment_1277\" style=\"width: 310px\" class=\"wp-caption alignleft\"><img loading=\"lazy\" decoding=\"async\" aria-describedby=\"caption-attachment-1277\" class=\"wp-image-1277 size-medium\" src=\"https:\/\/institucional.ufrrj.br\/fazendinha\/files\/2019\/08\/IMG-20190809-WA0014-300x225.jpg\" alt=\"\" width=\"300\" height=\"225\" srcset=\"https:\/\/institucional.ufrrj.br\/fazendinha\/files\/2019\/08\/IMG-20190809-WA0014-300x225.jpg 300w, https:\/\/institucional.ufrrj.br\/fazendinha\/files\/2019\/08\/IMG-20190809-WA0014-768x576.jpg 768w, https:\/\/institucional.ufrrj.br\/fazendinha\/files\/2019\/08\/IMG-20190809-WA0014-1024x768.jpg 1024w, https:\/\/institucional.ufrrj.br\/fazendinha\/files\/2019\/08\/IMG-20190809-WA0014.jpg 1280w\" sizes=\"auto, (max-width: 300px) 100vw, 300px\" \/><p id=\"caption-attachment-1277\" class=\"wp-caption-text\">Estudantes do curso de Engenharia Agron\u00f4mica na casa de vegeta\u00e7\u00e3o da Fazendinha Agroecol\u00f3gica.<\/p><\/div>\n<p>A Fazendinha Agroecol\u00f3gica recebeu no dia 09 de Agosto de 2019, foi palco da semana de integra\u00e7\u00e3o do curso Engenharia Agron\u00f4mica da UFRRJ. \u00a0A viv\u00eancia foi conduzida pelo residente em agronomia Enok Donato e teve como objetivo proporcionar a constru\u00e7\u00e3o e familiariza\u00e7\u00e3o de t\u00e9cnicas de bases agroecol\u00f3gicas e abrir espa\u00e7o para socializa\u00e7\u00e3o e confraterniza\u00e7\u00e3o entre os veteranos e calouros do curso.<\/p>\n<p>Na viv\u00eancia foi apresentado o Centro de Forma\u00e7\u00e3o de Agroecologia e Produ\u00e7\u00e3o Org\u00e2nica \u2013 CFAAO. Posteriormente, visitaram o banco de sementes crioulas e a casa de vegeta\u00e7\u00e3o, onde as mudas s\u00e3o produzidas para os setores de produ\u00e7\u00e3o e para os experimentos.<\/p>\n<p>&nbsp;<\/p>\n<p>&nbsp;<\/p>\n<p style=\"text-align: right\"><em>Por Enok P. Donato J\u00fanior, Residente em Agronomia\/UFRRJ<\/em><\/p>\n","protected":false},"excerpt":{"rendered":"<p>A Fazendinha Agroecol\u00f3gica recebeu no dia 09 de Agosto de 2019, foi palco da semana de integra\u00e7\u00e3o do curso Engenharia <a class=\"read-more\" href=\"https:\/\/institucional.ufrrj.br\/fazendinha\/2019\/08\/27\/alunos-da-partcipam-da-semana-academica-do-curso-de-engenharia-agronomica-na-fazendinha-agroecologica\/ \" >&#8230; <span class=\"font-italic\">leia mais <i class=\"fas fa-angle-right\"><\/i><\/span><\/a><\/p>\n","protected":false},"author":743,"featured_media":0,"comment_status":"open","ping_status":"open","sticky":false,"template":"","format":"standard","meta":{"_acf_changed":false,"footnotes":""},"categories":[9],"tags":[],"class_list":["post-1064","post","type-post","status-publish","format-standard","hentry","category-livro-de-visitas"],"yoast_head":"<!-- This site is optimized with the Yoast SEO plugin v27.2 - https:\/\/yoast.com\/product\/yoast-seo-wordpress\/ -->\n<title>Alunos do curso de Engenharia Agron\u00f4mica da UFRRJ participam da Semana de Integra\u00e7\u00e3o na Fazendinha Agroecol\u00f3gica - Fazendinha<\/title>\n<meta name=\"robots\" content=\"index, follow, max-snippet:-1, max-image-preview:large, max-video-preview:-1\" \/>\n<link rel=\"canonical\" href=\"https:\/\/institucional.ufrrj.br\/fazendinha\/2019\/08\/27\/alunos-da-partcipam-da-semana-academica-do-curso-de-engenharia-agronomica-na-fazendinha-agroecologica\/\" \/>\n<meta property=\"og:locale\" content=\"pt_BR\" \/>\n<meta property=\"og:type\" content=\"article\" \/>\n<meta property=\"og:title\" content=\"Alunos do curso de Engenharia Agron\u00f4mica da UFRRJ participam da Semana de Integra\u00e7\u00e3o na Fazendinha Agroecol\u00f3gica - Fazendinha\" \/>\n<meta property=\"og:description\" content=\"A Fazendinha Agroecol\u00f3gica recebeu no dia 09 de Agosto de 2019, foi palco da semana de integra\u00e7\u00e3o do curso Engenharia ... leia mais\" \/>\n<meta property=\"og:url\" content=\"https:\/\/institucional.ufrrj.br\/fazendinha\/2019\/08\/27\/alunos-da-partcipam-da-semana-academica-do-curso-de-engenharia-agronomica-na-fazendinha-agroecologica\/\" \/>\n<meta property=\"og:site_name\" content=\"Fazendinha\" \/>\n<meta property=\"article:published_time\" content=\"2019-08-27T15:50:52+00:00\" \/>\n<meta property=\"article:modified_time\" content=\"2019-09-26T20:59:50+00:00\" \/>\n<meta property=\"og:image\" content=\"http:\/\/institucional.ufrrj.br\/fazendinha\/files\/2019\/08\/IMG-20190809-WA0014-300x225.jpg\" \/>\n<meta name=\"author\" content=\"enokdonato\" \/>\n<meta name=\"twitter:card\" content=\"summary_large_image\" \/>\n<meta name=\"twitter:label1\" content=\"Escrito por\" \/>\n\t<meta name=\"twitter:data1\" content=\"enokdonato\" \/>\n\t<meta name=\"twitter:label2\" content=\"Est. tempo de leitura\" \/>\n\t<meta name=\"twitter:data2\" content=\"1 minuto\" \/>\n<script type=\"application\/ld+json\" class=\"yoast-schema-graph\">{\"@context\":\"https:\/\/schema.org\",\"@graph\":[{\"@type\":\"Article\",\"@id\":\"https:\/\/institucional.ufrrj.br\/fazendinha\/2019\/08\/27\/alunos-da-partcipam-da-semana-academica-do-curso-de-engenharia-agronomica-na-fazendinha-agroecologica\/#article\",\"isPartOf\":{\"@id\":\"https:\/\/institucional.ufrrj.br\/fazendinha\/2019\/08\/27\/alunos-da-partcipam-da-semana-academica-do-curso-de-engenharia-agronomica-na-fazendinha-agroecologica\/\"},\"author\":{\"name\":\"enokdonato\",\"@id\":\"https:\/\/institucional.ufrrj.br\/fazendinha\/#\/schema\/person\/effec9aebf995bbd8e58e26a06d6a3b4\"},\"headline\":\"Alunos do curso de Engenharia Agron\u00f4mica da UFRRJ participam da Semana de Integra\u00e7\u00e3o na Fazendinha Agroecol\u00f3gica\",\"datePublished\":\"2019-08-27T15:50:52+00:00\",\"dateModified\":\"2019-09-26T20:59:50+00:00\",\"mainEntityOfPage\":{\"@id\":\"https:\/\/institucional.ufrrj.br\/fazendinha\/2019\/08\/27\/alunos-da-partcipam-da-semana-academica-do-curso-de-engenharia-agronomica-na-fazendinha-agroecologica\/\"},\"wordCount\":171,\"commentCount\":0,\"image\":{\"@id\":\"https:\/\/institucional.ufrrj.br\/fazendinha\/2019\/08\/27\/alunos-da-partcipam-da-semana-academica-do-curso-de-engenharia-agronomica-na-fazendinha-agroecologica\/#primaryimage\"},\"thumbnailUrl\":\"http:\/\/institucional.ufrrj.br\/fazendinha\/files\/2019\/08\/IMG-20190809-WA0014-300x225.jpg\",\"articleSection\":[\"Livro de visitas\"],\"inLanguage\":\"pt-BR\",\"potentialAction\":[{\"@type\":\"CommentAction\",\"name\":\"Comment\",\"target\":[\"https:\/\/institucional.ufrrj.br\/fazendinha\/2019\/08\/27\/alunos-da-partcipam-da-semana-academica-do-curso-de-engenharia-agronomica-na-fazendinha-agroecologica\/#respond\"]}]},{\"@type\":\"WebPage\",\"@id\":\"https:\/\/institucional.ufrrj.br\/fazendinha\/2019\/08\/27\/alunos-da-partcipam-da-semana-academica-do-curso-de-engenharia-agronomica-na-fazendinha-agroecologica\/\",\"url\":\"https:\/\/institucional.ufrrj.br\/fazendinha\/2019\/08\/27\/alunos-da-partcipam-da-semana-academica-do-curso-de-engenharia-agronomica-na-fazendinha-agroecologica\/\",\"name\":\"Alunos do curso de Engenharia Agron\u00f4mica da UFRRJ participam da Semana de Integra\u00e7\u00e3o na Fazendinha Agroecol\u00f3gica - Fazendinha\",\"isPartOf\":{\"@id\":\"https:\/\/institucional.ufrrj.br\/fazendinha\/#website\"},\"primaryImageOfPage\":{\"@id\":\"https:\/\/institucional.ufrrj.br\/fazendinha\/2019\/08\/27\/alunos-da-partcipam-da-semana-academica-do-curso-de-engenharia-agronomica-na-fazendinha-agroecologica\/#primaryimage\"},\"image\":{\"@id\":\"https:\/\/institucional.ufrrj.br\/fazendinha\/2019\/08\/27\/alunos-da-partcipam-da-semana-academica-do-curso-de-engenharia-agronomica-na-fazendinha-agroecologica\/#primaryimage\"},\"thumbnailUrl\":\"http:\/\/institucional.ufrrj.br\/fazendinha\/files\/2019\/08\/IMG-20190809-WA0014-300x225.jpg\",\"datePublished\":\"2019-08-27T15:50:52+00:00\",\"dateModified\":\"2019-09-26T20:59:50+00:00\",\"author\":{\"@id\":\"https:\/\/institucional.ufrrj.br\/fazendinha\/#\/schema\/person\/effec9aebf995bbd8e58e26a06d6a3b4\"},\"breadcrumb\":{\"@id\":\"https:\/\/institucional.ufrrj.br\/fazendinha\/2019\/08\/27\/alunos-da-partcipam-da-semana-academica-do-curso-de-engenharia-agronomica-na-fazendinha-agroecologica\/#breadcrumb\"},\"inLanguage\":\"pt-BR\",\"potentialAction\":[{\"@type\":\"ReadAction\",\"target\":[\"https:\/\/institucional.ufrrj.br\/fazendinha\/2019\/08\/27\/alunos-da-partcipam-da-semana-academica-do-curso-de-engenharia-agronomica-na-fazendinha-agroecologica\/\"]}]},{\"@type\":\"ImageObject\",\"inLanguage\":\"pt-BR\",\"@id\":\"https:\/\/institucional.ufrrj.br\/fazendinha\/2019\/08\/27\/alunos-da-partcipam-da-semana-academica-do-curso-de-engenharia-agronomica-na-fazendinha-agroecologica\/#primaryimage\",\"url\":\"http:\/\/institucional.ufrrj.br\/fazendinha\/files\/2019\/08\/IMG-20190809-WA0014-300x225.jpg\",\"contentUrl\":\"http:\/\/institucional.ufrrj.br\/fazendinha\/files\/2019\/08\/IMG-20190809-WA0014-300x225.jpg\"},{\"@type\":\"BreadcrumbList\",\"@id\":\"https:\/\/institucional.ufrrj.br\/fazendinha\/2019\/08\/27\/alunos-da-partcipam-da-semana-academica-do-curso-de-engenharia-agronomica-na-fazendinha-agroecologica\/#breadcrumb\",\"itemListElement\":[{\"@type\":\"ListItem\",\"position\":1,\"name\":\"In\u00edcio\",\"item\":\"https:\/\/institucional.ufrrj.br\/fazendinha\/\"},{\"@type\":\"ListItem\",\"position\":2,\"name\":\"Alunos do curso de Engenharia Agron\u00f4mica da UFRRJ participam da Semana de Integra\u00e7\u00e3o na Fazendinha Agroecol\u00f3gica\"}]},{\"@type\":\"WebSite\",\"@id\":\"https:\/\/institucional.ufrrj.br\/fazendinha\/#website\",\"url\":\"https:\/\/institucional.ufrrj.br\/fazendinha\/\",\"name\":\"Fazendinha\",\"description\":\"S\u00f3 mais um site institucional.ufrrj.br\",\"potentialAction\":[{\"@type\":\"SearchAction\",\"target\":{\"@type\":\"EntryPoint\",\"urlTemplate\":\"https:\/\/institucional.ufrrj.br\/fazendinha\/?s={search_term_string}\"},\"query-input\":{\"@type\":\"PropertyValueSpecification\",\"valueRequired\":true,\"valueName\":\"search_term_string\"}}],\"inLanguage\":\"pt-BR\"},{\"@type\":\"Person\",\"@id\":\"https:\/\/institucional.ufrrj.br\/fazendinha\/#\/schema\/person\/effec9aebf995bbd8e58e26a06d6a3b4\",\"name\":\"enokdonato\",\"image\":{\"@type\":\"ImageObject\",\"inLanguage\":\"pt-BR\",\"@id\":\"https:\/\/secure.gravatar.com\/avatar\/1e132eadd2db0b69e088729a21d26314131c84ccab7a69d6b516699a85532025?s=96&d=mm&r=g\",\"url\":\"https:\/\/secure.gravatar.com\/avatar\/1e132eadd2db0b69e088729a21d26314131c84ccab7a69d6b516699a85532025?s=96&d=mm&r=g\",\"contentUrl\":\"https:\/\/secure.gravatar.com\/avatar\/1e132eadd2db0b69e088729a21d26314131c84ccab7a69d6b516699a85532025?s=96&d=mm&r=g\",\"caption\":\"enokdonato\"},\"description\":\"Chamado - ID: 15783 (Rural - Seropedica)\",\"url\":\"https:\/\/institucional.ufrrj.br\/fazendinha\/author\/enokdonato1\/\"}]}<\/script>\n<!-- \/ Yoast SEO plugin. -->","yoast_head_json":{"title":"Alunos do curso de Engenharia Agron\u00f4mica da UFRRJ participam da Semana de Integra\u00e7\u00e3o na Fazendinha Agroecol\u00f3gica - Fazendinha","robots":{"index":"index","follow":"follow","max-snippet":"max-snippet:-1","max-image-preview":"max-image-preview:large","max-video-preview":"max-video-preview:-1"},"canonical":"https:\/\/institucional.ufrrj.br\/fazendinha\/2019\/08\/27\/alunos-da-partcipam-da-semana-academica-do-curso-de-engenharia-agronomica-na-fazendinha-agroecologica\/","og_locale":"pt_BR","og_type":"article","og_title":"Alunos do curso de Engenharia Agron\u00f4mica da UFRRJ participam da Semana de Integra\u00e7\u00e3o na Fazendinha Agroecol\u00f3gica - Fazendinha","og_description":"A Fazendinha Agroecol\u00f3gica recebeu no dia 09 de Agosto de 2019, foi palco da semana de integra\u00e7\u00e3o do curso Engenharia ... leia mais","og_url":"https:\/\/institucional.ufrrj.br\/fazendinha\/2019\/08\/27\/alunos-da-partcipam-da-semana-academica-do-curso-de-engenharia-agronomica-na-fazendinha-agroecologica\/","og_site_name":"Fazendinha","article_published_time":"2019-08-27T15:50:52+00:00","article_modified_time":"2019-09-26T20:59:50+00:00","og_image":[{"url":"http:\/\/institucional.ufrrj.br\/fazendinha\/files\/2019\/08\/IMG-20190809-WA0014-300x225.jpg","type":"","width":"","height":""}],"author":"enokdonato","twitter_card":"summary_large_image","twitter_misc":{"Escrito por":"enokdonato","Est. tempo de leitura":"1 minuto"},"schema":{"@context":"https:\/\/schema.org","@graph":[{"@type":"Article","@id":"https:\/\/institucional.ufrrj.br\/fazendinha\/2019\/08\/27\/alunos-da-partcipam-da-semana-academica-do-curso-de-engenharia-agronomica-na-fazendinha-agroecologica\/#article","isPartOf":{"@id":"https:\/\/institucional.ufrrj.br\/fazendinha\/2019\/08\/27\/alunos-da-partcipam-da-semana-academica-do-curso-de-engenharia-agronomica-na-fazendinha-agroecologica\/"},"author":{"name":"enokdonato","@id":"https:\/\/institucional.ufrrj.br\/fazendinha\/#\/schema\/person\/effec9aebf995bbd8e58e26a06d6a3b4"},"headline":"Alunos do curso de Engenharia Agron\u00f4mica da UFRRJ participam da Semana de Integra\u00e7\u00e3o na Fazendinha Agroecol\u00f3gica","datePublished":"2019-08-27T15:50:52+00:00","dateModified":"2019-09-26T20:59:50+00:00","mainEntityOfPage":{"@id":"https:\/\/institucional.ufrrj.br\/fazendinha\/2019\/08\/27\/alunos-da-partcipam-da-semana-academica-do-curso-de-engenharia-agronomica-na-fazendinha-agroecologica\/"},"wordCount":171,"commentCount":0,"image":{"@id":"https:\/\/institucional.ufrrj.br\/fazendinha\/2019\/08\/27\/alunos-da-partcipam-da-semana-academica-do-curso-de-engenharia-agronomica-na-fazendinha-agroecologica\/#primaryimage"},"thumbnailUrl":"http:\/\/institucional.ufrrj.br\/fazendinha\/files\/2019\/08\/IMG-20190809-WA0014-300x225.jpg","articleSection":["Livro de visitas"],"inLanguage":"pt-BR","potentialAction":[{"@type":"CommentAction","name":"Comment","target":["https:\/\/institucional.ufrrj.br\/fazendinha\/2019\/08\/27\/alunos-da-partcipam-da-semana-academica-do-curso-de-engenharia-agronomica-na-fazendinha-agroecologica\/#respond"]}]},{"@type":"WebPage","@id":"https:\/\/institucional.ufrrj.br\/fazendinha\/2019\/08\/27\/alunos-da-partcipam-da-semana-academica-do-curso-de-engenharia-agronomica-na-fazendinha-agroecologica\/","url":"https:\/\/institucional.ufrrj.br\/fazendinha\/2019\/08\/27\/alunos-da-partcipam-da-semana-academica-do-curso-de-engenharia-agronomica-na-fazendinha-agroecologica\/","name":"Alunos do curso de Engenharia Agron\u00f4mica da UFRRJ participam da Semana de Integra\u00e7\u00e3o na Fazendinha Agroecol\u00f3gica - Fazendinha","isPartOf":{"@id":"https:\/\/institucional.ufrrj.br\/fazendinha\/#website"},"primaryImageOfPage":{"@id":"https:\/\/institucional.ufrrj.br\/fazendinha\/2019\/08\/27\/alunos-da-partcipam-da-semana-academica-do-curso-de-engenharia-agronomica-na-fazendinha-agroecologica\/#primaryimage"},"image":{"@id":"https:\/\/institucional.ufrrj.br\/fazendinha\/2019\/08\/27\/alunos-da-partcipam-da-semana-academica-do-curso-de-engenharia-agronomica-na-fazendinha-agroecologica\/#primaryimage"},"thumbnailUrl":"http:\/\/institucional.ufrrj.br\/fazendinha\/files\/2019\/08\/IMG-20190809-WA0014-300x225.jpg","datePublished":"2019-08-27T15:50:52+00:00","dateModified":"2019-09-26T20:59:50+00:00","author":{"@id":"https:\/\/institucional.ufrrj.br\/fazendinha\/#\/schema\/person\/effec9aebf995bbd8e58e26a06d6a3b4"},"breadcrumb":{"@id":"https:\/\/institucional.ufrrj.br\/fazendinha\/2019\/08\/27\/alunos-da-partcipam-da-semana-academica-do-curso-de-engenharia-agronomica-na-fazendinha-agroecologica\/#breadcrumb"},"inLanguage":"pt-BR","potentialAction":[{"@type":"ReadAction","target":["https:\/\/institucional.ufrrj.br\/fazendinha\/2019\/08\/27\/alunos-da-partcipam-da-semana-academica-do-curso-de-engenharia-agronomica-na-fazendinha-agroecologica\/"]}]},{"@type":"ImageObject","inLanguage":"pt-BR","@id":"https:\/\/institucional.ufrrj.br\/fazendinha\/2019\/08\/27\/alunos-da-partcipam-da-semana-academica-do-curso-de-engenharia-agronomica-na-fazendinha-agroecologica\/#primaryimage","url":"http:\/\/institucional.ufrrj.br\/fazendinha\/files\/2019\/08\/IMG-20190809-WA0014-300x225.jpg","contentUrl":"http:\/\/institucional.ufrrj.br\/fazendinha\/files\/2019\/08\/IMG-20190809-WA0014-300x225.jpg"},{"@type":"BreadcrumbList","@id":"https:\/\/institucional.ufrrj.br\/fazendinha\/2019\/08\/27\/alunos-da-partcipam-da-semana-academica-do-curso-de-engenharia-agronomica-na-fazendinha-agroecologica\/#breadcrumb","itemListElement":[{"@type":"ListItem","position":1,"name":"In\u00edcio","item":"https:\/\/institucional.ufrrj.br\/fazendinha\/"},{"@type":"ListItem","position":2,"name":"Alunos do curso de Engenharia Agron\u00f4mica da UFRRJ participam da Semana de Integra\u00e7\u00e3o na Fazendinha Agroecol\u00f3gica"}]},{"@type":"WebSite","@id":"https:\/\/institucional.ufrrj.br\/fazendinha\/#website","url":"https:\/\/institucional.ufrrj.br\/fazendinha\/","name":"Fazendinha","description":"S\u00f3 mais um site institucional.ufrrj.br","potentialAction":[{"@type":"SearchAction","target":{"@type":"EntryPoint","urlTemplate":"https:\/\/institucional.ufrrj.br\/fazendinha\/?s={search_term_string}"},"query-input":{"@type":"PropertyValueSpecification","valueRequired":true,"valueName":"search_term_string"}}],"inLanguage":"pt-BR"},{"@type":"Person","@id":"https:\/\/institucional.ufrrj.br\/fazendinha\/#\/schema\/person\/effec9aebf995bbd8e58e26a06d6a3b4","name":"enokdonato","image":{"@type":"ImageObject","inLanguage":"pt-BR","@id":"https:\/\/secure.gravatar.com\/avatar\/1e132eadd2db0b69e088729a21d26314131c84ccab7a69d6b516699a85532025?s=96&d=mm&r=g","url":"https:\/\/secure.gravatar.com\/avatar\/1e132eadd2db0b69e088729a21d26314131c84ccab7a69d6b516699a85532025?s=96&d=mm&r=g","contentUrl":"https:\/\/secure.gravatar.com\/avatar\/1e132eadd2db0b69e088729a21d26314131c84ccab7a69d6b516699a85532025?s=96&d=mm&r=g","caption":"enokdonato"},"description":"Chamado - ID: 15783 (Rural - Seropedica)","url":"https:\/\/institucional.ufrrj.br\/fazendinha\/author\/enokdonato1\/"}]}},"acf":[],"_links":{"self":[{"href":"https:\/\/institucional.ufrrj.br\/fazendinha\/wp-json\/wp\/v2\/posts\/1064","targetHints":{"allow":["GET"]}}],"collection":[{"href":"https:\/\/institucional.ufrrj.br\/fazendinha\/wp-json\/wp\/v2\/posts"}],"about":[{"href":"https:\/\/institucional.ufrrj.br\/fazendinha\/wp-json\/wp\/v2\/types\/post"}],"author":[{"embeddable":true,"href":"https:\/\/institucional.ufrrj.br\/fazendinha\/wp-json\/wp\/v2\/users\/743"}],"replies":[{"embeddable":true,"href":"https:\/\/institucional.ufrrj.br\/fazendinha\/wp-json\/wp\/v2\/comments?post=1064"}],"version-history":[{"count":7,"href":"https:\/\/institucional.ufrrj.br\/fazendinha\/wp-json\/wp\/v2\/posts\/1064\/revisions"}],"predecessor-version":[{"id":1280,"href":"https:\/\/institucional.ufrrj.br\/fazendinha\/wp-json\/wp\/v2\/posts\/1064\/revisions\/1280"}],"wp:attachment":[{"href":"https:\/\/institucional.ufrrj.br\/fazendinha\/wp-json\/wp\/v2\/media?parent=1064"}],"wp:term":[{"taxonomy":"category","embeddable":true,"href":"https:\/\/institucional.ufrrj.br\/fazendinha\/wp-json\/wp\/v2\/categories?post=1064"},{"taxonomy":"post_tag","embeddable":true,"href":"https:\/\/institucional.ufrrj.br\/fazendinha\/wp-json\/wp\/v2\/tags?post=1064"}],"curies":[{"name":"wp","href":"https:\/\/api.w.org\/{rel}","templated":true}]}}