{"id":1019,"date":"2019-08-27T11:14:18","date_gmt":"2019-08-27T14:14:18","guid":{"rendered":"http:\/\/institucional.ufrrj.br\/fazendinha\/?p=1019"},"modified":"2019-10-03T19:52:16","modified_gmt":"2019-10-03T22:52:16","slug":"curso-de-hortas-domesticas-ofertado-para-alunos-de-mesquita-rj-e-realizado-na-fazendinha-agroecologica","status":"publish","type":"post","link":"https:\/\/institucional.ufrrj.br\/fazendinha\/2019\/08\/27\/curso-de-hortas-domesticas-ofertado-para-alunos-de-mesquita-rj-e-realizado-na-fazendinha-agroecologica\/","title":{"rendered":"Curso de hortas dom\u00e9sticas ofertado para alunos de Mesquita &#8211; RJ realizado na Fazendinha Agroecol\u00f3gica"},"content":{"rendered":"<div id=\"attachment_1255\" style=\"width: 310px\" class=\"wp-caption alignleft\"><img loading=\"lazy\" decoding=\"async\" aria-describedby=\"caption-attachment-1255\" class=\"wp-image-1255 size-medium\" src=\"https:\/\/institucional.ufrrj.br\/fazendinha\/files\/2019\/08\/IMG-20190705-WA0011-300x184.jpg\" alt=\"\" width=\"300\" height=\"184\" srcset=\"https:\/\/institucional.ufrrj.br\/fazendinha\/files\/2019\/08\/IMG-20190705-WA0011-300x184.jpg 300w, https:\/\/institucional.ufrrj.br\/fazendinha\/files\/2019\/08\/IMG-20190705-WA0011-768x472.jpg 768w, https:\/\/institucional.ufrrj.br\/fazendinha\/files\/2019\/08\/IMG-20190705-WA0011-1024x629.jpg 1024w, https:\/\/institucional.ufrrj.br\/fazendinha\/files\/2019\/08\/IMG-20190705-WA0011.jpg 1280w\" sizes=\"auto, (max-width: 300px) 100vw, 300px\" \/><p id=\"caption-attachment-1255\" class=\"wp-caption-text\">Curso de Hortas dom\u00e9sticas na Fazendinha Agroecol\u00f3gica.<\/p><\/div>\n<p>A Fazendinha Agroecol\u00f3gica no dia 02 de julho de 2019, foi palco do curso de Hortas Dom\u00e9stica. Ofertado para um p\u00fablico diversificado, compareceram estudantes, professores, agricultores familiares, artes\u00e3s e t\u00e9cnicos de \u00e1reas distintas do munic\u00edpio de Mesquita &#8211; RJ. O curso foi conduzido pelo Sidney (EMATER) e\u00a0o residente em agronomia Enok Donato.<\/p>\n<p>O objetivo do curso foi proporcionar ao p\u00fablico uma vis\u00e3o das t\u00e9cnicas de bases agroecol\u00f3gicas utilizadas na fazendinha. Durante a viv\u00eancia foi apresentado esp\u00e9cies de adubos verdes, a diversidade de adubos org\u00e2nicos utilizados, produ\u00e7\u00e3o de hortali\u00e7as, sistemas agroflorestais e plantas aliment\u00edcias n\u00e3o convencionais &#8211; PANC&#8221;s. Ao finalizar, os alunos se juntaram em roda de conversa e discutiram sobre a import\u00e2ncia da aduba\u00e7\u00e3o org\u00e2nica, da biodiversidade e da preserva\u00e7\u00e3o dos agroecossistemas.<\/p>\n<p style=\"text-align: right\"><em>Por Enok P. Donato J\u00fanior, Residente em Agronomia\/UFRRJ<\/em><\/p>\n","protected":false},"excerpt":{"rendered":"<p>A Fazendinha Agroecol\u00f3gica no dia 02 de julho de 2019, foi palco do curso de Hortas Dom\u00e9stica. Ofertado para um <a class=\"read-more\" href=\"https:\/\/institucional.ufrrj.br\/fazendinha\/2019\/08\/27\/curso-de-hortas-domesticas-ofertado-para-alunos-de-mesquita-rj-e-realizado-na-fazendinha-agroecologica\/ \" >&#8230; <span class=\"font-italic\">leia mais <i class=\"fas fa-angle-right\"><\/i><\/span><\/a><\/p>\n","protected":false},"author":743,"featured_media":0,"comment_status":"open","ping_status":"open","sticky":false,"template":"","format":"standard","meta":{"_acf_changed":false,"footnotes":""},"categories":[9],"tags":[],"class_list":["post-1019","post","type-post","status-publish","format-standard","hentry","category-livro-de-visitas"],"yoast_head":"<!-- This site is optimized with the Yoast SEO plugin v27.2 - https:\/\/yoast.com\/product\/yoast-seo-wordpress\/ -->\n<title>Curso de hortas dom\u00e9sticas ofertado para alunos de Mesquita - RJ realizado na Fazendinha Agroecol\u00f3gica - Fazendinha<\/title>\n<meta name=\"robots\" content=\"index, follow, max-snippet:-1, max-image-preview:large, max-video-preview:-1\" \/>\n<link rel=\"canonical\" href=\"https:\/\/institucional.ufrrj.br\/fazendinha\/2019\/08\/27\/curso-de-hortas-domesticas-ofertado-para-alunos-de-mesquita-rj-e-realizado-na-fazendinha-agroecologica\/\" \/>\n<meta property=\"og:locale\" content=\"pt_BR\" \/>\n<meta property=\"og:type\" content=\"article\" \/>\n<meta property=\"og:title\" content=\"Curso de hortas dom\u00e9sticas ofertado para alunos de Mesquita - RJ realizado na Fazendinha Agroecol\u00f3gica - Fazendinha\" \/>\n<meta property=\"og:description\" content=\"A Fazendinha Agroecol\u00f3gica no dia 02 de julho de 2019, foi palco do curso de Hortas Dom\u00e9stica. Ofertado para um ... leia mais\" \/>\n<meta property=\"og:url\" content=\"https:\/\/institucional.ufrrj.br\/fazendinha\/2019\/08\/27\/curso-de-hortas-domesticas-ofertado-para-alunos-de-mesquita-rj-e-realizado-na-fazendinha-agroecologica\/\" \/>\n<meta property=\"og:site_name\" content=\"Fazendinha\" \/>\n<meta property=\"article:published_time\" content=\"2019-08-27T14:14:18+00:00\" \/>\n<meta property=\"article:modified_time\" content=\"2019-10-03T22:52:16+00:00\" \/>\n<meta property=\"og:image\" content=\"http:\/\/institucional.ufrrj.br\/fazendinha\/files\/2019\/08\/IMG-20190705-WA0011-300x184.jpg\" \/>\n<meta name=\"author\" content=\"enokdonato\" \/>\n<meta name=\"twitter:card\" content=\"summary_large_image\" \/>\n<meta name=\"twitter:label1\" content=\"Escrito por\" \/>\n\t<meta name=\"twitter:data1\" content=\"enokdonato\" \/>\n\t<meta name=\"twitter:label2\" content=\"Est. tempo de leitura\" \/>\n\t<meta name=\"twitter:data2\" content=\"1 minuto\" \/>\n<script type=\"application\/ld+json\" class=\"yoast-schema-graph\">{\"@context\":\"https:\/\/schema.org\",\"@graph\":[{\"@type\":\"Article\",\"@id\":\"https:\/\/institucional.ufrrj.br\/fazendinha\/2019\/08\/27\/curso-de-hortas-domesticas-ofertado-para-alunos-de-mesquita-rj-e-realizado-na-fazendinha-agroecologica\/#article\",\"isPartOf\":{\"@id\":\"https:\/\/institucional.ufrrj.br\/fazendinha\/2019\/08\/27\/curso-de-hortas-domesticas-ofertado-para-alunos-de-mesquita-rj-e-realizado-na-fazendinha-agroecologica\/\"},\"author\":{\"name\":\"enokdonato\",\"@id\":\"https:\/\/institucional.ufrrj.br\/fazendinha\/#\/schema\/person\/effec9aebf995bbd8e58e26a06d6a3b4\"},\"headline\":\"Curso de hortas dom\u00e9sticas ofertado para alunos de Mesquita &#8211; RJ realizado na Fazendinha Agroecol\u00f3gica\",\"datePublished\":\"2019-08-27T14:14:18+00:00\",\"dateModified\":\"2019-10-03T22:52:16+00:00\",\"mainEntityOfPage\":{\"@id\":\"https:\/\/institucional.ufrrj.br\/fazendinha\/2019\/08\/27\/curso-de-hortas-domesticas-ofertado-para-alunos-de-mesquita-rj-e-realizado-na-fazendinha-agroecologica\/\"},\"wordCount\":186,\"commentCount\":0,\"image\":{\"@id\":\"https:\/\/institucional.ufrrj.br\/fazendinha\/2019\/08\/27\/curso-de-hortas-domesticas-ofertado-para-alunos-de-mesquita-rj-e-realizado-na-fazendinha-agroecologica\/#primaryimage\"},\"thumbnailUrl\":\"http:\/\/institucional.ufrrj.br\/fazendinha\/files\/2019\/08\/IMG-20190705-WA0011-300x184.jpg\",\"articleSection\":[\"Livro de visitas\"],\"inLanguage\":\"pt-BR\",\"potentialAction\":[{\"@type\":\"CommentAction\",\"name\":\"Comment\",\"target\":[\"https:\/\/institucional.ufrrj.br\/fazendinha\/2019\/08\/27\/curso-de-hortas-domesticas-ofertado-para-alunos-de-mesquita-rj-e-realizado-na-fazendinha-agroecologica\/#respond\"]}]},{\"@type\":\"WebPage\",\"@id\":\"https:\/\/institucional.ufrrj.br\/fazendinha\/2019\/08\/27\/curso-de-hortas-domesticas-ofertado-para-alunos-de-mesquita-rj-e-realizado-na-fazendinha-agroecologica\/\",\"url\":\"https:\/\/institucional.ufrrj.br\/fazendinha\/2019\/08\/27\/curso-de-hortas-domesticas-ofertado-para-alunos-de-mesquita-rj-e-realizado-na-fazendinha-agroecologica\/\",\"name\":\"Curso de hortas dom\u00e9sticas ofertado para alunos de Mesquita - RJ realizado na Fazendinha Agroecol\u00f3gica - Fazendinha\",\"isPartOf\":{\"@id\":\"https:\/\/institucional.ufrrj.br\/fazendinha\/#website\"},\"primaryImageOfPage\":{\"@id\":\"https:\/\/institucional.ufrrj.br\/fazendinha\/2019\/08\/27\/curso-de-hortas-domesticas-ofertado-para-alunos-de-mesquita-rj-e-realizado-na-fazendinha-agroecologica\/#primaryimage\"},\"image\":{\"@id\":\"https:\/\/institucional.ufrrj.br\/fazendinha\/2019\/08\/27\/curso-de-hortas-domesticas-ofertado-para-alunos-de-mesquita-rj-e-realizado-na-fazendinha-agroecologica\/#primaryimage\"},\"thumbnailUrl\":\"http:\/\/institucional.ufrrj.br\/fazendinha\/files\/2019\/08\/IMG-20190705-WA0011-300x184.jpg\",\"datePublished\":\"2019-08-27T14:14:18+00:00\",\"dateModified\":\"2019-10-03T22:52:16+00:00\",\"author\":{\"@id\":\"https:\/\/institucional.ufrrj.br\/fazendinha\/#\/schema\/person\/effec9aebf995bbd8e58e26a06d6a3b4\"},\"breadcrumb\":{\"@id\":\"https:\/\/institucional.ufrrj.br\/fazendinha\/2019\/08\/27\/curso-de-hortas-domesticas-ofertado-para-alunos-de-mesquita-rj-e-realizado-na-fazendinha-agroecologica\/#breadcrumb\"},\"inLanguage\":\"pt-BR\",\"potentialAction\":[{\"@type\":\"ReadAction\",\"target\":[\"https:\/\/institucional.ufrrj.br\/fazendinha\/2019\/08\/27\/curso-de-hortas-domesticas-ofertado-para-alunos-de-mesquita-rj-e-realizado-na-fazendinha-agroecologica\/\"]}]},{\"@type\":\"ImageObject\",\"inLanguage\":\"pt-BR\",\"@id\":\"https:\/\/institucional.ufrrj.br\/fazendinha\/2019\/08\/27\/curso-de-hortas-domesticas-ofertado-para-alunos-de-mesquita-rj-e-realizado-na-fazendinha-agroecologica\/#primaryimage\",\"url\":\"http:\/\/institucional.ufrrj.br\/fazendinha\/files\/2019\/08\/IMG-20190705-WA0011-300x184.jpg\",\"contentUrl\":\"http:\/\/institucional.ufrrj.br\/fazendinha\/files\/2019\/08\/IMG-20190705-WA0011-300x184.jpg\"},{\"@type\":\"BreadcrumbList\",\"@id\":\"https:\/\/institucional.ufrrj.br\/fazendinha\/2019\/08\/27\/curso-de-hortas-domesticas-ofertado-para-alunos-de-mesquita-rj-e-realizado-na-fazendinha-agroecologica\/#breadcrumb\",\"itemListElement\":[{\"@type\":\"ListItem\",\"position\":1,\"name\":\"In\u00edcio\",\"item\":\"https:\/\/institucional.ufrrj.br\/fazendinha\/\"},{\"@type\":\"ListItem\",\"position\":2,\"name\":\"Curso de hortas dom\u00e9sticas ofertado para alunos de Mesquita &#8211; RJ realizado na Fazendinha Agroecol\u00f3gica\"}]},{\"@type\":\"WebSite\",\"@id\":\"https:\/\/institucional.ufrrj.br\/fazendinha\/#website\",\"url\":\"https:\/\/institucional.ufrrj.br\/fazendinha\/\",\"name\":\"Fazendinha\",\"description\":\"S\u00f3 mais um site institucional.ufrrj.br\",\"potentialAction\":[{\"@type\":\"SearchAction\",\"target\":{\"@type\":\"EntryPoint\",\"urlTemplate\":\"https:\/\/institucional.ufrrj.br\/fazendinha\/?s={search_term_string}\"},\"query-input\":{\"@type\":\"PropertyValueSpecification\",\"valueRequired\":true,\"valueName\":\"search_term_string\"}}],\"inLanguage\":\"pt-BR\"},{\"@type\":\"Person\",\"@id\":\"https:\/\/institucional.ufrrj.br\/fazendinha\/#\/schema\/person\/effec9aebf995bbd8e58e26a06d6a3b4\",\"name\":\"enokdonato\",\"image\":{\"@type\":\"ImageObject\",\"inLanguage\":\"pt-BR\",\"@id\":\"https:\/\/secure.gravatar.com\/avatar\/1e132eadd2db0b69e088729a21d26314131c84ccab7a69d6b516699a85532025?s=96&d=mm&r=g\",\"url\":\"https:\/\/secure.gravatar.com\/avatar\/1e132eadd2db0b69e088729a21d26314131c84ccab7a69d6b516699a85532025?s=96&d=mm&r=g\",\"contentUrl\":\"https:\/\/secure.gravatar.com\/avatar\/1e132eadd2db0b69e088729a21d26314131c84ccab7a69d6b516699a85532025?s=96&d=mm&r=g\",\"caption\":\"enokdonato\"},\"description\":\"Chamado - ID: 15783 (Rural - Seropedica)\",\"url\":\"https:\/\/institucional.ufrrj.br\/fazendinha\/author\/enokdonato1\/\"}]}<\/script>\n<!-- \/ Yoast SEO plugin. -->","yoast_head_json":{"title":"Curso de hortas dom\u00e9sticas ofertado para alunos de Mesquita - RJ realizado na Fazendinha Agroecol\u00f3gica - Fazendinha","robots":{"index":"index","follow":"follow","max-snippet":"max-snippet:-1","max-image-preview":"max-image-preview:large","max-video-preview":"max-video-preview:-1"},"canonical":"https:\/\/institucional.ufrrj.br\/fazendinha\/2019\/08\/27\/curso-de-hortas-domesticas-ofertado-para-alunos-de-mesquita-rj-e-realizado-na-fazendinha-agroecologica\/","og_locale":"pt_BR","og_type":"article","og_title":"Curso de hortas dom\u00e9sticas ofertado para alunos de Mesquita - RJ realizado na Fazendinha Agroecol\u00f3gica - Fazendinha","og_description":"A Fazendinha Agroecol\u00f3gica no dia 02 de julho de 2019, foi palco do curso de Hortas Dom\u00e9stica. Ofertado para um ... leia mais","og_url":"https:\/\/institucional.ufrrj.br\/fazendinha\/2019\/08\/27\/curso-de-hortas-domesticas-ofertado-para-alunos-de-mesquita-rj-e-realizado-na-fazendinha-agroecologica\/","og_site_name":"Fazendinha","article_published_time":"2019-08-27T14:14:18+00:00","article_modified_time":"2019-10-03T22:52:16+00:00","og_image":[{"url":"http:\/\/institucional.ufrrj.br\/fazendinha\/files\/2019\/08\/IMG-20190705-WA0011-300x184.jpg","type":"","width":"","height":""}],"author":"enokdonato","twitter_card":"summary_large_image","twitter_misc":{"Escrito por":"enokdonato","Est. tempo de leitura":"1 minuto"},"schema":{"@context":"https:\/\/schema.org","@graph":[{"@type":"Article","@id":"https:\/\/institucional.ufrrj.br\/fazendinha\/2019\/08\/27\/curso-de-hortas-domesticas-ofertado-para-alunos-de-mesquita-rj-e-realizado-na-fazendinha-agroecologica\/#article","isPartOf":{"@id":"https:\/\/institucional.ufrrj.br\/fazendinha\/2019\/08\/27\/curso-de-hortas-domesticas-ofertado-para-alunos-de-mesquita-rj-e-realizado-na-fazendinha-agroecologica\/"},"author":{"name":"enokdonato","@id":"https:\/\/institucional.ufrrj.br\/fazendinha\/#\/schema\/person\/effec9aebf995bbd8e58e26a06d6a3b4"},"headline":"Curso de hortas dom\u00e9sticas ofertado para alunos de Mesquita &#8211; RJ realizado na Fazendinha Agroecol\u00f3gica","datePublished":"2019-08-27T14:14:18+00:00","dateModified":"2019-10-03T22:52:16+00:00","mainEntityOfPage":{"@id":"https:\/\/institucional.ufrrj.br\/fazendinha\/2019\/08\/27\/curso-de-hortas-domesticas-ofertado-para-alunos-de-mesquita-rj-e-realizado-na-fazendinha-agroecologica\/"},"wordCount":186,"commentCount":0,"image":{"@id":"https:\/\/institucional.ufrrj.br\/fazendinha\/2019\/08\/27\/curso-de-hortas-domesticas-ofertado-para-alunos-de-mesquita-rj-e-realizado-na-fazendinha-agroecologica\/#primaryimage"},"thumbnailUrl":"http:\/\/institucional.ufrrj.br\/fazendinha\/files\/2019\/08\/IMG-20190705-WA0011-300x184.jpg","articleSection":["Livro de visitas"],"inLanguage":"pt-BR","potentialAction":[{"@type":"CommentAction","name":"Comment","target":["https:\/\/institucional.ufrrj.br\/fazendinha\/2019\/08\/27\/curso-de-hortas-domesticas-ofertado-para-alunos-de-mesquita-rj-e-realizado-na-fazendinha-agroecologica\/#respond"]}]},{"@type":"WebPage","@id":"https:\/\/institucional.ufrrj.br\/fazendinha\/2019\/08\/27\/curso-de-hortas-domesticas-ofertado-para-alunos-de-mesquita-rj-e-realizado-na-fazendinha-agroecologica\/","url":"https:\/\/institucional.ufrrj.br\/fazendinha\/2019\/08\/27\/curso-de-hortas-domesticas-ofertado-para-alunos-de-mesquita-rj-e-realizado-na-fazendinha-agroecologica\/","name":"Curso de hortas dom\u00e9sticas ofertado para alunos de Mesquita - RJ realizado na Fazendinha Agroecol\u00f3gica - Fazendinha","isPartOf":{"@id":"https:\/\/institucional.ufrrj.br\/fazendinha\/#website"},"primaryImageOfPage":{"@id":"https:\/\/institucional.ufrrj.br\/fazendinha\/2019\/08\/27\/curso-de-hortas-domesticas-ofertado-para-alunos-de-mesquita-rj-e-realizado-na-fazendinha-agroecologica\/#primaryimage"},"image":{"@id":"https:\/\/institucional.ufrrj.br\/fazendinha\/2019\/08\/27\/curso-de-hortas-domesticas-ofertado-para-alunos-de-mesquita-rj-e-realizado-na-fazendinha-agroecologica\/#primaryimage"},"thumbnailUrl":"http:\/\/institucional.ufrrj.br\/fazendinha\/files\/2019\/08\/IMG-20190705-WA0011-300x184.jpg","datePublished":"2019-08-27T14:14:18+00:00","dateModified":"2019-10-03T22:52:16+00:00","author":{"@id":"https:\/\/institucional.ufrrj.br\/fazendinha\/#\/schema\/person\/effec9aebf995bbd8e58e26a06d6a3b4"},"breadcrumb":{"@id":"https:\/\/institucional.ufrrj.br\/fazendinha\/2019\/08\/27\/curso-de-hortas-domesticas-ofertado-para-alunos-de-mesquita-rj-e-realizado-na-fazendinha-agroecologica\/#breadcrumb"},"inLanguage":"pt-BR","potentialAction":[{"@type":"ReadAction","target":["https:\/\/institucional.ufrrj.br\/fazendinha\/2019\/08\/27\/curso-de-hortas-domesticas-ofertado-para-alunos-de-mesquita-rj-e-realizado-na-fazendinha-agroecologica\/"]}]},{"@type":"ImageObject","inLanguage":"pt-BR","@id":"https:\/\/institucional.ufrrj.br\/fazendinha\/2019\/08\/27\/curso-de-hortas-domesticas-ofertado-para-alunos-de-mesquita-rj-e-realizado-na-fazendinha-agroecologica\/#primaryimage","url":"http:\/\/institucional.ufrrj.br\/fazendinha\/files\/2019\/08\/IMG-20190705-WA0011-300x184.jpg","contentUrl":"http:\/\/institucional.ufrrj.br\/fazendinha\/files\/2019\/08\/IMG-20190705-WA0011-300x184.jpg"},{"@type":"BreadcrumbList","@id":"https:\/\/institucional.ufrrj.br\/fazendinha\/2019\/08\/27\/curso-de-hortas-domesticas-ofertado-para-alunos-de-mesquita-rj-e-realizado-na-fazendinha-agroecologica\/#breadcrumb","itemListElement":[{"@type":"ListItem","position":1,"name":"In\u00edcio","item":"https:\/\/institucional.ufrrj.br\/fazendinha\/"},{"@type":"ListItem","position":2,"name":"Curso de hortas dom\u00e9sticas ofertado para alunos de Mesquita &#8211; RJ realizado na Fazendinha Agroecol\u00f3gica"}]},{"@type":"WebSite","@id":"https:\/\/institucional.ufrrj.br\/fazendinha\/#website","url":"https:\/\/institucional.ufrrj.br\/fazendinha\/","name":"Fazendinha","description":"S\u00f3 mais um site institucional.ufrrj.br","potentialAction":[{"@type":"SearchAction","target":{"@type":"EntryPoint","urlTemplate":"https:\/\/institucional.ufrrj.br\/fazendinha\/?s={search_term_string}"},"query-input":{"@type":"PropertyValueSpecification","valueRequired":true,"valueName":"search_term_string"}}],"inLanguage":"pt-BR"},{"@type":"Person","@id":"https:\/\/institucional.ufrrj.br\/fazendinha\/#\/schema\/person\/effec9aebf995bbd8e58e26a06d6a3b4","name":"enokdonato","image":{"@type":"ImageObject","inLanguage":"pt-BR","@id":"https:\/\/secure.gravatar.com\/avatar\/1e132eadd2db0b69e088729a21d26314131c84ccab7a69d6b516699a85532025?s=96&d=mm&r=g","url":"https:\/\/secure.gravatar.com\/avatar\/1e132eadd2db0b69e088729a21d26314131c84ccab7a69d6b516699a85532025?s=96&d=mm&r=g","contentUrl":"https:\/\/secure.gravatar.com\/avatar\/1e132eadd2db0b69e088729a21d26314131c84ccab7a69d6b516699a85532025?s=96&d=mm&r=g","caption":"enokdonato"},"description":"Chamado - ID: 15783 (Rural - Seropedica)","url":"https:\/\/institucional.ufrrj.br\/fazendinha\/author\/enokdonato1\/"}]}},"acf":[],"_links":{"self":[{"href":"https:\/\/institucional.ufrrj.br\/fazendinha\/wp-json\/wp\/v2\/posts\/1019","targetHints":{"allow":["GET"]}}],"collection":[{"href":"https:\/\/institucional.ufrrj.br\/fazendinha\/wp-json\/wp\/v2\/posts"}],"about":[{"href":"https:\/\/institucional.ufrrj.br\/fazendinha\/wp-json\/wp\/v2\/types\/post"}],"author":[{"embeddable":true,"href":"https:\/\/institucional.ufrrj.br\/fazendinha\/wp-json\/wp\/v2\/users\/743"}],"replies":[{"embeddable":true,"href":"https:\/\/institucional.ufrrj.br\/fazendinha\/wp-json\/wp\/v2\/comments?post=1019"}],"version-history":[{"count":5,"href":"https:\/\/institucional.ufrrj.br\/fazendinha\/wp-json\/wp\/v2\/posts\/1019\/revisions"}],"predecessor-version":[{"id":1350,"href":"https:\/\/institucional.ufrrj.br\/fazendinha\/wp-json\/wp\/v2\/posts\/1019\/revisions\/1350"}],"wp:attachment":[{"href":"https:\/\/institucional.ufrrj.br\/fazendinha\/wp-json\/wp\/v2\/media?parent=1019"}],"wp:term":[{"taxonomy":"category","embeddable":true,"href":"https:\/\/institucional.ufrrj.br\/fazendinha\/wp-json\/wp\/v2\/categories?post=1019"},{"taxonomy":"post_tag","embeddable":true,"href":"https:\/\/institucional.ufrrj.br\/fazendinha\/wp-json\/wp\/v2\/tags?post=1019"}],"curies":[{"name":"wp","href":"https:\/\/api.w.org\/{rel}","templated":true}]}}