{"id":6662,"date":"2026-09-02T11:08:26","date_gmt":"2026-09-02T14:08:26","guid":{"rendered":"https:\/\/institucional.ufrrj.br\/eext\/?p=6662"},"modified":"2026-09-02T11:08:27","modified_gmt":"2026-09-02T14:08:27","slug":"historia-publica-e-divulgacao-cientifica-mobilizacao-e-revoltas-de-povo-e-tropa-na-corte-imperial-1822-1833","status":"publish","type":"post","link":"https:\/\/institucional.ufrrj.br\/eext\/historia-publica-e-divulgacao-cientifica-mobilizacao-e-revoltas-de-povo-e-tropa-na-corte-imperial-1822-1833\/","title":{"rendered":"Hist\u00f3ria p\u00fablica e divulga\u00e7\u00e3o cient\u00edfica: mobiliza\u00e7\u00e3o e revoltas de &#8220;povo e tropa&#8221; na corte imperial (1822-1833)"},"content":{"rendered":"\n<p class=\"wp-block-paragraph\">&nbsp;As atividades do Hist\u00f3ria P\u00fablica e Divulga\u00e7\u00e3o Cient\u00edfica est\u00e3o atreladas \u00e0 disciplina TS502, T\u00f3picos Especiais em Hist\u00f3ria do Brasil III, que est\u00e1 sendo oferecida pelas professoras proponentes no presente semestre de 2026\/2, no campus sede de Serop\u00e9dica.<\/p>\n\n\n\n<p class=\"wp-block-paragraph\">Elas t\u00eam dois objetivos principais: um deles \u00e9 discutir com a comunidade universit\u00e1ria (da Rural e de outras universidades) o mito do brasileiro como povo pacato, submisso e ordeiro, bastante difundida em nossa cultura pol\u00edtica. Atualmente j\u00e1 contamos com uma produ\u00e7\u00e3o historiogr\u00e1fica bastante qualificada que nega essa imagem a partir da an\u00e1lise de v\u00e1rios movimentos populares ocorridos no centro do Rio de Janeiro, por\u00e9m desconhecido para a maioria das pessoas.<\/p>\n\n\n\n<p class=\"wp-block-paragraph\">Para isso, ser\u00e1 de grande interesse apresentar que investiga\u00e7\u00f5es s\u00e3o essas, como foram constru\u00eddas e as fontes documentais utilizadas na pesquisa para a compreens\u00e3o da emerg\u00eancia desse mito e dos desafios de desconstru\u00ed-lo no presente.<\/p>\n\n\n\n<p class=\"wp-block-paragraph\">O Segundo tipo de a\u00e7\u00e3o ser\u00e3o as \u201caulas na pra\u00e7a\u201d. Um conjunto de quatro encontros que ocorrer\u00e3o nas ruas do centro da cidade do Rio de Janeiro. A ideia \u00e9 conhecer os locais onde ocorreram essas revoltas, identificando pr\u00e9dios, ruas e constituindo roteiros hist\u00f3ricos. Assim, podemos, de forma simult\u00e2nea, dar \u201cmaterialidade\u201d a essas narrativas sobre o passado e cultivar um olhar hist\u00f3rico sobre locais absolutamente banais, historicizando o cotidiano. Como resultado desses roteiros, os alunos matriculados na disciplina base dessa a\u00e7\u00e3o extensionista produzir\u00e3o como trabalho final, usando ferramentas das humanidades digitais, conte\u00fado qualificado para circula\u00e7\u00e3o nas m\u00eddias sociais: podcasts, guias de visita\u00e7\u00e3o, reels, mapa digital interativo.<\/p>\n","protected":false},"excerpt":{"rendered":"<p>&nbsp;As atividades do Hist\u00f3ria P\u00fablica e Divulga\u00e7\u00e3o Cient\u00edfica est\u00e3o atreladas \u00e0 disciplina TS502, T\u00f3picos Especiais em Hist\u00f3ria do Brasil III, <a class=\"read-more\" href=\"https:\/\/institucional.ufrrj.br\/eext\/historia-publica-e-divulgacao-cientifica-mobilizacao-e-revoltas-de-povo-e-tropa-na-corte-imperial-1822-1833\/ \" >&#8230; <span class=\"font-italic\">leia mais <i class=\"fas fa-angle-right\"><\/i><\/span><\/a><\/p>\n","protected":false},"author":707,"featured_media":6665,"comment_status":"closed","ping_status":"open","sticky":false,"template":"","format":"standard","meta":{"_acf_changed":false,"footnotes":""},"categories":[30],"tags":[],"class_list":["post-6662","post","type-post","status-publish","format-standard","has-post-thumbnail","hentry","category-cursos"],"aioseo_notices":[],"aioseo_head":"\n\t\t<!-- All in One SEO 5.0.1.1 - aioseo.com -->\n\t<meta name=\"description\" content=\"As atividades do Hist\u00f3ria P\u00fablica e Divulga\u00e7\u00e3o Cient\u00edfica est\u00e3o atreladas \u00e0 disciplina TS502, T\u00f3picos Especiais em Hist\u00f3ria do Brasil III, que est\u00e1 sendo oferecida pelas professoras proponentes no presente semestre de 2026\/2, no campus sede de Serop\u00e9dica. Elas t\u00eam dois objetivos principais: um deles \u00e9 discutir com a comunidade universit\u00e1ria (da Rural e de outras\" \/>\n\t<meta name=\"robots\" content=\"max-image-preview:large\" \/>\n\t<meta name=\"author\" content=\"luciano\"\/>\n\t<link rel=\"canonical\" href=\"https:\/\/institucional.ufrrj.br\/eext\/historia-publica-e-divulgacao-cientifica-mobilizacao-e-revoltas-de-povo-e-tropa-na-corte-imperial-1822-1833\/\" \/>\n\t<meta name=\"generator\" content=\"All in One SEO (AIOSEO) 5.0.1.1\" \/>\n\t\t<meta property=\"og:locale\" content=\"pt_BR\" \/>\n\t\t<meta property=\"og:site_name\" content=\"Escola de Extens\u00e3o - S\u00f3 mais um site institucional.ufrrj.br\" \/>\n\t\t<meta property=\"og:type\" content=\"article\" \/>\n\t\t<meta property=\"og:title\" content=\"Hist\u00f3ria p\u00fablica e divulga\u00e7\u00e3o cient\u00edfica: mobiliza\u00e7\u00e3o e revoltas de \u201cpovo e tropa\u201d na corte imperial (1822-1833) - Escola de Extens\u00e3o\" \/>\n\t\t<meta property=\"og:description\" content=\"As atividades do Hist\u00f3ria P\u00fablica e Divulga\u00e7\u00e3o Cient\u00edfica est\u00e3o atreladas \u00e0 disciplina TS502, T\u00f3picos Especiais em Hist\u00f3ria do Brasil III, que est\u00e1 sendo oferecida pelas professoras proponentes no presente semestre de 2026\/2, no campus sede de Serop\u00e9dica. Elas t\u00eam dois objetivos principais: um deles \u00e9 discutir com a comunidade universit\u00e1ria (da Rural e de outras\" \/>\n\t\t<meta property=\"og:url\" content=\"https:\/\/institucional.ufrrj.br\/eext\/historia-publica-e-divulgacao-cientifica-mobilizacao-e-revoltas-de-povo-e-tropa-na-corte-imperial-1822-1833\/\" \/>\n\t\t<meta property=\"article:published_time\" content=\"2026-09-02T14:08:26+00:00\" \/>\n\t\t<meta property=\"article:modified_time\" content=\"2026-09-02T14:08:27+00:00\" \/>\n\t\t<meta name=\"twitter:card\" content=\"summary_large_image\" \/>\n\t\t<meta name=\"twitter:title\" content=\"Hist\u00f3ria p\u00fablica e divulga\u00e7\u00e3o cient\u00edfica: mobiliza\u00e7\u00e3o e revoltas de \u201cpovo e tropa\u201d na corte imperial (1822-1833) - Escola de Extens\u00e3o\" \/>\n\t\t<meta name=\"twitter:description\" content=\"As atividades do Hist\u00f3ria P\u00fablica e Divulga\u00e7\u00e3o Cient\u00edfica est\u00e3o atreladas \u00e0 disciplina TS502, T\u00f3picos Especiais em Hist\u00f3ria do Brasil III, que est\u00e1 sendo oferecida pelas professoras proponentes no presente semestre de 2026\/2, no campus sede de Serop\u00e9dica. Elas t\u00eam dois objetivos principais: um deles \u00e9 discutir com a comunidade universit\u00e1ria (da Rural e de outras\" \/>\n\t\t<script type=\"application\/ld+json\" class=\"aioseo-schema\">\n\t\t\t{\"@context\":\"https:\\\/\\\/schema.org\",\"@graph\":[{\"@type\":\"BlogPosting\",\"@id\":\"https:\\\/\\\/institucional.ufrrj.br\\\/eext\\\/historia-publica-e-divulgacao-cientifica-mobilizacao-e-revoltas-de-povo-e-tropa-na-corte-imperial-1822-1833\\\/#blogposting\",\"name\":\"Hist\\u00f3ria p\\u00fablica e divulga\\u00e7\\u00e3o cient\\u00edfica: mobiliza\\u00e7\\u00e3o e revoltas de \\u201cpovo e tropa\\u201d na corte imperial (1822-1833) - Escola de Extens\\u00e3o\",\"headline\":\"Hist\\u00f3ria p\\u00fablica e divulga\\u00e7\\u00e3o cient\\u00edfica: mobiliza\\u00e7\\u00e3o e revoltas de &#8220;povo e tropa&#8221; na corte imperial (1822-1833)\",\"author\":{\"@id\":\"https:\\\/\\\/institucional.ufrrj.br\\\/eext\\\/author\\\/luk1\\\/#author\"},\"publisher\":{\"@id\":\"https:\\\/\\\/institucional.ufrrj.br\\\/eext\\\/#organization\"},\"image\":{\"@type\":\"ImageObject\",\"url\":\"https:\\\/\\\/institucional.ufrrj.br\\\/eext\\\/files\\\/2026\\\/09\\\/img_historia_eext.png\",\"width\":800,\"height\":400},\"datePublished\":\"2026-09-02T11:08:26-03:00\",\"dateModified\":\"2026-09-02T11:08:27-03:00\",\"inLanguage\":\"pt-BR\",\"mainEntityOfPage\":{\"@id\":\"https:\\\/\\\/institucional.ufrrj.br\\\/eext\\\/historia-publica-e-divulgacao-cientifica-mobilizacao-e-revoltas-de-povo-e-tropa-na-corte-imperial-1822-1833\\\/#webpage\"},\"isPartOf\":{\"@id\":\"https:\\\/\\\/institucional.ufrrj.br\\\/eext\\\/historia-publica-e-divulgacao-cientifica-mobilizacao-e-revoltas-de-povo-e-tropa-na-corte-imperial-1822-1833\\\/#webpage\"},\"articleSection\":\"Cursos\"},{\"@type\":\"BreadcrumbList\",\"@id\":\"https:\\\/\\\/institucional.ufrrj.br\\\/eext\\\/historia-publica-e-divulgacao-cientifica-mobilizacao-e-revoltas-de-povo-e-tropa-na-corte-imperial-1822-1833\\\/#breadcrumblist\",\"itemListElement\":[{\"@type\":\"ListItem\",\"@id\":\"https:\\\/\\\/institucional.ufrrj.br\\\/eext#listItem\",\"position\":1,\"name\":\"In\\u00edcio\",\"item\":\"https:\\\/\\\/institucional.ufrrj.br\\\/eext\",\"nextItem\":{\"@type\":\"ListItem\",\"@id\":\"https:\\\/\\\/institucional.ufrrj.br\\\/eext\\\/category\\\/cursos\\\/#listItem\",\"name\":\"Cursos\"}},{\"@type\":\"ListItem\",\"@id\":\"https:\\\/\\\/institucional.ufrrj.br\\\/eext\\\/category\\\/cursos\\\/#listItem\",\"position\":2,\"name\":\"Cursos\",\"item\":\"https:\\\/\\\/institucional.ufrrj.br\\\/eext\\\/category\\\/cursos\\\/\",\"nextItem\":{\"@type\":\"ListItem\",\"@id\":\"https:\\\/\\\/institucional.ufrrj.br\\\/eext\\\/historia-publica-e-divulgacao-cientifica-mobilizacao-e-revoltas-de-povo-e-tropa-na-corte-imperial-1822-1833\\\/#listItem\",\"name\":\"Hist\\u00f3ria p\\u00fablica e divulga\\u00e7\\u00e3o cient\\u00edfica: mobiliza\\u00e7\\u00e3o e revoltas de &#8220;povo e tropa&#8221; na corte imperial (1822-1833)\"},\"previousItem\":{\"@type\":\"ListItem\",\"@id\":\"https:\\\/\\\/institucional.ufrrj.br\\\/eext#listItem\",\"name\":\"In\\u00edcio\"}},{\"@type\":\"ListItem\",\"@id\":\"https:\\\/\\\/institucional.ufrrj.br\\\/eext\\\/historia-publica-e-divulgacao-cientifica-mobilizacao-e-revoltas-de-povo-e-tropa-na-corte-imperial-1822-1833\\\/#listItem\",\"position\":3,\"name\":\"Hist\\u00f3ria p\\u00fablica e divulga\\u00e7\\u00e3o cient\\u00edfica: mobiliza\\u00e7\\u00e3o e revoltas de &#8220;povo e tropa&#8221; na corte imperial (1822-1833)\",\"previousItem\":{\"@type\":\"ListItem\",\"@id\":\"https:\\\/\\\/institucional.ufrrj.br\\\/eext\\\/category\\\/cursos\\\/#listItem\",\"name\":\"Cursos\"}}]},{\"@type\":\"Organization\",\"@id\":\"https:\\\/\\\/institucional.ufrrj.br\\\/eext\\\/#organization\",\"name\":\"Escola de Extens\\u00e3o\",\"description\":\"S\\u00f3 mais um site institucional.ufrrj.br\",\"url\":\"https:\\\/\\\/institucional.ufrrj.br\\\/eext\\\/\"},{\"@type\":\"Person\",\"@id\":\"https:\\\/\\\/institucional.ufrrj.br\\\/eext\\\/author\\\/luk1\\\/#author\",\"url\":\"https:\\\/\\\/institucional.ufrrj.br\\\/eext\\\/author\\\/luk1\\\/\",\"name\":\"luciano\",\"image\":{\"@type\":\"ImageObject\",\"@id\":\"https:\\\/\\\/institucional.ufrrj.br\\\/eext\\\/historia-publica-e-divulgacao-cientifica-mobilizacao-e-revoltas-de-povo-e-tropa-na-corte-imperial-1822-1833\\\/#authorImage\",\"url\":\"https:\\\/\\\/secure.gravatar.com\\\/avatar\\\/4d91bb9da74b689f9be56e08d37d67fc90a69164942e16656bd9fd7acd8fff23?s=96&d=mm&r=g\",\"width\":96,\"height\":96,\"caption\":\"luciano\"}},{\"@type\":\"WebPage\",\"@id\":\"https:\\\/\\\/institucional.ufrrj.br\\\/eext\\\/historia-publica-e-divulgacao-cientifica-mobilizacao-e-revoltas-de-povo-e-tropa-na-corte-imperial-1822-1833\\\/#webpage\",\"url\":\"https:\\\/\\\/institucional.ufrrj.br\\\/eext\\\/historia-publica-e-divulgacao-cientifica-mobilizacao-e-revoltas-de-povo-e-tropa-na-corte-imperial-1822-1833\\\/\",\"name\":\"Hist\\u00f3ria p\\u00fablica e divulga\\u00e7\\u00e3o cient\\u00edfica: mobiliza\\u00e7\\u00e3o e revoltas de \\u201cpovo e tropa\\u201d na corte imperial (1822-1833) - Escola de Extens\\u00e3o\",\"description\":\"As atividades do Hist\\u00f3ria P\\u00fablica e Divulga\\u00e7\\u00e3o Cient\\u00edfica est\\u00e3o atreladas \\u00e0 disciplina TS502, T\\u00f3picos Especiais em Hist\\u00f3ria do Brasil III, que est\\u00e1 sendo oferecida pelas professoras proponentes no presente semestre de 2026\\\/2, no campus sede de Serop\\u00e9dica. Elas t\\u00eam dois objetivos principais: um deles \\u00e9 discutir com a comunidade universit\\u00e1ria (da Rural e de outras\",\"inLanguage\":\"pt-BR\",\"isPartOf\":{\"@id\":\"https:\\\/\\\/institucional.ufrrj.br\\\/eext\\\/#website\"},\"breadcrumb\":{\"@id\":\"https:\\\/\\\/institucional.ufrrj.br\\\/eext\\\/historia-publica-e-divulgacao-cientifica-mobilizacao-e-revoltas-de-povo-e-tropa-na-corte-imperial-1822-1833\\\/#breadcrumblist\"},\"author\":{\"@id\":\"https:\\\/\\\/institucional.ufrrj.br\\\/eext\\\/author\\\/luk1\\\/#author\"},\"creator\":{\"@id\":\"https:\\\/\\\/institucional.ufrrj.br\\\/eext\\\/author\\\/luk1\\\/#author\"},\"image\":{\"@type\":\"ImageObject\",\"url\":\"https:\\\/\\\/institucional.ufrrj.br\\\/eext\\\/files\\\/2026\\\/09\\\/img_historia_eext.png\",\"@id\":\"https:\\\/\\\/institucional.ufrrj.br\\\/eext\\\/historia-publica-e-divulgacao-cientifica-mobilizacao-e-revoltas-de-povo-e-tropa-na-corte-imperial-1822-1833\\\/#mainImage\",\"width\":800,\"height\":400},\"primaryImageOfPage\":{\"@id\":\"https:\\\/\\\/institucional.ufrrj.br\\\/eext\\\/historia-publica-e-divulgacao-cientifica-mobilizacao-e-revoltas-de-povo-e-tropa-na-corte-imperial-1822-1833\\\/#mainImage\"},\"datePublished\":\"2026-09-02T11:08:26-03:00\",\"dateModified\":\"2026-09-02T11:08:27-03:00\"},{\"@type\":\"WebSite\",\"@id\":\"https:\\\/\\\/institucional.ufrrj.br\\\/eext\\\/#website\",\"url\":\"https:\\\/\\\/institucional.ufrrj.br\\\/eext\\\/\",\"name\":\"Escola de Extens\\u00e3o\",\"description\":\"S\\u00f3 mais um site institucional.ufrrj.br\",\"inLanguage\":\"pt-BR\",\"publisher\":{\"@id\":\"https:\\\/\\\/institucional.ufrrj.br\\\/eext\\\/#organization\"}}]}\n\t\t<\/script>\n\t\t<!-- All in One SEO -->\n\n","aioseo_head_json":{"title":"Hist\u00f3ria p\u00fablica e divulga\u00e7\u00e3o cient\u00edfica: mobiliza\u00e7\u00e3o e revoltas de \u201cpovo e tropa\u201d na corte imperial (1822-1833) - Escola de Extens\u00e3o","description":"As atividades do Hist\u00f3ria P\u00fablica e Divulga\u00e7\u00e3o Cient\u00edfica est\u00e3o atreladas \u00e0 disciplina TS502, T\u00f3picos Especiais em Hist\u00f3ria do Brasil III, que est\u00e1 sendo oferecida pelas professoras proponentes no presente semestre de 2026\/2, no campus sede de Serop\u00e9dica. Elas t\u00eam dois objetivos principais: um deles \u00e9 discutir com a comunidade universit\u00e1ria (da Rural e de outras","canonical_url":"https:\/\/institucional.ufrrj.br\/eext\/historia-publica-e-divulgacao-cientifica-mobilizacao-e-revoltas-de-povo-e-tropa-na-corte-imperial-1822-1833\/","robots":"max-image-preview:large","keywords":"","webmasterTools":{"miscellaneous":""},"schema":{"@context":"https:\/\/schema.org","@graph":[{"@type":"BlogPosting","@id":"https:\/\/institucional.ufrrj.br\/eext\/historia-publica-e-divulgacao-cientifica-mobilizacao-e-revoltas-de-povo-e-tropa-na-corte-imperial-1822-1833\/#blogposting","name":"Hist\u00f3ria p\u00fablica e divulga\u00e7\u00e3o cient\u00edfica: mobiliza\u00e7\u00e3o e revoltas de \u201cpovo e tropa\u201d na corte imperial (1822-1833) - Escola de Extens\u00e3o","headline":"Hist\u00f3ria p\u00fablica e divulga\u00e7\u00e3o cient\u00edfica: mobiliza\u00e7\u00e3o e revoltas de &#8220;povo e tropa&#8221; na corte imperial (1822-1833)","author":{"@id":"https:\/\/institucional.ufrrj.br\/eext\/author\/luk1\/#author"},"publisher":{"@id":"https:\/\/institucional.ufrrj.br\/eext\/#organization"},"image":{"@type":"ImageObject","url":"https:\/\/institucional.ufrrj.br\/eext\/files\/2026\/09\/img_historia_eext.png","width":800,"height":400},"datePublished":"2026-09-02T11:08:26-03:00","dateModified":"2026-09-02T11:08:27-03:00","inLanguage":"pt-BR","mainEntityOfPage":{"@id":"https:\/\/institucional.ufrrj.br\/eext\/historia-publica-e-divulgacao-cientifica-mobilizacao-e-revoltas-de-povo-e-tropa-na-corte-imperial-1822-1833\/#webpage"},"isPartOf":{"@id":"https:\/\/institucional.ufrrj.br\/eext\/historia-publica-e-divulgacao-cientifica-mobilizacao-e-revoltas-de-povo-e-tropa-na-corte-imperial-1822-1833\/#webpage"},"articleSection":"Cursos"},{"@type":"BreadcrumbList","@id":"https:\/\/institucional.ufrrj.br\/eext\/historia-publica-e-divulgacao-cientifica-mobilizacao-e-revoltas-de-povo-e-tropa-na-corte-imperial-1822-1833\/#breadcrumblist","itemListElement":[{"@type":"ListItem","@id":"https:\/\/institucional.ufrrj.br\/eext#listItem","position":1,"name":"In\u00edcio","item":"https:\/\/institucional.ufrrj.br\/eext","nextItem":{"@type":"ListItem","@id":"https:\/\/institucional.ufrrj.br\/eext\/category\/cursos\/#listItem","name":"Cursos"}},{"@type":"ListItem","@id":"https:\/\/institucional.ufrrj.br\/eext\/category\/cursos\/#listItem","position":2,"name":"Cursos","item":"https:\/\/institucional.ufrrj.br\/eext\/category\/cursos\/","nextItem":{"@type":"ListItem","@id":"https:\/\/institucional.ufrrj.br\/eext\/historia-publica-e-divulgacao-cientifica-mobilizacao-e-revoltas-de-povo-e-tropa-na-corte-imperial-1822-1833\/#listItem","name":"Hist\u00f3ria p\u00fablica e divulga\u00e7\u00e3o cient\u00edfica: mobiliza\u00e7\u00e3o e revoltas de &#8220;povo e tropa&#8221; na corte imperial (1822-1833)"},"previousItem":{"@type":"ListItem","@id":"https:\/\/institucional.ufrrj.br\/eext#listItem","name":"In\u00edcio"}},{"@type":"ListItem","@id":"https:\/\/institucional.ufrrj.br\/eext\/historia-publica-e-divulgacao-cientifica-mobilizacao-e-revoltas-de-povo-e-tropa-na-corte-imperial-1822-1833\/#listItem","position":3,"name":"Hist\u00f3ria p\u00fablica e divulga\u00e7\u00e3o cient\u00edfica: mobiliza\u00e7\u00e3o e revoltas de &#8220;povo e tropa&#8221; na corte imperial (1822-1833)","previousItem":{"@type":"ListItem","@id":"https:\/\/institucional.ufrrj.br\/eext\/category\/cursos\/#listItem","name":"Cursos"}}]},{"@type":"Organization","@id":"https:\/\/institucional.ufrrj.br\/eext\/#organization","name":"Escola de Extens\u00e3o","description":"S\u00f3 mais um site institucional.ufrrj.br","url":"https:\/\/institucional.ufrrj.br\/eext\/"},{"@type":"Person","@id":"https:\/\/institucional.ufrrj.br\/eext\/author\/luk1\/#author","url":"https:\/\/institucional.ufrrj.br\/eext\/author\/luk1\/","name":"luciano","image":{"@type":"ImageObject","@id":"https:\/\/institucional.ufrrj.br\/eext\/historia-publica-e-divulgacao-cientifica-mobilizacao-e-revoltas-de-povo-e-tropa-na-corte-imperial-1822-1833\/#authorImage","url":"https:\/\/secure.gravatar.com\/avatar\/4d91bb9da74b689f9be56e08d37d67fc90a69164942e16656bd9fd7acd8fff23?s=96&d=mm&r=g","width":96,"height":96,"caption":"luciano"}},{"@type":"WebPage","@id":"https:\/\/institucional.ufrrj.br\/eext\/historia-publica-e-divulgacao-cientifica-mobilizacao-e-revoltas-de-povo-e-tropa-na-corte-imperial-1822-1833\/#webpage","url":"https:\/\/institucional.ufrrj.br\/eext\/historia-publica-e-divulgacao-cientifica-mobilizacao-e-revoltas-de-povo-e-tropa-na-corte-imperial-1822-1833\/","name":"Hist\u00f3ria p\u00fablica e divulga\u00e7\u00e3o cient\u00edfica: mobiliza\u00e7\u00e3o e revoltas de \u201cpovo e tropa\u201d na corte imperial (1822-1833) - Escola de Extens\u00e3o","description":"As atividades do Hist\u00f3ria P\u00fablica e Divulga\u00e7\u00e3o Cient\u00edfica est\u00e3o atreladas \u00e0 disciplina TS502, T\u00f3picos Especiais em Hist\u00f3ria do Brasil III, que est\u00e1 sendo oferecida pelas professoras proponentes no presente semestre de 2026\/2, no campus sede de Serop\u00e9dica. Elas t\u00eam dois objetivos principais: um deles \u00e9 discutir com a comunidade universit\u00e1ria (da Rural e de outras","inLanguage":"pt-BR","isPartOf":{"@id":"https:\/\/institucional.ufrrj.br\/eext\/#website"},"breadcrumb":{"@id":"https:\/\/institucional.ufrrj.br\/eext\/historia-publica-e-divulgacao-cientifica-mobilizacao-e-revoltas-de-povo-e-tropa-na-corte-imperial-1822-1833\/#breadcrumblist"},"author":{"@id":"https:\/\/institucional.ufrrj.br\/eext\/author\/luk1\/#author"},"creator":{"@id":"https:\/\/institucional.ufrrj.br\/eext\/author\/luk1\/#author"},"image":{"@type":"ImageObject","url":"https:\/\/institucional.ufrrj.br\/eext\/files\/2026\/09\/img_historia_eext.png","@id":"https:\/\/institucional.ufrrj.br\/eext\/historia-publica-e-divulgacao-cientifica-mobilizacao-e-revoltas-de-povo-e-tropa-na-corte-imperial-1822-1833\/#mainImage","width":800,"height":400},"primaryImageOfPage":{"@id":"https:\/\/institucional.ufrrj.br\/eext\/historia-publica-e-divulgacao-cientifica-mobilizacao-e-revoltas-de-povo-e-tropa-na-corte-imperial-1822-1833\/#mainImage"},"datePublished":"2026-09-02T11:08:26-03:00","dateModified":"2026-09-02T11:08:27-03:00"},{"@type":"WebSite","@id":"https:\/\/institucional.ufrrj.br\/eext\/#website","url":"https:\/\/institucional.ufrrj.br\/eext\/","name":"Escola de Extens\u00e3o","description":"S\u00f3 mais um site institucional.ufrrj.br","inLanguage":"pt-BR","publisher":{"@id":"https:\/\/institucional.ufrrj.br\/eext\/#organization"}}]},"og:locale":"pt_BR","og:site_name":"Escola de Extens\u00e3o - S\u00f3 mais um site institucional.ufrrj.br","og:type":"article","og:title":"Hist\u00f3ria p\u00fablica e divulga\u00e7\u00e3o cient\u00edfica: mobiliza\u00e7\u00e3o e revoltas de \u201cpovo e tropa\u201d na corte imperial (1822-1833) - Escola de Extens\u00e3o","og:description":"As atividades do Hist\u00f3ria P\u00fablica e Divulga\u00e7\u00e3o Cient\u00edfica est\u00e3o atreladas \u00e0 disciplina TS502, T\u00f3picos Especiais em Hist\u00f3ria do Brasil III, que est\u00e1 sendo oferecida pelas professoras proponentes no presente semestre de 2026\/2, no campus sede de Serop\u00e9dica. Elas t\u00eam dois objetivos principais: um deles \u00e9 discutir com a comunidade universit\u00e1ria (da Rural e de outras","og:url":"https:\/\/institucional.ufrrj.br\/eext\/historia-publica-e-divulgacao-cientifica-mobilizacao-e-revoltas-de-povo-e-tropa-na-corte-imperial-1822-1833\/","article:published_time":"2026-09-02T14:08:26+00:00","article:modified_time":"2026-09-02T14:08:27+00:00","twitter:card":"summary_large_image","twitter:title":"Hist\u00f3ria p\u00fablica e divulga\u00e7\u00e3o cient\u00edfica: mobiliza\u00e7\u00e3o e revoltas de \u201cpovo e tropa\u201d na corte imperial (1822-1833) - Escola de Extens\u00e3o","twitter:description":"As atividades do Hist\u00f3ria P\u00fablica e Divulga\u00e7\u00e3o Cient\u00edfica est\u00e3o atreladas \u00e0 disciplina TS502, T\u00f3picos Especiais em Hist\u00f3ria do Brasil III, que est\u00e1 sendo oferecida pelas professoras proponentes no presente semestre de 2026\/2, no campus sede de Serop\u00e9dica. Elas t\u00eam dois objetivos principais: um deles \u00e9 discutir com a comunidade universit\u00e1ria (da Rural e de outras"},"aioseo_meta_data":{"post_id":"6662","title":null,"description":null,"keywords":null,"keyphrases":null,"focus_keyword":null,"additional_keywords":null,"truseo_locale":null,"primary_term":null,"canonical_url":null,"og_title":null,"og_description":null,"og_object_type":"default","og_image_type":"default","og_image_custom_url":null,"og_image_custom_fields":null,"og_image_url":null,"og_image_width":null,"og_image_height":null,"og_video":null,"og_custom_url":null,"og_article_section":null,"og_article_tags":null,"twitter_use_og":true,"twitter_card":"default","twitter_image_type":"default","twitter_image_custom_url":null,"twitter_image_custom_fields":null,"twitter_image_url":null,"twitter_title":null,"twitter_description":null,"schema_type":"default","schema_type_options":null,"schema":{"blockGraphs":[],"customGraphs":[],"default":{"data":{"Article":[],"Course":[],"Dataset":[],"FAQPage":[],"Movie":[],"Person":[],"Product":[],"ProductReview":[],"Car":[],"Recipe":[],"Service":[],"SoftwareApplication":[],"WebPage":[]},"graphName":"","isEnabled":true},"graphs":[]},"pillar_content":false,"robots_default":true,"robots_noindex":false,"robots_noarchive":false,"robots_nosnippet":false,"robots_nofollow":false,"robots_noimageindex":false,"robots_noodp":false,"robots_notranslate":false,"robots_max_snippet":null,"robots_max_videopreview":null,"robots_max_imagepreview":"large","priority":null,"frequency":null,"local_seo":null,"limit_modified_date":false,"ai":null,"breadcrumb_settings":null,"seo_analyzer_scan_date":null,"created":"2026-09-02 22:02:09","updated":"2026-09-02 22:02:09"},"aioseo_breadcrumb":"<div class=\"aioseo-breadcrumbs\"><span class=\"aioseo-breadcrumb\">\n\t\t\t<a href=\"https:\/\/institucional.ufrrj.br\/eext\" title=\"In\u00edcio\">In\u00edcio<\/a>\n\t\t<\/span><span class=\"aioseo-breadcrumb-separator\">&raquo;<\/span><span class=\"aioseo-breadcrumb\">\n\t\t\t<a href=\"https:\/\/institucional.ufrrj.br\/eext\/category\/cursos\/\" title=\"Cursos\">Cursos<\/a>\n\t\t<\/span><span class=\"aioseo-breadcrumb-separator\">&raquo;<\/span><span class=\"aioseo-breadcrumb\">\n\t\t\tHist\u00f3ria p\u00fablica e divulga\u00e7\u00e3o cient\u00edfica: mobiliza\u00e7\u00e3o e revoltas de \u201cpovo e tropa\u201d na corte imperial (1822-1833)\n\t\t<\/span><\/div>","aioseo_breadcrumb_json":[{"label":"In\u00edcio","link":"https:\/\/institucional.ufrrj.br\/eext"},{"label":"Cursos","link":"https:\/\/institucional.ufrrj.br\/eext\/category\/cursos\/"},{"label":"Hist\u00f3ria p\u00fablica e divulga\u00e7\u00e3o cient\u00edfica: mobiliza\u00e7\u00e3o e revoltas de &#8220;povo e tropa&#8221; na corte imperial (1822-1833)","link":"https:\/\/institucional.ufrrj.br\/eext\/historia-publica-e-divulgacao-cientifica-mobilizacao-e-revoltas-de-povo-e-tropa-na-corte-imperial-1822-1833\/"}],"acf":[],"_links":{"self":[{"href":"https:\/\/institucional.ufrrj.br\/eext\/wp-json\/wp\/v2\/posts\/6662","targetHints":{"allow":["GET"]}}],"collection":[{"href":"https:\/\/institucional.ufrrj.br\/eext\/wp-json\/wp\/v2\/posts"}],"about":[{"href":"https:\/\/institucional.ufrrj.br\/eext\/wp-json\/wp\/v2\/types\/post"}],"author":[{"embeddable":true,"href":"https:\/\/institucional.ufrrj.br\/eext\/wp-json\/wp\/v2\/users\/707"}],"replies":[{"embeddable":true,"href":"https:\/\/institucional.ufrrj.br\/eext\/wp-json\/wp\/v2\/comments?post=6662"}],"version-history":[{"count":2,"href":"https:\/\/institucional.ufrrj.br\/eext\/wp-json\/wp\/v2\/posts\/6662\/revisions"}],"predecessor-version":[{"id":6664,"href":"https:\/\/institucional.ufrrj.br\/eext\/wp-json\/wp\/v2\/posts\/6662\/revisions\/6664"}],"wp:featuredmedia":[{"embeddable":true,"href":"https:\/\/institucional.ufrrj.br\/eext\/wp-json\/wp\/v2\/media\/6665"}],"wp:attachment":[{"href":"https:\/\/institucional.ufrrj.br\/eext\/wp-json\/wp\/v2\/media?parent=6662"}],"wp:term":[{"taxonomy":"category","embeddable":true,"href":"https:\/\/institucional.ufrrj.br\/eext\/wp-json\/wp\/v2\/categories?post=6662"},{"taxonomy":"post_tag","embeddable":true,"href":"https:\/\/institucional.ufrrj.br\/eext\/wp-json\/wp\/v2\/tags?post=6662"}],"curies":[{"name":"wp","href":"https:\/\/api.w.org\/{rel}","templated":true}]}}