{"id":6625,"date":"2026-04-29T10:05:37","date_gmt":"2026-04-29T13:05:37","guid":{"rendered":"https:\/\/institucional.ufrrj.br\/eext\/?p=6625"},"modified":"2026-04-29T10:05:40","modified_gmt":"2026-04-29T13:05:40","slug":"as-relacoes-etnico-raciais-nas-escolas-municipio-de-quatis","status":"publish","type":"post","link":"https:\/\/institucional.ufrrj.br\/eext\/as-relacoes-etnico-raciais-nas-escolas-municipio-de-quatis\/","title":{"rendered":"As Rela\u00e7\u00f5es \u00c9tnico-Raciais nas Escolas &#8211; Munic\u00edpio de Quatis"},"content":{"rendered":"\n<p>O objetivo deste curso \u00e9 fomentar e qualificar o debate na esfera de atua\u00e7\u00e3o das escolas da Rede Municipal de Educa\u00e7\u00e3o de Quatis, sobre a import\u00e2ncia da cultura e das pr\u00e1ticas antirracistas para a constru\u00e7\u00e3o de uma educa\u00e7\u00e3o mais justa e segura. O curso visa \u00a0trabalhar temas relativos \u00e0s Rela\u00e7\u00f5es \u00c9tnico-raciais, a substancial import\u00e2ncia de pessoas negras para a constru\u00e7\u00e3o do pa\u00eds, o antirracismo, contribuindo \u00a0para a forma\u00e7\u00e3o de uma pr\u00e1tica antirracista.<br>Esse processo formativo integra pesquisa-forma\u00e7\u00e3o-a\u00e7\u00e3o, etnografia e (auto)biografia, permitindo aos professores e professoras refletirem sobre suas pr\u00e1ticas e constru\u00edrem novos saberes pedag\u00f3gicos, compreendendo o corpo como parte essencial do processo. A autoria e a autonomia dos saberes docentes s\u00e3o destacadas pela valoriza\u00e7\u00e3o das experi\u00eancias como conhecimento significativo.<\/p>\n","protected":false},"excerpt":{"rendered":"<p>O objetivo deste curso \u00e9 fomentar e qualificar o debate na esfera de atua\u00e7\u00e3o das escolas da Rede Municipal de <a class=\"read-more\" href=\"https:\/\/institucional.ufrrj.br\/eext\/as-relacoes-etnico-raciais-nas-escolas-municipio-de-quatis\/ \" >&#8230; <span class=\"font-italic\">leia mais <i class=\"fas fa-angle-right\"><\/i><\/span><\/a><\/p>\n","protected":false},"author":899,"featured_media":6626,"comment_status":"closed","ping_status":"open","sticky":false,"template":"","format":"standard","meta":{"_acf_changed":false,"footnotes":""},"categories":[30],"tags":[],"class_list":["post-6625","post","type-post","status-publish","format-standard","has-post-thumbnail","hentry","category-cursos"],"yoast_head":"<!-- This site is optimized with the Yoast SEO plugin v27.2 - https:\/\/yoast.com\/product\/yoast-seo-wordpress\/ -->\n<title>As Rela\u00e7\u00f5es \u00c9tnico-Raciais nas Escolas - Munic\u00edpio de Quatis - Escola de Extens\u00e3o<\/title>\n<meta name=\"robots\" content=\"index, follow, max-snippet:-1, max-image-preview:large, max-video-preview:-1\" \/>\n<link rel=\"canonical\" href=\"https:\/\/institucional.ufrrj.br\/eext\/as-relacoes-etnico-raciais-nas-escolas-municipio-de-quatis\/\" \/>\n<meta property=\"og:locale\" content=\"pt_BR\" \/>\n<meta property=\"og:type\" content=\"article\" \/>\n<meta property=\"og:title\" content=\"As Rela\u00e7\u00f5es \u00c9tnico-Raciais nas Escolas - Munic\u00edpio de Quatis - Escola de Extens\u00e3o\" \/>\n<meta property=\"og:description\" content=\"O objetivo deste curso \u00e9 fomentar e qualificar o debate na esfera de atua\u00e7\u00e3o das escolas da Rede Municipal de ... leia mais\" \/>\n<meta property=\"og:url\" content=\"https:\/\/institucional.ufrrj.br\/eext\/as-relacoes-etnico-raciais-nas-escolas-municipio-de-quatis\/\" \/>\n<meta property=\"og:site_name\" content=\"Escola de Extens\u00e3o\" \/>\n<meta property=\"article:published_time\" content=\"2026-04-29T13:05:37+00:00\" \/>\n<meta property=\"article:modified_time\" content=\"2026-04-29T13:05:40+00:00\" \/>\n<meta property=\"og:image\" content=\"https:\/\/institucional.ufrrj.br\/eext\/files\/2026\/04\/Copilot_20260429_100420-1024x683.png\" \/>\n\t<meta property=\"og:image:width\" content=\"1024\" \/>\n\t<meta property=\"og:image:height\" content=\"683\" \/>\n\t<meta property=\"og:image:type\" content=\"image\/png\" \/>\n<meta name=\"author\" content=\"victoria\" \/>\n<meta name=\"twitter:card\" content=\"summary_large_image\" \/>\n<meta name=\"twitter:label1\" content=\"Escrito por\" \/>\n\t<meta name=\"twitter:data1\" content=\"victoria\" \/>\n\t<meta name=\"twitter:label2\" content=\"Est. tempo de leitura\" \/>\n\t<meta name=\"twitter:data2\" content=\"1 minuto\" \/>\n<script type=\"application\/ld+json\" class=\"yoast-schema-graph\">{\"@context\":\"https:\/\/schema.org\",\"@graph\":[{\"@type\":\"Article\",\"@id\":\"https:\/\/institucional.ufrrj.br\/eext\/as-relacoes-etnico-raciais-nas-escolas-municipio-de-quatis\/#article\",\"isPartOf\":{\"@id\":\"https:\/\/institucional.ufrrj.br\/eext\/as-relacoes-etnico-raciais-nas-escolas-municipio-de-quatis\/\"},\"author\":{\"name\":\"victoria\",\"@id\":\"https:\/\/institucional.ufrrj.br\/eext\/#\/schema\/person\/c45ed0b951f8b740d9963db04e0f1a40\"},\"headline\":\"As Rela\u00e7\u00f5es \u00c9tnico-Raciais nas Escolas &#8211; Munic\u00edpio de Quatis\",\"datePublished\":\"2026-04-29T13:05:37+00:00\",\"dateModified\":\"2026-04-29T13:05:40+00:00\",\"mainEntityOfPage\":{\"@id\":\"https:\/\/institucional.ufrrj.br\/eext\/as-relacoes-etnico-raciais-nas-escolas-municipio-de-quatis\/\"},\"wordCount\":150,\"image\":{\"@id\":\"https:\/\/institucional.ufrrj.br\/eext\/as-relacoes-etnico-raciais-nas-escolas-municipio-de-quatis\/#primaryimage\"},\"thumbnailUrl\":\"https:\/\/institucional.ufrrj.br\/eext\/files\/2026\/04\/Copilot_20260429_100420.png\",\"articleSection\":[\"Cursos\"],\"inLanguage\":\"pt-BR\"},{\"@type\":\"WebPage\",\"@id\":\"https:\/\/institucional.ufrrj.br\/eext\/as-relacoes-etnico-raciais-nas-escolas-municipio-de-quatis\/\",\"url\":\"https:\/\/institucional.ufrrj.br\/eext\/as-relacoes-etnico-raciais-nas-escolas-municipio-de-quatis\/\",\"name\":\"As Rela\u00e7\u00f5es \u00c9tnico-Raciais nas Escolas - Munic\u00edpio de Quatis - Escola de Extens\u00e3o\",\"isPartOf\":{\"@id\":\"https:\/\/institucional.ufrrj.br\/eext\/#website\"},\"primaryImageOfPage\":{\"@id\":\"https:\/\/institucional.ufrrj.br\/eext\/as-relacoes-etnico-raciais-nas-escolas-municipio-de-quatis\/#primaryimage\"},\"image\":{\"@id\":\"https:\/\/institucional.ufrrj.br\/eext\/as-relacoes-etnico-raciais-nas-escolas-municipio-de-quatis\/#primaryimage\"},\"thumbnailUrl\":\"https:\/\/institucional.ufrrj.br\/eext\/files\/2026\/04\/Copilot_20260429_100420.png\",\"datePublished\":\"2026-04-29T13:05:37+00:00\",\"dateModified\":\"2026-04-29T13:05:40+00:00\",\"author\":{\"@id\":\"https:\/\/institucional.ufrrj.br\/eext\/#\/schema\/person\/c45ed0b951f8b740d9963db04e0f1a40\"},\"breadcrumb\":{\"@id\":\"https:\/\/institucional.ufrrj.br\/eext\/as-relacoes-etnico-raciais-nas-escolas-municipio-de-quatis\/#breadcrumb\"},\"inLanguage\":\"pt-BR\",\"potentialAction\":[{\"@type\":\"ReadAction\",\"target\":[\"https:\/\/institucional.ufrrj.br\/eext\/as-relacoes-etnico-raciais-nas-escolas-municipio-de-quatis\/\"]}]},{\"@type\":\"ImageObject\",\"inLanguage\":\"pt-BR\",\"@id\":\"https:\/\/institucional.ufrrj.br\/eext\/as-relacoes-etnico-raciais-nas-escolas-municipio-de-quatis\/#primaryimage\",\"url\":\"https:\/\/institucional.ufrrj.br\/eext\/files\/2026\/04\/Copilot_20260429_100420.png\",\"contentUrl\":\"https:\/\/institucional.ufrrj.br\/eext\/files\/2026\/04\/Copilot_20260429_100420.png\",\"width\":1536,\"height\":1024},{\"@type\":\"BreadcrumbList\",\"@id\":\"https:\/\/institucional.ufrrj.br\/eext\/as-relacoes-etnico-raciais-nas-escolas-municipio-de-quatis\/#breadcrumb\",\"itemListElement\":[{\"@type\":\"ListItem\",\"position\":1,\"name\":\"In\u00edcio\",\"item\":\"https:\/\/institucional.ufrrj.br\/eext\/\"},{\"@type\":\"ListItem\",\"position\":2,\"name\":\"As Rela\u00e7\u00f5es \u00c9tnico-Raciais nas Escolas &#8211; Munic\u00edpio de Quatis\"}]},{\"@type\":\"WebSite\",\"@id\":\"https:\/\/institucional.ufrrj.br\/eext\/#website\",\"url\":\"https:\/\/institucional.ufrrj.br\/eext\/\",\"name\":\"Escola de Extens\u00e3o\",\"description\":\"S\u00f3 mais um site institucional.ufrrj.br\",\"potentialAction\":[{\"@type\":\"SearchAction\",\"target\":{\"@type\":\"EntryPoint\",\"urlTemplate\":\"https:\/\/institucional.ufrrj.br\/eext\/?s={search_term_string}\"},\"query-input\":{\"@type\":\"PropertyValueSpecification\",\"valueRequired\":true,\"valueName\":\"search_term_string\"}}],\"inLanguage\":\"pt-BR\"},{\"@type\":\"Person\",\"@id\":\"https:\/\/institucional.ufrrj.br\/eext\/#\/schema\/person\/c45ed0b951f8b740d9963db04e0f1a40\",\"name\":\"victoria\",\"image\":{\"@type\":\"ImageObject\",\"inLanguage\":\"pt-BR\",\"@id\":\"https:\/\/secure.gravatar.com\/avatar\/c49d551beaec9f25f0c1c8a8ab085e46a88d78b92ba22e0933f42554f1eba84d?s=96&d=mm&r=g\",\"url\":\"https:\/\/secure.gravatar.com\/avatar\/c49d551beaec9f25f0c1c8a8ab085e46a88d78b92ba22e0933f42554f1eba84d?s=96&d=mm&r=g\",\"contentUrl\":\"https:\/\/secure.gravatar.com\/avatar\/c49d551beaec9f25f0c1c8a8ab085e46a88d78b92ba22e0933f42554f1eba84d?s=96&d=mm&r=g\",\"caption\":\"victoria\"},\"description\":\"GLPI 38266\",\"url\":\"https:\/\/institucional.ufrrj.br\/eext\/author\/victoria\/\"}]}<\/script>\n<!-- \/ Yoast SEO plugin. -->","yoast_head_json":{"title":"As Rela\u00e7\u00f5es \u00c9tnico-Raciais nas Escolas - Munic\u00edpio de Quatis - Escola de Extens\u00e3o","robots":{"index":"index","follow":"follow","max-snippet":"max-snippet:-1","max-image-preview":"max-image-preview:large","max-video-preview":"max-video-preview:-1"},"canonical":"https:\/\/institucional.ufrrj.br\/eext\/as-relacoes-etnico-raciais-nas-escolas-municipio-de-quatis\/","og_locale":"pt_BR","og_type":"article","og_title":"As Rela\u00e7\u00f5es \u00c9tnico-Raciais nas Escolas - Munic\u00edpio de Quatis - Escola de Extens\u00e3o","og_description":"O objetivo deste curso \u00e9 fomentar e qualificar o debate na esfera de atua\u00e7\u00e3o das escolas da Rede Municipal de ... leia mais","og_url":"https:\/\/institucional.ufrrj.br\/eext\/as-relacoes-etnico-raciais-nas-escolas-municipio-de-quatis\/","og_site_name":"Escola de Extens\u00e3o","article_published_time":"2026-04-29T13:05:37+00:00","article_modified_time":"2026-04-29T13:05:40+00:00","og_image":[{"width":1024,"height":683,"url":"https:\/\/institucional.ufrrj.br\/eext\/files\/2026\/04\/Copilot_20260429_100420-1024x683.png","type":"image\/png"}],"author":"victoria","twitter_card":"summary_large_image","twitter_misc":{"Escrito por":"victoria","Est. tempo de leitura":"1 minuto"},"schema":{"@context":"https:\/\/schema.org","@graph":[{"@type":"Article","@id":"https:\/\/institucional.ufrrj.br\/eext\/as-relacoes-etnico-raciais-nas-escolas-municipio-de-quatis\/#article","isPartOf":{"@id":"https:\/\/institucional.ufrrj.br\/eext\/as-relacoes-etnico-raciais-nas-escolas-municipio-de-quatis\/"},"author":{"name":"victoria","@id":"https:\/\/institucional.ufrrj.br\/eext\/#\/schema\/person\/c45ed0b951f8b740d9963db04e0f1a40"},"headline":"As Rela\u00e7\u00f5es \u00c9tnico-Raciais nas Escolas &#8211; Munic\u00edpio de Quatis","datePublished":"2026-04-29T13:05:37+00:00","dateModified":"2026-04-29T13:05:40+00:00","mainEntityOfPage":{"@id":"https:\/\/institucional.ufrrj.br\/eext\/as-relacoes-etnico-raciais-nas-escolas-municipio-de-quatis\/"},"wordCount":150,"image":{"@id":"https:\/\/institucional.ufrrj.br\/eext\/as-relacoes-etnico-raciais-nas-escolas-municipio-de-quatis\/#primaryimage"},"thumbnailUrl":"https:\/\/institucional.ufrrj.br\/eext\/files\/2026\/04\/Copilot_20260429_100420.png","articleSection":["Cursos"],"inLanguage":"pt-BR"},{"@type":"WebPage","@id":"https:\/\/institucional.ufrrj.br\/eext\/as-relacoes-etnico-raciais-nas-escolas-municipio-de-quatis\/","url":"https:\/\/institucional.ufrrj.br\/eext\/as-relacoes-etnico-raciais-nas-escolas-municipio-de-quatis\/","name":"As Rela\u00e7\u00f5es \u00c9tnico-Raciais nas Escolas - Munic\u00edpio de Quatis - Escola de Extens\u00e3o","isPartOf":{"@id":"https:\/\/institucional.ufrrj.br\/eext\/#website"},"primaryImageOfPage":{"@id":"https:\/\/institucional.ufrrj.br\/eext\/as-relacoes-etnico-raciais-nas-escolas-municipio-de-quatis\/#primaryimage"},"image":{"@id":"https:\/\/institucional.ufrrj.br\/eext\/as-relacoes-etnico-raciais-nas-escolas-municipio-de-quatis\/#primaryimage"},"thumbnailUrl":"https:\/\/institucional.ufrrj.br\/eext\/files\/2026\/04\/Copilot_20260429_100420.png","datePublished":"2026-04-29T13:05:37+00:00","dateModified":"2026-04-29T13:05:40+00:00","author":{"@id":"https:\/\/institucional.ufrrj.br\/eext\/#\/schema\/person\/c45ed0b951f8b740d9963db04e0f1a40"},"breadcrumb":{"@id":"https:\/\/institucional.ufrrj.br\/eext\/as-relacoes-etnico-raciais-nas-escolas-municipio-de-quatis\/#breadcrumb"},"inLanguage":"pt-BR","potentialAction":[{"@type":"ReadAction","target":["https:\/\/institucional.ufrrj.br\/eext\/as-relacoes-etnico-raciais-nas-escolas-municipio-de-quatis\/"]}]},{"@type":"ImageObject","inLanguage":"pt-BR","@id":"https:\/\/institucional.ufrrj.br\/eext\/as-relacoes-etnico-raciais-nas-escolas-municipio-de-quatis\/#primaryimage","url":"https:\/\/institucional.ufrrj.br\/eext\/files\/2026\/04\/Copilot_20260429_100420.png","contentUrl":"https:\/\/institucional.ufrrj.br\/eext\/files\/2026\/04\/Copilot_20260429_100420.png","width":1536,"height":1024},{"@type":"BreadcrumbList","@id":"https:\/\/institucional.ufrrj.br\/eext\/as-relacoes-etnico-raciais-nas-escolas-municipio-de-quatis\/#breadcrumb","itemListElement":[{"@type":"ListItem","position":1,"name":"In\u00edcio","item":"https:\/\/institucional.ufrrj.br\/eext\/"},{"@type":"ListItem","position":2,"name":"As Rela\u00e7\u00f5es \u00c9tnico-Raciais nas Escolas &#8211; Munic\u00edpio de Quatis"}]},{"@type":"WebSite","@id":"https:\/\/institucional.ufrrj.br\/eext\/#website","url":"https:\/\/institucional.ufrrj.br\/eext\/","name":"Escola de Extens\u00e3o","description":"S\u00f3 mais um site institucional.ufrrj.br","potentialAction":[{"@type":"SearchAction","target":{"@type":"EntryPoint","urlTemplate":"https:\/\/institucional.ufrrj.br\/eext\/?s={search_term_string}"},"query-input":{"@type":"PropertyValueSpecification","valueRequired":true,"valueName":"search_term_string"}}],"inLanguage":"pt-BR"},{"@type":"Person","@id":"https:\/\/institucional.ufrrj.br\/eext\/#\/schema\/person\/c45ed0b951f8b740d9963db04e0f1a40","name":"victoria","image":{"@type":"ImageObject","inLanguage":"pt-BR","@id":"https:\/\/secure.gravatar.com\/avatar\/c49d551beaec9f25f0c1c8a8ab085e46a88d78b92ba22e0933f42554f1eba84d?s=96&d=mm&r=g","url":"https:\/\/secure.gravatar.com\/avatar\/c49d551beaec9f25f0c1c8a8ab085e46a88d78b92ba22e0933f42554f1eba84d?s=96&d=mm&r=g","contentUrl":"https:\/\/secure.gravatar.com\/avatar\/c49d551beaec9f25f0c1c8a8ab085e46a88d78b92ba22e0933f42554f1eba84d?s=96&d=mm&r=g","caption":"victoria"},"description":"GLPI 38266","url":"https:\/\/institucional.ufrrj.br\/eext\/author\/victoria\/"}]}},"acf":[],"_links":{"self":[{"href":"https:\/\/institucional.ufrrj.br\/eext\/wp-json\/wp\/v2\/posts\/6625","targetHints":{"allow":["GET"]}}],"collection":[{"href":"https:\/\/institucional.ufrrj.br\/eext\/wp-json\/wp\/v2\/posts"}],"about":[{"href":"https:\/\/institucional.ufrrj.br\/eext\/wp-json\/wp\/v2\/types\/post"}],"author":[{"embeddable":true,"href":"https:\/\/institucional.ufrrj.br\/eext\/wp-json\/wp\/v2\/users\/899"}],"replies":[{"embeddable":true,"href":"https:\/\/institucional.ufrrj.br\/eext\/wp-json\/wp\/v2\/comments?post=6625"}],"version-history":[{"count":1,"href":"https:\/\/institucional.ufrrj.br\/eext\/wp-json\/wp\/v2\/posts\/6625\/revisions"}],"predecessor-version":[{"id":6627,"href":"https:\/\/institucional.ufrrj.br\/eext\/wp-json\/wp\/v2\/posts\/6625\/revisions\/6627"}],"wp:featuredmedia":[{"embeddable":true,"href":"https:\/\/institucional.ufrrj.br\/eext\/wp-json\/wp\/v2\/media\/6626"}],"wp:attachment":[{"href":"https:\/\/institucional.ufrrj.br\/eext\/wp-json\/wp\/v2\/media?parent=6625"}],"wp:term":[{"taxonomy":"category","embeddable":true,"href":"https:\/\/institucional.ufrrj.br\/eext\/wp-json\/wp\/v2\/categories?post=6625"},{"taxonomy":"post_tag","embeddable":true,"href":"https:\/\/institucional.ufrrj.br\/eext\/wp-json\/wp\/v2\/tags?post=6625"}],"curies":[{"name":"wp","href":"https:\/\/api.w.org\/{rel}","templated":true}]}}