{"id":6615,"date":"2026-04-10T13:50:28","date_gmt":"2026-04-10T16:50:28","guid":{"rendered":"https:\/\/institucional.ufrrj.br\/eext\/?p=6615"},"modified":"2026-04-10T13:50:30","modified_gmt":"2026-04-10T16:50:30","slug":"psicologia-analitica-e-narrativas-biblicas-imagens-do-egito-e-do-sagrado-feminino","status":"publish","type":"post","link":"https:\/\/institucional.ufrrj.br\/eext\/psicologia-analitica-e-narrativas-biblicas-imagens-do-egito-e-do-sagrado-feminino\/","title":{"rendered":"Psicologia Anal\u00edtica e Narrativas B\u00edblicas: Imagens do Egito e do Sagrado Feminino"},"content":{"rendered":"\n<p class=\"wp-block-paragraph\">O curso de extens\u00e3o \u201cPsicologia Anal\u00edtica e Narrativas B\u00edblicas: Imagens do Egito e do Sagrado Feminino\u201d prop\u00f5e um di\u00e1logo entre Psicologia Anal\u00edtica e Literatura B\u00edblica a partir da an\u00e1lise simb\u00f3lica de narrativas presentes na tradi\u00e7\u00e3o hebraica e crist\u00e3. A a\u00e7\u00e3o ser\u00e1 desenvolvida no \u00e2mbito do Programa de P\u00f3s-Gradua\u00e7\u00e3o em Psicologia da Universidade Federal Rural do Rio de Janeiro, envolvendo o professor coordenador do projeto e a equipe de execu\u00e7\u00e3o formada por doutoranda do programa. Em um primeiro momento, ser\u00e3o analisadas narrativas relacionadas ao Egito, especialmente as hist\u00f3rias de Jos\u00e9 e Mois\u00e9s, compreendidas como imagens simb\u00f3licas da forma\u00e7\u00e3o da consci\u00eancia e da travessia humana diante de crises e transforma\u00e7\u00f5es. Em seguida, o curso examina a presen\u00e7a do Sagrado Feminino nas narrativas b\u00edblicas por meio das figuras de Ester, Judite e Rute, investigando seus significados simb\u00f3licos e culturais. A proposta busca refletir sobre as resson\u00e2ncias dessas narrativas na experi\u00eancia ps\u00edquica contempor\u00e2nea e em poss\u00edveis interlocu\u00e7\u00f5es com a cl\u00ednica junguiana, promovendo o di\u00e1logo entre psicologia, literatura e cultura e contribuindo para a difus\u00e3o do conhecimento produzido na universidade.<\/p>\n","protected":false},"excerpt":{"rendered":"<p>O curso de extens\u00e3o \u201cPsicologia Anal\u00edtica e Narrativas B\u00edblicas: Imagens do Egito e do Sagrado Feminino\u201d prop\u00f5e um di\u00e1logo entre <a class=\"read-more\" href=\"https:\/\/institucional.ufrrj.br\/eext\/psicologia-analitica-e-narrativas-biblicas-imagens-do-egito-e-do-sagrado-feminino\/ \" >&#8230; <span class=\"font-italic\">leia mais <i class=\"fas fa-angle-right\"><\/i><\/span><\/a><\/p>\n","protected":false},"author":899,"featured_media":6622,"comment_status":"closed","ping_status":"open","sticky":false,"template":"","format":"standard","meta":{"_acf_changed":false,"footnotes":""},"categories":[30],"tags":[],"class_list":["post-6615","post","type-post","status-publish","format-standard","has-post-thumbnail","hentry","category-cursos"],"aioseo_notices":[],"aioseo_head":"\n\t\t<!-- All in One SEO 5.0.1.1 - aioseo.com -->\n\t<meta name=\"description\" content=\"O curso de extens\u00e3o \u201cPsicologia Anal\u00edtica e Narrativas B\u00edblicas: Imagens do Egito e do Sagrado Feminino\u201d prop\u00f5e um di\u00e1logo entre Psicologia Anal\u00edtica e Literatura B\u00edblica a partir da an\u00e1lise simb\u00f3lica de narrativas presentes na tradi\u00e7\u00e3o hebraica e crist\u00e3. A a\u00e7\u00e3o ser\u00e1 desenvolvida no \u00e2mbito do Programa de P\u00f3s-Gradua\u00e7\u00e3o em Psicologia da Universidade Federal Rural do\" \/>\n\t<meta name=\"robots\" content=\"max-image-preview:large\" \/>\n\t<meta name=\"author\" content=\"victoria\"\/>\n\t<link rel=\"canonical\" href=\"https:\/\/institucional.ufrrj.br\/eext\/psicologia-analitica-e-narrativas-biblicas-imagens-do-egito-e-do-sagrado-feminino\/\" \/>\n\t<meta name=\"generator\" content=\"All in One SEO (AIOSEO) 5.0.1.1\" \/>\n\t\t<meta property=\"og:locale\" content=\"pt_BR\" \/>\n\t\t<meta property=\"og:site_name\" content=\"Escola de Extens\u00e3o - S\u00f3 mais um site institucional.ufrrj.br\" \/>\n\t\t<meta property=\"og:type\" content=\"article\" \/>\n\t\t<meta property=\"og:title\" content=\"Psicologia Anal\u00edtica e Narrativas B\u00edblicas: Imagens do Egito e do Sagrado Feminino - Escola de Extens\u00e3o\" \/>\n\t\t<meta property=\"og:description\" content=\"O curso de extens\u00e3o \u201cPsicologia Anal\u00edtica e Narrativas B\u00edblicas: Imagens do Egito e do Sagrado Feminino\u201d prop\u00f5e um di\u00e1logo entre Psicologia Anal\u00edtica e Literatura B\u00edblica a partir da an\u00e1lise simb\u00f3lica de narrativas presentes na tradi\u00e7\u00e3o hebraica e crist\u00e3. A a\u00e7\u00e3o ser\u00e1 desenvolvida no \u00e2mbito do Programa de P\u00f3s-Gradua\u00e7\u00e3o em Psicologia da Universidade Federal Rural do\" \/>\n\t\t<meta property=\"og:url\" content=\"https:\/\/institucional.ufrrj.br\/eext\/psicologia-analitica-e-narrativas-biblicas-imagens-do-egito-e-do-sagrado-feminino\/\" \/>\n\t\t<meta property=\"article:published_time\" content=\"2026-04-10T16:50:28+00:00\" \/>\n\t\t<meta property=\"article:modified_time\" content=\"2026-04-10T16:50:30+00:00\" \/>\n\t\t<meta name=\"twitter:card\" content=\"summary_large_image\" \/>\n\t\t<meta name=\"twitter:title\" content=\"Psicologia Anal\u00edtica e Narrativas B\u00edblicas: Imagens do Egito e do Sagrado Feminino - Escola de Extens\u00e3o\" \/>\n\t\t<meta name=\"twitter:description\" content=\"O curso de extens\u00e3o \u201cPsicologia Anal\u00edtica e Narrativas B\u00edblicas: Imagens do Egito e do Sagrado Feminino\u201d prop\u00f5e um di\u00e1logo entre Psicologia Anal\u00edtica e Literatura B\u00edblica a partir da an\u00e1lise simb\u00f3lica de narrativas presentes na tradi\u00e7\u00e3o hebraica e crist\u00e3. A a\u00e7\u00e3o ser\u00e1 desenvolvida no \u00e2mbito do Programa de P\u00f3s-Gradua\u00e7\u00e3o em Psicologia da Universidade Federal Rural do\" \/>\n\t\t<script type=\"application\/ld+json\" class=\"aioseo-schema\">\n\t\t\t{\"@context\":\"https:\\\/\\\/schema.org\",\"@graph\":[{\"@type\":\"BlogPosting\",\"@id\":\"https:\\\/\\\/institucional.ufrrj.br\\\/eext\\\/psicologia-analitica-e-narrativas-biblicas-imagens-do-egito-e-do-sagrado-feminino\\\/#blogposting\",\"name\":\"Psicologia Anal\\u00edtica e Narrativas B\\u00edblicas: Imagens do Egito e do Sagrado Feminino - Escola de Extens\\u00e3o\",\"headline\":\"Psicologia Anal\\u00edtica e Narrativas B\\u00edblicas: Imagens do Egito e do Sagrado Feminino\",\"author\":{\"@id\":\"https:\\\/\\\/institucional.ufrrj.br\\\/eext\\\/author\\\/victoria\\\/#author\"},\"publisher\":{\"@id\":\"https:\\\/\\\/institucional.ufrrj.br\\\/eext\\\/#organization\"},\"image\":{\"@type\":\"ImageObject\",\"url\":\"https:\\\/\\\/institucional.ufrrj.br\\\/eext\\\/files\\\/2026\\\/04\\\/img_psicologia_egito.png\",\"width\":800,\"height\":400},\"datePublished\":\"2026-04-10T13:50:28-03:00\",\"dateModified\":\"2026-04-10T13:50:30-03:00\",\"inLanguage\":\"pt-BR\",\"mainEntityOfPage\":{\"@id\":\"https:\\\/\\\/institucional.ufrrj.br\\\/eext\\\/psicologia-analitica-e-narrativas-biblicas-imagens-do-egito-e-do-sagrado-feminino\\\/#webpage\"},\"isPartOf\":{\"@id\":\"https:\\\/\\\/institucional.ufrrj.br\\\/eext\\\/psicologia-analitica-e-narrativas-biblicas-imagens-do-egito-e-do-sagrado-feminino\\\/#webpage\"},\"articleSection\":\"Cursos\"},{\"@type\":\"BreadcrumbList\",\"@id\":\"https:\\\/\\\/institucional.ufrrj.br\\\/eext\\\/psicologia-analitica-e-narrativas-biblicas-imagens-do-egito-e-do-sagrado-feminino\\\/#breadcrumblist\",\"itemListElement\":[{\"@type\":\"ListItem\",\"@id\":\"https:\\\/\\\/institucional.ufrrj.br\\\/eext#listItem\",\"position\":1,\"name\":\"In\\u00edcio\",\"item\":\"https:\\\/\\\/institucional.ufrrj.br\\\/eext\",\"nextItem\":{\"@type\":\"ListItem\",\"@id\":\"https:\\\/\\\/institucional.ufrrj.br\\\/eext\\\/category\\\/cursos\\\/#listItem\",\"name\":\"Cursos\"}},{\"@type\":\"ListItem\",\"@id\":\"https:\\\/\\\/institucional.ufrrj.br\\\/eext\\\/category\\\/cursos\\\/#listItem\",\"position\":2,\"name\":\"Cursos\",\"item\":\"https:\\\/\\\/institucional.ufrrj.br\\\/eext\\\/category\\\/cursos\\\/\",\"nextItem\":{\"@type\":\"ListItem\",\"@id\":\"https:\\\/\\\/institucional.ufrrj.br\\\/eext\\\/psicologia-analitica-e-narrativas-biblicas-imagens-do-egito-e-do-sagrado-feminino\\\/#listItem\",\"name\":\"Psicologia Anal\\u00edtica e Narrativas B\\u00edblicas: Imagens do Egito e do Sagrado Feminino\"},\"previousItem\":{\"@type\":\"ListItem\",\"@id\":\"https:\\\/\\\/institucional.ufrrj.br\\\/eext#listItem\",\"name\":\"In\\u00edcio\"}},{\"@type\":\"ListItem\",\"@id\":\"https:\\\/\\\/institucional.ufrrj.br\\\/eext\\\/psicologia-analitica-e-narrativas-biblicas-imagens-do-egito-e-do-sagrado-feminino\\\/#listItem\",\"position\":3,\"name\":\"Psicologia Anal\\u00edtica e Narrativas B\\u00edblicas: Imagens do Egito e do Sagrado Feminino\",\"previousItem\":{\"@type\":\"ListItem\",\"@id\":\"https:\\\/\\\/institucional.ufrrj.br\\\/eext\\\/category\\\/cursos\\\/#listItem\",\"name\":\"Cursos\"}}]},{\"@type\":\"Organization\",\"@id\":\"https:\\\/\\\/institucional.ufrrj.br\\\/eext\\\/#organization\",\"name\":\"Escola de Extens\\u00e3o\",\"description\":\"S\\u00f3 mais um site institucional.ufrrj.br\",\"url\":\"https:\\\/\\\/institucional.ufrrj.br\\\/eext\\\/\"},{\"@type\":\"Person\",\"@id\":\"https:\\\/\\\/institucional.ufrrj.br\\\/eext\\\/author\\\/victoria\\\/#author\",\"url\":\"https:\\\/\\\/institucional.ufrrj.br\\\/eext\\\/author\\\/victoria\\\/\",\"name\":\"victoria\",\"image\":{\"@type\":\"ImageObject\",\"@id\":\"https:\\\/\\\/institucional.ufrrj.br\\\/eext\\\/psicologia-analitica-e-narrativas-biblicas-imagens-do-egito-e-do-sagrado-feminino\\\/#authorImage\",\"url\":\"https:\\\/\\\/secure.gravatar.com\\\/avatar\\\/c49d551beaec9f25f0c1c8a8ab085e46a88d78b92ba22e0933f42554f1eba84d?s=96&d=mm&r=g\",\"width\":96,\"height\":96,\"caption\":\"victoria\"}},{\"@type\":\"WebPage\",\"@id\":\"https:\\\/\\\/institucional.ufrrj.br\\\/eext\\\/psicologia-analitica-e-narrativas-biblicas-imagens-do-egito-e-do-sagrado-feminino\\\/#webpage\",\"url\":\"https:\\\/\\\/institucional.ufrrj.br\\\/eext\\\/psicologia-analitica-e-narrativas-biblicas-imagens-do-egito-e-do-sagrado-feminino\\\/\",\"name\":\"Psicologia Anal\\u00edtica e Narrativas B\\u00edblicas: Imagens do Egito e do Sagrado Feminino - Escola de Extens\\u00e3o\",\"description\":\"O curso de extens\\u00e3o \\u201cPsicologia Anal\\u00edtica e Narrativas B\\u00edblicas: Imagens do Egito e do Sagrado Feminino\\u201d prop\\u00f5e um di\\u00e1logo entre Psicologia Anal\\u00edtica e Literatura B\\u00edblica a partir da an\\u00e1lise simb\\u00f3lica de narrativas presentes na tradi\\u00e7\\u00e3o hebraica e crist\\u00e3. A a\\u00e7\\u00e3o ser\\u00e1 desenvolvida no \\u00e2mbito do Programa de P\\u00f3s-Gradua\\u00e7\\u00e3o em Psicologia da Universidade Federal Rural do\",\"inLanguage\":\"pt-BR\",\"isPartOf\":{\"@id\":\"https:\\\/\\\/institucional.ufrrj.br\\\/eext\\\/#website\"},\"breadcrumb\":{\"@id\":\"https:\\\/\\\/institucional.ufrrj.br\\\/eext\\\/psicologia-analitica-e-narrativas-biblicas-imagens-do-egito-e-do-sagrado-feminino\\\/#breadcrumblist\"},\"author\":{\"@id\":\"https:\\\/\\\/institucional.ufrrj.br\\\/eext\\\/author\\\/victoria\\\/#author\"},\"creator\":{\"@id\":\"https:\\\/\\\/institucional.ufrrj.br\\\/eext\\\/author\\\/victoria\\\/#author\"},\"image\":{\"@type\":\"ImageObject\",\"url\":\"https:\\\/\\\/institucional.ufrrj.br\\\/eext\\\/files\\\/2026\\\/04\\\/img_psicologia_egito.png\",\"@id\":\"https:\\\/\\\/institucional.ufrrj.br\\\/eext\\\/psicologia-analitica-e-narrativas-biblicas-imagens-do-egito-e-do-sagrado-feminino\\\/#mainImage\",\"width\":800,\"height\":400},\"primaryImageOfPage\":{\"@id\":\"https:\\\/\\\/institucional.ufrrj.br\\\/eext\\\/psicologia-analitica-e-narrativas-biblicas-imagens-do-egito-e-do-sagrado-feminino\\\/#mainImage\"},\"datePublished\":\"2026-04-10T13:50:28-03:00\",\"dateModified\":\"2026-04-10T13:50:30-03:00\"},{\"@type\":\"WebSite\",\"@id\":\"https:\\\/\\\/institucional.ufrrj.br\\\/eext\\\/#website\",\"url\":\"https:\\\/\\\/institucional.ufrrj.br\\\/eext\\\/\",\"name\":\"Escola de Extens\\u00e3o\",\"description\":\"S\\u00f3 mais um site institucional.ufrrj.br\",\"inLanguage\":\"pt-BR\",\"publisher\":{\"@id\":\"https:\\\/\\\/institucional.ufrrj.br\\\/eext\\\/#organization\"}}]}\n\t\t<\/script>\n\t\t<!-- All in One SEO -->\n\n","aioseo_head_json":{"title":"Psicologia Anal\u00edtica e Narrativas B\u00edblicas: Imagens do Egito e do Sagrado Feminino - Escola de Extens\u00e3o","description":"O curso de extens\u00e3o \u201cPsicologia Anal\u00edtica e Narrativas B\u00edblicas: Imagens do Egito e do Sagrado Feminino\u201d prop\u00f5e um di\u00e1logo entre Psicologia Anal\u00edtica e Literatura B\u00edblica a partir da an\u00e1lise simb\u00f3lica de narrativas presentes na tradi\u00e7\u00e3o hebraica e crist\u00e3. A a\u00e7\u00e3o ser\u00e1 desenvolvida no \u00e2mbito do Programa de P\u00f3s-Gradua\u00e7\u00e3o em Psicologia da Universidade Federal Rural do","canonical_url":"https:\/\/institucional.ufrrj.br\/eext\/psicologia-analitica-e-narrativas-biblicas-imagens-do-egito-e-do-sagrado-feminino\/","robots":"max-image-preview:large","keywords":"","webmasterTools":{"miscellaneous":""},"schema":{"@context":"https:\/\/schema.org","@graph":[{"@type":"BlogPosting","@id":"https:\/\/institucional.ufrrj.br\/eext\/psicologia-analitica-e-narrativas-biblicas-imagens-do-egito-e-do-sagrado-feminino\/#blogposting","name":"Psicologia Anal\u00edtica e Narrativas B\u00edblicas: Imagens do Egito e do Sagrado Feminino - Escola de Extens\u00e3o","headline":"Psicologia Anal\u00edtica e Narrativas B\u00edblicas: Imagens do Egito e do Sagrado Feminino","author":{"@id":"https:\/\/institucional.ufrrj.br\/eext\/author\/victoria\/#author"},"publisher":{"@id":"https:\/\/institucional.ufrrj.br\/eext\/#organization"},"image":{"@type":"ImageObject","url":"https:\/\/institucional.ufrrj.br\/eext\/files\/2026\/04\/img_psicologia_egito.png","width":800,"height":400},"datePublished":"2026-04-10T13:50:28-03:00","dateModified":"2026-04-10T13:50:30-03:00","inLanguage":"pt-BR","mainEntityOfPage":{"@id":"https:\/\/institucional.ufrrj.br\/eext\/psicologia-analitica-e-narrativas-biblicas-imagens-do-egito-e-do-sagrado-feminino\/#webpage"},"isPartOf":{"@id":"https:\/\/institucional.ufrrj.br\/eext\/psicologia-analitica-e-narrativas-biblicas-imagens-do-egito-e-do-sagrado-feminino\/#webpage"},"articleSection":"Cursos"},{"@type":"BreadcrumbList","@id":"https:\/\/institucional.ufrrj.br\/eext\/psicologia-analitica-e-narrativas-biblicas-imagens-do-egito-e-do-sagrado-feminino\/#breadcrumblist","itemListElement":[{"@type":"ListItem","@id":"https:\/\/institucional.ufrrj.br\/eext#listItem","position":1,"name":"In\u00edcio","item":"https:\/\/institucional.ufrrj.br\/eext","nextItem":{"@type":"ListItem","@id":"https:\/\/institucional.ufrrj.br\/eext\/category\/cursos\/#listItem","name":"Cursos"}},{"@type":"ListItem","@id":"https:\/\/institucional.ufrrj.br\/eext\/category\/cursos\/#listItem","position":2,"name":"Cursos","item":"https:\/\/institucional.ufrrj.br\/eext\/category\/cursos\/","nextItem":{"@type":"ListItem","@id":"https:\/\/institucional.ufrrj.br\/eext\/psicologia-analitica-e-narrativas-biblicas-imagens-do-egito-e-do-sagrado-feminino\/#listItem","name":"Psicologia Anal\u00edtica e Narrativas B\u00edblicas: Imagens do Egito e do Sagrado Feminino"},"previousItem":{"@type":"ListItem","@id":"https:\/\/institucional.ufrrj.br\/eext#listItem","name":"In\u00edcio"}},{"@type":"ListItem","@id":"https:\/\/institucional.ufrrj.br\/eext\/psicologia-analitica-e-narrativas-biblicas-imagens-do-egito-e-do-sagrado-feminino\/#listItem","position":3,"name":"Psicologia Anal\u00edtica e Narrativas B\u00edblicas: Imagens do Egito e do Sagrado Feminino","previousItem":{"@type":"ListItem","@id":"https:\/\/institucional.ufrrj.br\/eext\/category\/cursos\/#listItem","name":"Cursos"}}]},{"@type":"Organization","@id":"https:\/\/institucional.ufrrj.br\/eext\/#organization","name":"Escola de Extens\u00e3o","description":"S\u00f3 mais um site institucional.ufrrj.br","url":"https:\/\/institucional.ufrrj.br\/eext\/"},{"@type":"Person","@id":"https:\/\/institucional.ufrrj.br\/eext\/author\/victoria\/#author","url":"https:\/\/institucional.ufrrj.br\/eext\/author\/victoria\/","name":"victoria","image":{"@type":"ImageObject","@id":"https:\/\/institucional.ufrrj.br\/eext\/psicologia-analitica-e-narrativas-biblicas-imagens-do-egito-e-do-sagrado-feminino\/#authorImage","url":"https:\/\/secure.gravatar.com\/avatar\/c49d551beaec9f25f0c1c8a8ab085e46a88d78b92ba22e0933f42554f1eba84d?s=96&d=mm&r=g","width":96,"height":96,"caption":"victoria"}},{"@type":"WebPage","@id":"https:\/\/institucional.ufrrj.br\/eext\/psicologia-analitica-e-narrativas-biblicas-imagens-do-egito-e-do-sagrado-feminino\/#webpage","url":"https:\/\/institucional.ufrrj.br\/eext\/psicologia-analitica-e-narrativas-biblicas-imagens-do-egito-e-do-sagrado-feminino\/","name":"Psicologia Anal\u00edtica e Narrativas B\u00edblicas: Imagens do Egito e do Sagrado Feminino - Escola de Extens\u00e3o","description":"O curso de extens\u00e3o \u201cPsicologia Anal\u00edtica e Narrativas B\u00edblicas: Imagens do Egito e do Sagrado Feminino\u201d prop\u00f5e um di\u00e1logo entre Psicologia Anal\u00edtica e Literatura B\u00edblica a partir da an\u00e1lise simb\u00f3lica de narrativas presentes na tradi\u00e7\u00e3o hebraica e crist\u00e3. A a\u00e7\u00e3o ser\u00e1 desenvolvida no \u00e2mbito do Programa de P\u00f3s-Gradua\u00e7\u00e3o em Psicologia da Universidade Federal Rural do","inLanguage":"pt-BR","isPartOf":{"@id":"https:\/\/institucional.ufrrj.br\/eext\/#website"},"breadcrumb":{"@id":"https:\/\/institucional.ufrrj.br\/eext\/psicologia-analitica-e-narrativas-biblicas-imagens-do-egito-e-do-sagrado-feminino\/#breadcrumblist"},"author":{"@id":"https:\/\/institucional.ufrrj.br\/eext\/author\/victoria\/#author"},"creator":{"@id":"https:\/\/institucional.ufrrj.br\/eext\/author\/victoria\/#author"},"image":{"@type":"ImageObject","url":"https:\/\/institucional.ufrrj.br\/eext\/files\/2026\/04\/img_psicologia_egito.png","@id":"https:\/\/institucional.ufrrj.br\/eext\/psicologia-analitica-e-narrativas-biblicas-imagens-do-egito-e-do-sagrado-feminino\/#mainImage","width":800,"height":400},"primaryImageOfPage":{"@id":"https:\/\/institucional.ufrrj.br\/eext\/psicologia-analitica-e-narrativas-biblicas-imagens-do-egito-e-do-sagrado-feminino\/#mainImage"},"datePublished":"2026-04-10T13:50:28-03:00","dateModified":"2026-04-10T13:50:30-03:00"},{"@type":"WebSite","@id":"https:\/\/institucional.ufrrj.br\/eext\/#website","url":"https:\/\/institucional.ufrrj.br\/eext\/","name":"Escola de Extens\u00e3o","description":"S\u00f3 mais um site institucional.ufrrj.br","inLanguage":"pt-BR","publisher":{"@id":"https:\/\/institucional.ufrrj.br\/eext\/#organization"}}]},"og:locale":"pt_BR","og:site_name":"Escola de Extens\u00e3o - S\u00f3 mais um site institucional.ufrrj.br","og:type":"article","og:title":"Psicologia Anal\u00edtica e Narrativas B\u00edblicas: Imagens do Egito e do Sagrado Feminino - Escola de Extens\u00e3o","og:description":"O curso de extens\u00e3o \u201cPsicologia Anal\u00edtica e Narrativas B\u00edblicas: Imagens do Egito e do Sagrado Feminino\u201d prop\u00f5e um di\u00e1logo entre Psicologia Anal\u00edtica e Literatura B\u00edblica a partir da an\u00e1lise simb\u00f3lica de narrativas presentes na tradi\u00e7\u00e3o hebraica e crist\u00e3. A a\u00e7\u00e3o ser\u00e1 desenvolvida no \u00e2mbito do Programa de P\u00f3s-Gradua\u00e7\u00e3o em Psicologia da Universidade Federal Rural do","og:url":"https:\/\/institucional.ufrrj.br\/eext\/psicologia-analitica-e-narrativas-biblicas-imagens-do-egito-e-do-sagrado-feminino\/","article:published_time":"2026-04-10T16:50:28+00:00","article:modified_time":"2026-04-10T16:50:30+00:00","twitter:card":"summary_large_image","twitter:title":"Psicologia Anal\u00edtica e Narrativas B\u00edblicas: Imagens do Egito e do Sagrado Feminino - Escola de Extens\u00e3o","twitter:description":"O curso de extens\u00e3o \u201cPsicologia Anal\u00edtica e Narrativas B\u00edblicas: Imagens do Egito e do Sagrado Feminino\u201d prop\u00f5e um di\u00e1logo entre Psicologia Anal\u00edtica e Literatura B\u00edblica a partir da an\u00e1lise simb\u00f3lica de narrativas presentes na tradi\u00e7\u00e3o hebraica e crist\u00e3. A a\u00e7\u00e3o ser\u00e1 desenvolvida no \u00e2mbito do Programa de P\u00f3s-Gradua\u00e7\u00e3o em Psicologia da Universidade Federal Rural do"},"aioseo_meta_data":{"post_id":"6615","title":null,"description":null,"keywords":null,"keyphrases":null,"focus_keyword":null,"additional_keywords":null,"truseo_locale":null,"primary_term":null,"canonical_url":null,"og_title":null,"og_description":null,"og_object_type":"default","og_image_type":"default","og_image_custom_url":null,"og_image_custom_fields":null,"og_image_url":null,"og_image_width":null,"og_image_height":null,"og_video":null,"og_custom_url":null,"og_article_section":null,"og_article_tags":null,"twitter_use_og":true,"twitter_card":"default","twitter_image_type":"default","twitter_image_custom_url":null,"twitter_image_custom_fields":null,"twitter_image_url":null,"twitter_title":null,"twitter_description":null,"schema_type":"default","schema_type_options":null,"schema":{"blockGraphs":[],"customGraphs":[],"default":{"data":{"Article":[],"Course":[],"Dataset":[],"FAQPage":[],"Movie":[],"Person":[],"Product":[],"ProductReview":[],"Car":[],"Recipe":[],"Service":[],"SoftwareApplication":[],"WebPage":[]},"graphName":"","isEnabled":true},"graphs":[]},"pillar_content":false,"robots_default":true,"robots_noindex":false,"robots_noarchive":false,"robots_nosnippet":false,"robots_nofollow":false,"robots_noimageindex":false,"robots_noodp":false,"robots_notranslate":false,"robots_max_snippet":null,"robots_max_videopreview":null,"robots_max_imagepreview":"large","priority":null,"frequency":null,"local_seo":null,"limit_modified_date":false,"ai":null,"breadcrumb_settings":null,"seo_analyzer_scan_date":null,"created":"2026-09-02 21:57:14","updated":"2026-09-02 21:57:14"},"aioseo_breadcrumb":"<div class=\"aioseo-breadcrumbs\"><span class=\"aioseo-breadcrumb\">\n\t\t\t<a href=\"https:\/\/institucional.ufrrj.br\/eext\" title=\"In\u00edcio\">In\u00edcio<\/a>\n\t\t<\/span><span class=\"aioseo-breadcrumb-separator\">&raquo;<\/span><span class=\"aioseo-breadcrumb\">\n\t\t\t<a href=\"https:\/\/institucional.ufrrj.br\/eext\/category\/cursos\/\" title=\"Cursos\">Cursos<\/a>\n\t\t<\/span><span class=\"aioseo-breadcrumb-separator\">&raquo;<\/span><span class=\"aioseo-breadcrumb\">\n\t\t\tPsicologia Anal\u00edtica e Narrativas B\u00edblicas: Imagens do Egito e do Sagrado Feminino\n\t\t<\/span><\/div>","aioseo_breadcrumb_json":[{"label":"In\u00edcio","link":"https:\/\/institucional.ufrrj.br\/eext"},{"label":"Cursos","link":"https:\/\/institucional.ufrrj.br\/eext\/category\/cursos\/"},{"label":"Psicologia Anal\u00edtica e Narrativas B\u00edblicas: Imagens do Egito e do Sagrado Feminino","link":"https:\/\/institucional.ufrrj.br\/eext\/psicologia-analitica-e-narrativas-biblicas-imagens-do-egito-e-do-sagrado-feminino\/"}],"acf":[],"_links":{"self":[{"href":"https:\/\/institucional.ufrrj.br\/eext\/wp-json\/wp\/v2\/posts\/6615","targetHints":{"allow":["GET"]}}],"collection":[{"href":"https:\/\/institucional.ufrrj.br\/eext\/wp-json\/wp\/v2\/posts"}],"about":[{"href":"https:\/\/institucional.ufrrj.br\/eext\/wp-json\/wp\/v2\/types\/post"}],"author":[{"embeddable":true,"href":"https:\/\/institucional.ufrrj.br\/eext\/wp-json\/wp\/v2\/users\/899"}],"replies":[{"embeddable":true,"href":"https:\/\/institucional.ufrrj.br\/eext\/wp-json\/wp\/v2\/comments?post=6615"}],"version-history":[{"count":1,"href":"https:\/\/institucional.ufrrj.br\/eext\/wp-json\/wp\/v2\/posts\/6615\/revisions"}],"predecessor-version":[{"id":6621,"href":"https:\/\/institucional.ufrrj.br\/eext\/wp-json\/wp\/v2\/posts\/6615\/revisions\/6621"}],"wp:featuredmedia":[{"embeddable":true,"href":"https:\/\/institucional.ufrrj.br\/eext\/wp-json\/wp\/v2\/media\/6622"}],"wp:attachment":[{"href":"https:\/\/institucional.ufrrj.br\/eext\/wp-json\/wp\/v2\/media?parent=6615"}],"wp:term":[{"taxonomy":"category","embeddable":true,"href":"https:\/\/institucional.ufrrj.br\/eext\/wp-json\/wp\/v2\/categories?post=6615"},{"taxonomy":"post_tag","embeddable":true,"href":"https:\/\/institucional.ufrrj.br\/eext\/wp-json\/wp\/v2\/tags?post=6615"}],"curies":[{"name":"wp","href":"https:\/\/api.w.org\/{rel}","templated":true}]}}