{"id":6610,"date":"2026-04-07T14:37:21","date_gmt":"2026-04-07T17:37:21","guid":{"rendered":"https:\/\/institucional.ufrrj.br\/eext\/?p=6610"},"modified":"2026-04-07T14:37:23","modified_gmt":"2026-04-07T17:37:23","slug":"alfabetizacao-e-desenho-universal-para-aprendizagem-criacao-de-boas-praticas-inclusivas-para-o-aprendizado-da-leitura-e-da-escrita","status":"publish","type":"post","link":"https:\/\/institucional.ufrrj.br\/eext\/alfabetizacao-e-desenho-universal-para-aprendizagem-criacao-de-boas-praticas-inclusivas-para-o-aprendizado-da-leitura-e-da-escrita\/","title":{"rendered":"Alfabetiza\u00e7\u00e3o e Desenho Universal para Aprendizagem: cria\u00e7\u00e3o de boas pr\u00e1ticas inclusivas para o aprendizado da leitura e da escrita."},"content":{"rendered":"\n<p class=\"wp-block-paragraph\">Dados de 2023 do Sistema de Avalia\u00e7\u00e3o da Educa\u00e7\u00e3o B\u00e1sica (SAEB), revelaram a necessidade de fortalecer pr\u00e1ticas pedag\u00f3gicas e interven\u00e7\u00f5es, com foco no efetivo aprendizado da leitura e da escrita. Esta, vista como uma pr\u00e1tica a ser desenvolvida nos primeiros anos do ensino fundamental. Envolve a apropria\u00e7\u00e3o do sistema de escrita alfab\u00e9tica e a participa\u00e7\u00e3o em pr\u00e1ticas sociais de linguagem. Exige do professor alfabetizador, ensino expl\u00edcito, sistem\u00e1tico e o acompanhamento cont\u00ednuo do progresso do aluno. Neste aspecto a dimens\u00e3o formativa docente se torna condi\u00e7\u00e3o que se destaca para a constru\u00e7\u00e3o de interven\u00e7\u00f5es que favore\u00e7am o aprendizado de todos os alunos, considerando tamb\u00e9m o p\u00fablico da Educa\u00e7\u00e3o Especial (pessoa com defici\u00eancia intelectual, transtorno do espectro do autismo, altas habilidades e superdota\u00e7\u00e3o). A perspectiva da educa\u00e7\u00e3o inclusiva, se concretiza com acessibilidade e estrat\u00e9gias diferenciadas, no uso de tecnologia e tecnologia assistiva, na intensifica\u00e7\u00e3o de apoio, entre o trabalho \u00a0colaborativo, e na forma\u00e7\u00e3o continuada dos profissionais envolvidos na alfabetiza\u00e7\u00e3o.\u00a0 Em todos os sentidos, a forma\u00e7\u00e3o docente em alfabetiza\u00e7\u00e3o \u00e9 a condi\u00e7\u00e3o para amplia\u00e7\u00e3o dos conhecimentos a favor da constru\u00e7\u00e3o de pr\u00e1ticas pedag\u00f3gicas, \u00a0e estrat\u00e9gias inclusivas para o desenvolvimento da leitura e da escrita. A partir disso, o curso de extens\u00e3o &#8220;Alfabetiza\u00e7\u00e3o e Desenho Universal para Aprendizagem: cria\u00e7\u00e3o de boas pr\u00e1ticas inclusivas para o aprendizado da leitura e da escrita\u201d tem como objetivo desenvolver e analisar recursos pedag\u00f3gicos que favore\u00e7am o aprendizado inicial e consolidado da leitura e escrita na perspectiva inclusiva, articulado a acessibilidade curricular, tecnologia e Tecnologia Assistiva. Pretende potencializar o conhecimento de profissionais que atuam na \u00e1rea da alfabetiza\u00e7\u00e3o, e oferecer oportunidade aos discentes da licenciatura em Educa\u00e7\u00e3o Especial, via curriculariza\u00e7\u00e3o, em forma\u00e7\u00e3o te\u00f3rico-pr\u00e1tica no aprendizado de crian\u00e7as da leitura e da escrita. \u00a0<\/p>\n","protected":false},"excerpt":{"rendered":"<p>Dados de 2023 do Sistema de Avalia\u00e7\u00e3o da Educa\u00e7\u00e3o B\u00e1sica (SAEB), revelaram a necessidade de fortalecer pr\u00e1ticas pedag\u00f3gicas e interven\u00e7\u00f5es, <a class=\"read-more\" href=\"https:\/\/institucional.ufrrj.br\/eext\/alfabetizacao-e-desenho-universal-para-aprendizagem-criacao-de-boas-praticas-inclusivas-para-o-aprendizado-da-leitura-e-da-escrita\/ \" >&#8230; <span class=\"font-italic\">leia mais <i class=\"fas fa-angle-right\"><\/i><\/span><\/a><\/p>\n","protected":false},"author":707,"featured_media":6612,"comment_status":"closed","ping_status":"open","sticky":false,"template":"","format":"standard","meta":{"_acf_changed":false,"footnotes":""},"categories":[30],"tags":[],"class_list":["post-6610","post","type-post","status-publish","format-standard","has-post-thumbnail","hentry","category-cursos"],"aioseo_notices":[],"aioseo_head":"\n\t\t<!-- All in One SEO 5.0.1.1 - aioseo.com -->\n\t<meta name=\"description\" content=\"Dados de 2023 do Sistema de Avalia\u00e7\u00e3o da Educa\u00e7\u00e3o B\u00e1sica (SAEB), revelaram a necessidade de fortalecer pr\u00e1ticas pedag\u00f3gicas e interven\u00e7\u00f5es, com foco no efetivo aprendizado da leitura e da escrita. Esta, vista como uma pr\u00e1tica a ser desenvolvida nos primeiros anos do ensino fundamental. Envolve a apropria\u00e7\u00e3o do sistema de escrita alfab\u00e9tica e a participa\u00e7\u00e3o\" \/>\n\t<meta name=\"robots\" content=\"max-image-preview:large\" \/>\n\t<meta name=\"author\" content=\"luciano\"\/>\n\t<link rel=\"canonical\" href=\"https:\/\/institucional.ufrrj.br\/eext\/alfabetizacao-e-desenho-universal-para-aprendizagem-criacao-de-boas-praticas-inclusivas-para-o-aprendizado-da-leitura-e-da-escrita\/\" \/>\n\t<meta name=\"generator\" content=\"All in One SEO (AIOSEO) 5.0.1.1\" \/>\n\t\t<meta property=\"og:locale\" content=\"pt_BR\" \/>\n\t\t<meta property=\"og:site_name\" content=\"Escola de Extens\u00e3o - S\u00f3 mais um site institucional.ufrrj.br\" \/>\n\t\t<meta property=\"og:type\" content=\"article\" \/>\n\t\t<meta property=\"og:title\" content=\"Alfabetiza\u00e7\u00e3o e Desenho Universal para Aprendizagem: cria\u00e7\u00e3o de boas pr\u00e1ticas inclusivas para o aprendizado da leitura e da escrita. - Escola de Extens\u00e3o\" \/>\n\t\t<meta property=\"og:description\" content=\"Dados de 2023 do Sistema de Avalia\u00e7\u00e3o da Educa\u00e7\u00e3o B\u00e1sica (SAEB), revelaram a necessidade de fortalecer pr\u00e1ticas pedag\u00f3gicas e interven\u00e7\u00f5es, com foco no efetivo aprendizado da leitura e da escrita. Esta, vista como uma pr\u00e1tica a ser desenvolvida nos primeiros anos do ensino fundamental. Envolve a apropria\u00e7\u00e3o do sistema de escrita alfab\u00e9tica e a participa\u00e7\u00e3o\" \/>\n\t\t<meta property=\"og:url\" content=\"https:\/\/institucional.ufrrj.br\/eext\/alfabetizacao-e-desenho-universal-para-aprendizagem-criacao-de-boas-praticas-inclusivas-para-o-aprendizado-da-leitura-e-da-escrita\/\" \/>\n\t\t<meta property=\"article:published_time\" content=\"2026-04-07T17:37:21+00:00\" \/>\n\t\t<meta property=\"article:modified_time\" content=\"2026-04-07T17:37:23+00:00\" \/>\n\t\t<meta name=\"twitter:card\" content=\"summary_large_image\" \/>\n\t\t<meta name=\"twitter:title\" content=\"Alfabetiza\u00e7\u00e3o e Desenho Universal para Aprendizagem: cria\u00e7\u00e3o de boas pr\u00e1ticas inclusivas para o aprendizado da leitura e da escrita. - Escola de Extens\u00e3o\" \/>\n\t\t<meta name=\"twitter:description\" content=\"Dados de 2023 do Sistema de Avalia\u00e7\u00e3o da Educa\u00e7\u00e3o B\u00e1sica (SAEB), revelaram a necessidade de fortalecer pr\u00e1ticas pedag\u00f3gicas e interven\u00e7\u00f5es, com foco no efetivo aprendizado da leitura e da escrita. Esta, vista como uma pr\u00e1tica a ser desenvolvida nos primeiros anos do ensino fundamental. Envolve a apropria\u00e7\u00e3o do sistema de escrita alfab\u00e9tica e a participa\u00e7\u00e3o\" \/>\n\t\t<script type=\"application\/ld+json\" class=\"aioseo-schema\">\n\t\t\t{\"@context\":\"https:\\\/\\\/schema.org\",\"@graph\":[{\"@type\":\"BlogPosting\",\"@id\":\"https:\\\/\\\/institucional.ufrrj.br\\\/eext\\\/alfabetizacao-e-desenho-universal-para-aprendizagem-criacao-de-boas-praticas-inclusivas-para-o-aprendizado-da-leitura-e-da-escrita\\\/#blogposting\",\"name\":\"Alfabetiza\\u00e7\\u00e3o e Desenho Universal para Aprendizagem: cria\\u00e7\\u00e3o de boas pr\\u00e1ticas inclusivas para o aprendizado da leitura e da escrita. - Escola de Extens\\u00e3o\",\"headline\":\"Alfabetiza\\u00e7\\u00e3o e Desenho Universal para Aprendizagem: cria\\u00e7\\u00e3o de boas pr\\u00e1ticas inclusivas para o aprendizado da leitura e da escrita.\",\"author\":{\"@id\":\"https:\\\/\\\/institucional.ufrrj.br\\\/eext\\\/author\\\/luk1\\\/#author\"},\"publisher\":{\"@id\":\"https:\\\/\\\/institucional.ufrrj.br\\\/eext\\\/#organization\"},\"image\":{\"@type\":\"ImageObject\",\"url\":\"https:\\\/\\\/institucional.ufrrj.br\\\/eext\\\/files\\\/2026\\\/04\\\/260407_img_alfabetizacao_inclusao.png\",\"width\":800,\"height\":400},\"datePublished\":\"2026-04-07T14:37:21-03:00\",\"dateModified\":\"2026-04-07T14:37:23-03:00\",\"inLanguage\":\"pt-BR\",\"mainEntityOfPage\":{\"@id\":\"https:\\\/\\\/institucional.ufrrj.br\\\/eext\\\/alfabetizacao-e-desenho-universal-para-aprendizagem-criacao-de-boas-praticas-inclusivas-para-o-aprendizado-da-leitura-e-da-escrita\\\/#webpage\"},\"isPartOf\":{\"@id\":\"https:\\\/\\\/institucional.ufrrj.br\\\/eext\\\/alfabetizacao-e-desenho-universal-para-aprendizagem-criacao-de-boas-praticas-inclusivas-para-o-aprendizado-da-leitura-e-da-escrita\\\/#webpage\"},\"articleSection\":\"Cursos\"},{\"@type\":\"BreadcrumbList\",\"@id\":\"https:\\\/\\\/institucional.ufrrj.br\\\/eext\\\/alfabetizacao-e-desenho-universal-para-aprendizagem-criacao-de-boas-praticas-inclusivas-para-o-aprendizado-da-leitura-e-da-escrita\\\/#breadcrumblist\",\"itemListElement\":[{\"@type\":\"ListItem\",\"@id\":\"https:\\\/\\\/institucional.ufrrj.br\\\/eext#listItem\",\"position\":1,\"name\":\"In\\u00edcio\",\"item\":\"https:\\\/\\\/institucional.ufrrj.br\\\/eext\",\"nextItem\":{\"@type\":\"ListItem\",\"@id\":\"https:\\\/\\\/institucional.ufrrj.br\\\/eext\\\/category\\\/cursos\\\/#listItem\",\"name\":\"Cursos\"}},{\"@type\":\"ListItem\",\"@id\":\"https:\\\/\\\/institucional.ufrrj.br\\\/eext\\\/category\\\/cursos\\\/#listItem\",\"position\":2,\"name\":\"Cursos\",\"item\":\"https:\\\/\\\/institucional.ufrrj.br\\\/eext\\\/category\\\/cursos\\\/\",\"nextItem\":{\"@type\":\"ListItem\",\"@id\":\"https:\\\/\\\/institucional.ufrrj.br\\\/eext\\\/alfabetizacao-e-desenho-universal-para-aprendizagem-criacao-de-boas-praticas-inclusivas-para-o-aprendizado-da-leitura-e-da-escrita\\\/#listItem\",\"name\":\"Alfabetiza\\u00e7\\u00e3o e Desenho Universal para Aprendizagem: cria\\u00e7\\u00e3o de boas pr\\u00e1ticas inclusivas para o aprendizado da leitura e da escrita.\"},\"previousItem\":{\"@type\":\"ListItem\",\"@id\":\"https:\\\/\\\/institucional.ufrrj.br\\\/eext#listItem\",\"name\":\"In\\u00edcio\"}},{\"@type\":\"ListItem\",\"@id\":\"https:\\\/\\\/institucional.ufrrj.br\\\/eext\\\/alfabetizacao-e-desenho-universal-para-aprendizagem-criacao-de-boas-praticas-inclusivas-para-o-aprendizado-da-leitura-e-da-escrita\\\/#listItem\",\"position\":3,\"name\":\"Alfabetiza\\u00e7\\u00e3o e Desenho Universal para Aprendizagem: cria\\u00e7\\u00e3o de boas pr\\u00e1ticas inclusivas para o aprendizado da leitura e da escrita.\",\"previousItem\":{\"@type\":\"ListItem\",\"@id\":\"https:\\\/\\\/institucional.ufrrj.br\\\/eext\\\/category\\\/cursos\\\/#listItem\",\"name\":\"Cursos\"}}]},{\"@type\":\"Organization\",\"@id\":\"https:\\\/\\\/institucional.ufrrj.br\\\/eext\\\/#organization\",\"name\":\"Escola de Extens\\u00e3o\",\"description\":\"S\\u00f3 mais um site institucional.ufrrj.br\",\"url\":\"https:\\\/\\\/institucional.ufrrj.br\\\/eext\\\/\"},{\"@type\":\"Person\",\"@id\":\"https:\\\/\\\/institucional.ufrrj.br\\\/eext\\\/author\\\/luk1\\\/#author\",\"url\":\"https:\\\/\\\/institucional.ufrrj.br\\\/eext\\\/author\\\/luk1\\\/\",\"name\":\"luciano\",\"image\":{\"@type\":\"ImageObject\",\"@id\":\"https:\\\/\\\/institucional.ufrrj.br\\\/eext\\\/alfabetizacao-e-desenho-universal-para-aprendizagem-criacao-de-boas-praticas-inclusivas-para-o-aprendizado-da-leitura-e-da-escrita\\\/#authorImage\",\"url\":\"https:\\\/\\\/secure.gravatar.com\\\/avatar\\\/4d91bb9da74b689f9be56e08d37d67fc90a69164942e16656bd9fd7acd8fff23?s=96&d=mm&r=g\",\"width\":96,\"height\":96,\"caption\":\"luciano\"}},{\"@type\":\"WebPage\",\"@id\":\"https:\\\/\\\/institucional.ufrrj.br\\\/eext\\\/alfabetizacao-e-desenho-universal-para-aprendizagem-criacao-de-boas-praticas-inclusivas-para-o-aprendizado-da-leitura-e-da-escrita\\\/#webpage\",\"url\":\"https:\\\/\\\/institucional.ufrrj.br\\\/eext\\\/alfabetizacao-e-desenho-universal-para-aprendizagem-criacao-de-boas-praticas-inclusivas-para-o-aprendizado-da-leitura-e-da-escrita\\\/\",\"name\":\"Alfabetiza\\u00e7\\u00e3o e Desenho Universal para Aprendizagem: cria\\u00e7\\u00e3o de boas pr\\u00e1ticas inclusivas para o aprendizado da leitura e da escrita. - Escola de Extens\\u00e3o\",\"description\":\"Dados de 2023 do Sistema de Avalia\\u00e7\\u00e3o da Educa\\u00e7\\u00e3o B\\u00e1sica (SAEB), revelaram a necessidade de fortalecer pr\\u00e1ticas pedag\\u00f3gicas e interven\\u00e7\\u00f5es, com foco no efetivo aprendizado da leitura e da escrita. Esta, vista como uma pr\\u00e1tica a ser desenvolvida nos primeiros anos do ensino fundamental. Envolve a apropria\\u00e7\\u00e3o do sistema de escrita alfab\\u00e9tica e a participa\\u00e7\\u00e3o\",\"inLanguage\":\"pt-BR\",\"isPartOf\":{\"@id\":\"https:\\\/\\\/institucional.ufrrj.br\\\/eext\\\/#website\"},\"breadcrumb\":{\"@id\":\"https:\\\/\\\/institucional.ufrrj.br\\\/eext\\\/alfabetizacao-e-desenho-universal-para-aprendizagem-criacao-de-boas-praticas-inclusivas-para-o-aprendizado-da-leitura-e-da-escrita\\\/#breadcrumblist\"},\"author\":{\"@id\":\"https:\\\/\\\/institucional.ufrrj.br\\\/eext\\\/author\\\/luk1\\\/#author\"},\"creator\":{\"@id\":\"https:\\\/\\\/institucional.ufrrj.br\\\/eext\\\/author\\\/luk1\\\/#author\"},\"image\":{\"@type\":\"ImageObject\",\"url\":\"https:\\\/\\\/institucional.ufrrj.br\\\/eext\\\/files\\\/2026\\\/04\\\/260407_img_alfabetizacao_inclusao.png\",\"@id\":\"https:\\\/\\\/institucional.ufrrj.br\\\/eext\\\/alfabetizacao-e-desenho-universal-para-aprendizagem-criacao-de-boas-praticas-inclusivas-para-o-aprendizado-da-leitura-e-da-escrita\\\/#mainImage\",\"width\":800,\"height\":400},\"primaryImageOfPage\":{\"@id\":\"https:\\\/\\\/institucional.ufrrj.br\\\/eext\\\/alfabetizacao-e-desenho-universal-para-aprendizagem-criacao-de-boas-praticas-inclusivas-para-o-aprendizado-da-leitura-e-da-escrita\\\/#mainImage\"},\"datePublished\":\"2026-04-07T14:37:21-03:00\",\"dateModified\":\"2026-04-07T14:37:23-03:00\"},{\"@type\":\"WebSite\",\"@id\":\"https:\\\/\\\/institucional.ufrrj.br\\\/eext\\\/#website\",\"url\":\"https:\\\/\\\/institucional.ufrrj.br\\\/eext\\\/\",\"name\":\"Escola de Extens\\u00e3o\",\"description\":\"S\\u00f3 mais um site institucional.ufrrj.br\",\"inLanguage\":\"pt-BR\",\"publisher\":{\"@id\":\"https:\\\/\\\/institucional.ufrrj.br\\\/eext\\\/#organization\"}}]}\n\t\t<\/script>\n\t\t<!-- All in One SEO -->\n\n","aioseo_head_json":{"title":"Alfabetiza\u00e7\u00e3o e Desenho Universal para Aprendizagem: cria\u00e7\u00e3o de boas pr\u00e1ticas inclusivas para o aprendizado da leitura e da escrita. - Escola de Extens\u00e3o","description":"Dados de 2023 do Sistema de Avalia\u00e7\u00e3o da Educa\u00e7\u00e3o B\u00e1sica (SAEB), revelaram a necessidade de fortalecer pr\u00e1ticas pedag\u00f3gicas e interven\u00e7\u00f5es, com foco no efetivo aprendizado da leitura e da escrita. Esta, vista como uma pr\u00e1tica a ser desenvolvida nos primeiros anos do ensino fundamental. Envolve a apropria\u00e7\u00e3o do sistema de escrita alfab\u00e9tica e a participa\u00e7\u00e3o","canonical_url":"https:\/\/institucional.ufrrj.br\/eext\/alfabetizacao-e-desenho-universal-para-aprendizagem-criacao-de-boas-praticas-inclusivas-para-o-aprendizado-da-leitura-e-da-escrita\/","robots":"max-image-preview:large","keywords":"","webmasterTools":{"miscellaneous":""},"schema":{"@context":"https:\/\/schema.org","@graph":[{"@type":"BlogPosting","@id":"https:\/\/institucional.ufrrj.br\/eext\/alfabetizacao-e-desenho-universal-para-aprendizagem-criacao-de-boas-praticas-inclusivas-para-o-aprendizado-da-leitura-e-da-escrita\/#blogposting","name":"Alfabetiza\u00e7\u00e3o e Desenho Universal para Aprendizagem: cria\u00e7\u00e3o de boas pr\u00e1ticas inclusivas para o aprendizado da leitura e da escrita. - Escola de Extens\u00e3o","headline":"Alfabetiza\u00e7\u00e3o e Desenho Universal para Aprendizagem: cria\u00e7\u00e3o de boas pr\u00e1ticas inclusivas para o aprendizado da leitura e da escrita.","author":{"@id":"https:\/\/institucional.ufrrj.br\/eext\/author\/luk1\/#author"},"publisher":{"@id":"https:\/\/institucional.ufrrj.br\/eext\/#organization"},"image":{"@type":"ImageObject","url":"https:\/\/institucional.ufrrj.br\/eext\/files\/2026\/04\/260407_img_alfabetizacao_inclusao.png","width":800,"height":400},"datePublished":"2026-04-07T14:37:21-03:00","dateModified":"2026-04-07T14:37:23-03:00","inLanguage":"pt-BR","mainEntityOfPage":{"@id":"https:\/\/institucional.ufrrj.br\/eext\/alfabetizacao-e-desenho-universal-para-aprendizagem-criacao-de-boas-praticas-inclusivas-para-o-aprendizado-da-leitura-e-da-escrita\/#webpage"},"isPartOf":{"@id":"https:\/\/institucional.ufrrj.br\/eext\/alfabetizacao-e-desenho-universal-para-aprendizagem-criacao-de-boas-praticas-inclusivas-para-o-aprendizado-da-leitura-e-da-escrita\/#webpage"},"articleSection":"Cursos"},{"@type":"BreadcrumbList","@id":"https:\/\/institucional.ufrrj.br\/eext\/alfabetizacao-e-desenho-universal-para-aprendizagem-criacao-de-boas-praticas-inclusivas-para-o-aprendizado-da-leitura-e-da-escrita\/#breadcrumblist","itemListElement":[{"@type":"ListItem","@id":"https:\/\/institucional.ufrrj.br\/eext#listItem","position":1,"name":"In\u00edcio","item":"https:\/\/institucional.ufrrj.br\/eext","nextItem":{"@type":"ListItem","@id":"https:\/\/institucional.ufrrj.br\/eext\/category\/cursos\/#listItem","name":"Cursos"}},{"@type":"ListItem","@id":"https:\/\/institucional.ufrrj.br\/eext\/category\/cursos\/#listItem","position":2,"name":"Cursos","item":"https:\/\/institucional.ufrrj.br\/eext\/category\/cursos\/","nextItem":{"@type":"ListItem","@id":"https:\/\/institucional.ufrrj.br\/eext\/alfabetizacao-e-desenho-universal-para-aprendizagem-criacao-de-boas-praticas-inclusivas-para-o-aprendizado-da-leitura-e-da-escrita\/#listItem","name":"Alfabetiza\u00e7\u00e3o e Desenho Universal para Aprendizagem: cria\u00e7\u00e3o de boas pr\u00e1ticas inclusivas para o aprendizado da leitura e da escrita."},"previousItem":{"@type":"ListItem","@id":"https:\/\/institucional.ufrrj.br\/eext#listItem","name":"In\u00edcio"}},{"@type":"ListItem","@id":"https:\/\/institucional.ufrrj.br\/eext\/alfabetizacao-e-desenho-universal-para-aprendizagem-criacao-de-boas-praticas-inclusivas-para-o-aprendizado-da-leitura-e-da-escrita\/#listItem","position":3,"name":"Alfabetiza\u00e7\u00e3o e Desenho Universal para Aprendizagem: cria\u00e7\u00e3o de boas pr\u00e1ticas inclusivas para o aprendizado da leitura e da escrita.","previousItem":{"@type":"ListItem","@id":"https:\/\/institucional.ufrrj.br\/eext\/category\/cursos\/#listItem","name":"Cursos"}}]},{"@type":"Organization","@id":"https:\/\/institucional.ufrrj.br\/eext\/#organization","name":"Escola de Extens\u00e3o","description":"S\u00f3 mais um site institucional.ufrrj.br","url":"https:\/\/institucional.ufrrj.br\/eext\/"},{"@type":"Person","@id":"https:\/\/institucional.ufrrj.br\/eext\/author\/luk1\/#author","url":"https:\/\/institucional.ufrrj.br\/eext\/author\/luk1\/","name":"luciano","image":{"@type":"ImageObject","@id":"https:\/\/institucional.ufrrj.br\/eext\/alfabetizacao-e-desenho-universal-para-aprendizagem-criacao-de-boas-praticas-inclusivas-para-o-aprendizado-da-leitura-e-da-escrita\/#authorImage","url":"https:\/\/secure.gravatar.com\/avatar\/4d91bb9da74b689f9be56e08d37d67fc90a69164942e16656bd9fd7acd8fff23?s=96&d=mm&r=g","width":96,"height":96,"caption":"luciano"}},{"@type":"WebPage","@id":"https:\/\/institucional.ufrrj.br\/eext\/alfabetizacao-e-desenho-universal-para-aprendizagem-criacao-de-boas-praticas-inclusivas-para-o-aprendizado-da-leitura-e-da-escrita\/#webpage","url":"https:\/\/institucional.ufrrj.br\/eext\/alfabetizacao-e-desenho-universal-para-aprendizagem-criacao-de-boas-praticas-inclusivas-para-o-aprendizado-da-leitura-e-da-escrita\/","name":"Alfabetiza\u00e7\u00e3o e Desenho Universal para Aprendizagem: cria\u00e7\u00e3o de boas pr\u00e1ticas inclusivas para o aprendizado da leitura e da escrita. - Escola de Extens\u00e3o","description":"Dados de 2023 do Sistema de Avalia\u00e7\u00e3o da Educa\u00e7\u00e3o B\u00e1sica (SAEB), revelaram a necessidade de fortalecer pr\u00e1ticas pedag\u00f3gicas e interven\u00e7\u00f5es, com foco no efetivo aprendizado da leitura e da escrita. Esta, vista como uma pr\u00e1tica a ser desenvolvida nos primeiros anos do ensino fundamental. Envolve a apropria\u00e7\u00e3o do sistema de escrita alfab\u00e9tica e a participa\u00e7\u00e3o","inLanguage":"pt-BR","isPartOf":{"@id":"https:\/\/institucional.ufrrj.br\/eext\/#website"},"breadcrumb":{"@id":"https:\/\/institucional.ufrrj.br\/eext\/alfabetizacao-e-desenho-universal-para-aprendizagem-criacao-de-boas-praticas-inclusivas-para-o-aprendizado-da-leitura-e-da-escrita\/#breadcrumblist"},"author":{"@id":"https:\/\/institucional.ufrrj.br\/eext\/author\/luk1\/#author"},"creator":{"@id":"https:\/\/institucional.ufrrj.br\/eext\/author\/luk1\/#author"},"image":{"@type":"ImageObject","url":"https:\/\/institucional.ufrrj.br\/eext\/files\/2026\/04\/260407_img_alfabetizacao_inclusao.png","@id":"https:\/\/institucional.ufrrj.br\/eext\/alfabetizacao-e-desenho-universal-para-aprendizagem-criacao-de-boas-praticas-inclusivas-para-o-aprendizado-da-leitura-e-da-escrita\/#mainImage","width":800,"height":400},"primaryImageOfPage":{"@id":"https:\/\/institucional.ufrrj.br\/eext\/alfabetizacao-e-desenho-universal-para-aprendizagem-criacao-de-boas-praticas-inclusivas-para-o-aprendizado-da-leitura-e-da-escrita\/#mainImage"},"datePublished":"2026-04-07T14:37:21-03:00","dateModified":"2026-04-07T14:37:23-03:00"},{"@type":"WebSite","@id":"https:\/\/institucional.ufrrj.br\/eext\/#website","url":"https:\/\/institucional.ufrrj.br\/eext\/","name":"Escola de Extens\u00e3o","description":"S\u00f3 mais um site institucional.ufrrj.br","inLanguage":"pt-BR","publisher":{"@id":"https:\/\/institucional.ufrrj.br\/eext\/#organization"}}]},"og:locale":"pt_BR","og:site_name":"Escola de Extens\u00e3o - S\u00f3 mais um site institucional.ufrrj.br","og:type":"article","og:title":"Alfabetiza\u00e7\u00e3o e Desenho Universal para Aprendizagem: cria\u00e7\u00e3o de boas pr\u00e1ticas inclusivas para o aprendizado da leitura e da escrita. - Escola de Extens\u00e3o","og:description":"Dados de 2023 do Sistema de Avalia\u00e7\u00e3o da Educa\u00e7\u00e3o B\u00e1sica (SAEB), revelaram a necessidade de fortalecer pr\u00e1ticas pedag\u00f3gicas e interven\u00e7\u00f5es, com foco no efetivo aprendizado da leitura e da escrita. Esta, vista como uma pr\u00e1tica a ser desenvolvida nos primeiros anos do ensino fundamental. Envolve a apropria\u00e7\u00e3o do sistema de escrita alfab\u00e9tica e a participa\u00e7\u00e3o","og:url":"https:\/\/institucional.ufrrj.br\/eext\/alfabetizacao-e-desenho-universal-para-aprendizagem-criacao-de-boas-praticas-inclusivas-para-o-aprendizado-da-leitura-e-da-escrita\/","article:published_time":"2026-04-07T17:37:21+00:00","article:modified_time":"2026-04-07T17:37:23+00:00","twitter:card":"summary_large_image","twitter:title":"Alfabetiza\u00e7\u00e3o e Desenho Universal para Aprendizagem: cria\u00e7\u00e3o de boas pr\u00e1ticas inclusivas para o aprendizado da leitura e da escrita. - Escola de Extens\u00e3o","twitter:description":"Dados de 2023 do Sistema de Avalia\u00e7\u00e3o da Educa\u00e7\u00e3o B\u00e1sica (SAEB), revelaram a necessidade de fortalecer pr\u00e1ticas pedag\u00f3gicas e interven\u00e7\u00f5es, com foco no efetivo aprendizado da leitura e da escrita. Esta, vista como uma pr\u00e1tica a ser desenvolvida nos primeiros anos do ensino fundamental. Envolve a apropria\u00e7\u00e3o do sistema de escrita alfab\u00e9tica e a participa\u00e7\u00e3o"},"aioseo_meta_data":{"post_id":"6610","title":null,"description":null,"keywords":null,"keyphrases":null,"focus_keyword":null,"additional_keywords":null,"truseo_locale":null,"primary_term":null,"canonical_url":null,"og_title":null,"og_description":null,"og_object_type":"default","og_image_type":"default","og_image_custom_url":null,"og_image_custom_fields":null,"og_image_url":null,"og_image_width":null,"og_image_height":null,"og_video":null,"og_custom_url":null,"og_article_section":null,"og_article_tags":null,"twitter_use_og":true,"twitter_card":"default","twitter_image_type":"default","twitter_image_custom_url":null,"twitter_image_custom_fields":null,"twitter_image_url":null,"twitter_title":null,"twitter_description":null,"schema_type":"default","schema_type_options":null,"schema":{"blockGraphs":[],"customGraphs":[],"default":{"data":{"Article":[],"Course":[],"Dataset":[],"FAQPage":[],"Movie":[],"Person":[],"Product":[],"ProductReview":[],"Car":[],"Recipe":[],"Service":[],"SoftwareApplication":[],"WebPage":[]},"graphName":"","isEnabled":true},"graphs":[]},"pillar_content":false,"robots_default":true,"robots_noindex":false,"robots_noarchive":false,"robots_nosnippet":false,"robots_nofollow":false,"robots_noimageindex":false,"robots_noodp":false,"robots_notranslate":false,"robots_max_snippet":null,"robots_max_videopreview":null,"robots_max_imagepreview":"large","priority":null,"frequency":null,"local_seo":null,"limit_modified_date":false,"ai":null,"breadcrumb_settings":null,"seo_analyzer_scan_date":null,"created":"2026-09-02 21:57:14","updated":"2026-09-02 21:57:14"},"aioseo_breadcrumb":"<div class=\"aioseo-breadcrumbs\"><span class=\"aioseo-breadcrumb\">\n\t\t\t<a href=\"https:\/\/institucional.ufrrj.br\/eext\" title=\"In\u00edcio\">In\u00edcio<\/a>\n\t\t<\/span><span class=\"aioseo-breadcrumb-separator\">&raquo;<\/span><span class=\"aioseo-breadcrumb\">\n\t\t\t<a href=\"https:\/\/institucional.ufrrj.br\/eext\/category\/cursos\/\" title=\"Cursos\">Cursos<\/a>\n\t\t<\/span><span class=\"aioseo-breadcrumb-separator\">&raquo;<\/span><span class=\"aioseo-breadcrumb\">\n\t\t\tAlfabetiza\u00e7\u00e3o e Desenho Universal para Aprendizagem: cria\u00e7\u00e3o de boas pr\u00e1ticas inclusivas para o aprendizado da leitura e da escrita.\n\t\t<\/span><\/div>","aioseo_breadcrumb_json":[{"label":"In\u00edcio","link":"https:\/\/institucional.ufrrj.br\/eext"},{"label":"Cursos","link":"https:\/\/institucional.ufrrj.br\/eext\/category\/cursos\/"},{"label":"Alfabetiza\u00e7\u00e3o e Desenho Universal para Aprendizagem: cria\u00e7\u00e3o de boas pr\u00e1ticas inclusivas para o aprendizado da leitura e da escrita.","link":"https:\/\/institucional.ufrrj.br\/eext\/alfabetizacao-e-desenho-universal-para-aprendizagem-criacao-de-boas-praticas-inclusivas-para-o-aprendizado-da-leitura-e-da-escrita\/"}],"acf":[],"_links":{"self":[{"href":"https:\/\/institucional.ufrrj.br\/eext\/wp-json\/wp\/v2\/posts\/6610","targetHints":{"allow":["GET"]}}],"collection":[{"href":"https:\/\/institucional.ufrrj.br\/eext\/wp-json\/wp\/v2\/posts"}],"about":[{"href":"https:\/\/institucional.ufrrj.br\/eext\/wp-json\/wp\/v2\/types\/post"}],"author":[{"embeddable":true,"href":"https:\/\/institucional.ufrrj.br\/eext\/wp-json\/wp\/v2\/users\/707"}],"replies":[{"embeddable":true,"href":"https:\/\/institucional.ufrrj.br\/eext\/wp-json\/wp\/v2\/comments?post=6610"}],"version-history":[{"count":1,"href":"https:\/\/institucional.ufrrj.br\/eext\/wp-json\/wp\/v2\/posts\/6610\/revisions"}],"predecessor-version":[{"id":6611,"href":"https:\/\/institucional.ufrrj.br\/eext\/wp-json\/wp\/v2\/posts\/6610\/revisions\/6611"}],"wp:featuredmedia":[{"embeddable":true,"href":"https:\/\/institucional.ufrrj.br\/eext\/wp-json\/wp\/v2\/media\/6612"}],"wp:attachment":[{"href":"https:\/\/institucional.ufrrj.br\/eext\/wp-json\/wp\/v2\/media?parent=6610"}],"wp:term":[{"taxonomy":"category","embeddable":true,"href":"https:\/\/institucional.ufrrj.br\/eext\/wp-json\/wp\/v2\/categories?post=6610"},{"taxonomy":"post_tag","embeddable":true,"href":"https:\/\/institucional.ufrrj.br\/eext\/wp-json\/wp\/v2\/tags?post=6610"}],"curies":[{"name":"wp","href":"https:\/\/api.w.org\/{rel}","templated":true}]}}