{"id":6603,"date":"2026-03-31T12:40:05","date_gmt":"2026-03-31T15:40:05","guid":{"rendered":"https:\/\/institucional.ufrrj.br\/eext\/?p=6603"},"modified":"2026-03-31T12:40:08","modified_gmt":"2026-03-31T15:40:08","slug":"replantica-treinamento-em-restauracao-florestal-para-estudantes-de-graduacao","status":"publish","type":"post","link":"https:\/\/institucional.ufrrj.br\/eext\/replantica-treinamento-em-restauracao-florestal-para-estudantes-de-graduacao\/","title":{"rendered":"Replantica: Treinamento em Restaura\u00e7\u00e3o Florestal para estudantes de Gradua\u00e7\u00e3o"},"content":{"rendered":"\n<p class=\"wp-block-paragraph\">O Programa Replantica \u00e9 uma a\u00e7\u00e3o realizada em parceria com IKI &#8211; Alemanha, Reserva Ecol\u00f3gica de Guapia\u00e7u (REGUA) e UFRRJ. O Replantica encontra-se em sua terceira edi\u00e7\u00e3o, e o curso destinado para o p\u00fablico \u201cestudantes de gradua\u00e7\u00e3o\u201d, tem o objetivo de oferecer um treinamento em restaura\u00e7\u00e3o florestal, visando contribuir com a qualidade t\u00e9cnica na forma\u00e7\u00e3o de profissionais atuantes nessa \u00e1rea.<\/p>\n","protected":false},"excerpt":{"rendered":"<p>O Programa Replantica \u00e9 uma a\u00e7\u00e3o realizada em parceria com IKI &#8211; Alemanha, Reserva Ecol\u00f3gica de Guapia\u00e7u (REGUA) e UFRRJ. <a class=\"read-more\" href=\"https:\/\/institucional.ufrrj.br\/eext\/replantica-treinamento-em-restauracao-florestal-para-estudantes-de-graduacao\/ \" >&#8230; <span class=\"font-italic\">leia mais <i class=\"fas fa-angle-right\"><\/i><\/span><\/a><\/p>\n","protected":false},"author":899,"featured_media":6604,"comment_status":"closed","ping_status":"open","sticky":false,"template":"","format":"standard","meta":{"_acf_changed":false,"footnotes":""},"categories":[30],"tags":[],"class_list":["post-6603","post","type-post","status-publish","format-standard","has-post-thumbnail","hentry","category-cursos"],"aioseo_notices":[],"aioseo_head":"\n\t\t<!-- All in One SEO 5.0.1.1 - aioseo.com -->\n\t<meta name=\"description\" content=\"O Programa Replantica \u00e9 uma a\u00e7\u00e3o realizada em parceria com IKI - Alemanha, Reserva Ecol\u00f3gica de Guapia\u00e7u (REGUA) e UFRRJ. O Replantica encontra-se em sua terceira edi\u00e7\u00e3o, e o curso destinado para o p\u00fablico \u201cestudantes de gradua\u00e7\u00e3o\u201d, tem o objetivo de oferecer um treinamento em restaura\u00e7\u00e3o florestal, visando contribuir com a qualidade t\u00e9cnica na forma\u00e7\u00e3o\" \/>\n\t<meta name=\"robots\" content=\"max-image-preview:large\" \/>\n\t<meta name=\"author\" content=\"victoria\"\/>\n\t<link rel=\"canonical\" href=\"https:\/\/institucional.ufrrj.br\/eext\/replantica-treinamento-em-restauracao-florestal-para-estudantes-de-graduacao\/\" \/>\n\t<meta name=\"generator\" content=\"All in One SEO (AIOSEO) 5.0.1.1\" \/>\n\t\t<meta property=\"og:locale\" content=\"pt_BR\" \/>\n\t\t<meta property=\"og:site_name\" content=\"Escola de Extens\u00e3o - S\u00f3 mais um site institucional.ufrrj.br\" \/>\n\t\t<meta property=\"og:type\" content=\"article\" \/>\n\t\t<meta property=\"og:title\" content=\"Replantica: Treinamento em Restaura\u00e7\u00e3o Florestal para estudantes de Gradua\u00e7\u00e3o - Escola de Extens\u00e3o\" \/>\n\t\t<meta property=\"og:description\" content=\"O Programa Replantica \u00e9 uma a\u00e7\u00e3o realizada em parceria com IKI - Alemanha, Reserva Ecol\u00f3gica de Guapia\u00e7u (REGUA) e UFRRJ. O Replantica encontra-se em sua terceira edi\u00e7\u00e3o, e o curso destinado para o p\u00fablico \u201cestudantes de gradua\u00e7\u00e3o\u201d, tem o objetivo de oferecer um treinamento em restaura\u00e7\u00e3o florestal, visando contribuir com a qualidade t\u00e9cnica na forma\u00e7\u00e3o\" \/>\n\t\t<meta property=\"og:url\" content=\"https:\/\/institucional.ufrrj.br\/eext\/replantica-treinamento-em-restauracao-florestal-para-estudantes-de-graduacao\/\" \/>\n\t\t<meta property=\"article:published_time\" content=\"2026-03-31T15:40:05+00:00\" \/>\n\t\t<meta property=\"article:modified_time\" content=\"2026-03-31T15:40:08+00:00\" \/>\n\t\t<meta name=\"twitter:card\" content=\"summary_large_image\" \/>\n\t\t<meta name=\"twitter:title\" content=\"Replantica: Treinamento em Restaura\u00e7\u00e3o Florestal para estudantes de Gradua\u00e7\u00e3o - Escola de Extens\u00e3o\" \/>\n\t\t<meta name=\"twitter:description\" content=\"O Programa Replantica \u00e9 uma a\u00e7\u00e3o realizada em parceria com IKI - Alemanha, Reserva Ecol\u00f3gica de Guapia\u00e7u (REGUA) e UFRRJ. O Replantica encontra-se em sua terceira edi\u00e7\u00e3o, e o curso destinado para o p\u00fablico \u201cestudantes de gradua\u00e7\u00e3o\u201d, tem o objetivo de oferecer um treinamento em restaura\u00e7\u00e3o florestal, visando contribuir com a qualidade t\u00e9cnica na forma\u00e7\u00e3o\" \/>\n\t\t<script type=\"application\/ld+json\" class=\"aioseo-schema\">\n\t\t\t{\"@context\":\"https:\\\/\\\/schema.org\",\"@graph\":[{\"@type\":\"BlogPosting\",\"@id\":\"https:\\\/\\\/institucional.ufrrj.br\\\/eext\\\/replantica-treinamento-em-restauracao-florestal-para-estudantes-de-graduacao\\\/#blogposting\",\"name\":\"Replantica: Treinamento em Restaura\\u00e7\\u00e3o Florestal para estudantes de Gradua\\u00e7\\u00e3o - Escola de Extens\\u00e3o\",\"headline\":\"Replantica: Treinamento em Restaura\\u00e7\\u00e3o Florestal para estudantes de Gradua\\u00e7\\u00e3o\",\"author\":{\"@id\":\"https:\\\/\\\/institucional.ufrrj.br\\\/eext\\\/author\\\/victoria\\\/#author\"},\"publisher\":{\"@id\":\"https:\\\/\\\/institucional.ufrrj.br\\\/eext\\\/#organization\"},\"image\":{\"@type\":\"ImageObject\",\"url\":\"https:\\\/\\\/institucional.ufrrj.br\\\/eext\\\/files\\\/2026\\\/03\\\/Replantica_-estudant.png\",\"width\":1536,\"height\":1024},\"datePublished\":\"2026-03-31T12:40:05-03:00\",\"dateModified\":\"2026-03-31T12:40:08-03:00\",\"inLanguage\":\"pt-BR\",\"mainEntityOfPage\":{\"@id\":\"https:\\\/\\\/institucional.ufrrj.br\\\/eext\\\/replantica-treinamento-em-restauracao-florestal-para-estudantes-de-graduacao\\\/#webpage\"},\"isPartOf\":{\"@id\":\"https:\\\/\\\/institucional.ufrrj.br\\\/eext\\\/replantica-treinamento-em-restauracao-florestal-para-estudantes-de-graduacao\\\/#webpage\"},\"articleSection\":\"Cursos\"},{\"@type\":\"BreadcrumbList\",\"@id\":\"https:\\\/\\\/institucional.ufrrj.br\\\/eext\\\/replantica-treinamento-em-restauracao-florestal-para-estudantes-de-graduacao\\\/#breadcrumblist\",\"itemListElement\":[{\"@type\":\"ListItem\",\"@id\":\"https:\\\/\\\/institucional.ufrrj.br\\\/eext#listItem\",\"position\":1,\"name\":\"In\\u00edcio\",\"item\":\"https:\\\/\\\/institucional.ufrrj.br\\\/eext\",\"nextItem\":{\"@type\":\"ListItem\",\"@id\":\"https:\\\/\\\/institucional.ufrrj.br\\\/eext\\\/category\\\/cursos\\\/#listItem\",\"name\":\"Cursos\"}},{\"@type\":\"ListItem\",\"@id\":\"https:\\\/\\\/institucional.ufrrj.br\\\/eext\\\/category\\\/cursos\\\/#listItem\",\"position\":2,\"name\":\"Cursos\",\"item\":\"https:\\\/\\\/institucional.ufrrj.br\\\/eext\\\/category\\\/cursos\\\/\",\"nextItem\":{\"@type\":\"ListItem\",\"@id\":\"https:\\\/\\\/institucional.ufrrj.br\\\/eext\\\/replantica-treinamento-em-restauracao-florestal-para-estudantes-de-graduacao\\\/#listItem\",\"name\":\"Replantica: Treinamento em Restaura\\u00e7\\u00e3o Florestal para estudantes de Gradua\\u00e7\\u00e3o\"},\"previousItem\":{\"@type\":\"ListItem\",\"@id\":\"https:\\\/\\\/institucional.ufrrj.br\\\/eext#listItem\",\"name\":\"In\\u00edcio\"}},{\"@type\":\"ListItem\",\"@id\":\"https:\\\/\\\/institucional.ufrrj.br\\\/eext\\\/replantica-treinamento-em-restauracao-florestal-para-estudantes-de-graduacao\\\/#listItem\",\"position\":3,\"name\":\"Replantica: Treinamento em Restaura\\u00e7\\u00e3o Florestal para estudantes de Gradua\\u00e7\\u00e3o\",\"previousItem\":{\"@type\":\"ListItem\",\"@id\":\"https:\\\/\\\/institucional.ufrrj.br\\\/eext\\\/category\\\/cursos\\\/#listItem\",\"name\":\"Cursos\"}}]},{\"@type\":\"Organization\",\"@id\":\"https:\\\/\\\/institucional.ufrrj.br\\\/eext\\\/#organization\",\"name\":\"Escola de Extens\\u00e3o\",\"description\":\"S\\u00f3 mais um site institucional.ufrrj.br\",\"url\":\"https:\\\/\\\/institucional.ufrrj.br\\\/eext\\\/\"},{\"@type\":\"Person\",\"@id\":\"https:\\\/\\\/institucional.ufrrj.br\\\/eext\\\/author\\\/victoria\\\/#author\",\"url\":\"https:\\\/\\\/institucional.ufrrj.br\\\/eext\\\/author\\\/victoria\\\/\",\"name\":\"victoria\",\"image\":{\"@type\":\"ImageObject\",\"@id\":\"https:\\\/\\\/institucional.ufrrj.br\\\/eext\\\/replantica-treinamento-em-restauracao-florestal-para-estudantes-de-graduacao\\\/#authorImage\",\"url\":\"https:\\\/\\\/secure.gravatar.com\\\/avatar\\\/c49d551beaec9f25f0c1c8a8ab085e46a88d78b92ba22e0933f42554f1eba84d?s=96&d=mm&r=g\",\"width\":96,\"height\":96,\"caption\":\"victoria\"}},{\"@type\":\"WebPage\",\"@id\":\"https:\\\/\\\/institucional.ufrrj.br\\\/eext\\\/replantica-treinamento-em-restauracao-florestal-para-estudantes-de-graduacao\\\/#webpage\",\"url\":\"https:\\\/\\\/institucional.ufrrj.br\\\/eext\\\/replantica-treinamento-em-restauracao-florestal-para-estudantes-de-graduacao\\\/\",\"name\":\"Replantica: Treinamento em Restaura\\u00e7\\u00e3o Florestal para estudantes de Gradua\\u00e7\\u00e3o - Escola de Extens\\u00e3o\",\"description\":\"O Programa Replantica \\u00e9 uma a\\u00e7\\u00e3o realizada em parceria com IKI - Alemanha, Reserva Ecol\\u00f3gica de Guapia\\u00e7u (REGUA) e UFRRJ. O Replantica encontra-se em sua terceira edi\\u00e7\\u00e3o, e o curso destinado para o p\\u00fablico \\u201cestudantes de gradua\\u00e7\\u00e3o\\u201d, tem o objetivo de oferecer um treinamento em restaura\\u00e7\\u00e3o florestal, visando contribuir com a qualidade t\\u00e9cnica na forma\\u00e7\\u00e3o\",\"inLanguage\":\"pt-BR\",\"isPartOf\":{\"@id\":\"https:\\\/\\\/institucional.ufrrj.br\\\/eext\\\/#website\"},\"breadcrumb\":{\"@id\":\"https:\\\/\\\/institucional.ufrrj.br\\\/eext\\\/replantica-treinamento-em-restauracao-florestal-para-estudantes-de-graduacao\\\/#breadcrumblist\"},\"author\":{\"@id\":\"https:\\\/\\\/institucional.ufrrj.br\\\/eext\\\/author\\\/victoria\\\/#author\"},\"creator\":{\"@id\":\"https:\\\/\\\/institucional.ufrrj.br\\\/eext\\\/author\\\/victoria\\\/#author\"},\"image\":{\"@type\":\"ImageObject\",\"url\":\"https:\\\/\\\/institucional.ufrrj.br\\\/eext\\\/files\\\/2026\\\/03\\\/Replantica_-estudant.png\",\"@id\":\"https:\\\/\\\/institucional.ufrrj.br\\\/eext\\\/replantica-treinamento-em-restauracao-florestal-para-estudantes-de-graduacao\\\/#mainImage\",\"width\":1536,\"height\":1024},\"primaryImageOfPage\":{\"@id\":\"https:\\\/\\\/institucional.ufrrj.br\\\/eext\\\/replantica-treinamento-em-restauracao-florestal-para-estudantes-de-graduacao\\\/#mainImage\"},\"datePublished\":\"2026-03-31T12:40:05-03:00\",\"dateModified\":\"2026-03-31T12:40:08-03:00\"},{\"@type\":\"WebSite\",\"@id\":\"https:\\\/\\\/institucional.ufrrj.br\\\/eext\\\/#website\",\"url\":\"https:\\\/\\\/institucional.ufrrj.br\\\/eext\\\/\",\"name\":\"Escola de Extens\\u00e3o\",\"description\":\"S\\u00f3 mais um site institucional.ufrrj.br\",\"inLanguage\":\"pt-BR\",\"publisher\":{\"@id\":\"https:\\\/\\\/institucional.ufrrj.br\\\/eext\\\/#organization\"}}]}\n\t\t<\/script>\n\t\t<!-- All in One SEO -->\n\n","aioseo_head_json":{"title":"Replantica: Treinamento em Restaura\u00e7\u00e3o Florestal para estudantes de Gradua\u00e7\u00e3o - Escola de Extens\u00e3o","description":"O Programa Replantica \u00e9 uma a\u00e7\u00e3o realizada em parceria com IKI - Alemanha, Reserva Ecol\u00f3gica de Guapia\u00e7u (REGUA) e UFRRJ. O Replantica encontra-se em sua terceira edi\u00e7\u00e3o, e o curso destinado para o p\u00fablico \u201cestudantes de gradua\u00e7\u00e3o\u201d, tem o objetivo de oferecer um treinamento em restaura\u00e7\u00e3o florestal, visando contribuir com a qualidade t\u00e9cnica na forma\u00e7\u00e3o","canonical_url":"https:\/\/institucional.ufrrj.br\/eext\/replantica-treinamento-em-restauracao-florestal-para-estudantes-de-graduacao\/","robots":"max-image-preview:large","keywords":"","webmasterTools":{"miscellaneous":""},"schema":{"@context":"https:\/\/schema.org","@graph":[{"@type":"BlogPosting","@id":"https:\/\/institucional.ufrrj.br\/eext\/replantica-treinamento-em-restauracao-florestal-para-estudantes-de-graduacao\/#blogposting","name":"Replantica: Treinamento em Restaura\u00e7\u00e3o Florestal para estudantes de Gradua\u00e7\u00e3o - Escola de Extens\u00e3o","headline":"Replantica: Treinamento em Restaura\u00e7\u00e3o Florestal para estudantes de Gradua\u00e7\u00e3o","author":{"@id":"https:\/\/institucional.ufrrj.br\/eext\/author\/victoria\/#author"},"publisher":{"@id":"https:\/\/institucional.ufrrj.br\/eext\/#organization"},"image":{"@type":"ImageObject","url":"https:\/\/institucional.ufrrj.br\/eext\/files\/2026\/03\/Replantica_-estudant.png","width":1536,"height":1024},"datePublished":"2026-03-31T12:40:05-03:00","dateModified":"2026-03-31T12:40:08-03:00","inLanguage":"pt-BR","mainEntityOfPage":{"@id":"https:\/\/institucional.ufrrj.br\/eext\/replantica-treinamento-em-restauracao-florestal-para-estudantes-de-graduacao\/#webpage"},"isPartOf":{"@id":"https:\/\/institucional.ufrrj.br\/eext\/replantica-treinamento-em-restauracao-florestal-para-estudantes-de-graduacao\/#webpage"},"articleSection":"Cursos"},{"@type":"BreadcrumbList","@id":"https:\/\/institucional.ufrrj.br\/eext\/replantica-treinamento-em-restauracao-florestal-para-estudantes-de-graduacao\/#breadcrumblist","itemListElement":[{"@type":"ListItem","@id":"https:\/\/institucional.ufrrj.br\/eext#listItem","position":1,"name":"In\u00edcio","item":"https:\/\/institucional.ufrrj.br\/eext","nextItem":{"@type":"ListItem","@id":"https:\/\/institucional.ufrrj.br\/eext\/category\/cursos\/#listItem","name":"Cursos"}},{"@type":"ListItem","@id":"https:\/\/institucional.ufrrj.br\/eext\/category\/cursos\/#listItem","position":2,"name":"Cursos","item":"https:\/\/institucional.ufrrj.br\/eext\/category\/cursos\/","nextItem":{"@type":"ListItem","@id":"https:\/\/institucional.ufrrj.br\/eext\/replantica-treinamento-em-restauracao-florestal-para-estudantes-de-graduacao\/#listItem","name":"Replantica: Treinamento em Restaura\u00e7\u00e3o Florestal para estudantes de Gradua\u00e7\u00e3o"},"previousItem":{"@type":"ListItem","@id":"https:\/\/institucional.ufrrj.br\/eext#listItem","name":"In\u00edcio"}},{"@type":"ListItem","@id":"https:\/\/institucional.ufrrj.br\/eext\/replantica-treinamento-em-restauracao-florestal-para-estudantes-de-graduacao\/#listItem","position":3,"name":"Replantica: Treinamento em Restaura\u00e7\u00e3o Florestal para estudantes de Gradua\u00e7\u00e3o","previousItem":{"@type":"ListItem","@id":"https:\/\/institucional.ufrrj.br\/eext\/category\/cursos\/#listItem","name":"Cursos"}}]},{"@type":"Organization","@id":"https:\/\/institucional.ufrrj.br\/eext\/#organization","name":"Escola de Extens\u00e3o","description":"S\u00f3 mais um site institucional.ufrrj.br","url":"https:\/\/institucional.ufrrj.br\/eext\/"},{"@type":"Person","@id":"https:\/\/institucional.ufrrj.br\/eext\/author\/victoria\/#author","url":"https:\/\/institucional.ufrrj.br\/eext\/author\/victoria\/","name":"victoria","image":{"@type":"ImageObject","@id":"https:\/\/institucional.ufrrj.br\/eext\/replantica-treinamento-em-restauracao-florestal-para-estudantes-de-graduacao\/#authorImage","url":"https:\/\/secure.gravatar.com\/avatar\/c49d551beaec9f25f0c1c8a8ab085e46a88d78b92ba22e0933f42554f1eba84d?s=96&d=mm&r=g","width":96,"height":96,"caption":"victoria"}},{"@type":"WebPage","@id":"https:\/\/institucional.ufrrj.br\/eext\/replantica-treinamento-em-restauracao-florestal-para-estudantes-de-graduacao\/#webpage","url":"https:\/\/institucional.ufrrj.br\/eext\/replantica-treinamento-em-restauracao-florestal-para-estudantes-de-graduacao\/","name":"Replantica: Treinamento em Restaura\u00e7\u00e3o Florestal para estudantes de Gradua\u00e7\u00e3o - Escola de Extens\u00e3o","description":"O Programa Replantica \u00e9 uma a\u00e7\u00e3o realizada em parceria com IKI - Alemanha, Reserva Ecol\u00f3gica de Guapia\u00e7u (REGUA) e UFRRJ. O Replantica encontra-se em sua terceira edi\u00e7\u00e3o, e o curso destinado para o p\u00fablico \u201cestudantes de gradua\u00e7\u00e3o\u201d, tem o objetivo de oferecer um treinamento em restaura\u00e7\u00e3o florestal, visando contribuir com a qualidade t\u00e9cnica na forma\u00e7\u00e3o","inLanguage":"pt-BR","isPartOf":{"@id":"https:\/\/institucional.ufrrj.br\/eext\/#website"},"breadcrumb":{"@id":"https:\/\/institucional.ufrrj.br\/eext\/replantica-treinamento-em-restauracao-florestal-para-estudantes-de-graduacao\/#breadcrumblist"},"author":{"@id":"https:\/\/institucional.ufrrj.br\/eext\/author\/victoria\/#author"},"creator":{"@id":"https:\/\/institucional.ufrrj.br\/eext\/author\/victoria\/#author"},"image":{"@type":"ImageObject","url":"https:\/\/institucional.ufrrj.br\/eext\/files\/2026\/03\/Replantica_-estudant.png","@id":"https:\/\/institucional.ufrrj.br\/eext\/replantica-treinamento-em-restauracao-florestal-para-estudantes-de-graduacao\/#mainImage","width":1536,"height":1024},"primaryImageOfPage":{"@id":"https:\/\/institucional.ufrrj.br\/eext\/replantica-treinamento-em-restauracao-florestal-para-estudantes-de-graduacao\/#mainImage"},"datePublished":"2026-03-31T12:40:05-03:00","dateModified":"2026-03-31T12:40:08-03:00"},{"@type":"WebSite","@id":"https:\/\/institucional.ufrrj.br\/eext\/#website","url":"https:\/\/institucional.ufrrj.br\/eext\/","name":"Escola de Extens\u00e3o","description":"S\u00f3 mais um site institucional.ufrrj.br","inLanguage":"pt-BR","publisher":{"@id":"https:\/\/institucional.ufrrj.br\/eext\/#organization"}}]},"og:locale":"pt_BR","og:site_name":"Escola de Extens\u00e3o - S\u00f3 mais um site institucional.ufrrj.br","og:type":"article","og:title":"Replantica: Treinamento em Restaura\u00e7\u00e3o Florestal para estudantes de Gradua\u00e7\u00e3o - Escola de Extens\u00e3o","og:description":"O Programa Replantica \u00e9 uma a\u00e7\u00e3o realizada em parceria com IKI - Alemanha, Reserva Ecol\u00f3gica de Guapia\u00e7u (REGUA) e UFRRJ. O Replantica encontra-se em sua terceira edi\u00e7\u00e3o, e o curso destinado para o p\u00fablico \u201cestudantes de gradua\u00e7\u00e3o\u201d, tem o objetivo de oferecer um treinamento em restaura\u00e7\u00e3o florestal, visando contribuir com a qualidade t\u00e9cnica na forma\u00e7\u00e3o","og:url":"https:\/\/institucional.ufrrj.br\/eext\/replantica-treinamento-em-restauracao-florestal-para-estudantes-de-graduacao\/","article:published_time":"2026-03-31T15:40:05+00:00","article:modified_time":"2026-03-31T15:40:08+00:00","twitter:card":"summary_large_image","twitter:title":"Replantica: Treinamento em Restaura\u00e7\u00e3o Florestal para estudantes de Gradua\u00e7\u00e3o - Escola de Extens\u00e3o","twitter:description":"O Programa Replantica \u00e9 uma a\u00e7\u00e3o realizada em parceria com IKI - Alemanha, Reserva Ecol\u00f3gica de Guapia\u00e7u (REGUA) e UFRRJ. O Replantica encontra-se em sua terceira edi\u00e7\u00e3o, e o curso destinado para o p\u00fablico \u201cestudantes de gradua\u00e7\u00e3o\u201d, tem o objetivo de oferecer um treinamento em restaura\u00e7\u00e3o florestal, visando contribuir com a qualidade t\u00e9cnica na forma\u00e7\u00e3o"},"aioseo_meta_data":{"post_id":"6603","title":null,"description":null,"keywords":null,"keyphrases":null,"focus_keyword":null,"additional_keywords":null,"truseo_locale":null,"primary_term":null,"canonical_url":null,"og_title":null,"og_description":null,"og_object_type":"default","og_image_type":"default","og_image_custom_url":null,"og_image_custom_fields":null,"og_image_url":null,"og_image_width":null,"og_image_height":null,"og_video":null,"og_custom_url":null,"og_article_section":null,"og_article_tags":null,"twitter_use_og":true,"twitter_card":"default","twitter_image_type":"default","twitter_image_custom_url":null,"twitter_image_custom_fields":null,"twitter_image_url":null,"twitter_title":null,"twitter_description":null,"schema_type":"default","schema_type_options":null,"schema":{"blockGraphs":[],"customGraphs":[],"default":{"data":{"Article":[],"Course":[],"Dataset":[],"FAQPage":[],"Movie":[],"Person":[],"Product":[],"ProductReview":[],"Car":[],"Recipe":[],"Service":[],"SoftwareApplication":[],"WebPage":[]},"graphName":"","isEnabled":true},"graphs":[]},"pillar_content":false,"robots_default":true,"robots_noindex":false,"robots_noarchive":false,"robots_nosnippet":false,"robots_nofollow":false,"robots_noimageindex":false,"robots_noodp":false,"robots_notranslate":false,"robots_max_snippet":null,"robots_max_videopreview":null,"robots_max_imagepreview":"large","priority":null,"frequency":null,"local_seo":null,"limit_modified_date":false,"ai":null,"breadcrumb_settings":null,"seo_analyzer_scan_date":null,"created":"2026-09-02 21:57:14","updated":"2026-09-02 21:57:14"},"aioseo_breadcrumb":"<div class=\"aioseo-breadcrumbs\"><span class=\"aioseo-breadcrumb\">\n\t\t\t<a href=\"https:\/\/institucional.ufrrj.br\/eext\" title=\"In\u00edcio\">In\u00edcio<\/a>\n\t\t<\/span><span class=\"aioseo-breadcrumb-separator\">&raquo;<\/span><span class=\"aioseo-breadcrumb\">\n\t\t\t<a href=\"https:\/\/institucional.ufrrj.br\/eext\/category\/cursos\/\" title=\"Cursos\">Cursos<\/a>\n\t\t<\/span><span class=\"aioseo-breadcrumb-separator\">&raquo;<\/span><span class=\"aioseo-breadcrumb\">\n\t\t\tReplantica: Treinamento em Restaura\u00e7\u00e3o Florestal para estudantes de Gradua\u00e7\u00e3o\n\t\t<\/span><\/div>","aioseo_breadcrumb_json":[{"label":"In\u00edcio","link":"https:\/\/institucional.ufrrj.br\/eext"},{"label":"Cursos","link":"https:\/\/institucional.ufrrj.br\/eext\/category\/cursos\/"},{"label":"Replantica: Treinamento em Restaura\u00e7\u00e3o Florestal para estudantes de Gradua\u00e7\u00e3o","link":"https:\/\/institucional.ufrrj.br\/eext\/replantica-treinamento-em-restauracao-florestal-para-estudantes-de-graduacao\/"}],"acf":[],"_links":{"self":[{"href":"https:\/\/institucional.ufrrj.br\/eext\/wp-json\/wp\/v2\/posts\/6603","targetHints":{"allow":["GET"]}}],"collection":[{"href":"https:\/\/institucional.ufrrj.br\/eext\/wp-json\/wp\/v2\/posts"}],"about":[{"href":"https:\/\/institucional.ufrrj.br\/eext\/wp-json\/wp\/v2\/types\/post"}],"author":[{"embeddable":true,"href":"https:\/\/institucional.ufrrj.br\/eext\/wp-json\/wp\/v2\/users\/899"}],"replies":[{"embeddable":true,"href":"https:\/\/institucional.ufrrj.br\/eext\/wp-json\/wp\/v2\/comments?post=6603"}],"version-history":[{"count":1,"href":"https:\/\/institucional.ufrrj.br\/eext\/wp-json\/wp\/v2\/posts\/6603\/revisions"}],"predecessor-version":[{"id":6605,"href":"https:\/\/institucional.ufrrj.br\/eext\/wp-json\/wp\/v2\/posts\/6603\/revisions\/6605"}],"wp:featuredmedia":[{"embeddable":true,"href":"https:\/\/institucional.ufrrj.br\/eext\/wp-json\/wp\/v2\/media\/6604"}],"wp:attachment":[{"href":"https:\/\/institucional.ufrrj.br\/eext\/wp-json\/wp\/v2\/media?parent=6603"}],"wp:term":[{"taxonomy":"category","embeddable":true,"href":"https:\/\/institucional.ufrrj.br\/eext\/wp-json\/wp\/v2\/categories?post=6603"},{"taxonomy":"post_tag","embeddable":true,"href":"https:\/\/institucional.ufrrj.br\/eext\/wp-json\/wp\/v2\/tags?post=6603"}],"curies":[{"name":"wp","href":"https:\/\/api.w.org\/{rel}","templated":true}]}}