{"id":6569,"date":"2026-03-02T09:02:44","date_gmt":"2026-03-02T12:02:44","guid":{"rendered":"https:\/\/institucional.ufrrj.br\/eext\/?p=6569"},"modified":"2026-03-04T12:39:50","modified_gmt":"2026-03-04T15:39:50","slug":"introducao-ao-pensamento-decolonial-para-a-educacao-linguistica-em-lingua-inglesa","status":"publish","type":"post","link":"https:\/\/institucional.ufrrj.br\/eext\/introducao-ao-pensamento-decolonial-para-a-educacao-linguistica-em-lingua-inglesa\/","title":{"rendered":"Introdu\u00e7\u00e3o ao pensamento decolonial para a educa\u00e7\u00e3o lingu\u00edstica em l\u00edngua inglesa"},"content":{"rendered":"\n<p>O Curso de Capacita\u00e7\u00e3o da UFRRJ, em parceria com a SME-VR, objetiva a forma\u00e7\u00e3o continuada de professores de ingl\u00eas do munic\u00edpio de Volta Redonda para discutir em n\u00edvel introdut\u00f3rio os pensamentos decoloniais para educa\u00e7\u00e3o lingu\u00edstica, e elaborar t\u00e9cnicas e materiais did\u00e1ticos vistas ao aprimoramento do desempenho profissional dos professores da rede e valoriza\u00e7\u00e3o da educa\u00e7\u00e3o lingu\u00edstica p\u00fablica em l\u00edngua inglesa.<\/p>\n","protected":false},"excerpt":{"rendered":"<p>O Curso de Capacita\u00e7\u00e3o da UFRRJ, em parceria com a SME-VR, objetiva a forma\u00e7\u00e3o continuada de professores de ingl\u00eas do <a class=\"read-more\" href=\"https:\/\/institucional.ufrrj.br\/eext\/introducao-ao-pensamento-decolonial-para-a-educacao-linguistica-em-lingua-inglesa\/ \" >&#8230; <span class=\"font-italic\">leia mais <i class=\"fas fa-angle-right\"><\/i><\/span><\/a><\/p>\n","protected":false},"author":899,"featured_media":6570,"comment_status":"closed","ping_status":"open","sticky":false,"template":"","format":"standard","meta":{"_acf_changed":false,"footnotes":""},"categories":[30],"tags":[],"class_list":["post-6569","post","type-post","status-publish","format-standard","has-post-thumbnail","hentry","category-cursos"],"yoast_head":"<!-- This site is optimized with the Yoast SEO plugin v27.2 - https:\/\/yoast.com\/product\/yoast-seo-wordpress\/ -->\n<title>Introdu\u00e7\u00e3o ao pensamento decolonial para a educa\u00e7\u00e3o lingu\u00edstica em l\u00edngua inglesa - Escola de Extens\u00e3o<\/title>\n<meta name=\"robots\" content=\"index, follow, max-snippet:-1, max-image-preview:large, max-video-preview:-1\" \/>\n<link rel=\"canonical\" href=\"https:\/\/institucional.ufrrj.br\/eext\/introducao-ao-pensamento-decolonial-para-a-educacao-linguistica-em-lingua-inglesa\/\" \/>\n<meta property=\"og:locale\" content=\"pt_BR\" \/>\n<meta property=\"og:type\" content=\"article\" \/>\n<meta property=\"og:title\" content=\"Introdu\u00e7\u00e3o ao pensamento decolonial para a educa\u00e7\u00e3o lingu\u00edstica em l\u00edngua inglesa - Escola de Extens\u00e3o\" \/>\n<meta property=\"og:description\" content=\"O Curso de Capacita\u00e7\u00e3o da UFRRJ, em parceria com a SME-VR, objetiva a forma\u00e7\u00e3o continuada de professores de ingl\u00eas do ... leia mais\" \/>\n<meta property=\"og:url\" content=\"https:\/\/institucional.ufrrj.br\/eext\/introducao-ao-pensamento-decolonial-para-a-educacao-linguistica-em-lingua-inglesa\/\" \/>\n<meta property=\"og:site_name\" content=\"Escola de Extens\u00e3o\" \/>\n<meta property=\"article:published_time\" content=\"2026-03-02T12:02:44+00:00\" \/>\n<meta property=\"article:modified_time\" content=\"2026-03-04T15:39:50+00:00\" \/>\n<meta property=\"og:image\" content=\"https:\/\/institucional.ufrrj.br\/eext\/files\/2026\/03\/Crie-uma-imagem-no-e-1024x683.png\" \/>\n\t<meta property=\"og:image:width\" content=\"1024\" \/>\n\t<meta property=\"og:image:height\" content=\"683\" \/>\n\t<meta property=\"og:image:type\" content=\"image\/png\" \/>\n<meta name=\"author\" content=\"victoria\" \/>\n<meta name=\"twitter:card\" content=\"summary_large_image\" \/>\n<meta name=\"twitter:label1\" content=\"Escrito por\" \/>\n\t<meta name=\"twitter:data1\" content=\"victoria\" \/>\n\t<meta name=\"twitter:label2\" content=\"Est. tempo de leitura\" \/>\n\t<meta name=\"twitter:data2\" content=\"1 minuto\" \/>\n<script type=\"application\/ld+json\" class=\"yoast-schema-graph\">{\"@context\":\"https:\/\/schema.org\",\"@graph\":[{\"@type\":\"Article\",\"@id\":\"https:\/\/institucional.ufrrj.br\/eext\/introducao-ao-pensamento-decolonial-para-a-educacao-linguistica-em-lingua-inglesa\/#article\",\"isPartOf\":{\"@id\":\"https:\/\/institucional.ufrrj.br\/eext\/introducao-ao-pensamento-decolonial-para-a-educacao-linguistica-em-lingua-inglesa\/\"},\"author\":{\"name\":\"victoria\",\"@id\":\"https:\/\/institucional.ufrrj.br\/eext\/#\/schema\/person\/c45ed0b951f8b740d9963db04e0f1a40\"},\"headline\":\"Introdu\u00e7\u00e3o ao pensamento decolonial para a educa\u00e7\u00e3o lingu\u00edstica em l\u00edngua inglesa\",\"datePublished\":\"2026-03-02T12:02:44+00:00\",\"dateModified\":\"2026-03-04T15:39:50+00:00\",\"mainEntityOfPage\":{\"@id\":\"https:\/\/institucional.ufrrj.br\/eext\/introducao-ao-pensamento-decolonial-para-a-educacao-linguistica-em-lingua-inglesa\/\"},\"wordCount\":90,\"image\":{\"@id\":\"https:\/\/institucional.ufrrj.br\/eext\/introducao-ao-pensamento-decolonial-para-a-educacao-linguistica-em-lingua-inglesa\/#primaryimage\"},\"thumbnailUrl\":\"https:\/\/institucional.ufrrj.br\/eext\/files\/2026\/03\/Crie-uma-imagem-no-e.png\",\"articleSection\":[\"Cursos\"],\"inLanguage\":\"pt-BR\"},{\"@type\":\"WebPage\",\"@id\":\"https:\/\/institucional.ufrrj.br\/eext\/introducao-ao-pensamento-decolonial-para-a-educacao-linguistica-em-lingua-inglesa\/\",\"url\":\"https:\/\/institucional.ufrrj.br\/eext\/introducao-ao-pensamento-decolonial-para-a-educacao-linguistica-em-lingua-inglesa\/\",\"name\":\"Introdu\u00e7\u00e3o ao pensamento decolonial para a educa\u00e7\u00e3o lingu\u00edstica em l\u00edngua inglesa - Escola de Extens\u00e3o\",\"isPartOf\":{\"@id\":\"https:\/\/institucional.ufrrj.br\/eext\/#website\"},\"primaryImageOfPage\":{\"@id\":\"https:\/\/institucional.ufrrj.br\/eext\/introducao-ao-pensamento-decolonial-para-a-educacao-linguistica-em-lingua-inglesa\/#primaryimage\"},\"image\":{\"@id\":\"https:\/\/institucional.ufrrj.br\/eext\/introducao-ao-pensamento-decolonial-para-a-educacao-linguistica-em-lingua-inglesa\/#primaryimage\"},\"thumbnailUrl\":\"https:\/\/institucional.ufrrj.br\/eext\/files\/2026\/03\/Crie-uma-imagem-no-e.png\",\"datePublished\":\"2026-03-02T12:02:44+00:00\",\"dateModified\":\"2026-03-04T15:39:50+00:00\",\"author\":{\"@id\":\"https:\/\/institucional.ufrrj.br\/eext\/#\/schema\/person\/c45ed0b951f8b740d9963db04e0f1a40\"},\"breadcrumb\":{\"@id\":\"https:\/\/institucional.ufrrj.br\/eext\/introducao-ao-pensamento-decolonial-para-a-educacao-linguistica-em-lingua-inglesa\/#breadcrumb\"},\"inLanguage\":\"pt-BR\",\"potentialAction\":[{\"@type\":\"ReadAction\",\"target\":[\"https:\/\/institucional.ufrrj.br\/eext\/introducao-ao-pensamento-decolonial-para-a-educacao-linguistica-em-lingua-inglesa\/\"]}]},{\"@type\":\"ImageObject\",\"inLanguage\":\"pt-BR\",\"@id\":\"https:\/\/institucional.ufrrj.br\/eext\/introducao-ao-pensamento-decolonial-para-a-educacao-linguistica-em-lingua-inglesa\/#primaryimage\",\"url\":\"https:\/\/institucional.ufrrj.br\/eext\/files\/2026\/03\/Crie-uma-imagem-no-e.png\",\"contentUrl\":\"https:\/\/institucional.ufrrj.br\/eext\/files\/2026\/03\/Crie-uma-imagem-no-e.png\",\"width\":1536,\"height\":1024},{\"@type\":\"BreadcrumbList\",\"@id\":\"https:\/\/institucional.ufrrj.br\/eext\/introducao-ao-pensamento-decolonial-para-a-educacao-linguistica-em-lingua-inglesa\/#breadcrumb\",\"itemListElement\":[{\"@type\":\"ListItem\",\"position\":1,\"name\":\"In\u00edcio\",\"item\":\"https:\/\/institucional.ufrrj.br\/eext\/\"},{\"@type\":\"ListItem\",\"position\":2,\"name\":\"Introdu\u00e7\u00e3o ao pensamento decolonial para a educa\u00e7\u00e3o lingu\u00edstica em l\u00edngua inglesa\"}]},{\"@type\":\"WebSite\",\"@id\":\"https:\/\/institucional.ufrrj.br\/eext\/#website\",\"url\":\"https:\/\/institucional.ufrrj.br\/eext\/\",\"name\":\"Escola de Extens\u00e3o\",\"description\":\"S\u00f3 mais um site institucional.ufrrj.br\",\"potentialAction\":[{\"@type\":\"SearchAction\",\"target\":{\"@type\":\"EntryPoint\",\"urlTemplate\":\"https:\/\/institucional.ufrrj.br\/eext\/?s={search_term_string}\"},\"query-input\":{\"@type\":\"PropertyValueSpecification\",\"valueRequired\":true,\"valueName\":\"search_term_string\"}}],\"inLanguage\":\"pt-BR\"},{\"@type\":\"Person\",\"@id\":\"https:\/\/institucional.ufrrj.br\/eext\/#\/schema\/person\/c45ed0b951f8b740d9963db04e0f1a40\",\"name\":\"victoria\",\"image\":{\"@type\":\"ImageObject\",\"inLanguage\":\"pt-BR\",\"@id\":\"https:\/\/secure.gravatar.com\/avatar\/c49d551beaec9f25f0c1c8a8ab085e46a88d78b92ba22e0933f42554f1eba84d?s=96&d=mm&r=g\",\"url\":\"https:\/\/secure.gravatar.com\/avatar\/c49d551beaec9f25f0c1c8a8ab085e46a88d78b92ba22e0933f42554f1eba84d?s=96&d=mm&r=g\",\"contentUrl\":\"https:\/\/secure.gravatar.com\/avatar\/c49d551beaec9f25f0c1c8a8ab085e46a88d78b92ba22e0933f42554f1eba84d?s=96&d=mm&r=g\",\"caption\":\"victoria\"},\"description\":\"GLPI 38266\",\"url\":\"https:\/\/institucional.ufrrj.br\/eext\/author\/victoria\/\"}]}<\/script>\n<!-- \/ Yoast SEO plugin. -->","yoast_head_json":{"title":"Introdu\u00e7\u00e3o ao pensamento decolonial para a educa\u00e7\u00e3o lingu\u00edstica em l\u00edngua inglesa - Escola de Extens\u00e3o","robots":{"index":"index","follow":"follow","max-snippet":"max-snippet:-1","max-image-preview":"max-image-preview:large","max-video-preview":"max-video-preview:-1"},"canonical":"https:\/\/institucional.ufrrj.br\/eext\/introducao-ao-pensamento-decolonial-para-a-educacao-linguistica-em-lingua-inglesa\/","og_locale":"pt_BR","og_type":"article","og_title":"Introdu\u00e7\u00e3o ao pensamento decolonial para a educa\u00e7\u00e3o lingu\u00edstica em l\u00edngua inglesa - Escola de Extens\u00e3o","og_description":"O Curso de Capacita\u00e7\u00e3o da UFRRJ, em parceria com a SME-VR, objetiva a forma\u00e7\u00e3o continuada de professores de ingl\u00eas do ... leia mais","og_url":"https:\/\/institucional.ufrrj.br\/eext\/introducao-ao-pensamento-decolonial-para-a-educacao-linguistica-em-lingua-inglesa\/","og_site_name":"Escola de Extens\u00e3o","article_published_time":"2026-03-02T12:02:44+00:00","article_modified_time":"2026-03-04T15:39:50+00:00","og_image":[{"width":1024,"height":683,"url":"https:\/\/institucional.ufrrj.br\/eext\/files\/2026\/03\/Crie-uma-imagem-no-e-1024x683.png","type":"image\/png"}],"author":"victoria","twitter_card":"summary_large_image","twitter_misc":{"Escrito por":"victoria","Est. tempo de leitura":"1 minuto"},"schema":{"@context":"https:\/\/schema.org","@graph":[{"@type":"Article","@id":"https:\/\/institucional.ufrrj.br\/eext\/introducao-ao-pensamento-decolonial-para-a-educacao-linguistica-em-lingua-inglesa\/#article","isPartOf":{"@id":"https:\/\/institucional.ufrrj.br\/eext\/introducao-ao-pensamento-decolonial-para-a-educacao-linguistica-em-lingua-inglesa\/"},"author":{"name":"victoria","@id":"https:\/\/institucional.ufrrj.br\/eext\/#\/schema\/person\/c45ed0b951f8b740d9963db04e0f1a40"},"headline":"Introdu\u00e7\u00e3o ao pensamento decolonial para a educa\u00e7\u00e3o lingu\u00edstica em l\u00edngua inglesa","datePublished":"2026-03-02T12:02:44+00:00","dateModified":"2026-03-04T15:39:50+00:00","mainEntityOfPage":{"@id":"https:\/\/institucional.ufrrj.br\/eext\/introducao-ao-pensamento-decolonial-para-a-educacao-linguistica-em-lingua-inglesa\/"},"wordCount":90,"image":{"@id":"https:\/\/institucional.ufrrj.br\/eext\/introducao-ao-pensamento-decolonial-para-a-educacao-linguistica-em-lingua-inglesa\/#primaryimage"},"thumbnailUrl":"https:\/\/institucional.ufrrj.br\/eext\/files\/2026\/03\/Crie-uma-imagem-no-e.png","articleSection":["Cursos"],"inLanguage":"pt-BR"},{"@type":"WebPage","@id":"https:\/\/institucional.ufrrj.br\/eext\/introducao-ao-pensamento-decolonial-para-a-educacao-linguistica-em-lingua-inglesa\/","url":"https:\/\/institucional.ufrrj.br\/eext\/introducao-ao-pensamento-decolonial-para-a-educacao-linguistica-em-lingua-inglesa\/","name":"Introdu\u00e7\u00e3o ao pensamento decolonial para a educa\u00e7\u00e3o lingu\u00edstica em l\u00edngua inglesa - Escola de Extens\u00e3o","isPartOf":{"@id":"https:\/\/institucional.ufrrj.br\/eext\/#website"},"primaryImageOfPage":{"@id":"https:\/\/institucional.ufrrj.br\/eext\/introducao-ao-pensamento-decolonial-para-a-educacao-linguistica-em-lingua-inglesa\/#primaryimage"},"image":{"@id":"https:\/\/institucional.ufrrj.br\/eext\/introducao-ao-pensamento-decolonial-para-a-educacao-linguistica-em-lingua-inglesa\/#primaryimage"},"thumbnailUrl":"https:\/\/institucional.ufrrj.br\/eext\/files\/2026\/03\/Crie-uma-imagem-no-e.png","datePublished":"2026-03-02T12:02:44+00:00","dateModified":"2026-03-04T15:39:50+00:00","author":{"@id":"https:\/\/institucional.ufrrj.br\/eext\/#\/schema\/person\/c45ed0b951f8b740d9963db04e0f1a40"},"breadcrumb":{"@id":"https:\/\/institucional.ufrrj.br\/eext\/introducao-ao-pensamento-decolonial-para-a-educacao-linguistica-em-lingua-inglesa\/#breadcrumb"},"inLanguage":"pt-BR","potentialAction":[{"@type":"ReadAction","target":["https:\/\/institucional.ufrrj.br\/eext\/introducao-ao-pensamento-decolonial-para-a-educacao-linguistica-em-lingua-inglesa\/"]}]},{"@type":"ImageObject","inLanguage":"pt-BR","@id":"https:\/\/institucional.ufrrj.br\/eext\/introducao-ao-pensamento-decolonial-para-a-educacao-linguistica-em-lingua-inglesa\/#primaryimage","url":"https:\/\/institucional.ufrrj.br\/eext\/files\/2026\/03\/Crie-uma-imagem-no-e.png","contentUrl":"https:\/\/institucional.ufrrj.br\/eext\/files\/2026\/03\/Crie-uma-imagem-no-e.png","width":1536,"height":1024},{"@type":"BreadcrumbList","@id":"https:\/\/institucional.ufrrj.br\/eext\/introducao-ao-pensamento-decolonial-para-a-educacao-linguistica-em-lingua-inglesa\/#breadcrumb","itemListElement":[{"@type":"ListItem","position":1,"name":"In\u00edcio","item":"https:\/\/institucional.ufrrj.br\/eext\/"},{"@type":"ListItem","position":2,"name":"Introdu\u00e7\u00e3o ao pensamento decolonial para a educa\u00e7\u00e3o lingu\u00edstica em l\u00edngua inglesa"}]},{"@type":"WebSite","@id":"https:\/\/institucional.ufrrj.br\/eext\/#website","url":"https:\/\/institucional.ufrrj.br\/eext\/","name":"Escola de Extens\u00e3o","description":"S\u00f3 mais um site institucional.ufrrj.br","potentialAction":[{"@type":"SearchAction","target":{"@type":"EntryPoint","urlTemplate":"https:\/\/institucional.ufrrj.br\/eext\/?s={search_term_string}"},"query-input":{"@type":"PropertyValueSpecification","valueRequired":true,"valueName":"search_term_string"}}],"inLanguage":"pt-BR"},{"@type":"Person","@id":"https:\/\/institucional.ufrrj.br\/eext\/#\/schema\/person\/c45ed0b951f8b740d9963db04e0f1a40","name":"victoria","image":{"@type":"ImageObject","inLanguage":"pt-BR","@id":"https:\/\/secure.gravatar.com\/avatar\/c49d551beaec9f25f0c1c8a8ab085e46a88d78b92ba22e0933f42554f1eba84d?s=96&d=mm&r=g","url":"https:\/\/secure.gravatar.com\/avatar\/c49d551beaec9f25f0c1c8a8ab085e46a88d78b92ba22e0933f42554f1eba84d?s=96&d=mm&r=g","contentUrl":"https:\/\/secure.gravatar.com\/avatar\/c49d551beaec9f25f0c1c8a8ab085e46a88d78b92ba22e0933f42554f1eba84d?s=96&d=mm&r=g","caption":"victoria"},"description":"GLPI 38266","url":"https:\/\/institucional.ufrrj.br\/eext\/author\/victoria\/"}]}},"acf":[],"_links":{"self":[{"href":"https:\/\/institucional.ufrrj.br\/eext\/wp-json\/wp\/v2\/posts\/6569","targetHints":{"allow":["GET"]}}],"collection":[{"href":"https:\/\/institucional.ufrrj.br\/eext\/wp-json\/wp\/v2\/posts"}],"about":[{"href":"https:\/\/institucional.ufrrj.br\/eext\/wp-json\/wp\/v2\/types\/post"}],"author":[{"embeddable":true,"href":"https:\/\/institucional.ufrrj.br\/eext\/wp-json\/wp\/v2\/users\/899"}],"replies":[{"embeddable":true,"href":"https:\/\/institucional.ufrrj.br\/eext\/wp-json\/wp\/v2\/comments?post=6569"}],"version-history":[{"count":2,"href":"https:\/\/institucional.ufrrj.br\/eext\/wp-json\/wp\/v2\/posts\/6569\/revisions"}],"predecessor-version":[{"id":6574,"href":"https:\/\/institucional.ufrrj.br\/eext\/wp-json\/wp\/v2\/posts\/6569\/revisions\/6574"}],"wp:featuredmedia":[{"embeddable":true,"href":"https:\/\/institucional.ufrrj.br\/eext\/wp-json\/wp\/v2\/media\/6570"}],"wp:attachment":[{"href":"https:\/\/institucional.ufrrj.br\/eext\/wp-json\/wp\/v2\/media?parent=6569"}],"wp:term":[{"taxonomy":"category","embeddable":true,"href":"https:\/\/institucional.ufrrj.br\/eext\/wp-json\/wp\/v2\/categories?post=6569"},{"taxonomy":"post_tag","embeddable":true,"href":"https:\/\/institucional.ufrrj.br\/eext\/wp-json\/wp\/v2\/tags?post=6569"}],"curies":[{"name":"wp","href":"https:\/\/api.w.org\/{rel}","templated":true}]}}