{"id":6566,"date":"2026-02-26T11:40:21","date_gmt":"2026-02-26T14:40:21","guid":{"rendered":"https:\/\/institucional.ufrrj.br\/eext\/?p=6566"},"modified":"2026-03-04T12:40:23","modified_gmt":"2026-03-04T15:40:23","slug":"replantica-mulheres-na-restauracao-florestal","status":"publish","type":"post","link":"https:\/\/institucional.ufrrj.br\/eext\/replantica-mulheres-na-restauracao-florestal\/","title":{"rendered":"Replantica: Mulheres na restaura\u00e7\u00e3o florestal"},"content":{"rendered":"\n<p class=\"wp-block-paragraph\">O Programa Replantica \u00e9 uma a\u00e7\u00e3o realizada em parceria com IKI &#8211; Alemanha, Reserva Ecol\u00f3gica de Guapia\u00e7u (REGUA) e UFRRJ. Com foco nas comunidades do entorno da REGUA, o programa visa difundir a restaura\u00e7\u00e3o por meio da educa\u00e7\u00e3o sobre t\u00e9cnicas, benef\u00edcios e potenciais econ\u00f4micos. O Replantica encontra-se em sua terceira edi\u00e7\u00e3o, e o curso destinado para o p\u00fablico \u201cMulheres\u201d, tem o objetivo de apresentar as possibilidades de atua\u00e7\u00e3o na Restaura\u00e7\u00e3o Florestal, por meio do empoderamento feminino, visando a diversifica\u00e7\u00e3o e gera\u00e7\u00e3o de renda.<br>O curso busca sensibilizar e possibilitar o protagonismo de mulheres na conserva\u00e7\u00e3o de ecossistemas, promovendo mudan\u00e7as positivas para o meio ambiente e suas comunidades. Contribuindo para destacar o papel das mulheres na conserva\u00e7\u00e3o da biodiversidade, visando mitigar mudan\u00e7as clim\u00e1ticas, por meio das m\u00faltiplas oportunidades econ\u00f4micas da restaura\u00e7\u00e3o florestal. Ser\u00e3o abordados, al\u00e9m do contexto do curso e da REGUA, o protagonismo feminino e a import\u00e2ncia da restaura\u00e7\u00e3o para a conserva\u00e7\u00e3o da biodiversidade; benef\u00edcios e oportunidades do mercado da restaura\u00e7\u00e3o: produtos florestais n\u00e3o madeireiros; sistemas agroflorestais como incentivo \u00e0 restaura\u00e7\u00e3o e adapta\u00e7\u00e3o \u00e0s mudan\u00e7as clim\u00e1ticas. A programa\u00e7\u00e3o inclui oficinas de produtos artesanais a partir de produtos florestais, al\u00e9m de visitas t\u00e9cnicas em sistemas agroflorestais.<\/p>\n","protected":false},"excerpt":{"rendered":"<p>O Programa Replantica \u00e9 uma a\u00e7\u00e3o realizada em parceria com IKI &#8211; Alemanha, Reserva Ecol\u00f3gica de Guapia\u00e7u (REGUA) e UFRRJ. <a class=\"read-more\" href=\"https:\/\/institucional.ufrrj.br\/eext\/replantica-mulheres-na-restauracao-florestal\/ \" >&#8230; <span class=\"font-italic\">leia mais <i class=\"fas fa-angle-right\"><\/i><\/span><\/a><\/p>\n","protected":false},"author":899,"featured_media":6567,"comment_status":"closed","ping_status":"open","sticky":false,"template":"","format":"standard","meta":{"_acf_changed":false,"footnotes":""},"categories":[30],"tags":[],"class_list":["post-6566","post","type-post","status-publish","format-standard","has-post-thumbnail","hentry","category-cursos"],"aioseo_notices":[],"aioseo_head":"\n\t\t<!-- All in One SEO 5.0.1.1 - aioseo.com -->\n\t<meta name=\"description\" content=\"O Programa Replantica \u00e9 uma a\u00e7\u00e3o realizada em parceria com IKI - Alemanha, Reserva Ecol\u00f3gica de Guapia\u00e7u (REGUA) e UFRRJ. Com foco nas comunidades do entorno da REGUA, o programa visa difundir a restaura\u00e7\u00e3o por meio da educa\u00e7\u00e3o sobre t\u00e9cnicas, benef\u00edcios e potenciais econ\u00f4micos. O Replantica encontra-se em sua terceira edi\u00e7\u00e3o, e o curso destinado\" \/>\n\t<meta name=\"robots\" content=\"max-image-preview:large\" \/>\n\t<meta name=\"author\" content=\"victoria\"\/>\n\t<link rel=\"canonical\" href=\"https:\/\/institucional.ufrrj.br\/eext\/replantica-mulheres-na-restauracao-florestal\/\" \/>\n\t<meta name=\"generator\" content=\"All in One SEO (AIOSEO) 5.0.1.1\" \/>\n\t\t<meta property=\"og:locale\" content=\"pt_BR\" \/>\n\t\t<meta property=\"og:site_name\" content=\"Escola de Extens\u00e3o - S\u00f3 mais um site institucional.ufrrj.br\" \/>\n\t\t<meta property=\"og:type\" content=\"article\" \/>\n\t\t<meta property=\"og:title\" content=\"Replantica: Mulheres na restaura\u00e7\u00e3o florestal - Escola de Extens\u00e3o\" \/>\n\t\t<meta property=\"og:description\" content=\"O Programa Replantica \u00e9 uma a\u00e7\u00e3o realizada em parceria com IKI - Alemanha, Reserva Ecol\u00f3gica de Guapia\u00e7u (REGUA) e UFRRJ. Com foco nas comunidades do entorno da REGUA, o programa visa difundir a restaura\u00e7\u00e3o por meio da educa\u00e7\u00e3o sobre t\u00e9cnicas, benef\u00edcios e potenciais econ\u00f4micos. O Replantica encontra-se em sua terceira edi\u00e7\u00e3o, e o curso destinado\" \/>\n\t\t<meta property=\"og:url\" content=\"https:\/\/institucional.ufrrj.br\/eext\/replantica-mulheres-na-restauracao-florestal\/\" \/>\n\t\t<meta property=\"article:published_time\" content=\"2026-02-26T14:40:21+00:00\" \/>\n\t\t<meta property=\"article:modified_time\" content=\"2026-03-04T15:40:23+00:00\" \/>\n\t\t<meta name=\"twitter:card\" content=\"summary_large_image\" \/>\n\t\t<meta name=\"twitter:title\" content=\"Replantica: Mulheres na restaura\u00e7\u00e3o florestal - Escola de Extens\u00e3o\" \/>\n\t\t<meta name=\"twitter:description\" content=\"O Programa Replantica \u00e9 uma a\u00e7\u00e3o realizada em parceria com IKI - Alemanha, Reserva Ecol\u00f3gica de Guapia\u00e7u (REGUA) e UFRRJ. Com foco nas comunidades do entorno da REGUA, o programa visa difundir a restaura\u00e7\u00e3o por meio da educa\u00e7\u00e3o sobre t\u00e9cnicas, benef\u00edcios e potenciais econ\u00f4micos. O Replantica encontra-se em sua terceira edi\u00e7\u00e3o, e o curso destinado\" \/>\n\t\t<script type=\"application\/ld+json\" class=\"aioseo-schema\">\n\t\t\t{\"@context\":\"https:\\\/\\\/schema.org\",\"@graph\":[{\"@type\":\"BlogPosting\",\"@id\":\"https:\\\/\\\/institucional.ufrrj.br\\\/eext\\\/replantica-mulheres-na-restauracao-florestal\\\/#blogposting\",\"name\":\"Replantica: Mulheres na restaura\\u00e7\\u00e3o florestal - Escola de Extens\\u00e3o\",\"headline\":\"Replantica: Mulheres na restaura\\u00e7\\u00e3o florestal\",\"author\":{\"@id\":\"https:\\\/\\\/institucional.ufrrj.br\\\/eext\\\/author\\\/victoria\\\/#author\"},\"publisher\":{\"@id\":\"https:\\\/\\\/institucional.ufrrj.br\\\/eext\\\/#organization\"},\"image\":{\"@type\":\"ImageObject\",\"url\":\"https:\\\/\\\/institucional.ufrrj.br\\\/eext\\\/files\\\/2026\\\/02\\\/Crie-uma-imagem-no-e-3.png\",\"width\":1536,\"height\":1024},\"datePublished\":\"2026-02-26T11:40:21-03:00\",\"dateModified\":\"2026-03-04T12:40:23-03:00\",\"inLanguage\":\"pt-BR\",\"mainEntityOfPage\":{\"@id\":\"https:\\\/\\\/institucional.ufrrj.br\\\/eext\\\/replantica-mulheres-na-restauracao-florestal\\\/#webpage\"},\"isPartOf\":{\"@id\":\"https:\\\/\\\/institucional.ufrrj.br\\\/eext\\\/replantica-mulheres-na-restauracao-florestal\\\/#webpage\"},\"articleSection\":\"Cursos\"},{\"@type\":\"BreadcrumbList\",\"@id\":\"https:\\\/\\\/institucional.ufrrj.br\\\/eext\\\/replantica-mulheres-na-restauracao-florestal\\\/#breadcrumblist\",\"itemListElement\":[{\"@type\":\"ListItem\",\"@id\":\"https:\\\/\\\/institucional.ufrrj.br\\\/eext#listItem\",\"position\":1,\"name\":\"In\\u00edcio\",\"item\":\"https:\\\/\\\/institucional.ufrrj.br\\\/eext\",\"nextItem\":{\"@type\":\"ListItem\",\"@id\":\"https:\\\/\\\/institucional.ufrrj.br\\\/eext\\\/category\\\/cursos\\\/#listItem\",\"name\":\"Cursos\"}},{\"@type\":\"ListItem\",\"@id\":\"https:\\\/\\\/institucional.ufrrj.br\\\/eext\\\/category\\\/cursos\\\/#listItem\",\"position\":2,\"name\":\"Cursos\",\"item\":\"https:\\\/\\\/institucional.ufrrj.br\\\/eext\\\/category\\\/cursos\\\/\",\"nextItem\":{\"@type\":\"ListItem\",\"@id\":\"https:\\\/\\\/institucional.ufrrj.br\\\/eext\\\/replantica-mulheres-na-restauracao-florestal\\\/#listItem\",\"name\":\"Replantica: Mulheres na restaura\\u00e7\\u00e3o florestal\"},\"previousItem\":{\"@type\":\"ListItem\",\"@id\":\"https:\\\/\\\/institucional.ufrrj.br\\\/eext#listItem\",\"name\":\"In\\u00edcio\"}},{\"@type\":\"ListItem\",\"@id\":\"https:\\\/\\\/institucional.ufrrj.br\\\/eext\\\/replantica-mulheres-na-restauracao-florestal\\\/#listItem\",\"position\":3,\"name\":\"Replantica: Mulheres na restaura\\u00e7\\u00e3o florestal\",\"previousItem\":{\"@type\":\"ListItem\",\"@id\":\"https:\\\/\\\/institucional.ufrrj.br\\\/eext\\\/category\\\/cursos\\\/#listItem\",\"name\":\"Cursos\"}}]},{\"@type\":\"Organization\",\"@id\":\"https:\\\/\\\/institucional.ufrrj.br\\\/eext\\\/#organization\",\"name\":\"Escola de Extens\\u00e3o\",\"description\":\"S\\u00f3 mais um site institucional.ufrrj.br\",\"url\":\"https:\\\/\\\/institucional.ufrrj.br\\\/eext\\\/\"},{\"@type\":\"Person\",\"@id\":\"https:\\\/\\\/institucional.ufrrj.br\\\/eext\\\/author\\\/victoria\\\/#author\",\"url\":\"https:\\\/\\\/institucional.ufrrj.br\\\/eext\\\/author\\\/victoria\\\/\",\"name\":\"victoria\",\"image\":{\"@type\":\"ImageObject\",\"@id\":\"https:\\\/\\\/institucional.ufrrj.br\\\/eext\\\/replantica-mulheres-na-restauracao-florestal\\\/#authorImage\",\"url\":\"https:\\\/\\\/secure.gravatar.com\\\/avatar\\\/c49d551beaec9f25f0c1c8a8ab085e46a88d78b92ba22e0933f42554f1eba84d?s=96&d=mm&r=g\",\"width\":96,\"height\":96,\"caption\":\"victoria\"}},{\"@type\":\"WebPage\",\"@id\":\"https:\\\/\\\/institucional.ufrrj.br\\\/eext\\\/replantica-mulheres-na-restauracao-florestal\\\/#webpage\",\"url\":\"https:\\\/\\\/institucional.ufrrj.br\\\/eext\\\/replantica-mulheres-na-restauracao-florestal\\\/\",\"name\":\"Replantica: Mulheres na restaura\\u00e7\\u00e3o florestal - Escola de Extens\\u00e3o\",\"description\":\"O Programa Replantica \\u00e9 uma a\\u00e7\\u00e3o realizada em parceria com IKI - Alemanha, Reserva Ecol\\u00f3gica de Guapia\\u00e7u (REGUA) e UFRRJ. Com foco nas comunidades do entorno da REGUA, o programa visa difundir a restaura\\u00e7\\u00e3o por meio da educa\\u00e7\\u00e3o sobre t\\u00e9cnicas, benef\\u00edcios e potenciais econ\\u00f4micos. O Replantica encontra-se em sua terceira edi\\u00e7\\u00e3o, e o curso destinado\",\"inLanguage\":\"pt-BR\",\"isPartOf\":{\"@id\":\"https:\\\/\\\/institucional.ufrrj.br\\\/eext\\\/#website\"},\"breadcrumb\":{\"@id\":\"https:\\\/\\\/institucional.ufrrj.br\\\/eext\\\/replantica-mulheres-na-restauracao-florestal\\\/#breadcrumblist\"},\"author\":{\"@id\":\"https:\\\/\\\/institucional.ufrrj.br\\\/eext\\\/author\\\/victoria\\\/#author\"},\"creator\":{\"@id\":\"https:\\\/\\\/institucional.ufrrj.br\\\/eext\\\/author\\\/victoria\\\/#author\"},\"image\":{\"@type\":\"ImageObject\",\"url\":\"https:\\\/\\\/institucional.ufrrj.br\\\/eext\\\/files\\\/2026\\\/02\\\/Crie-uma-imagem-no-e-3.png\",\"@id\":\"https:\\\/\\\/institucional.ufrrj.br\\\/eext\\\/replantica-mulheres-na-restauracao-florestal\\\/#mainImage\",\"width\":1536,\"height\":1024},\"primaryImageOfPage\":{\"@id\":\"https:\\\/\\\/institucional.ufrrj.br\\\/eext\\\/replantica-mulheres-na-restauracao-florestal\\\/#mainImage\"},\"datePublished\":\"2026-02-26T11:40:21-03:00\",\"dateModified\":\"2026-03-04T12:40:23-03:00\"},{\"@type\":\"WebSite\",\"@id\":\"https:\\\/\\\/institucional.ufrrj.br\\\/eext\\\/#website\",\"url\":\"https:\\\/\\\/institucional.ufrrj.br\\\/eext\\\/\",\"name\":\"Escola de Extens\\u00e3o\",\"description\":\"S\\u00f3 mais um site institucional.ufrrj.br\",\"inLanguage\":\"pt-BR\",\"publisher\":{\"@id\":\"https:\\\/\\\/institucional.ufrrj.br\\\/eext\\\/#organization\"}}]}\n\t\t<\/script>\n\t\t<!-- All in One SEO -->\n\n","aioseo_head_json":{"title":"Replantica: Mulheres na restaura\u00e7\u00e3o florestal - Escola de Extens\u00e3o","description":"O Programa Replantica \u00e9 uma a\u00e7\u00e3o realizada em parceria com IKI - Alemanha, Reserva Ecol\u00f3gica de Guapia\u00e7u (REGUA) e UFRRJ. Com foco nas comunidades do entorno da REGUA, o programa visa difundir a restaura\u00e7\u00e3o por meio da educa\u00e7\u00e3o sobre t\u00e9cnicas, benef\u00edcios e potenciais econ\u00f4micos. O Replantica encontra-se em sua terceira edi\u00e7\u00e3o, e o curso destinado","canonical_url":"https:\/\/institucional.ufrrj.br\/eext\/replantica-mulheres-na-restauracao-florestal\/","robots":"max-image-preview:large","keywords":"","webmasterTools":{"miscellaneous":""},"schema":{"@context":"https:\/\/schema.org","@graph":[{"@type":"BlogPosting","@id":"https:\/\/institucional.ufrrj.br\/eext\/replantica-mulheres-na-restauracao-florestal\/#blogposting","name":"Replantica: Mulheres na restaura\u00e7\u00e3o florestal - Escola de Extens\u00e3o","headline":"Replantica: Mulheres na restaura\u00e7\u00e3o florestal","author":{"@id":"https:\/\/institucional.ufrrj.br\/eext\/author\/victoria\/#author"},"publisher":{"@id":"https:\/\/institucional.ufrrj.br\/eext\/#organization"},"image":{"@type":"ImageObject","url":"https:\/\/institucional.ufrrj.br\/eext\/files\/2026\/02\/Crie-uma-imagem-no-e-3.png","width":1536,"height":1024},"datePublished":"2026-02-26T11:40:21-03:00","dateModified":"2026-03-04T12:40:23-03:00","inLanguage":"pt-BR","mainEntityOfPage":{"@id":"https:\/\/institucional.ufrrj.br\/eext\/replantica-mulheres-na-restauracao-florestal\/#webpage"},"isPartOf":{"@id":"https:\/\/institucional.ufrrj.br\/eext\/replantica-mulheres-na-restauracao-florestal\/#webpage"},"articleSection":"Cursos"},{"@type":"BreadcrumbList","@id":"https:\/\/institucional.ufrrj.br\/eext\/replantica-mulheres-na-restauracao-florestal\/#breadcrumblist","itemListElement":[{"@type":"ListItem","@id":"https:\/\/institucional.ufrrj.br\/eext#listItem","position":1,"name":"In\u00edcio","item":"https:\/\/institucional.ufrrj.br\/eext","nextItem":{"@type":"ListItem","@id":"https:\/\/institucional.ufrrj.br\/eext\/category\/cursos\/#listItem","name":"Cursos"}},{"@type":"ListItem","@id":"https:\/\/institucional.ufrrj.br\/eext\/category\/cursos\/#listItem","position":2,"name":"Cursos","item":"https:\/\/institucional.ufrrj.br\/eext\/category\/cursos\/","nextItem":{"@type":"ListItem","@id":"https:\/\/institucional.ufrrj.br\/eext\/replantica-mulheres-na-restauracao-florestal\/#listItem","name":"Replantica: Mulheres na restaura\u00e7\u00e3o florestal"},"previousItem":{"@type":"ListItem","@id":"https:\/\/institucional.ufrrj.br\/eext#listItem","name":"In\u00edcio"}},{"@type":"ListItem","@id":"https:\/\/institucional.ufrrj.br\/eext\/replantica-mulheres-na-restauracao-florestal\/#listItem","position":3,"name":"Replantica: Mulheres na restaura\u00e7\u00e3o florestal","previousItem":{"@type":"ListItem","@id":"https:\/\/institucional.ufrrj.br\/eext\/category\/cursos\/#listItem","name":"Cursos"}}]},{"@type":"Organization","@id":"https:\/\/institucional.ufrrj.br\/eext\/#organization","name":"Escola de Extens\u00e3o","description":"S\u00f3 mais um site institucional.ufrrj.br","url":"https:\/\/institucional.ufrrj.br\/eext\/"},{"@type":"Person","@id":"https:\/\/institucional.ufrrj.br\/eext\/author\/victoria\/#author","url":"https:\/\/institucional.ufrrj.br\/eext\/author\/victoria\/","name":"victoria","image":{"@type":"ImageObject","@id":"https:\/\/institucional.ufrrj.br\/eext\/replantica-mulheres-na-restauracao-florestal\/#authorImage","url":"https:\/\/secure.gravatar.com\/avatar\/c49d551beaec9f25f0c1c8a8ab085e46a88d78b92ba22e0933f42554f1eba84d?s=96&d=mm&r=g","width":96,"height":96,"caption":"victoria"}},{"@type":"WebPage","@id":"https:\/\/institucional.ufrrj.br\/eext\/replantica-mulheres-na-restauracao-florestal\/#webpage","url":"https:\/\/institucional.ufrrj.br\/eext\/replantica-mulheres-na-restauracao-florestal\/","name":"Replantica: Mulheres na restaura\u00e7\u00e3o florestal - Escola de Extens\u00e3o","description":"O Programa Replantica \u00e9 uma a\u00e7\u00e3o realizada em parceria com IKI - Alemanha, Reserva Ecol\u00f3gica de Guapia\u00e7u (REGUA) e UFRRJ. Com foco nas comunidades do entorno da REGUA, o programa visa difundir a restaura\u00e7\u00e3o por meio da educa\u00e7\u00e3o sobre t\u00e9cnicas, benef\u00edcios e potenciais econ\u00f4micos. O Replantica encontra-se em sua terceira edi\u00e7\u00e3o, e o curso destinado","inLanguage":"pt-BR","isPartOf":{"@id":"https:\/\/institucional.ufrrj.br\/eext\/#website"},"breadcrumb":{"@id":"https:\/\/institucional.ufrrj.br\/eext\/replantica-mulheres-na-restauracao-florestal\/#breadcrumblist"},"author":{"@id":"https:\/\/institucional.ufrrj.br\/eext\/author\/victoria\/#author"},"creator":{"@id":"https:\/\/institucional.ufrrj.br\/eext\/author\/victoria\/#author"},"image":{"@type":"ImageObject","url":"https:\/\/institucional.ufrrj.br\/eext\/files\/2026\/02\/Crie-uma-imagem-no-e-3.png","@id":"https:\/\/institucional.ufrrj.br\/eext\/replantica-mulheres-na-restauracao-florestal\/#mainImage","width":1536,"height":1024},"primaryImageOfPage":{"@id":"https:\/\/institucional.ufrrj.br\/eext\/replantica-mulheres-na-restauracao-florestal\/#mainImage"},"datePublished":"2026-02-26T11:40:21-03:00","dateModified":"2026-03-04T12:40:23-03:00"},{"@type":"WebSite","@id":"https:\/\/institucional.ufrrj.br\/eext\/#website","url":"https:\/\/institucional.ufrrj.br\/eext\/","name":"Escola de Extens\u00e3o","description":"S\u00f3 mais um site institucional.ufrrj.br","inLanguage":"pt-BR","publisher":{"@id":"https:\/\/institucional.ufrrj.br\/eext\/#organization"}}]},"og:locale":"pt_BR","og:site_name":"Escola de Extens\u00e3o - S\u00f3 mais um site institucional.ufrrj.br","og:type":"article","og:title":"Replantica: Mulheres na restaura\u00e7\u00e3o florestal - Escola de Extens\u00e3o","og:description":"O Programa Replantica \u00e9 uma a\u00e7\u00e3o realizada em parceria com IKI - Alemanha, Reserva Ecol\u00f3gica de Guapia\u00e7u (REGUA) e UFRRJ. Com foco nas comunidades do entorno da REGUA, o programa visa difundir a restaura\u00e7\u00e3o por meio da educa\u00e7\u00e3o sobre t\u00e9cnicas, benef\u00edcios e potenciais econ\u00f4micos. O Replantica encontra-se em sua terceira edi\u00e7\u00e3o, e o curso destinado","og:url":"https:\/\/institucional.ufrrj.br\/eext\/replantica-mulheres-na-restauracao-florestal\/","article:published_time":"2026-02-26T14:40:21+00:00","article:modified_time":"2026-03-04T15:40:23+00:00","twitter:card":"summary_large_image","twitter:title":"Replantica: Mulheres na restaura\u00e7\u00e3o florestal - Escola de Extens\u00e3o","twitter:description":"O Programa Replantica \u00e9 uma a\u00e7\u00e3o realizada em parceria com IKI - Alemanha, Reserva Ecol\u00f3gica de Guapia\u00e7u (REGUA) e UFRRJ. Com foco nas comunidades do entorno da REGUA, o programa visa difundir a restaura\u00e7\u00e3o por meio da educa\u00e7\u00e3o sobre t\u00e9cnicas, benef\u00edcios e potenciais econ\u00f4micos. O Replantica encontra-se em sua terceira edi\u00e7\u00e3o, e o curso destinado"},"aioseo_meta_data":{"post_id":"6566","title":null,"description":null,"keywords":null,"keyphrases":null,"focus_keyword":null,"additional_keywords":null,"truseo_locale":null,"primary_term":null,"canonical_url":null,"og_title":null,"og_description":null,"og_object_type":"default","og_image_type":"default","og_image_custom_url":null,"og_image_custom_fields":null,"og_image_url":null,"og_image_width":null,"og_image_height":null,"og_video":null,"og_custom_url":null,"og_article_section":null,"og_article_tags":null,"twitter_use_og":true,"twitter_card":"default","twitter_image_type":"default","twitter_image_custom_url":null,"twitter_image_custom_fields":null,"twitter_image_url":null,"twitter_title":null,"twitter_description":null,"schema_type":"default","schema_type_options":null,"schema":{"blockGraphs":[],"customGraphs":[],"default":{"data":{"Article":[],"Course":[],"Dataset":[],"FAQPage":[],"Movie":[],"Person":[],"Product":[],"ProductReview":[],"Car":[],"Recipe":[],"Service":[],"SoftwareApplication":[],"WebPage":[]},"graphName":"","isEnabled":true},"graphs":[]},"pillar_content":false,"robots_default":true,"robots_noindex":false,"robots_noarchive":false,"robots_nosnippet":false,"robots_nofollow":false,"robots_noimageindex":false,"robots_noodp":false,"robots_notranslate":false,"robots_max_snippet":null,"robots_max_videopreview":null,"robots_max_imagepreview":"large","priority":null,"frequency":null,"local_seo":null,"limit_modified_date":false,"ai":null,"breadcrumb_settings":null,"seo_analyzer_scan_date":null,"created":"2026-09-02 21:57:13","updated":"2026-09-02 21:57:13"},"aioseo_breadcrumb":"<div class=\"aioseo-breadcrumbs\"><span class=\"aioseo-breadcrumb\">\n\t\t\t<a href=\"https:\/\/institucional.ufrrj.br\/eext\" title=\"In\u00edcio\">In\u00edcio<\/a>\n\t\t<\/span><span class=\"aioseo-breadcrumb-separator\">&raquo;<\/span><span class=\"aioseo-breadcrumb\">\n\t\t\t<a href=\"https:\/\/institucional.ufrrj.br\/eext\/category\/cursos\/\" title=\"Cursos\">Cursos<\/a>\n\t\t<\/span><span class=\"aioseo-breadcrumb-separator\">&raquo;<\/span><span class=\"aioseo-breadcrumb\">\n\t\t\tReplantica: Mulheres na restaura\u00e7\u00e3o florestal\n\t\t<\/span><\/div>","aioseo_breadcrumb_json":[{"label":"In\u00edcio","link":"https:\/\/institucional.ufrrj.br\/eext"},{"label":"Cursos","link":"https:\/\/institucional.ufrrj.br\/eext\/category\/cursos\/"},{"label":"Replantica: Mulheres na restaura\u00e7\u00e3o florestal","link":"https:\/\/institucional.ufrrj.br\/eext\/replantica-mulheres-na-restauracao-florestal\/"}],"acf":[],"_links":{"self":[{"href":"https:\/\/institucional.ufrrj.br\/eext\/wp-json\/wp\/v2\/posts\/6566","targetHints":{"allow":["GET"]}}],"collection":[{"href":"https:\/\/institucional.ufrrj.br\/eext\/wp-json\/wp\/v2\/posts"}],"about":[{"href":"https:\/\/institucional.ufrrj.br\/eext\/wp-json\/wp\/v2\/types\/post"}],"author":[{"embeddable":true,"href":"https:\/\/institucional.ufrrj.br\/eext\/wp-json\/wp\/v2\/users\/899"}],"replies":[{"embeddable":true,"href":"https:\/\/institucional.ufrrj.br\/eext\/wp-json\/wp\/v2\/comments?post=6566"}],"version-history":[{"count":2,"href":"https:\/\/institucional.ufrrj.br\/eext\/wp-json\/wp\/v2\/posts\/6566\/revisions"}],"predecessor-version":[{"id":6575,"href":"https:\/\/institucional.ufrrj.br\/eext\/wp-json\/wp\/v2\/posts\/6566\/revisions\/6575"}],"wp:featuredmedia":[{"embeddable":true,"href":"https:\/\/institucional.ufrrj.br\/eext\/wp-json\/wp\/v2\/media\/6567"}],"wp:attachment":[{"href":"https:\/\/institucional.ufrrj.br\/eext\/wp-json\/wp\/v2\/media?parent=6566"}],"wp:term":[{"taxonomy":"category","embeddable":true,"href":"https:\/\/institucional.ufrrj.br\/eext\/wp-json\/wp\/v2\/categories?post=6566"},{"taxonomy":"post_tag","embeddable":true,"href":"https:\/\/institucional.ufrrj.br\/eext\/wp-json\/wp\/v2\/tags?post=6566"}],"curies":[{"name":"wp","href":"https:\/\/api.w.org\/{rel}","templated":true}]}}