{"id":6563,"date":"2026-02-24T12:03:48","date_gmt":"2026-02-24T15:03:48","guid":{"rendered":"https:\/\/institucional.ufrrj.br\/eext\/?p=6563"},"modified":"2026-03-04T12:40:54","modified_gmt":"2026-03-04T15:40:54","slug":"figurino-na-pratica-modulo-iv","status":"publish","type":"post","link":"https:\/\/institucional.ufrrj.br\/eext\/figurino-na-pratica-modulo-iv\/","title":{"rendered":"Figurino na Pr\u00e1tica Modulo IV"},"content":{"rendered":"\n<p class=\"wp-block-paragraph\">O projeto BIEXT \u201cN\u00facleo de Extens\u00e3o em Forma\u00e7\u00e3o em Figurino de Teatro e Dan\u00e7a da UFRRJ\u201d, em parceria com a Unidade de Produ\u00e7\u00e3o de Artigos T\u00eaxteis (UPAT), e em interface com as atividades de ensino, pesquisa e extens\u00e3o desenvolvidas nos laborat\u00f3rios de confec\u00e7\u00e3o e t\u00eaxteis do Departamento de Hotelaria e Servi\u00e7o Social (DHSS), com o Eixo de Indument\u00e1ria do curso de Belas Artes da UFRRJ e a Oficina de Teatro do Centro de Artes Comunit\u00e1rio (CAC\/UFRRJ), apresenta a proposta do curso \u201cFigurino na Pr\u00e1tica: M\u00f3dulo IV\u201d.<br>O curso tem como finalidade instrumentalizar seus participantes para o desenvolvimento e a confec\u00e7\u00e3o dos figurinos da pe\u00e7a teatral \u201cA Noiva Cad\u00e1ver\u201d, cuja apresenta\u00e7\u00e3o est\u00e1 prevista para julho de 2026.<br>A obra \u201cA Noiva Cad\u00e1ver\u201d, de atmosfera g\u00f3tica e po\u00e9tica, aborda temas como vida, morte, amor, mem\u00f3ria e pertencimento, articulando universos simb\u00f3licos contrastantes. Esses elementos narrativos e est\u00e9ticos servir\u00e3o de base para a an\u00e1lise dramat\u00fargica e para a constru\u00e7\u00e3o conceitual dos figurinos, exigindo solu\u00e7\u00f5es visuais que dialoguem com personagens, temporalidades e estados simb\u00f3licos distintos. Nesse sentido, o figurino assume papel fundamental na composi\u00e7\u00e3o c\u00eanica, contribuindo para a constru\u00e7\u00e3o de sentidos, atmosferas e identidades das personagens.<br>O M\u00f3dulo IV tem como foco o desenvolvimento de figurinos a partir da customiza\u00e7\u00e3o de pe\u00e7as do acervo de figurinos da UPAT, em conson\u00e2ncia com as boas pr\u00e1ticas de sustentabilidade ambiental. Os figurinos ter\u00e3o como base vestimentas de segunda m\u00e3o, configurando-se como uma estrat\u00e9gia de reaproveitamento, reciclagem e reuso de materiais t\u00eaxteis. Al\u00e9m das vestimentas, tamb\u00e9m ser\u00e3o elaborados e confeccionados acess\u00f3rios c\u00eanicos, integrados \u00e0 proposta est\u00e9tica do espet\u00e1culo.<\/p>\n","protected":false},"excerpt":{"rendered":"<p>O projeto BIEXT \u201cN\u00facleo de Extens\u00e3o em Forma\u00e7\u00e3o em Figurino de Teatro e Dan\u00e7a da UFRRJ\u201d, em parceria com a <a class=\"read-more\" href=\"https:\/\/institucional.ufrrj.br\/eext\/figurino-na-pratica-modulo-iv\/ \" >&#8230; <span class=\"font-italic\">leia mais <i class=\"fas fa-angle-right\"><\/i><\/span><\/a><\/p>\n","protected":false},"author":899,"featured_media":6564,"comment_status":"closed","ping_status":"open","sticky":false,"template":"","format":"standard","meta":{"_acf_changed":false,"footnotes":""},"categories":[30],"tags":[],"class_list":["post-6563","post","type-post","status-publish","format-standard","has-post-thumbnail","hentry","category-cursos"],"aioseo_notices":[],"aioseo_head":"\n\t\t<!-- All in One SEO 5.0.1.1 - aioseo.com -->\n\t<meta name=\"description\" content=\"O projeto BIEXT \u201cN\u00facleo de Extens\u00e3o em Forma\u00e7\u00e3o em Figurino de Teatro e Dan\u00e7a da UFRRJ\u201d, em parceria com a Unidade de Produ\u00e7\u00e3o de Artigos T\u00eaxteis (UPAT), e em interface com as atividades de ensino, pesquisa e extens\u00e3o desenvolvidas nos laborat\u00f3rios de confec\u00e7\u00e3o e t\u00eaxteis do Departamento de Hotelaria e Servi\u00e7o Social (DHSS), com o\" \/>\n\t<meta name=\"robots\" content=\"max-image-preview:large\" \/>\n\t<meta name=\"author\" content=\"victoria\"\/>\n\t<link rel=\"canonical\" href=\"https:\/\/institucional.ufrrj.br\/eext\/figurino-na-pratica-modulo-iv\/\" \/>\n\t<meta name=\"generator\" content=\"All in One SEO (AIOSEO) 5.0.1.1\" \/>\n\t\t<meta property=\"og:locale\" content=\"pt_BR\" \/>\n\t\t<meta property=\"og:site_name\" content=\"Escola de Extens\u00e3o - S\u00f3 mais um site institucional.ufrrj.br\" \/>\n\t\t<meta property=\"og:type\" content=\"article\" \/>\n\t\t<meta property=\"og:title\" content=\"Figurino na Pr\u00e1tica Modulo IV - Escola de Extens\u00e3o\" \/>\n\t\t<meta property=\"og:description\" content=\"O projeto BIEXT \u201cN\u00facleo de Extens\u00e3o em Forma\u00e7\u00e3o em Figurino de Teatro e Dan\u00e7a da UFRRJ\u201d, em parceria com a Unidade de Produ\u00e7\u00e3o de Artigos T\u00eaxteis (UPAT), e em interface com as atividades de ensino, pesquisa e extens\u00e3o desenvolvidas nos laborat\u00f3rios de confec\u00e7\u00e3o e t\u00eaxteis do Departamento de Hotelaria e Servi\u00e7o Social (DHSS), com o\" \/>\n\t\t<meta property=\"og:url\" content=\"https:\/\/institucional.ufrrj.br\/eext\/figurino-na-pratica-modulo-iv\/\" \/>\n\t\t<meta property=\"article:published_time\" content=\"2026-02-24T15:03:48+00:00\" \/>\n\t\t<meta property=\"article:modified_time\" content=\"2026-03-04T15:40:54+00:00\" \/>\n\t\t<meta name=\"twitter:card\" content=\"summary_large_image\" \/>\n\t\t<meta name=\"twitter:title\" content=\"Figurino na Pr\u00e1tica Modulo IV - Escola de Extens\u00e3o\" \/>\n\t\t<meta name=\"twitter:description\" content=\"O projeto BIEXT \u201cN\u00facleo de Extens\u00e3o em Forma\u00e7\u00e3o em Figurino de Teatro e Dan\u00e7a da UFRRJ\u201d, em parceria com a Unidade de Produ\u00e7\u00e3o de Artigos T\u00eaxteis (UPAT), e em interface com as atividades de ensino, pesquisa e extens\u00e3o desenvolvidas nos laborat\u00f3rios de confec\u00e7\u00e3o e t\u00eaxteis do Departamento de Hotelaria e Servi\u00e7o Social (DHSS), com o\" \/>\n\t\t<script type=\"application\/ld+json\" class=\"aioseo-schema\">\n\t\t\t{\"@context\":\"https:\\\/\\\/schema.org\",\"@graph\":[{\"@type\":\"BlogPosting\",\"@id\":\"https:\\\/\\\/institucional.ufrrj.br\\\/eext\\\/figurino-na-pratica-modulo-iv\\\/#blogposting\",\"name\":\"Figurino na Pr\\u00e1tica Modulo IV - Escola de Extens\\u00e3o\",\"headline\":\"Figurino na Pr\\u00e1tica Modulo IV\",\"author\":{\"@id\":\"https:\\\/\\\/institucional.ufrrj.br\\\/eext\\\/author\\\/victoria\\\/#author\"},\"publisher\":{\"@id\":\"https:\\\/\\\/institucional.ufrrj.br\\\/eext\\\/#organization\"},\"image\":{\"@type\":\"ImageObject\",\"url\":\"https:\\\/\\\/institucional.ufrrj.br\\\/eext\\\/files\\\/2026\\\/02\\\/Crie-uma-imagem-no-e-2.png\",\"width\":1536,\"height\":1024},\"datePublished\":\"2026-02-24T12:03:48-03:00\",\"dateModified\":\"2026-03-04T12:40:54-03:00\",\"inLanguage\":\"pt-BR\",\"mainEntityOfPage\":{\"@id\":\"https:\\\/\\\/institucional.ufrrj.br\\\/eext\\\/figurino-na-pratica-modulo-iv\\\/#webpage\"},\"isPartOf\":{\"@id\":\"https:\\\/\\\/institucional.ufrrj.br\\\/eext\\\/figurino-na-pratica-modulo-iv\\\/#webpage\"},\"articleSection\":\"Cursos\"},{\"@type\":\"BreadcrumbList\",\"@id\":\"https:\\\/\\\/institucional.ufrrj.br\\\/eext\\\/figurino-na-pratica-modulo-iv\\\/#breadcrumblist\",\"itemListElement\":[{\"@type\":\"ListItem\",\"@id\":\"https:\\\/\\\/institucional.ufrrj.br\\\/eext#listItem\",\"position\":1,\"name\":\"In\\u00edcio\",\"item\":\"https:\\\/\\\/institucional.ufrrj.br\\\/eext\",\"nextItem\":{\"@type\":\"ListItem\",\"@id\":\"https:\\\/\\\/institucional.ufrrj.br\\\/eext\\\/category\\\/cursos\\\/#listItem\",\"name\":\"Cursos\"}},{\"@type\":\"ListItem\",\"@id\":\"https:\\\/\\\/institucional.ufrrj.br\\\/eext\\\/category\\\/cursos\\\/#listItem\",\"position\":2,\"name\":\"Cursos\",\"item\":\"https:\\\/\\\/institucional.ufrrj.br\\\/eext\\\/category\\\/cursos\\\/\",\"nextItem\":{\"@type\":\"ListItem\",\"@id\":\"https:\\\/\\\/institucional.ufrrj.br\\\/eext\\\/figurino-na-pratica-modulo-iv\\\/#listItem\",\"name\":\"Figurino na Pr\\u00e1tica Modulo IV\"},\"previousItem\":{\"@type\":\"ListItem\",\"@id\":\"https:\\\/\\\/institucional.ufrrj.br\\\/eext#listItem\",\"name\":\"In\\u00edcio\"}},{\"@type\":\"ListItem\",\"@id\":\"https:\\\/\\\/institucional.ufrrj.br\\\/eext\\\/figurino-na-pratica-modulo-iv\\\/#listItem\",\"position\":3,\"name\":\"Figurino na Pr\\u00e1tica Modulo IV\",\"previousItem\":{\"@type\":\"ListItem\",\"@id\":\"https:\\\/\\\/institucional.ufrrj.br\\\/eext\\\/category\\\/cursos\\\/#listItem\",\"name\":\"Cursos\"}}]},{\"@type\":\"Organization\",\"@id\":\"https:\\\/\\\/institucional.ufrrj.br\\\/eext\\\/#organization\",\"name\":\"Escola de Extens\\u00e3o\",\"description\":\"S\\u00f3 mais um site institucional.ufrrj.br\",\"url\":\"https:\\\/\\\/institucional.ufrrj.br\\\/eext\\\/\"},{\"@type\":\"Person\",\"@id\":\"https:\\\/\\\/institucional.ufrrj.br\\\/eext\\\/author\\\/victoria\\\/#author\",\"url\":\"https:\\\/\\\/institucional.ufrrj.br\\\/eext\\\/author\\\/victoria\\\/\",\"name\":\"victoria\",\"image\":{\"@type\":\"ImageObject\",\"@id\":\"https:\\\/\\\/institucional.ufrrj.br\\\/eext\\\/figurino-na-pratica-modulo-iv\\\/#authorImage\",\"url\":\"https:\\\/\\\/secure.gravatar.com\\\/avatar\\\/c49d551beaec9f25f0c1c8a8ab085e46a88d78b92ba22e0933f42554f1eba84d?s=96&d=mm&r=g\",\"width\":96,\"height\":96,\"caption\":\"victoria\"}},{\"@type\":\"WebPage\",\"@id\":\"https:\\\/\\\/institucional.ufrrj.br\\\/eext\\\/figurino-na-pratica-modulo-iv\\\/#webpage\",\"url\":\"https:\\\/\\\/institucional.ufrrj.br\\\/eext\\\/figurino-na-pratica-modulo-iv\\\/\",\"name\":\"Figurino na Pr\\u00e1tica Modulo IV - Escola de Extens\\u00e3o\",\"description\":\"O projeto BIEXT \\u201cN\\u00facleo de Extens\\u00e3o em Forma\\u00e7\\u00e3o em Figurino de Teatro e Dan\\u00e7a da UFRRJ\\u201d, em parceria com a Unidade de Produ\\u00e7\\u00e3o de Artigos T\\u00eaxteis (UPAT), e em interface com as atividades de ensino, pesquisa e extens\\u00e3o desenvolvidas nos laborat\\u00f3rios de confec\\u00e7\\u00e3o e t\\u00eaxteis do Departamento de Hotelaria e Servi\\u00e7o Social (DHSS), com o\",\"inLanguage\":\"pt-BR\",\"isPartOf\":{\"@id\":\"https:\\\/\\\/institucional.ufrrj.br\\\/eext\\\/#website\"},\"breadcrumb\":{\"@id\":\"https:\\\/\\\/institucional.ufrrj.br\\\/eext\\\/figurino-na-pratica-modulo-iv\\\/#breadcrumblist\"},\"author\":{\"@id\":\"https:\\\/\\\/institucional.ufrrj.br\\\/eext\\\/author\\\/victoria\\\/#author\"},\"creator\":{\"@id\":\"https:\\\/\\\/institucional.ufrrj.br\\\/eext\\\/author\\\/victoria\\\/#author\"},\"image\":{\"@type\":\"ImageObject\",\"url\":\"https:\\\/\\\/institucional.ufrrj.br\\\/eext\\\/files\\\/2026\\\/02\\\/Crie-uma-imagem-no-e-2.png\",\"@id\":\"https:\\\/\\\/institucional.ufrrj.br\\\/eext\\\/figurino-na-pratica-modulo-iv\\\/#mainImage\",\"width\":1536,\"height\":1024},\"primaryImageOfPage\":{\"@id\":\"https:\\\/\\\/institucional.ufrrj.br\\\/eext\\\/figurino-na-pratica-modulo-iv\\\/#mainImage\"},\"datePublished\":\"2026-02-24T12:03:48-03:00\",\"dateModified\":\"2026-03-04T12:40:54-03:00\"},{\"@type\":\"WebSite\",\"@id\":\"https:\\\/\\\/institucional.ufrrj.br\\\/eext\\\/#website\",\"url\":\"https:\\\/\\\/institucional.ufrrj.br\\\/eext\\\/\",\"name\":\"Escola de Extens\\u00e3o\",\"description\":\"S\\u00f3 mais um site institucional.ufrrj.br\",\"inLanguage\":\"pt-BR\",\"publisher\":{\"@id\":\"https:\\\/\\\/institucional.ufrrj.br\\\/eext\\\/#organization\"}}]}\n\t\t<\/script>\n\t\t<!-- All in One SEO -->\n\n","aioseo_head_json":{"title":"Figurino na Pr\u00e1tica Modulo IV - Escola de Extens\u00e3o","description":"O projeto BIEXT \u201cN\u00facleo de Extens\u00e3o em Forma\u00e7\u00e3o em Figurino de Teatro e Dan\u00e7a da UFRRJ\u201d, em parceria com a Unidade de Produ\u00e7\u00e3o de Artigos T\u00eaxteis (UPAT), e em interface com as atividades de ensino, pesquisa e extens\u00e3o desenvolvidas nos laborat\u00f3rios de confec\u00e7\u00e3o e t\u00eaxteis do Departamento de Hotelaria e Servi\u00e7o Social (DHSS), com o","canonical_url":"https:\/\/institucional.ufrrj.br\/eext\/figurino-na-pratica-modulo-iv\/","robots":"max-image-preview:large","keywords":"","webmasterTools":{"miscellaneous":""},"schema":{"@context":"https:\/\/schema.org","@graph":[{"@type":"BlogPosting","@id":"https:\/\/institucional.ufrrj.br\/eext\/figurino-na-pratica-modulo-iv\/#blogposting","name":"Figurino na Pr\u00e1tica Modulo IV - Escola de Extens\u00e3o","headline":"Figurino na Pr\u00e1tica Modulo IV","author":{"@id":"https:\/\/institucional.ufrrj.br\/eext\/author\/victoria\/#author"},"publisher":{"@id":"https:\/\/institucional.ufrrj.br\/eext\/#organization"},"image":{"@type":"ImageObject","url":"https:\/\/institucional.ufrrj.br\/eext\/files\/2026\/02\/Crie-uma-imagem-no-e-2.png","width":1536,"height":1024},"datePublished":"2026-02-24T12:03:48-03:00","dateModified":"2026-03-04T12:40:54-03:00","inLanguage":"pt-BR","mainEntityOfPage":{"@id":"https:\/\/institucional.ufrrj.br\/eext\/figurino-na-pratica-modulo-iv\/#webpage"},"isPartOf":{"@id":"https:\/\/institucional.ufrrj.br\/eext\/figurino-na-pratica-modulo-iv\/#webpage"},"articleSection":"Cursos"},{"@type":"BreadcrumbList","@id":"https:\/\/institucional.ufrrj.br\/eext\/figurino-na-pratica-modulo-iv\/#breadcrumblist","itemListElement":[{"@type":"ListItem","@id":"https:\/\/institucional.ufrrj.br\/eext#listItem","position":1,"name":"In\u00edcio","item":"https:\/\/institucional.ufrrj.br\/eext","nextItem":{"@type":"ListItem","@id":"https:\/\/institucional.ufrrj.br\/eext\/category\/cursos\/#listItem","name":"Cursos"}},{"@type":"ListItem","@id":"https:\/\/institucional.ufrrj.br\/eext\/category\/cursos\/#listItem","position":2,"name":"Cursos","item":"https:\/\/institucional.ufrrj.br\/eext\/category\/cursos\/","nextItem":{"@type":"ListItem","@id":"https:\/\/institucional.ufrrj.br\/eext\/figurino-na-pratica-modulo-iv\/#listItem","name":"Figurino na Pr\u00e1tica Modulo IV"},"previousItem":{"@type":"ListItem","@id":"https:\/\/institucional.ufrrj.br\/eext#listItem","name":"In\u00edcio"}},{"@type":"ListItem","@id":"https:\/\/institucional.ufrrj.br\/eext\/figurino-na-pratica-modulo-iv\/#listItem","position":3,"name":"Figurino na Pr\u00e1tica Modulo IV","previousItem":{"@type":"ListItem","@id":"https:\/\/institucional.ufrrj.br\/eext\/category\/cursos\/#listItem","name":"Cursos"}}]},{"@type":"Organization","@id":"https:\/\/institucional.ufrrj.br\/eext\/#organization","name":"Escola de Extens\u00e3o","description":"S\u00f3 mais um site institucional.ufrrj.br","url":"https:\/\/institucional.ufrrj.br\/eext\/"},{"@type":"Person","@id":"https:\/\/institucional.ufrrj.br\/eext\/author\/victoria\/#author","url":"https:\/\/institucional.ufrrj.br\/eext\/author\/victoria\/","name":"victoria","image":{"@type":"ImageObject","@id":"https:\/\/institucional.ufrrj.br\/eext\/figurino-na-pratica-modulo-iv\/#authorImage","url":"https:\/\/secure.gravatar.com\/avatar\/c49d551beaec9f25f0c1c8a8ab085e46a88d78b92ba22e0933f42554f1eba84d?s=96&d=mm&r=g","width":96,"height":96,"caption":"victoria"}},{"@type":"WebPage","@id":"https:\/\/institucional.ufrrj.br\/eext\/figurino-na-pratica-modulo-iv\/#webpage","url":"https:\/\/institucional.ufrrj.br\/eext\/figurino-na-pratica-modulo-iv\/","name":"Figurino na Pr\u00e1tica Modulo IV - Escola de Extens\u00e3o","description":"O projeto BIEXT \u201cN\u00facleo de Extens\u00e3o em Forma\u00e7\u00e3o em Figurino de Teatro e Dan\u00e7a da UFRRJ\u201d, em parceria com a Unidade de Produ\u00e7\u00e3o de Artigos T\u00eaxteis (UPAT), e em interface com as atividades de ensino, pesquisa e extens\u00e3o desenvolvidas nos laborat\u00f3rios de confec\u00e7\u00e3o e t\u00eaxteis do Departamento de Hotelaria e Servi\u00e7o Social (DHSS), com o","inLanguage":"pt-BR","isPartOf":{"@id":"https:\/\/institucional.ufrrj.br\/eext\/#website"},"breadcrumb":{"@id":"https:\/\/institucional.ufrrj.br\/eext\/figurino-na-pratica-modulo-iv\/#breadcrumblist"},"author":{"@id":"https:\/\/institucional.ufrrj.br\/eext\/author\/victoria\/#author"},"creator":{"@id":"https:\/\/institucional.ufrrj.br\/eext\/author\/victoria\/#author"},"image":{"@type":"ImageObject","url":"https:\/\/institucional.ufrrj.br\/eext\/files\/2026\/02\/Crie-uma-imagem-no-e-2.png","@id":"https:\/\/institucional.ufrrj.br\/eext\/figurino-na-pratica-modulo-iv\/#mainImage","width":1536,"height":1024},"primaryImageOfPage":{"@id":"https:\/\/institucional.ufrrj.br\/eext\/figurino-na-pratica-modulo-iv\/#mainImage"},"datePublished":"2026-02-24T12:03:48-03:00","dateModified":"2026-03-04T12:40:54-03:00"},{"@type":"WebSite","@id":"https:\/\/institucional.ufrrj.br\/eext\/#website","url":"https:\/\/institucional.ufrrj.br\/eext\/","name":"Escola de Extens\u00e3o","description":"S\u00f3 mais um site institucional.ufrrj.br","inLanguage":"pt-BR","publisher":{"@id":"https:\/\/institucional.ufrrj.br\/eext\/#organization"}}]},"og:locale":"pt_BR","og:site_name":"Escola de Extens\u00e3o - S\u00f3 mais um site institucional.ufrrj.br","og:type":"article","og:title":"Figurino na Pr\u00e1tica Modulo IV - Escola de Extens\u00e3o","og:description":"O projeto BIEXT \u201cN\u00facleo de Extens\u00e3o em Forma\u00e7\u00e3o em Figurino de Teatro e Dan\u00e7a da UFRRJ\u201d, em parceria com a Unidade de Produ\u00e7\u00e3o de Artigos T\u00eaxteis (UPAT), e em interface com as atividades de ensino, pesquisa e extens\u00e3o desenvolvidas nos laborat\u00f3rios de confec\u00e7\u00e3o e t\u00eaxteis do Departamento de Hotelaria e Servi\u00e7o Social (DHSS), com o","og:url":"https:\/\/institucional.ufrrj.br\/eext\/figurino-na-pratica-modulo-iv\/","article:published_time":"2026-02-24T15:03:48+00:00","article:modified_time":"2026-03-04T15:40:54+00:00","twitter:card":"summary_large_image","twitter:title":"Figurino na Pr\u00e1tica Modulo IV - Escola de Extens\u00e3o","twitter:description":"O projeto BIEXT \u201cN\u00facleo de Extens\u00e3o em Forma\u00e7\u00e3o em Figurino de Teatro e Dan\u00e7a da UFRRJ\u201d, em parceria com a Unidade de Produ\u00e7\u00e3o de Artigos T\u00eaxteis (UPAT), e em interface com as atividades de ensino, pesquisa e extens\u00e3o desenvolvidas nos laborat\u00f3rios de confec\u00e7\u00e3o e t\u00eaxteis do Departamento de Hotelaria e Servi\u00e7o Social (DHSS), com o"},"aioseo_meta_data":{"post_id":"6563","title":null,"description":null,"keywords":null,"keyphrases":null,"focus_keyword":null,"additional_keywords":null,"truseo_locale":null,"primary_term":null,"canonical_url":null,"og_title":null,"og_description":null,"og_object_type":"default","og_image_type":"default","og_image_custom_url":null,"og_image_custom_fields":null,"og_image_url":null,"og_image_width":null,"og_image_height":null,"og_video":null,"og_custom_url":null,"og_article_section":null,"og_article_tags":null,"twitter_use_og":true,"twitter_card":"default","twitter_image_type":"default","twitter_image_custom_url":null,"twitter_image_custom_fields":null,"twitter_image_url":null,"twitter_title":null,"twitter_description":null,"schema_type":"default","schema_type_options":null,"schema":{"blockGraphs":[],"customGraphs":[],"default":{"data":{"Article":[],"Course":[],"Dataset":[],"FAQPage":[],"Movie":[],"Person":[],"Product":[],"ProductReview":[],"Car":[],"Recipe":[],"Service":[],"SoftwareApplication":[],"WebPage":[]},"graphName":"","isEnabled":true},"graphs":[]},"pillar_content":false,"robots_default":true,"robots_noindex":false,"robots_noarchive":false,"robots_nosnippet":false,"robots_nofollow":false,"robots_noimageindex":false,"robots_noodp":false,"robots_notranslate":false,"robots_max_snippet":null,"robots_max_videopreview":null,"robots_max_imagepreview":"large","priority":null,"frequency":null,"local_seo":null,"limit_modified_date":false,"ai":null,"breadcrumb_settings":null,"seo_analyzer_scan_date":null,"created":"2026-09-02 21:54:31","updated":"2026-09-02 21:54:31"},"aioseo_breadcrumb":"<div class=\"aioseo-breadcrumbs\"><span class=\"aioseo-breadcrumb\">\n\t\t\t<a href=\"https:\/\/institucional.ufrrj.br\/eext\" title=\"In\u00edcio\">In\u00edcio<\/a>\n\t\t<\/span><span class=\"aioseo-breadcrumb-separator\">&raquo;<\/span><span class=\"aioseo-breadcrumb\">\n\t\t\t<a href=\"https:\/\/institucional.ufrrj.br\/eext\/category\/cursos\/\" title=\"Cursos\">Cursos<\/a>\n\t\t<\/span><span class=\"aioseo-breadcrumb-separator\">&raquo;<\/span><span class=\"aioseo-breadcrumb\">\n\t\t\tFigurino na Pr\u00e1tica Modulo IV\n\t\t<\/span><\/div>","aioseo_breadcrumb_json":[{"label":"In\u00edcio","link":"https:\/\/institucional.ufrrj.br\/eext"},{"label":"Cursos","link":"https:\/\/institucional.ufrrj.br\/eext\/category\/cursos\/"},{"label":"Figurino na Pr\u00e1tica Modulo IV","link":"https:\/\/institucional.ufrrj.br\/eext\/figurino-na-pratica-modulo-iv\/"}],"acf":[],"_links":{"self":[{"href":"https:\/\/institucional.ufrrj.br\/eext\/wp-json\/wp\/v2\/posts\/6563","targetHints":{"allow":["GET"]}}],"collection":[{"href":"https:\/\/institucional.ufrrj.br\/eext\/wp-json\/wp\/v2\/posts"}],"about":[{"href":"https:\/\/institucional.ufrrj.br\/eext\/wp-json\/wp\/v2\/types\/post"}],"author":[{"embeddable":true,"href":"https:\/\/institucional.ufrrj.br\/eext\/wp-json\/wp\/v2\/users\/899"}],"replies":[{"embeddable":true,"href":"https:\/\/institucional.ufrrj.br\/eext\/wp-json\/wp\/v2\/comments?post=6563"}],"version-history":[{"count":2,"href":"https:\/\/institucional.ufrrj.br\/eext\/wp-json\/wp\/v2\/posts\/6563\/revisions"}],"predecessor-version":[{"id":6576,"href":"https:\/\/institucional.ufrrj.br\/eext\/wp-json\/wp\/v2\/posts\/6563\/revisions\/6576"}],"wp:featuredmedia":[{"embeddable":true,"href":"https:\/\/institucional.ufrrj.br\/eext\/wp-json\/wp\/v2\/media\/6564"}],"wp:attachment":[{"href":"https:\/\/institucional.ufrrj.br\/eext\/wp-json\/wp\/v2\/media?parent=6563"}],"wp:term":[{"taxonomy":"category","embeddable":true,"href":"https:\/\/institucional.ufrrj.br\/eext\/wp-json\/wp\/v2\/categories?post=6563"},{"taxonomy":"post_tag","embeddable":true,"href":"https:\/\/institucional.ufrrj.br\/eext\/wp-json\/wp\/v2\/tags?post=6563"}],"curies":[{"name":"wp","href":"https:\/\/api.w.org\/{rel}","templated":true}]}}