{"id":6557,"date":"2026-02-24T11:30:06","date_gmt":"2026-02-24T14:30:06","guid":{"rendered":"https:\/\/institucional.ufrrj.br\/eext\/?p=6557"},"modified":"2026-03-17T12:22:37","modified_gmt":"2026-03-17T15:22:37","slug":"pessoa-com-deficiencia-no-mundo-do-trabalho-acessibilidade-cultura-inclusiva-e-direito-ao-trabalho-2a-edicao","status":"publish","type":"post","link":"https:\/\/institucional.ufrrj.br\/eext\/pessoa-com-deficiencia-no-mundo-do-trabalho-acessibilidade-cultura-inclusiva-e-direito-ao-trabalho-2a-edicao\/","title":{"rendered":"Pessoa com Defici\u00eancia no mundo do trabalho: acessibilidade, cultura inclusiva e direito ao trabalho &#8211; 2\u00aa edi\u00e7\u00e3o"},"content":{"rendered":"\n<p class=\"wp-block-paragraph\">O Observat\u00f3rio em Educa\u00e7\u00e3o Comparada, Inclus\u00e3o e Direitos Sociais \u2013 ObECIDS, vinculado a Universidade Federal Rural do Rio de Janeiro percebendo a lat\u00eancia das agendas em prol da Educa\u00e7\u00e3o inclusiva e a garantia de direitos sociais para as pessoas com defici\u00eancia, debru\u00e7a-se sobre as implementa\u00e7\u00f5es de pol\u00edticas p\u00fablicas de educa\u00e7\u00e3o, com foco, na Educa\u00e7\u00e3o Especial, forma\u00e7\u00e3o docente na perspectiva da educa\u00e7\u00e3o inclusiva, bem como pr\u00e1ticas pedag\u00f3gicas inclusivas e intersetorialidade. Interessa-se em investigar como a escola pode ser um direito humano multiplicador de direitos sociais, visando contribuir com a inser\u00e7\u00e3o das pessoas com defici\u00eancia no mundo do trabalho, na cultura, no esporte e lazer, na sa\u00fade, na assist\u00eancia social e dentre outros direitos.\u00a0Atua com as seguintes linhas de pesquisa:\u00a0Acessibilidade, Tecnologias Assistivas e Inclus\u00e3o; Forma\u00e7\u00e3o inicial e cont\u00ednua, desenvolvimento profissional e identidade docente e; Pol\u00edticas de Educa\u00e7\u00e3o Comparada, Cidadania e Direitos Humanos.\u00a0Nesse contexto, por meio do projeto de pesquisa-extens\u00e3o<strong>\u00a0\u2018<\/strong>Jovens com defici\u00eancia no Ensino Superior e no mundo de trabalho: das pr\u00e1ticas educacionais \u00e0 efetiva inclus\u00e3o social\u2019visa analisar e promover o processo de inclus\u00e3o nas escolas estaduais de ensino m\u00e9dio que ofertam cursos profissionalizantes, tendo em vista o encaminhamento e a efetiva inclus\u00e3o dos jovens com defici\u00eancia no mundo de trabalho ou o ingresso no Ensino Superior.\u00a0Para tanto, dentre seus objetivos espec\u00edficos destacam-se: desenvolver uma forma\u00e7\u00e3o para empresas\/empregadores com a oferta de curso que possibilite orienta\u00e7\u00f5es e esclarecimentos desde a divulga\u00e7\u00e3o de vagas at\u00e9 o acompanhamento\/crescimento do empregado com defici\u00eancia, a partir das legisla\u00e7\u00f5es vigentes e das demandas das pessoas com defici\u00eancia e; fomentar o cumprimento da Lei n\u00ba 8.213 (Brasil, 1991) que\u00a0estabelece o sistema de cotas de emprego para pessoas com defici\u00eancia no Brasil.\u00a0Nesse sentido, o presente plano de trabalho busca apresentar a proposta de Curso para as empresas e demais institui\u00e7\u00f5es p\u00fablicas e\/ou privadas, em parceria com o Instituto Rede Incluir, no intuito de contribuir com a cultura inclusiva nos ambientes de trabalho. Curso de 60h, que objetiva\u00a0Desenvolver, anualmente, uma edi\u00e7\u00e3o de forma\u00e7\u00e3o para empresas\/empregadores com a oferta de curso que possibilite orienta\u00e7\u00f5es e esclarecimentos desde a divulga\u00e7\u00e3o de vagas at\u00e9 o acompanhamento\/crescimento do empregado com defici\u00eancia.<\/p>\n\n\n\n<p class=\"wp-block-paragraph\"><\/p>\n","protected":false},"excerpt":{"rendered":"<p>O Observat\u00f3rio em Educa\u00e7\u00e3o Comparada, Inclus\u00e3o e Direitos Sociais \u2013 ObECIDS, vinculado a Universidade Federal Rural do Rio de Janeiro <a class=\"read-more\" href=\"https:\/\/institucional.ufrrj.br\/eext\/pessoa-com-deficiencia-no-mundo-do-trabalho-acessibilidade-cultura-inclusiva-e-direito-ao-trabalho-2a-edicao\/ \" >&#8230; <span class=\"font-italic\">leia mais <i class=\"fas fa-angle-right\"><\/i><\/span><\/a><\/p>\n","protected":false},"author":899,"featured_media":6558,"comment_status":"closed","ping_status":"open","sticky":false,"template":"","format":"standard","meta":{"_acf_changed":false,"footnotes":""},"categories":[30],"tags":[],"class_list":["post-6557","post","type-post","status-publish","format-standard","has-post-thumbnail","hentry","category-cursos"],"aioseo_notices":[],"aioseo_head":"\n\t\t<!-- All in One SEO 5.0.1.1 - aioseo.com -->\n\t<meta name=\"description\" content=\"O Observat\u00f3rio em Educa\u00e7\u00e3o Comparada, Inclus\u00e3o e Direitos Sociais \u2013 ObECIDS, vinculado a Universidade Federal Rural do Rio de Janeiro percebendo a lat\u00eancia das agendas em prol da Educa\u00e7\u00e3o inclusiva e a garantia de direitos sociais para as pessoas com defici\u00eancia, debru\u00e7a-se sobre as implementa\u00e7\u00f5es de pol\u00edticas p\u00fablicas de educa\u00e7\u00e3o, com foco, na Educa\u00e7\u00e3o Especial,\" \/>\n\t<meta name=\"robots\" content=\"max-image-preview:large\" \/>\n\t<meta name=\"author\" content=\"victoria\"\/>\n\t<link rel=\"canonical\" href=\"https:\/\/institucional.ufrrj.br\/eext\/pessoa-com-deficiencia-no-mundo-do-trabalho-acessibilidade-cultura-inclusiva-e-direito-ao-trabalho-2a-edicao\/\" \/>\n\t<meta name=\"generator\" content=\"All in One SEO (AIOSEO) 5.0.1.1\" \/>\n\t\t<meta property=\"og:locale\" content=\"pt_BR\" \/>\n\t\t<meta property=\"og:site_name\" content=\"Escola de Extens\u00e3o - S\u00f3 mais um site institucional.ufrrj.br\" \/>\n\t\t<meta property=\"og:type\" content=\"article\" \/>\n\t\t<meta property=\"og:title\" content=\"Pessoa com Defici\u00eancia no mundo do trabalho: acessibilidade, cultura inclusiva e direito ao trabalho \u2013 2\u00aa edi\u00e7\u00e3o - Escola de Extens\u00e3o\" \/>\n\t\t<meta property=\"og:description\" content=\"O Observat\u00f3rio em Educa\u00e7\u00e3o Comparada, Inclus\u00e3o e Direitos Sociais \u2013 ObECIDS, vinculado a Universidade Federal Rural do Rio de Janeiro percebendo a lat\u00eancia das agendas em prol da Educa\u00e7\u00e3o inclusiva e a garantia de direitos sociais para as pessoas com defici\u00eancia, debru\u00e7a-se sobre as implementa\u00e7\u00f5es de pol\u00edticas p\u00fablicas de educa\u00e7\u00e3o, com foco, na Educa\u00e7\u00e3o Especial,\" \/>\n\t\t<meta property=\"og:url\" content=\"https:\/\/institucional.ufrrj.br\/eext\/pessoa-com-deficiencia-no-mundo-do-trabalho-acessibilidade-cultura-inclusiva-e-direito-ao-trabalho-2a-edicao\/\" \/>\n\t\t<meta property=\"article:published_time\" content=\"2026-02-24T14:30:06+00:00\" \/>\n\t\t<meta property=\"article:modified_time\" content=\"2026-03-17T15:22:37+00:00\" \/>\n\t\t<meta name=\"twitter:card\" content=\"summary_large_image\" \/>\n\t\t<meta name=\"twitter:title\" content=\"Pessoa com Defici\u00eancia no mundo do trabalho: acessibilidade, cultura inclusiva e direito ao trabalho \u2013 2\u00aa edi\u00e7\u00e3o - Escola de Extens\u00e3o\" \/>\n\t\t<meta name=\"twitter:description\" content=\"O Observat\u00f3rio em Educa\u00e7\u00e3o Comparada, Inclus\u00e3o e Direitos Sociais \u2013 ObECIDS, vinculado a Universidade Federal Rural do Rio de Janeiro percebendo a lat\u00eancia das agendas em prol da Educa\u00e7\u00e3o inclusiva e a garantia de direitos sociais para as pessoas com defici\u00eancia, debru\u00e7a-se sobre as implementa\u00e7\u00f5es de pol\u00edticas p\u00fablicas de educa\u00e7\u00e3o, com foco, na Educa\u00e7\u00e3o Especial,\" \/>\n\t\t<script type=\"application\/ld+json\" class=\"aioseo-schema\">\n\t\t\t{\"@context\":\"https:\\\/\\\/schema.org\",\"@graph\":[{\"@type\":\"BlogPosting\",\"@id\":\"https:\\\/\\\/institucional.ufrrj.br\\\/eext\\\/pessoa-com-deficiencia-no-mundo-do-trabalho-acessibilidade-cultura-inclusiva-e-direito-ao-trabalho-2a-edicao\\\/#blogposting\",\"name\":\"Pessoa com Defici\\u00eancia no mundo do trabalho: acessibilidade, cultura inclusiva e direito ao trabalho \\u2013 2\\u00aa edi\\u00e7\\u00e3o - Escola de Extens\\u00e3o\",\"headline\":\"Pessoa com Defici\\u00eancia no mundo do trabalho: acessibilidade, cultura inclusiva e direito ao trabalho &#8211; 2\\u00aa edi\\u00e7\\u00e3o\",\"author\":{\"@id\":\"https:\\\/\\\/institucional.ufrrj.br\\\/eext\\\/author\\\/victoria\\\/#author\"},\"publisher\":{\"@id\":\"https:\\\/\\\/institucional.ufrrj.br\\\/eext\\\/#organization\"},\"image\":{\"@type\":\"ImageObject\",\"url\":\"https:\\\/\\\/institucional.ufrrj.br\\\/eext\\\/files\\\/2026\\\/02\\\/Crie-uma-imagem-no-e.png\",\"width\":1536,\"height\":1024},\"datePublished\":\"2026-02-24T11:30:06-03:00\",\"dateModified\":\"2026-03-17T12:22:37-03:00\",\"inLanguage\":\"pt-BR\",\"mainEntityOfPage\":{\"@id\":\"https:\\\/\\\/institucional.ufrrj.br\\\/eext\\\/pessoa-com-deficiencia-no-mundo-do-trabalho-acessibilidade-cultura-inclusiva-e-direito-ao-trabalho-2a-edicao\\\/#webpage\"},\"isPartOf\":{\"@id\":\"https:\\\/\\\/institucional.ufrrj.br\\\/eext\\\/pessoa-com-deficiencia-no-mundo-do-trabalho-acessibilidade-cultura-inclusiva-e-direito-ao-trabalho-2a-edicao\\\/#webpage\"},\"articleSection\":\"Cursos\"},{\"@type\":\"BreadcrumbList\",\"@id\":\"https:\\\/\\\/institucional.ufrrj.br\\\/eext\\\/pessoa-com-deficiencia-no-mundo-do-trabalho-acessibilidade-cultura-inclusiva-e-direito-ao-trabalho-2a-edicao\\\/#breadcrumblist\",\"itemListElement\":[{\"@type\":\"ListItem\",\"@id\":\"https:\\\/\\\/institucional.ufrrj.br\\\/eext#listItem\",\"position\":1,\"name\":\"In\\u00edcio\",\"item\":\"https:\\\/\\\/institucional.ufrrj.br\\\/eext\",\"nextItem\":{\"@type\":\"ListItem\",\"@id\":\"https:\\\/\\\/institucional.ufrrj.br\\\/eext\\\/category\\\/cursos\\\/#listItem\",\"name\":\"Cursos\"}},{\"@type\":\"ListItem\",\"@id\":\"https:\\\/\\\/institucional.ufrrj.br\\\/eext\\\/category\\\/cursos\\\/#listItem\",\"position\":2,\"name\":\"Cursos\",\"item\":\"https:\\\/\\\/institucional.ufrrj.br\\\/eext\\\/category\\\/cursos\\\/\",\"nextItem\":{\"@type\":\"ListItem\",\"@id\":\"https:\\\/\\\/institucional.ufrrj.br\\\/eext\\\/pessoa-com-deficiencia-no-mundo-do-trabalho-acessibilidade-cultura-inclusiva-e-direito-ao-trabalho-2a-edicao\\\/#listItem\",\"name\":\"Pessoa com Defici\\u00eancia no mundo do trabalho: acessibilidade, cultura inclusiva e direito ao trabalho &#8211; 2\\u00aa edi\\u00e7\\u00e3o\"},\"previousItem\":{\"@type\":\"ListItem\",\"@id\":\"https:\\\/\\\/institucional.ufrrj.br\\\/eext#listItem\",\"name\":\"In\\u00edcio\"}},{\"@type\":\"ListItem\",\"@id\":\"https:\\\/\\\/institucional.ufrrj.br\\\/eext\\\/pessoa-com-deficiencia-no-mundo-do-trabalho-acessibilidade-cultura-inclusiva-e-direito-ao-trabalho-2a-edicao\\\/#listItem\",\"position\":3,\"name\":\"Pessoa com Defici\\u00eancia no mundo do trabalho: acessibilidade, cultura inclusiva e direito ao trabalho &#8211; 2\\u00aa edi\\u00e7\\u00e3o\",\"previousItem\":{\"@type\":\"ListItem\",\"@id\":\"https:\\\/\\\/institucional.ufrrj.br\\\/eext\\\/category\\\/cursos\\\/#listItem\",\"name\":\"Cursos\"}}]},{\"@type\":\"Organization\",\"@id\":\"https:\\\/\\\/institucional.ufrrj.br\\\/eext\\\/#organization\",\"name\":\"Escola de Extens\\u00e3o\",\"description\":\"S\\u00f3 mais um site institucional.ufrrj.br\",\"url\":\"https:\\\/\\\/institucional.ufrrj.br\\\/eext\\\/\"},{\"@type\":\"Person\",\"@id\":\"https:\\\/\\\/institucional.ufrrj.br\\\/eext\\\/author\\\/victoria\\\/#author\",\"url\":\"https:\\\/\\\/institucional.ufrrj.br\\\/eext\\\/author\\\/victoria\\\/\",\"name\":\"victoria\",\"image\":{\"@type\":\"ImageObject\",\"@id\":\"https:\\\/\\\/institucional.ufrrj.br\\\/eext\\\/pessoa-com-deficiencia-no-mundo-do-trabalho-acessibilidade-cultura-inclusiva-e-direito-ao-trabalho-2a-edicao\\\/#authorImage\",\"url\":\"https:\\\/\\\/secure.gravatar.com\\\/avatar\\\/c49d551beaec9f25f0c1c8a8ab085e46a88d78b92ba22e0933f42554f1eba84d?s=96&d=mm&r=g\",\"width\":96,\"height\":96,\"caption\":\"victoria\"}},{\"@type\":\"WebPage\",\"@id\":\"https:\\\/\\\/institucional.ufrrj.br\\\/eext\\\/pessoa-com-deficiencia-no-mundo-do-trabalho-acessibilidade-cultura-inclusiva-e-direito-ao-trabalho-2a-edicao\\\/#webpage\",\"url\":\"https:\\\/\\\/institucional.ufrrj.br\\\/eext\\\/pessoa-com-deficiencia-no-mundo-do-trabalho-acessibilidade-cultura-inclusiva-e-direito-ao-trabalho-2a-edicao\\\/\",\"name\":\"Pessoa com Defici\\u00eancia no mundo do trabalho: acessibilidade, cultura inclusiva e direito ao trabalho \\u2013 2\\u00aa edi\\u00e7\\u00e3o - Escola de Extens\\u00e3o\",\"description\":\"O Observat\\u00f3rio em Educa\\u00e7\\u00e3o Comparada, Inclus\\u00e3o e Direitos Sociais \\u2013 ObECIDS, vinculado a Universidade Federal Rural do Rio de Janeiro percebendo a lat\\u00eancia das agendas em prol da Educa\\u00e7\\u00e3o inclusiva e a garantia de direitos sociais para as pessoas com defici\\u00eancia, debru\\u00e7a-se sobre as implementa\\u00e7\\u00f5es de pol\\u00edticas p\\u00fablicas de educa\\u00e7\\u00e3o, com foco, na Educa\\u00e7\\u00e3o Especial,\",\"inLanguage\":\"pt-BR\",\"isPartOf\":{\"@id\":\"https:\\\/\\\/institucional.ufrrj.br\\\/eext\\\/#website\"},\"breadcrumb\":{\"@id\":\"https:\\\/\\\/institucional.ufrrj.br\\\/eext\\\/pessoa-com-deficiencia-no-mundo-do-trabalho-acessibilidade-cultura-inclusiva-e-direito-ao-trabalho-2a-edicao\\\/#breadcrumblist\"},\"author\":{\"@id\":\"https:\\\/\\\/institucional.ufrrj.br\\\/eext\\\/author\\\/victoria\\\/#author\"},\"creator\":{\"@id\":\"https:\\\/\\\/institucional.ufrrj.br\\\/eext\\\/author\\\/victoria\\\/#author\"},\"image\":{\"@type\":\"ImageObject\",\"url\":\"https:\\\/\\\/institucional.ufrrj.br\\\/eext\\\/files\\\/2026\\\/02\\\/Crie-uma-imagem-no-e.png\",\"@id\":\"https:\\\/\\\/institucional.ufrrj.br\\\/eext\\\/pessoa-com-deficiencia-no-mundo-do-trabalho-acessibilidade-cultura-inclusiva-e-direito-ao-trabalho-2a-edicao\\\/#mainImage\",\"width\":1536,\"height\":1024},\"primaryImageOfPage\":{\"@id\":\"https:\\\/\\\/institucional.ufrrj.br\\\/eext\\\/pessoa-com-deficiencia-no-mundo-do-trabalho-acessibilidade-cultura-inclusiva-e-direito-ao-trabalho-2a-edicao\\\/#mainImage\"},\"datePublished\":\"2026-02-24T11:30:06-03:00\",\"dateModified\":\"2026-03-17T12:22:37-03:00\"},{\"@type\":\"WebSite\",\"@id\":\"https:\\\/\\\/institucional.ufrrj.br\\\/eext\\\/#website\",\"url\":\"https:\\\/\\\/institucional.ufrrj.br\\\/eext\\\/\",\"name\":\"Escola de Extens\\u00e3o\",\"description\":\"S\\u00f3 mais um site institucional.ufrrj.br\",\"inLanguage\":\"pt-BR\",\"publisher\":{\"@id\":\"https:\\\/\\\/institucional.ufrrj.br\\\/eext\\\/#organization\"}}]}\n\t\t<\/script>\n\t\t<!-- All in One SEO -->\n\n","aioseo_head_json":{"title":"Pessoa com Defici\u00eancia no mundo do trabalho: acessibilidade, cultura inclusiva e direito ao trabalho \u2013 2\u00aa edi\u00e7\u00e3o - Escola de Extens\u00e3o","description":"O Observat\u00f3rio em Educa\u00e7\u00e3o Comparada, Inclus\u00e3o e Direitos Sociais \u2013 ObECIDS, vinculado a Universidade Federal Rural do Rio de Janeiro percebendo a lat\u00eancia das agendas em prol da Educa\u00e7\u00e3o inclusiva e a garantia de direitos sociais para as pessoas com defici\u00eancia, debru\u00e7a-se sobre as implementa\u00e7\u00f5es de pol\u00edticas p\u00fablicas de educa\u00e7\u00e3o, com foco, na Educa\u00e7\u00e3o Especial,","canonical_url":"https:\/\/institucional.ufrrj.br\/eext\/pessoa-com-deficiencia-no-mundo-do-trabalho-acessibilidade-cultura-inclusiva-e-direito-ao-trabalho-2a-edicao\/","robots":"max-image-preview:large","keywords":"","webmasterTools":{"miscellaneous":""},"schema":{"@context":"https:\/\/schema.org","@graph":[{"@type":"BlogPosting","@id":"https:\/\/institucional.ufrrj.br\/eext\/pessoa-com-deficiencia-no-mundo-do-trabalho-acessibilidade-cultura-inclusiva-e-direito-ao-trabalho-2a-edicao\/#blogposting","name":"Pessoa com Defici\u00eancia no mundo do trabalho: acessibilidade, cultura inclusiva e direito ao trabalho \u2013 2\u00aa edi\u00e7\u00e3o - Escola de Extens\u00e3o","headline":"Pessoa com Defici\u00eancia no mundo do trabalho: acessibilidade, cultura inclusiva e direito ao trabalho &#8211; 2\u00aa edi\u00e7\u00e3o","author":{"@id":"https:\/\/institucional.ufrrj.br\/eext\/author\/victoria\/#author"},"publisher":{"@id":"https:\/\/institucional.ufrrj.br\/eext\/#organization"},"image":{"@type":"ImageObject","url":"https:\/\/institucional.ufrrj.br\/eext\/files\/2026\/02\/Crie-uma-imagem-no-e.png","width":1536,"height":1024},"datePublished":"2026-02-24T11:30:06-03:00","dateModified":"2026-03-17T12:22:37-03:00","inLanguage":"pt-BR","mainEntityOfPage":{"@id":"https:\/\/institucional.ufrrj.br\/eext\/pessoa-com-deficiencia-no-mundo-do-trabalho-acessibilidade-cultura-inclusiva-e-direito-ao-trabalho-2a-edicao\/#webpage"},"isPartOf":{"@id":"https:\/\/institucional.ufrrj.br\/eext\/pessoa-com-deficiencia-no-mundo-do-trabalho-acessibilidade-cultura-inclusiva-e-direito-ao-trabalho-2a-edicao\/#webpage"},"articleSection":"Cursos"},{"@type":"BreadcrumbList","@id":"https:\/\/institucional.ufrrj.br\/eext\/pessoa-com-deficiencia-no-mundo-do-trabalho-acessibilidade-cultura-inclusiva-e-direito-ao-trabalho-2a-edicao\/#breadcrumblist","itemListElement":[{"@type":"ListItem","@id":"https:\/\/institucional.ufrrj.br\/eext#listItem","position":1,"name":"In\u00edcio","item":"https:\/\/institucional.ufrrj.br\/eext","nextItem":{"@type":"ListItem","@id":"https:\/\/institucional.ufrrj.br\/eext\/category\/cursos\/#listItem","name":"Cursos"}},{"@type":"ListItem","@id":"https:\/\/institucional.ufrrj.br\/eext\/category\/cursos\/#listItem","position":2,"name":"Cursos","item":"https:\/\/institucional.ufrrj.br\/eext\/category\/cursos\/","nextItem":{"@type":"ListItem","@id":"https:\/\/institucional.ufrrj.br\/eext\/pessoa-com-deficiencia-no-mundo-do-trabalho-acessibilidade-cultura-inclusiva-e-direito-ao-trabalho-2a-edicao\/#listItem","name":"Pessoa com Defici\u00eancia no mundo do trabalho: acessibilidade, cultura inclusiva e direito ao trabalho &#8211; 2\u00aa edi\u00e7\u00e3o"},"previousItem":{"@type":"ListItem","@id":"https:\/\/institucional.ufrrj.br\/eext#listItem","name":"In\u00edcio"}},{"@type":"ListItem","@id":"https:\/\/institucional.ufrrj.br\/eext\/pessoa-com-deficiencia-no-mundo-do-trabalho-acessibilidade-cultura-inclusiva-e-direito-ao-trabalho-2a-edicao\/#listItem","position":3,"name":"Pessoa com Defici\u00eancia no mundo do trabalho: acessibilidade, cultura inclusiva e direito ao trabalho &#8211; 2\u00aa edi\u00e7\u00e3o","previousItem":{"@type":"ListItem","@id":"https:\/\/institucional.ufrrj.br\/eext\/category\/cursos\/#listItem","name":"Cursos"}}]},{"@type":"Organization","@id":"https:\/\/institucional.ufrrj.br\/eext\/#organization","name":"Escola de Extens\u00e3o","description":"S\u00f3 mais um site institucional.ufrrj.br","url":"https:\/\/institucional.ufrrj.br\/eext\/"},{"@type":"Person","@id":"https:\/\/institucional.ufrrj.br\/eext\/author\/victoria\/#author","url":"https:\/\/institucional.ufrrj.br\/eext\/author\/victoria\/","name":"victoria","image":{"@type":"ImageObject","@id":"https:\/\/institucional.ufrrj.br\/eext\/pessoa-com-deficiencia-no-mundo-do-trabalho-acessibilidade-cultura-inclusiva-e-direito-ao-trabalho-2a-edicao\/#authorImage","url":"https:\/\/secure.gravatar.com\/avatar\/c49d551beaec9f25f0c1c8a8ab085e46a88d78b92ba22e0933f42554f1eba84d?s=96&d=mm&r=g","width":96,"height":96,"caption":"victoria"}},{"@type":"WebPage","@id":"https:\/\/institucional.ufrrj.br\/eext\/pessoa-com-deficiencia-no-mundo-do-trabalho-acessibilidade-cultura-inclusiva-e-direito-ao-trabalho-2a-edicao\/#webpage","url":"https:\/\/institucional.ufrrj.br\/eext\/pessoa-com-deficiencia-no-mundo-do-trabalho-acessibilidade-cultura-inclusiva-e-direito-ao-trabalho-2a-edicao\/","name":"Pessoa com Defici\u00eancia no mundo do trabalho: acessibilidade, cultura inclusiva e direito ao trabalho \u2013 2\u00aa edi\u00e7\u00e3o - Escola de Extens\u00e3o","description":"O Observat\u00f3rio em Educa\u00e7\u00e3o Comparada, Inclus\u00e3o e Direitos Sociais \u2013 ObECIDS, vinculado a Universidade Federal Rural do Rio de Janeiro percebendo a lat\u00eancia das agendas em prol da Educa\u00e7\u00e3o inclusiva e a garantia de direitos sociais para as pessoas com defici\u00eancia, debru\u00e7a-se sobre as implementa\u00e7\u00f5es de pol\u00edticas p\u00fablicas de educa\u00e7\u00e3o, com foco, na Educa\u00e7\u00e3o Especial,","inLanguage":"pt-BR","isPartOf":{"@id":"https:\/\/institucional.ufrrj.br\/eext\/#website"},"breadcrumb":{"@id":"https:\/\/institucional.ufrrj.br\/eext\/pessoa-com-deficiencia-no-mundo-do-trabalho-acessibilidade-cultura-inclusiva-e-direito-ao-trabalho-2a-edicao\/#breadcrumblist"},"author":{"@id":"https:\/\/institucional.ufrrj.br\/eext\/author\/victoria\/#author"},"creator":{"@id":"https:\/\/institucional.ufrrj.br\/eext\/author\/victoria\/#author"},"image":{"@type":"ImageObject","url":"https:\/\/institucional.ufrrj.br\/eext\/files\/2026\/02\/Crie-uma-imagem-no-e.png","@id":"https:\/\/institucional.ufrrj.br\/eext\/pessoa-com-deficiencia-no-mundo-do-trabalho-acessibilidade-cultura-inclusiva-e-direito-ao-trabalho-2a-edicao\/#mainImage","width":1536,"height":1024},"primaryImageOfPage":{"@id":"https:\/\/institucional.ufrrj.br\/eext\/pessoa-com-deficiencia-no-mundo-do-trabalho-acessibilidade-cultura-inclusiva-e-direito-ao-trabalho-2a-edicao\/#mainImage"},"datePublished":"2026-02-24T11:30:06-03:00","dateModified":"2026-03-17T12:22:37-03:00"},{"@type":"WebSite","@id":"https:\/\/institucional.ufrrj.br\/eext\/#website","url":"https:\/\/institucional.ufrrj.br\/eext\/","name":"Escola de Extens\u00e3o","description":"S\u00f3 mais um site institucional.ufrrj.br","inLanguage":"pt-BR","publisher":{"@id":"https:\/\/institucional.ufrrj.br\/eext\/#organization"}}]},"og:locale":"pt_BR","og:site_name":"Escola de Extens\u00e3o - S\u00f3 mais um site institucional.ufrrj.br","og:type":"article","og:title":"Pessoa com Defici\u00eancia no mundo do trabalho: acessibilidade, cultura inclusiva e direito ao trabalho \u2013 2\u00aa edi\u00e7\u00e3o - Escola de Extens\u00e3o","og:description":"O Observat\u00f3rio em Educa\u00e7\u00e3o Comparada, Inclus\u00e3o e Direitos Sociais \u2013 ObECIDS, vinculado a Universidade Federal Rural do Rio de Janeiro percebendo a lat\u00eancia das agendas em prol da Educa\u00e7\u00e3o inclusiva e a garantia de direitos sociais para as pessoas com defici\u00eancia, debru\u00e7a-se sobre as implementa\u00e7\u00f5es de pol\u00edticas p\u00fablicas de educa\u00e7\u00e3o, com foco, na Educa\u00e7\u00e3o Especial,","og:url":"https:\/\/institucional.ufrrj.br\/eext\/pessoa-com-deficiencia-no-mundo-do-trabalho-acessibilidade-cultura-inclusiva-e-direito-ao-trabalho-2a-edicao\/","article:published_time":"2026-02-24T14:30:06+00:00","article:modified_time":"2026-03-17T15:22:37+00:00","twitter:card":"summary_large_image","twitter:title":"Pessoa com Defici\u00eancia no mundo do trabalho: acessibilidade, cultura inclusiva e direito ao trabalho \u2013 2\u00aa edi\u00e7\u00e3o - Escola de Extens\u00e3o","twitter:description":"O Observat\u00f3rio em Educa\u00e7\u00e3o Comparada, Inclus\u00e3o e Direitos Sociais \u2013 ObECIDS, vinculado a Universidade Federal Rural do Rio de Janeiro percebendo a lat\u00eancia das agendas em prol da Educa\u00e7\u00e3o inclusiva e a garantia de direitos sociais para as pessoas com defici\u00eancia, debru\u00e7a-se sobre as implementa\u00e7\u00f5es de pol\u00edticas p\u00fablicas de educa\u00e7\u00e3o, com foco, na Educa\u00e7\u00e3o Especial,"},"aioseo_meta_data":{"post_id":"6557","title":null,"description":null,"keywords":null,"keyphrases":null,"focus_keyword":null,"additional_keywords":null,"truseo_locale":null,"primary_term":null,"canonical_url":null,"og_title":null,"og_description":null,"og_object_type":"default","og_image_type":"default","og_image_custom_url":null,"og_image_custom_fields":null,"og_image_url":null,"og_image_width":null,"og_image_height":null,"og_video":null,"og_custom_url":null,"og_article_section":null,"og_article_tags":null,"twitter_use_og":true,"twitter_card":"default","twitter_image_type":"default","twitter_image_custom_url":null,"twitter_image_custom_fields":null,"twitter_image_url":null,"twitter_title":null,"twitter_description":null,"schema_type":"default","schema_type_options":null,"schema":{"blockGraphs":[],"customGraphs":[],"default":{"data":{"Article":[],"Course":[],"Dataset":[],"FAQPage":[],"Movie":[],"Person":[],"Product":[],"ProductReview":[],"Car":[],"Recipe":[],"Service":[],"SoftwareApplication":[],"WebPage":[]},"graphName":"","isEnabled":true},"graphs":[]},"pillar_content":false,"robots_default":true,"robots_noindex":false,"robots_noarchive":false,"robots_nosnippet":false,"robots_nofollow":false,"robots_noimageindex":false,"robots_noodp":false,"robots_notranslate":false,"robots_max_snippet":null,"robots_max_videopreview":null,"robots_max_imagepreview":"large","priority":null,"frequency":null,"local_seo":null,"limit_modified_date":false,"ai":null,"breadcrumb_settings":null,"seo_analyzer_scan_date":null,"created":"2026-09-02 21:54:31","updated":"2026-09-02 21:54:31"},"aioseo_breadcrumb":"<div class=\"aioseo-breadcrumbs\"><span class=\"aioseo-breadcrumb\">\n\t\t\t<a href=\"https:\/\/institucional.ufrrj.br\/eext\" title=\"In\u00edcio\">In\u00edcio<\/a>\n\t\t<\/span><span class=\"aioseo-breadcrumb-separator\">&raquo;<\/span><span class=\"aioseo-breadcrumb\">\n\t\t\t<a href=\"https:\/\/institucional.ufrrj.br\/eext\/category\/cursos\/\" title=\"Cursos\">Cursos<\/a>\n\t\t<\/span><span class=\"aioseo-breadcrumb-separator\">&raquo;<\/span><span class=\"aioseo-breadcrumb\">\n\t\t\tPessoa com Defici\u00eancia no mundo do trabalho: acessibilidade, cultura inclusiva e direito ao trabalho \u2013 2\u00aa edi\u00e7\u00e3o\n\t\t<\/span><\/div>","aioseo_breadcrumb_json":[{"label":"In\u00edcio","link":"https:\/\/institucional.ufrrj.br\/eext"},{"label":"Cursos","link":"https:\/\/institucional.ufrrj.br\/eext\/category\/cursos\/"},{"label":"Pessoa com Defici\u00eancia no mundo do trabalho: acessibilidade, cultura inclusiva e direito ao trabalho &#8211; 2\u00aa edi\u00e7\u00e3o","link":"https:\/\/institucional.ufrrj.br\/eext\/pessoa-com-deficiencia-no-mundo-do-trabalho-acessibilidade-cultura-inclusiva-e-direito-ao-trabalho-2a-edicao\/"}],"acf":[],"_links":{"self":[{"href":"https:\/\/institucional.ufrrj.br\/eext\/wp-json\/wp\/v2\/posts\/6557","targetHints":{"allow":["GET"]}}],"collection":[{"href":"https:\/\/institucional.ufrrj.br\/eext\/wp-json\/wp\/v2\/posts"}],"about":[{"href":"https:\/\/institucional.ufrrj.br\/eext\/wp-json\/wp\/v2\/types\/post"}],"author":[{"embeddable":true,"href":"https:\/\/institucional.ufrrj.br\/eext\/wp-json\/wp\/v2\/users\/899"}],"replies":[{"embeddable":true,"href":"https:\/\/institucional.ufrrj.br\/eext\/wp-json\/wp\/v2\/comments?post=6557"}],"version-history":[{"count":2,"href":"https:\/\/institucional.ufrrj.br\/eext\/wp-json\/wp\/v2\/posts\/6557\/revisions"}],"predecessor-version":[{"id":6582,"href":"https:\/\/institucional.ufrrj.br\/eext\/wp-json\/wp\/v2\/posts\/6557\/revisions\/6582"}],"wp:featuredmedia":[{"embeddable":true,"href":"https:\/\/institucional.ufrrj.br\/eext\/wp-json\/wp\/v2\/media\/6558"}],"wp:attachment":[{"href":"https:\/\/institucional.ufrrj.br\/eext\/wp-json\/wp\/v2\/media?parent=6557"}],"wp:term":[{"taxonomy":"category","embeddable":true,"href":"https:\/\/institucional.ufrrj.br\/eext\/wp-json\/wp\/v2\/categories?post=6557"},{"taxonomy":"post_tag","embeddable":true,"href":"https:\/\/institucional.ufrrj.br\/eext\/wp-json\/wp\/v2\/tags?post=6557"}],"curies":[{"name":"wp","href":"https:\/\/api.w.org\/{rel}","templated":true}]}}