{"id":6551,"date":"2026-02-20T11:35:56","date_gmt":"2026-02-20T14:35:56","guid":{"rendered":"https:\/\/institucional.ufrrj.br\/eext\/?p=6551"},"modified":"2026-03-04T12:42:07","modified_gmt":"2026-03-04T15:42:07","slug":"conversas-que-formam-praticas-teorias-metodologias-e-cotidianos-escolares-nos-anos-iniciais","status":"publish","type":"post","link":"https:\/\/institucional.ufrrj.br\/eext\/conversas-que-formam-praticas-teorias-metodologias-e-cotidianos-escolares-nos-anos-iniciais\/","title":{"rendered":"Conversas que formam: pr\u00e1ticas\/teorias, metodologias e cotidianos escolares nos anos iniciais"},"content":{"rendered":"\n<p class=\"wp-block-paragraph\">Este curso de extens\u00e3o, a ser desenvolvido com professoras do terceiro ao quinto ano do munic\u00edpio de Nova Igua\u00e7u, tem como objetivo principal contribuir para a melhoria do processo de ensino-aprendizagem e dar visibilidade \u00e0s pr\u00e1ticas pedag\u00f3gicas que j\u00e1 acontecem nas salas de aula dessas docentes, com vistas \u00e0 valoriza\u00e7\u00e3o, reflex\u00e3o e multiplica\u00e7\u00e3o dessas a\u00e7\u00f5es.<br>A proposta fundamenta-se na metodologia das conversas, compreendidas como dispositivos formativos, investigativos e coletivos, que reconhecem as professoras como produtoras de saberes. Cada encontro ser\u00e1 conduzido por um\/a professor\/a respons\u00e1vel por uma \u00e1rea do conhecimento, que apresentar\u00e1 metodologias, experi\u00eancias e pr\u00e1ticas concretas, dialogando com o cotidiano escolar das participantes.<br>O curso aposta na forma\u00e7\u00e3o cont\u00ednua situada, no compartilhamento de experi\u00eancias e na constru\u00e7\u00e3o coletiva de sentidos, fortalecendo redes de professores\/as e valorizando os saberes que emergem da pr\u00e1tica docente.<\/p>\n","protected":false},"excerpt":{"rendered":"<p>Este curso de extens\u00e3o, a ser desenvolvido com professoras do terceiro ao quinto ano do munic\u00edpio de Nova Igua\u00e7u, tem <a class=\"read-more\" href=\"https:\/\/institucional.ufrrj.br\/eext\/conversas-que-formam-praticas-teorias-metodologias-e-cotidianos-escolares-nos-anos-iniciais\/ \" >&#8230; <span class=\"font-italic\">leia mais <i class=\"fas fa-angle-right\"><\/i><\/span><\/a><\/p>\n","protected":false},"author":707,"featured_media":6553,"comment_status":"closed","ping_status":"open","sticky":false,"template":"","format":"standard","meta":{"_acf_changed":false,"footnotes":""},"categories":[30],"tags":[],"class_list":["post-6551","post","type-post","status-publish","format-standard","has-post-thumbnail","hentry","category-cursos"],"aioseo_notices":[],"aioseo_head":"\n\t\t<!-- All in One SEO 5.0.1.1 - aioseo.com -->\n\t<meta name=\"description\" content=\"Este curso de extens\u00e3o, a ser desenvolvido com professoras do terceiro ao quinto ano do munic\u00edpio de Nova Igua\u00e7u, tem como objetivo principal contribuir para a melhoria do processo de ensino-aprendizagem e dar visibilidade \u00e0s pr\u00e1ticas pedag\u00f3gicas que j\u00e1 acontecem nas salas de aula dessas docentes, com vistas \u00e0 valoriza\u00e7\u00e3o, reflex\u00e3o e multiplica\u00e7\u00e3o dessas a\u00e7\u00f5es.A\" \/>\n\t<meta name=\"robots\" content=\"max-image-preview:large\" \/>\n\t<meta name=\"author\" content=\"luciano\"\/>\n\t<link rel=\"canonical\" href=\"https:\/\/institucional.ufrrj.br\/eext\/conversas-que-formam-praticas-teorias-metodologias-e-cotidianos-escolares-nos-anos-iniciais\/\" \/>\n\t<meta name=\"generator\" content=\"All in One SEO (AIOSEO) 5.0.1.1\" \/>\n\t\t<meta property=\"og:locale\" content=\"pt_BR\" \/>\n\t\t<meta property=\"og:site_name\" content=\"Escola de Extens\u00e3o - S\u00f3 mais um site institucional.ufrrj.br\" \/>\n\t\t<meta property=\"og:type\" content=\"article\" \/>\n\t\t<meta property=\"og:title\" content=\"Conversas que formam: pr\u00e1ticas\/teorias, metodologias e cotidianos escolares nos anos iniciais - Escola de Extens\u00e3o\" \/>\n\t\t<meta property=\"og:description\" content=\"Este curso de extens\u00e3o, a ser desenvolvido com professoras do terceiro ao quinto ano do munic\u00edpio de Nova Igua\u00e7u, tem como objetivo principal contribuir para a melhoria do processo de ensino-aprendizagem e dar visibilidade \u00e0s pr\u00e1ticas pedag\u00f3gicas que j\u00e1 acontecem nas salas de aula dessas docentes, com vistas \u00e0 valoriza\u00e7\u00e3o, reflex\u00e3o e multiplica\u00e7\u00e3o dessas a\u00e7\u00f5es.A\" \/>\n\t\t<meta property=\"og:url\" content=\"https:\/\/institucional.ufrrj.br\/eext\/conversas-que-formam-praticas-teorias-metodologias-e-cotidianos-escolares-nos-anos-iniciais\/\" \/>\n\t\t<meta property=\"article:published_time\" content=\"2026-02-20T14:35:56+00:00\" \/>\n\t\t<meta property=\"article:modified_time\" content=\"2026-03-04T15:42:07+00:00\" \/>\n\t\t<meta name=\"twitter:card\" content=\"summary_large_image\" \/>\n\t\t<meta name=\"twitter:title\" content=\"Conversas que formam: pr\u00e1ticas\/teorias, metodologias e cotidianos escolares nos anos iniciais - Escola de Extens\u00e3o\" \/>\n\t\t<meta name=\"twitter:description\" content=\"Este curso de extens\u00e3o, a ser desenvolvido com professoras do terceiro ao quinto ano do munic\u00edpio de Nova Igua\u00e7u, tem como objetivo principal contribuir para a melhoria do processo de ensino-aprendizagem e dar visibilidade \u00e0s pr\u00e1ticas pedag\u00f3gicas que j\u00e1 acontecem nas salas de aula dessas docentes, com vistas \u00e0 valoriza\u00e7\u00e3o, reflex\u00e3o e multiplica\u00e7\u00e3o dessas a\u00e7\u00f5es.A\" \/>\n\t\t<script type=\"application\/ld+json\" class=\"aioseo-schema\">\n\t\t\t{\"@context\":\"https:\\\/\\\/schema.org\",\"@graph\":[{\"@type\":\"BlogPosting\",\"@id\":\"https:\\\/\\\/institucional.ufrrj.br\\\/eext\\\/conversas-que-formam-praticas-teorias-metodologias-e-cotidianos-escolares-nos-anos-iniciais\\\/#blogposting\",\"name\":\"Conversas que formam: pr\\u00e1ticas\\\/teorias, metodologias e cotidianos escolares nos anos iniciais - Escola de Extens\\u00e3o\",\"headline\":\"Conversas que formam: pr\\u00e1ticas\\\/teorias, metodologias e cotidianos escolares nos anos iniciais\",\"author\":{\"@id\":\"https:\\\/\\\/institucional.ufrrj.br\\\/eext\\\/author\\\/luk1\\\/#author\"},\"publisher\":{\"@id\":\"https:\\\/\\\/institucional.ufrrj.br\\\/eext\\\/#organization\"},\"image\":{\"@type\":\"ImageObject\",\"url\":\"https:\\\/\\\/institucional.ufrrj.br\\\/eext\\\/files\\\/2026\\\/02\\\/260220_img_conversas.png\",\"width\":800,\"height\":400},\"datePublished\":\"2026-02-20T11:35:56-03:00\",\"dateModified\":\"2026-03-04T12:42:07-03:00\",\"inLanguage\":\"pt-BR\",\"mainEntityOfPage\":{\"@id\":\"https:\\\/\\\/institucional.ufrrj.br\\\/eext\\\/conversas-que-formam-praticas-teorias-metodologias-e-cotidianos-escolares-nos-anos-iniciais\\\/#webpage\"},\"isPartOf\":{\"@id\":\"https:\\\/\\\/institucional.ufrrj.br\\\/eext\\\/conversas-que-formam-praticas-teorias-metodologias-e-cotidianos-escolares-nos-anos-iniciais\\\/#webpage\"},\"articleSection\":\"Cursos\"},{\"@type\":\"BreadcrumbList\",\"@id\":\"https:\\\/\\\/institucional.ufrrj.br\\\/eext\\\/conversas-que-formam-praticas-teorias-metodologias-e-cotidianos-escolares-nos-anos-iniciais\\\/#breadcrumblist\",\"itemListElement\":[{\"@type\":\"ListItem\",\"@id\":\"https:\\\/\\\/institucional.ufrrj.br\\\/eext#listItem\",\"position\":1,\"name\":\"In\\u00edcio\",\"item\":\"https:\\\/\\\/institucional.ufrrj.br\\\/eext\",\"nextItem\":{\"@type\":\"ListItem\",\"@id\":\"https:\\\/\\\/institucional.ufrrj.br\\\/eext\\\/category\\\/cursos\\\/#listItem\",\"name\":\"Cursos\"}},{\"@type\":\"ListItem\",\"@id\":\"https:\\\/\\\/institucional.ufrrj.br\\\/eext\\\/category\\\/cursos\\\/#listItem\",\"position\":2,\"name\":\"Cursos\",\"item\":\"https:\\\/\\\/institucional.ufrrj.br\\\/eext\\\/category\\\/cursos\\\/\",\"nextItem\":{\"@type\":\"ListItem\",\"@id\":\"https:\\\/\\\/institucional.ufrrj.br\\\/eext\\\/conversas-que-formam-praticas-teorias-metodologias-e-cotidianos-escolares-nos-anos-iniciais\\\/#listItem\",\"name\":\"Conversas que formam: pr\\u00e1ticas\\\/teorias, metodologias e cotidianos escolares nos anos iniciais\"},\"previousItem\":{\"@type\":\"ListItem\",\"@id\":\"https:\\\/\\\/institucional.ufrrj.br\\\/eext#listItem\",\"name\":\"In\\u00edcio\"}},{\"@type\":\"ListItem\",\"@id\":\"https:\\\/\\\/institucional.ufrrj.br\\\/eext\\\/conversas-que-formam-praticas-teorias-metodologias-e-cotidianos-escolares-nos-anos-iniciais\\\/#listItem\",\"position\":3,\"name\":\"Conversas que formam: pr\\u00e1ticas\\\/teorias, metodologias e cotidianos escolares nos anos iniciais\",\"previousItem\":{\"@type\":\"ListItem\",\"@id\":\"https:\\\/\\\/institucional.ufrrj.br\\\/eext\\\/category\\\/cursos\\\/#listItem\",\"name\":\"Cursos\"}}]},{\"@type\":\"Organization\",\"@id\":\"https:\\\/\\\/institucional.ufrrj.br\\\/eext\\\/#organization\",\"name\":\"Escola de Extens\\u00e3o\",\"description\":\"S\\u00f3 mais um site institucional.ufrrj.br\",\"url\":\"https:\\\/\\\/institucional.ufrrj.br\\\/eext\\\/\"},{\"@type\":\"Person\",\"@id\":\"https:\\\/\\\/institucional.ufrrj.br\\\/eext\\\/author\\\/luk1\\\/#author\",\"url\":\"https:\\\/\\\/institucional.ufrrj.br\\\/eext\\\/author\\\/luk1\\\/\",\"name\":\"luciano\",\"image\":{\"@type\":\"ImageObject\",\"@id\":\"https:\\\/\\\/institucional.ufrrj.br\\\/eext\\\/conversas-que-formam-praticas-teorias-metodologias-e-cotidianos-escolares-nos-anos-iniciais\\\/#authorImage\",\"url\":\"https:\\\/\\\/secure.gravatar.com\\\/avatar\\\/4d91bb9da74b689f9be56e08d37d67fc90a69164942e16656bd9fd7acd8fff23?s=96&d=mm&r=g\",\"width\":96,\"height\":96,\"caption\":\"luciano\"}},{\"@type\":\"WebPage\",\"@id\":\"https:\\\/\\\/institucional.ufrrj.br\\\/eext\\\/conversas-que-formam-praticas-teorias-metodologias-e-cotidianos-escolares-nos-anos-iniciais\\\/#webpage\",\"url\":\"https:\\\/\\\/institucional.ufrrj.br\\\/eext\\\/conversas-que-formam-praticas-teorias-metodologias-e-cotidianos-escolares-nos-anos-iniciais\\\/\",\"name\":\"Conversas que formam: pr\\u00e1ticas\\\/teorias, metodologias e cotidianos escolares nos anos iniciais - Escola de Extens\\u00e3o\",\"description\":\"Este curso de extens\\u00e3o, a ser desenvolvido com professoras do terceiro ao quinto ano do munic\\u00edpio de Nova Igua\\u00e7u, tem como objetivo principal contribuir para a melhoria do processo de ensino-aprendizagem e dar visibilidade \\u00e0s pr\\u00e1ticas pedag\\u00f3gicas que j\\u00e1 acontecem nas salas de aula dessas docentes, com vistas \\u00e0 valoriza\\u00e7\\u00e3o, reflex\\u00e3o e multiplica\\u00e7\\u00e3o dessas a\\u00e7\\u00f5es.A\",\"inLanguage\":\"pt-BR\",\"isPartOf\":{\"@id\":\"https:\\\/\\\/institucional.ufrrj.br\\\/eext\\\/#website\"},\"breadcrumb\":{\"@id\":\"https:\\\/\\\/institucional.ufrrj.br\\\/eext\\\/conversas-que-formam-praticas-teorias-metodologias-e-cotidianos-escolares-nos-anos-iniciais\\\/#breadcrumblist\"},\"author\":{\"@id\":\"https:\\\/\\\/institucional.ufrrj.br\\\/eext\\\/author\\\/luk1\\\/#author\"},\"creator\":{\"@id\":\"https:\\\/\\\/institucional.ufrrj.br\\\/eext\\\/author\\\/luk1\\\/#author\"},\"image\":{\"@type\":\"ImageObject\",\"url\":\"https:\\\/\\\/institucional.ufrrj.br\\\/eext\\\/files\\\/2026\\\/02\\\/260220_img_conversas.png\",\"@id\":\"https:\\\/\\\/institucional.ufrrj.br\\\/eext\\\/conversas-que-formam-praticas-teorias-metodologias-e-cotidianos-escolares-nos-anos-iniciais\\\/#mainImage\",\"width\":800,\"height\":400},\"primaryImageOfPage\":{\"@id\":\"https:\\\/\\\/institucional.ufrrj.br\\\/eext\\\/conversas-que-formam-praticas-teorias-metodologias-e-cotidianos-escolares-nos-anos-iniciais\\\/#mainImage\"},\"datePublished\":\"2026-02-20T11:35:56-03:00\",\"dateModified\":\"2026-03-04T12:42:07-03:00\"},{\"@type\":\"WebSite\",\"@id\":\"https:\\\/\\\/institucional.ufrrj.br\\\/eext\\\/#website\",\"url\":\"https:\\\/\\\/institucional.ufrrj.br\\\/eext\\\/\",\"name\":\"Escola de Extens\\u00e3o\",\"description\":\"S\\u00f3 mais um site institucional.ufrrj.br\",\"inLanguage\":\"pt-BR\",\"publisher\":{\"@id\":\"https:\\\/\\\/institucional.ufrrj.br\\\/eext\\\/#organization\"}}]}\n\t\t<\/script>\n\t\t<!-- All in One SEO -->\n\n","aioseo_head_json":{"title":"Conversas que formam: pr\u00e1ticas\/teorias, metodologias e cotidianos escolares nos anos iniciais - Escola de Extens\u00e3o","description":"Este curso de extens\u00e3o, a ser desenvolvido com professoras do terceiro ao quinto ano do munic\u00edpio de Nova Igua\u00e7u, tem como objetivo principal contribuir para a melhoria do processo de ensino-aprendizagem e dar visibilidade \u00e0s pr\u00e1ticas pedag\u00f3gicas que j\u00e1 acontecem nas salas de aula dessas docentes, com vistas \u00e0 valoriza\u00e7\u00e3o, reflex\u00e3o e multiplica\u00e7\u00e3o dessas a\u00e7\u00f5es.A","canonical_url":"https:\/\/institucional.ufrrj.br\/eext\/conversas-que-formam-praticas-teorias-metodologias-e-cotidianos-escolares-nos-anos-iniciais\/","robots":"max-image-preview:large","keywords":"","webmasterTools":{"miscellaneous":""},"schema":{"@context":"https:\/\/schema.org","@graph":[{"@type":"BlogPosting","@id":"https:\/\/institucional.ufrrj.br\/eext\/conversas-que-formam-praticas-teorias-metodologias-e-cotidianos-escolares-nos-anos-iniciais\/#blogposting","name":"Conversas que formam: pr\u00e1ticas\/teorias, metodologias e cotidianos escolares nos anos iniciais - Escola de Extens\u00e3o","headline":"Conversas que formam: pr\u00e1ticas\/teorias, metodologias e cotidianos escolares nos anos iniciais","author":{"@id":"https:\/\/institucional.ufrrj.br\/eext\/author\/luk1\/#author"},"publisher":{"@id":"https:\/\/institucional.ufrrj.br\/eext\/#organization"},"image":{"@type":"ImageObject","url":"https:\/\/institucional.ufrrj.br\/eext\/files\/2026\/02\/260220_img_conversas.png","width":800,"height":400},"datePublished":"2026-02-20T11:35:56-03:00","dateModified":"2026-03-04T12:42:07-03:00","inLanguage":"pt-BR","mainEntityOfPage":{"@id":"https:\/\/institucional.ufrrj.br\/eext\/conversas-que-formam-praticas-teorias-metodologias-e-cotidianos-escolares-nos-anos-iniciais\/#webpage"},"isPartOf":{"@id":"https:\/\/institucional.ufrrj.br\/eext\/conversas-que-formam-praticas-teorias-metodologias-e-cotidianos-escolares-nos-anos-iniciais\/#webpage"},"articleSection":"Cursos"},{"@type":"BreadcrumbList","@id":"https:\/\/institucional.ufrrj.br\/eext\/conversas-que-formam-praticas-teorias-metodologias-e-cotidianos-escolares-nos-anos-iniciais\/#breadcrumblist","itemListElement":[{"@type":"ListItem","@id":"https:\/\/institucional.ufrrj.br\/eext#listItem","position":1,"name":"In\u00edcio","item":"https:\/\/institucional.ufrrj.br\/eext","nextItem":{"@type":"ListItem","@id":"https:\/\/institucional.ufrrj.br\/eext\/category\/cursos\/#listItem","name":"Cursos"}},{"@type":"ListItem","@id":"https:\/\/institucional.ufrrj.br\/eext\/category\/cursos\/#listItem","position":2,"name":"Cursos","item":"https:\/\/institucional.ufrrj.br\/eext\/category\/cursos\/","nextItem":{"@type":"ListItem","@id":"https:\/\/institucional.ufrrj.br\/eext\/conversas-que-formam-praticas-teorias-metodologias-e-cotidianos-escolares-nos-anos-iniciais\/#listItem","name":"Conversas que formam: pr\u00e1ticas\/teorias, metodologias e cotidianos escolares nos anos iniciais"},"previousItem":{"@type":"ListItem","@id":"https:\/\/institucional.ufrrj.br\/eext#listItem","name":"In\u00edcio"}},{"@type":"ListItem","@id":"https:\/\/institucional.ufrrj.br\/eext\/conversas-que-formam-praticas-teorias-metodologias-e-cotidianos-escolares-nos-anos-iniciais\/#listItem","position":3,"name":"Conversas que formam: pr\u00e1ticas\/teorias, metodologias e cotidianos escolares nos anos iniciais","previousItem":{"@type":"ListItem","@id":"https:\/\/institucional.ufrrj.br\/eext\/category\/cursos\/#listItem","name":"Cursos"}}]},{"@type":"Organization","@id":"https:\/\/institucional.ufrrj.br\/eext\/#organization","name":"Escola de Extens\u00e3o","description":"S\u00f3 mais um site institucional.ufrrj.br","url":"https:\/\/institucional.ufrrj.br\/eext\/"},{"@type":"Person","@id":"https:\/\/institucional.ufrrj.br\/eext\/author\/luk1\/#author","url":"https:\/\/institucional.ufrrj.br\/eext\/author\/luk1\/","name":"luciano","image":{"@type":"ImageObject","@id":"https:\/\/institucional.ufrrj.br\/eext\/conversas-que-formam-praticas-teorias-metodologias-e-cotidianos-escolares-nos-anos-iniciais\/#authorImage","url":"https:\/\/secure.gravatar.com\/avatar\/4d91bb9da74b689f9be56e08d37d67fc90a69164942e16656bd9fd7acd8fff23?s=96&d=mm&r=g","width":96,"height":96,"caption":"luciano"}},{"@type":"WebPage","@id":"https:\/\/institucional.ufrrj.br\/eext\/conversas-que-formam-praticas-teorias-metodologias-e-cotidianos-escolares-nos-anos-iniciais\/#webpage","url":"https:\/\/institucional.ufrrj.br\/eext\/conversas-que-formam-praticas-teorias-metodologias-e-cotidianos-escolares-nos-anos-iniciais\/","name":"Conversas que formam: pr\u00e1ticas\/teorias, metodologias e cotidianos escolares nos anos iniciais - Escola de Extens\u00e3o","description":"Este curso de extens\u00e3o, a ser desenvolvido com professoras do terceiro ao quinto ano do munic\u00edpio de Nova Igua\u00e7u, tem como objetivo principal contribuir para a melhoria do processo de ensino-aprendizagem e dar visibilidade \u00e0s pr\u00e1ticas pedag\u00f3gicas que j\u00e1 acontecem nas salas de aula dessas docentes, com vistas \u00e0 valoriza\u00e7\u00e3o, reflex\u00e3o e multiplica\u00e7\u00e3o dessas a\u00e7\u00f5es.A","inLanguage":"pt-BR","isPartOf":{"@id":"https:\/\/institucional.ufrrj.br\/eext\/#website"},"breadcrumb":{"@id":"https:\/\/institucional.ufrrj.br\/eext\/conversas-que-formam-praticas-teorias-metodologias-e-cotidianos-escolares-nos-anos-iniciais\/#breadcrumblist"},"author":{"@id":"https:\/\/institucional.ufrrj.br\/eext\/author\/luk1\/#author"},"creator":{"@id":"https:\/\/institucional.ufrrj.br\/eext\/author\/luk1\/#author"},"image":{"@type":"ImageObject","url":"https:\/\/institucional.ufrrj.br\/eext\/files\/2026\/02\/260220_img_conversas.png","@id":"https:\/\/institucional.ufrrj.br\/eext\/conversas-que-formam-praticas-teorias-metodologias-e-cotidianos-escolares-nos-anos-iniciais\/#mainImage","width":800,"height":400},"primaryImageOfPage":{"@id":"https:\/\/institucional.ufrrj.br\/eext\/conversas-que-formam-praticas-teorias-metodologias-e-cotidianos-escolares-nos-anos-iniciais\/#mainImage"},"datePublished":"2026-02-20T11:35:56-03:00","dateModified":"2026-03-04T12:42:07-03:00"},{"@type":"WebSite","@id":"https:\/\/institucional.ufrrj.br\/eext\/#website","url":"https:\/\/institucional.ufrrj.br\/eext\/","name":"Escola de Extens\u00e3o","description":"S\u00f3 mais um site institucional.ufrrj.br","inLanguage":"pt-BR","publisher":{"@id":"https:\/\/institucional.ufrrj.br\/eext\/#organization"}}]},"og:locale":"pt_BR","og:site_name":"Escola de Extens\u00e3o - S\u00f3 mais um site institucional.ufrrj.br","og:type":"article","og:title":"Conversas que formam: pr\u00e1ticas\/teorias, metodologias e cotidianos escolares nos anos iniciais - Escola de Extens\u00e3o","og:description":"Este curso de extens\u00e3o, a ser desenvolvido com professoras do terceiro ao quinto ano do munic\u00edpio de Nova Igua\u00e7u, tem como objetivo principal contribuir para a melhoria do processo de ensino-aprendizagem e dar visibilidade \u00e0s pr\u00e1ticas pedag\u00f3gicas que j\u00e1 acontecem nas salas de aula dessas docentes, com vistas \u00e0 valoriza\u00e7\u00e3o, reflex\u00e3o e multiplica\u00e7\u00e3o dessas a\u00e7\u00f5es.A","og:url":"https:\/\/institucional.ufrrj.br\/eext\/conversas-que-formam-praticas-teorias-metodologias-e-cotidianos-escolares-nos-anos-iniciais\/","article:published_time":"2026-02-20T14:35:56+00:00","article:modified_time":"2026-03-04T15:42:07+00:00","twitter:card":"summary_large_image","twitter:title":"Conversas que formam: pr\u00e1ticas\/teorias, metodologias e cotidianos escolares nos anos iniciais - Escola de Extens\u00e3o","twitter:description":"Este curso de extens\u00e3o, a ser desenvolvido com professoras do terceiro ao quinto ano do munic\u00edpio de Nova Igua\u00e7u, tem como objetivo principal contribuir para a melhoria do processo de ensino-aprendizagem e dar visibilidade \u00e0s pr\u00e1ticas pedag\u00f3gicas que j\u00e1 acontecem nas salas de aula dessas docentes, com vistas \u00e0 valoriza\u00e7\u00e3o, reflex\u00e3o e multiplica\u00e7\u00e3o dessas a\u00e7\u00f5es.A"},"aioseo_meta_data":{"post_id":"6551","title":null,"description":null,"keywords":null,"keyphrases":null,"focus_keyword":null,"additional_keywords":null,"truseo_locale":null,"primary_term":null,"canonical_url":null,"og_title":null,"og_description":null,"og_object_type":"default","og_image_type":"default","og_image_custom_url":null,"og_image_custom_fields":null,"og_image_url":null,"og_image_width":null,"og_image_height":null,"og_video":null,"og_custom_url":null,"og_article_section":null,"og_article_tags":null,"twitter_use_og":true,"twitter_card":"default","twitter_image_type":"default","twitter_image_custom_url":null,"twitter_image_custom_fields":null,"twitter_image_url":null,"twitter_title":null,"twitter_description":null,"schema_type":"default","schema_type_options":null,"schema":{"blockGraphs":[],"customGraphs":[],"default":{"data":{"Article":[],"Course":[],"Dataset":[],"FAQPage":[],"Movie":[],"Person":[],"Product":[],"ProductReview":[],"Car":[],"Recipe":[],"Service":[],"SoftwareApplication":[],"WebPage":[]},"graphName":"","isEnabled":true},"graphs":[]},"pillar_content":false,"robots_default":true,"robots_noindex":false,"robots_noarchive":false,"robots_nosnippet":false,"robots_nofollow":false,"robots_noimageindex":false,"robots_noodp":false,"robots_notranslate":false,"robots_max_snippet":null,"robots_max_videopreview":null,"robots_max_imagepreview":"large","priority":null,"frequency":null,"local_seo":null,"limit_modified_date":false,"ai":null,"breadcrumb_settings":null,"seo_analyzer_scan_date":null,"created":"2026-09-02 21:54:31","updated":"2026-09-02 21:54:31"},"aioseo_breadcrumb":"<div class=\"aioseo-breadcrumbs\"><span class=\"aioseo-breadcrumb\">\n\t\t\t<a href=\"https:\/\/institucional.ufrrj.br\/eext\" title=\"In\u00edcio\">In\u00edcio<\/a>\n\t\t<\/span><span class=\"aioseo-breadcrumb-separator\">&raquo;<\/span><span class=\"aioseo-breadcrumb\">\n\t\t\t<a href=\"https:\/\/institucional.ufrrj.br\/eext\/category\/cursos\/\" title=\"Cursos\">Cursos<\/a>\n\t\t<\/span><span class=\"aioseo-breadcrumb-separator\">&raquo;<\/span><span class=\"aioseo-breadcrumb\">\n\t\t\tConversas que formam: pr\u00e1ticas\/teorias, metodologias e cotidianos escolares nos anos iniciais\n\t\t<\/span><\/div>","aioseo_breadcrumb_json":[{"label":"In\u00edcio","link":"https:\/\/institucional.ufrrj.br\/eext"},{"label":"Cursos","link":"https:\/\/institucional.ufrrj.br\/eext\/category\/cursos\/"},{"label":"Conversas que formam: pr\u00e1ticas\/teorias, metodologias e cotidianos escolares nos anos iniciais","link":"https:\/\/institucional.ufrrj.br\/eext\/conversas-que-formam-praticas-teorias-metodologias-e-cotidianos-escolares-nos-anos-iniciais\/"}],"acf":[],"_links":{"self":[{"href":"https:\/\/institucional.ufrrj.br\/eext\/wp-json\/wp\/v2\/posts\/6551","targetHints":{"allow":["GET"]}}],"collection":[{"href":"https:\/\/institucional.ufrrj.br\/eext\/wp-json\/wp\/v2\/posts"}],"about":[{"href":"https:\/\/institucional.ufrrj.br\/eext\/wp-json\/wp\/v2\/types\/post"}],"author":[{"embeddable":true,"href":"https:\/\/institucional.ufrrj.br\/eext\/wp-json\/wp\/v2\/users\/707"}],"replies":[{"embeddable":true,"href":"https:\/\/institucional.ufrrj.br\/eext\/wp-json\/wp\/v2\/comments?post=6551"}],"version-history":[{"count":2,"href":"https:\/\/institucional.ufrrj.br\/eext\/wp-json\/wp\/v2\/posts\/6551\/revisions"}],"predecessor-version":[{"id":6578,"href":"https:\/\/institucional.ufrrj.br\/eext\/wp-json\/wp\/v2\/posts\/6551\/revisions\/6578"}],"wp:featuredmedia":[{"embeddable":true,"href":"https:\/\/institucional.ufrrj.br\/eext\/wp-json\/wp\/v2\/media\/6553"}],"wp:attachment":[{"href":"https:\/\/institucional.ufrrj.br\/eext\/wp-json\/wp\/v2\/media?parent=6551"}],"wp:term":[{"taxonomy":"category","embeddable":true,"href":"https:\/\/institucional.ufrrj.br\/eext\/wp-json\/wp\/v2\/categories?post=6551"},{"taxonomy":"post_tag","embeddable":true,"href":"https:\/\/institucional.ufrrj.br\/eext\/wp-json\/wp\/v2\/tags?post=6551"}],"curies":[{"name":"wp","href":"https:\/\/api.w.org\/{rel}","templated":true}]}}